{"id":69642,"date":"2025-07-15T12:13:00","date_gmt":"2025-07-15T15:13:00","guid":{"rendered":"https:\/\/www.correiobraziliense.com.br\/cbradar\/?p=69642"},"modified":"2025-07-14T10:25:46","modified_gmt":"2025-07-14T13:25:46","slug":"a-nova-estrategia-que-esta-viralizando-entre-quem-quer-diminuir-o-consumo-de-acucar","status":"publish","type":"post","link":"https:\/\/www.correiobraziliense.com.br\/cbradar\/a-nova-estrategia-que-esta-viralizando-entre-quem-quer-diminuir-o-consumo-de-acucar\/","title":{"rendered":"A nova estrat\u00e9gia que est\u00e1 viralizando entre quem quer diminuir o consumo de a\u00e7\u00facar"},"content":{"rendered":"\n<p>O a\u00e7\u00facar est\u00e1 por toda parte. Em bebidas, molhos, p\u00e3es e, claro, nas sobremesas que tanto amamos. Reduzir seu consumo \u00e9 uma das metas de sa\u00fade mais comuns, mas o processo costuma ser associado a um sentimento de priva\u00e7\u00e3o, mau humor e um sofrimento que torna a jornada dif\u00edcil e, muitas vezes, insustent\u00e1vel.<\/p>\n\n\n\n<p>A boa not\u00edcia \u00e9 que \u00e9 poss\u00edvel diminuir o a\u00e7\u00facar da sua vida de forma gradual, gentil e prazerosa. A chave n\u00e3o est\u00e1 em uma restri\u00e7\u00e3o radical, mas em uma <strong>reeduca\u00e7\u00e3o alimentar<\/strong> inteligente e consciente. Este artigo vai apresentar dicas pr\u00e1ticas para voc\u00ea se libertar do excesso de a\u00e7\u00facar, redescobrindo o sabor natural dos alimentos e ganhando muito mais <a href=\"https:\/\/www.correiobraziliense.com.br\/cbradar\/quem-anda-descalco-pode-estar-sofrendo-com-essas-consequencias-e-nem-sabia\/\" target=\"_blank\" rel=\"noreferrer noopener\">sa\u00fade <\/a>e disposi\u00e7\u00e3o, sem sentir que est\u00e1 em uma dieta.<\/p>\n\n\n\n<h2 class=\"wp-block-heading\">Por que o primeiro passo \u00e9 se tornar um detetive de r\u00f3tulos?<\/h2>\n\n\n<div class=\"wp-block-image\">\n<figure class=\"aligncenter size-large is-resized\"><img decoding=\"async\" width=\"1024\" height=\"576\" src=\"https:\/\/www.correiobraziliense.com.br\/cbradar\/wp-content\/uploads\/2025\/07\/acucar_1751636537454-1024x576.jpg\" alt=\"A nova estrat\u00e9gia que est\u00e1 viralizando entre quem quer diminuir o consumo de a\u00e7\u00facar\" class=\"wp-image-64458\" style=\"width:1024px;height:auto\" srcset=\"https:\/\/www.correiobraziliense.com.br\/cbradar\/wp-content\/uploads\/2025\/07\/acucar_1751636537454-1024x576.jpg 1024w, https:\/\/www.correiobraziliense.com.br\/cbradar\/wp-content\/uploads\/2025\/07\/acucar_1751636537454-300x169.jpg 300w, https:\/\/www.correiobraziliense.com.br\/cbradar\/wp-content\/uploads\/2025\/07\/acucar_1751636537454-768x432.jpg 768w, https:\/\/www.correiobraziliense.com.br\/cbradar\/wp-content\/uploads\/2025\/07\/acucar_1751636537454-750x422.jpg 750w, https:\/\/www.correiobraziliense.com.br\/cbradar\/wp-content\/uploads\/2025\/07\/acucar_1751636537454-1140x641.jpg 1140w, https:\/\/www.correiobraziliense.com.br\/cbradar\/wp-content\/uploads\/2025\/07\/acucar_1751636537454.jpg 1280w\" sizes=\"(max-width: 1024px) 100vw, 1024px\" \/><figcaption class=\"wp-element-caption\">A\u00e7\u00facar &#8211; Cr\u00e9ditos: depositphotos.com \/ bit245<\/figcaption><\/figure><\/div>\n\n\n<p>O maior vil\u00e3o no consumo excessivo de <a href=\"https:\/\/pt.wikipedia.org\/wiki\/A\u00e7\u00facar\" target=\"_blank\" rel=\"noreferrer noopener\">a\u00e7\u00facar <\/a>n\u00e3o \u00e9 aquele que voc\u00ea adiciona no cafezinho, mas sim o que vem escondido nos alimentos industrializados. Muitos produtos salgados, como molhos de tomate, sopas prontas e temperos, cont\u00eam grandes quantidades de <strong>a\u00e7\u00facar adicionado<\/strong> para real\u00e7ar o sabor e conservar o produto.<\/p>\n\n\n\n<p>Para come\u00e7ar, crie o h\u00e1bito de ler a lista de ingredientes dos produtos que voc\u00ea compra. O a\u00e7\u00facar pode aparecer com muitos nomes diferentes. Fique atento a termos que terminam em &#8220;ose&#8221; e a outros disfarces comuns. Conhecer o que voc\u00ea est\u00e1 realmente consumindo \u00e9 o primeiro e mais poderoso passo para fazer escolhas mais conscientes e saud\u00e1veis.<\/p>\n\n\n\n<p>Alguns nomes para procurar:<\/p>\n\n\n\n<ul class=\"wp-block-list\">\n<li>Sacarose<\/li>\n\n\n\n<li>Glicose ou xarope de glicose<\/li>\n\n\n\n<li>Frutose ou xarope de milho rico em frutose<\/li>\n\n\n\n<li>Maltodextrina<\/li>\n\n\n\n<li>A\u00e7\u00facar invertido<\/li>\n\n\n\n<li>N\u00e9ctar de agave ou de coco<\/li>\n\n\n\n<li>Melado ou mela\u00e7o<\/li>\n<\/ul>\n\n\n\n<h2 class=\"wp-block-heading\">Como reeducar o paladar para apreciar o doce natural dos alimentos?<\/h2>\n\n\n\n<p>Nosso paladar \u00e9 completamente adapt\u00e1vel. Quando consumimos muito a\u00e7\u00facar, ele se acostuma a esse n\u00edvel intenso de do\u00e7ura, e os sabores mais sutis, como o doce natural de uma fruta, parecem sem gra\u00e7a. O processo de reeducar o paladar envolve diminuir gradualmente o a\u00e7\u00facar para que suas papilas gustativas voltem a ser sens\u00edveis.<\/p>\n\n\n\n<p>Comece reduzindo pela metade a quantidade de a\u00e7\u00facar que voc\u00ea coloca no caf\u00e9, no ch\u00e1 ou no suco. Mantenha essa nova medida por uma ou duas semanas antes de reduzir novamente. Use e abuse de especiarias como canela, cravo, noz-moscada e extrato de baunilha. Elas adicionam um aroma adocicado e complexidade aos pratos, ajudando a satisfazer o desejo por doce sem adicionar a\u00e7\u00facar.<\/p>\n\n\n\n<h2 class=\"wp-block-heading\">Quais trocas inteligentes voc\u00ea pode fazer nas suas bebidas di\u00e1rias?<\/h2>\n\n\n\n<p>As bebidas a\u00e7ucaradas, como refrigerantes, sucos de caixinha e ch\u00e1s industrializados, s\u00e3o uma das maiores fontes de calorias vazias e a\u00e7\u00facar na dieta moderna. Substituir essas bebidas \u00e9 uma das mudan\u00e7as de maior impacto que voc\u00ea pode fazer. O melhor de tudo \u00e9 que existem alternativas deliciosas e refrescantes.<\/p>\n\n\n\n<p>Troque os refrigerantes por \u00e1gua com g\u00e1s saborizada com rodelas de lim\u00e3o, laranja, folhas de hortel\u00e3 ou peda\u00e7os de gengibre. Em vez de sucos industrializados, prefira a fruta inteira, que cont\u00e9m fibras que ajudam a controlar a absor\u00e7\u00e3o do a\u00e7\u00facar. Ch\u00e1s de ervas gelados, como hibisco ou camomila, preparados em casa e sem a\u00e7\u00facar, tamb\u00e9m s\u00e3o excelentes op\u00e7\u00f5es.<\/p>\n\n\n\n<h2 class=\"wp-block-heading\">De que maneira o planejamento de lanches pode evitar as armadilhas do a\u00e7\u00facar?<\/h2>\n\n\n\n<p>Aquele desejo por um doce que surge no meio da tarde \u00e9, muitas vezes, um sinal de que sua energia est\u00e1 baixa ou que voc\u00ea ficou muito tempo sem comer. Ter lanches saud\u00e1veis e pr\u00e1ticos \u00e0 m\u00e3o \u00e9 a melhor estrat\u00e9gia para n\u00e3o cair na tenta\u00e7\u00e3o de um biscoito recheado ou uma barra de chocolate.<\/p>\n\n\n\n<p>Planeje seus lanches com anteced\u00eancia. Boas op\u00e7\u00f5es incluem um punhado de castanhas ou am\u00eandoas, um iogurte natural sem a\u00e7\u00facar com frutas picadas, uma ma\u00e7\u00e3 com pasta de amendoim integral ou palitos de cenoura. Esses lanches combinam prote\u00ednas, gorduras saud\u00e1veis e fibras, que promovem saciedade e mant\u00eam os n\u00edveis de a\u00e7\u00facar no sangue est\u00e1veis, prevenindo os picos de desejo.<\/p>\n\n\n\n<h2 class=\"wp-block-heading\">\u00c9 poss\u00edvel satisfazer a vontade de doce com op\u00e7\u00f5es mais saud\u00e1veis?<\/h2>\n\n\n\n<p>Reduzir o a\u00e7\u00facar n\u00e3o significa abandonar o prazer de uma sobremesa. O segredo \u00e9 aprender a preparar ou escolher doces que utilizam ingredientes nutritivos e a do\u00e7ura natural dos alimentos. A natureza oferece uma infinidade de op\u00e7\u00f5es para satisfazer sua vontade de forma inteligente.<\/p>\n\n\n\n<p>Quando o desejo por doce apertar, experimente estas alternativas:<\/p>\n\n\n\n<ul class=\"wp-block-list\">\n<li><strong>Frutas assadas:<\/strong> Banana ou ma\u00e7\u00e3 assada com canela em p\u00f3. O calor intensifica a do\u00e7ura da fruta.<\/li>\n\n\n\n<li><strong>Chocolate amargo:<\/strong> Opte por vers\u00f5es com 70% de cacau ou mais. Voc\u00ea satisfaz o desejo com uma por\u00e7\u00e3o menor e ainda obt\u00e9m benef\u00edcios antioxidantes.<\/li>\n\n\n\n<li><strong>&#8220;Sorvete&#8221; de banana:<\/strong> Congele bananas maduras em rodelas e depois bata em um processador at\u00e9 obter uma consist\u00eancia cremosa.<\/li>\n\n\n\n<li><strong>T\u00e2maras com pasta de amendoim:<\/strong> As t\u00e2maras s\u00e3o naturalmente muito doces e ricas em fibras.<\/li>\n<\/ul>\n\n\n\n<h2 class=\"wp-block-heading\">Como lidar com deslizes e manter a motiva\u00e7\u00e3o a longo prazo?<\/h2>\n\n\n\n<p>Neste processo de reeduca\u00e7\u00e3o, \u00e9 normal e esperado que ocorram deslizes. O importante \u00e9 n\u00e3o encarar um peda\u00e7o de bolo em uma festa como um fracasso. A mentalidade do &#8220;tudo ou nada&#8221; \u00e9 inimiga do sucesso a longo prazo. Se voc\u00ea comeu algo que estava fora do seu plano, simplesmente aproveite o momento e volte aos seus h\u00e1bitos saud\u00e1veis na pr\u00f3xima refei\u00e7\u00e3o.<\/p>\n\n\n\n<p>O objetivo n\u00e3o \u00e9 a perfei\u00e7\u00e3o, mas sim a consist\u00eancia e o progresso. Celebre suas pequenas vit\u00f3rias, como passar um dia sem refrigerante ou experimentar um caf\u00e9 sem a\u00e7\u00facar pela primeira vez. Lembre-se do motivo pelo qual voc\u00ea come\u00e7ou essa jornada \u2013 seja por mais energia, mais sa\u00fade ou bem-estar \u2013 e seja gentil consigo mesmo durante todo o processo.<\/p>\n","protected":false},"excerpt":{"rendered":"<p>O a\u00e7\u00facar est\u00e1 por toda parte. Em bebidas, molhos, p\u00e3es e, claro, nas sobremesas que tanto amamos. Reduzir seu consumo \u00e9 uma das metas de sa\u00fade mais comuns, mas o processo costuma ser associado a um sentimento de priva\u00e7\u00e3o, mau humor e um sofrimento que torna a jornada dif\u00edcil e, muitas vezes, insustent\u00e1vel. A boa [&hellip;]<\/p>\n","protected":false},"author":11,"featured_media":11477,"comment_status":"open","ping_status":"open","sticky":false,"template":"","format":"standard","meta":{"_yoast_wpseo_focuskw":"a\u00e7\u00facar","_yoast_wpseo_title":"","_yoast_wpseo_metadesc":"A\u00e7\u00facar escondido nos alimentos pode sabotar sua sa\u00fade. Aprenda como identific\u00e1-lo e reduzi-lo de forma pr\u00e1tica e gostosa.","jnews-multi-image_gallery":[],"jnews_single_post":{"format":"standard"},"jnews_primary_category":[],"jnews_social_meta":[],"jnews_override_counter":[],"footnotes":""},"categories":[119],"post_tag":[6283,281,1318],"class_list":["post-69642","post","type-post","status-publish","format-standard","has-post-thumbnail","hentry","category-bem-estar","tag-acucar-2","tag-alimentacao","tag-saude-2"],"yoast_head":"<!-- This site is optimized with the Yoast SEO plugin v24.6 - https:\/\/yoast.com\/wordpress\/plugins\/seo\/ -->\n<title>A nova estrat\u00e9gia que est\u00e1 viralizando entre quem quer diminuir o consumo de a\u00e7\u00facar - Correio Braziliense - Radar<\/title>\n<meta name=\"description\" content=\"A\u00e7\u00facar escondido nos alimentos pode sabotar sua sa\u00fade. Aprenda como identific\u00e1-lo e reduzi-lo de forma pr\u00e1tica e gostosa.\" \/>\n<meta name=\"robots\" content=\"index, follow, max-snippet:-1, max-image-preview:large, max-video-preview:-1\" \/>\n<link rel=\"canonical\" href=\"https:\/\/www.correiobraziliense.com.br\/cbradar\/a-nova-estrategia-que-esta-viralizando-entre-quem-quer-diminuir-o-consumo-de-acucar\/\" \/>\n<meta property=\"og:locale\" content=\"pt_BR\" \/>\n<meta property=\"og:type\" content=\"article\" \/>\n<meta property=\"og:title\" content=\"A nova estrat\u00e9gia que est\u00e1 viralizando entre quem quer diminuir o consumo de a\u00e7\u00facar - Correio Braziliense - Radar\" \/>\n<meta property=\"og:description\" content=\"A\u00e7\u00facar escondido nos alimentos pode sabotar sua sa\u00fade. Aprenda como identific\u00e1-lo e reduzi-lo de forma pr\u00e1tica e gostosa.\" \/>\n<meta property=\"og:url\" content=\"https:\/\/www.correiobraziliense.com.br\/cbradar\/a-nova-estrategia-que-esta-viralizando-entre-quem-quer-diminuir-o-consumo-de-acucar\/\" \/>\n<meta property=\"og:site_name\" content=\"Correio Braziliense - Radar\" \/>\n<meta property=\"article:published_time\" content=\"2025-07-15T15:13:00+00:00\" \/>\n<meta property=\"og:image\" content=\"https:\/\/www.correiobraziliense.com.br\/cbradar\/wp-content\/uploads\/2025\/03\/acucar_1741703618902.jpg\" \/>\n\t<meta property=\"og:image:width\" content=\"1280\" \/>\n\t<meta property=\"og:image:height\" content=\"720\" \/>\n\t<meta property=\"og:image:type\" content=\"image\/jpeg\" \/>\n<meta name=\"author\" content=\"Paulo Custodio\" \/>\n<meta name=\"twitter:card\" content=\"summary_large_image\" \/>\n<meta name=\"twitter:label1\" content=\"Escrito por\" \/>\n\t<meta name=\"twitter:data1\" content=\"Paulo Custodio\" \/>\n\t<meta name=\"twitter:label2\" content=\"Est. tempo de leitura\" \/>\n\t<meta name=\"twitter:data2\" content=\"6 minutos\" \/>\n<!-- \/ Yoast SEO plugin. -->","yoast_head_json":{"title":"A nova estrat\u00e9gia que est\u00e1 viralizando entre quem quer diminuir o consumo de a\u00e7\u00facar - Correio Braziliense - Radar","description":"A\u00e7\u00facar escondido nos alimentos pode sabotar sua sa\u00fade. Aprenda como identific\u00e1-lo e reduzi-lo de forma pr\u00e1tica e gostosa.","robots":{"index":"index","follow":"follow","max-snippet":"max-snippet:-1","max-image-preview":"max-image-preview:large","max-video-preview":"max-video-preview:-1"},"canonical":"https:\/\/www.correiobraziliense.com.br\/cbradar\/a-nova-estrategia-que-esta-viralizando-entre-quem-quer-diminuir-o-consumo-de-acucar\/","og_locale":"pt_BR","og_type":"article","og_title":"A nova estrat\u00e9gia que est\u00e1 viralizando entre quem quer diminuir o consumo de a\u00e7\u00facar - Correio Braziliense - Radar","og_description":"A\u00e7\u00facar escondido nos alimentos pode sabotar sua sa\u00fade. Aprenda como identific\u00e1-lo e reduzi-lo de forma pr\u00e1tica e gostosa.","og_url":"https:\/\/www.correiobraziliense.com.br\/cbradar\/a-nova-estrategia-que-esta-viralizando-entre-quem-quer-diminuir-o-consumo-de-acucar\/","og_site_name":"Correio Braziliense - Radar","article_published_time":"2025-07-15T15:13:00+00:00","og_image":[{"width":1280,"height":720,"url":"https:\/\/www.correiobraziliense.com.br\/cbradar\/wp-content\/uploads\/2025\/03\/acucar_1741703618902.jpg","type":"image\/jpeg"}],"author":"Paulo Custodio","twitter_card":"summary_large_image","twitter_misc":{"Escrito por":"Paulo Custodio","Est. tempo de leitura":"6 minutos"},"schema":{"@context":"https:\/\/schema.org","@graph":[{"@type":"WebPage","@id":"https:\/\/www.correiobraziliense.com.br\/cbradar\/a-nova-estrategia-que-esta-viralizando-entre-quem-quer-diminuir-o-consumo-de-acucar\/","url":"https:\/\/www.correiobraziliense.com.br\/cbradar\/a-nova-estrategia-que-esta-viralizando-entre-quem-quer-diminuir-o-consumo-de-acucar\/","name":"A nova estrat\u00e9gia que est\u00e1 viralizando entre quem quer diminuir o consumo de a\u00e7\u00facar - Correio Braziliense - Radar","isPartOf":{"@id":"https:\/\/www.correiobraziliense.com.br\/cbradar\/#website"},"primaryImageOfPage":{"@id":"https:\/\/www.correiobraziliense.com.br\/cbradar\/a-nova-estrategia-que-esta-viralizando-entre-quem-quer-diminuir-o-consumo-de-acucar\/#primaryimage"},"image":{"@id":"https:\/\/www.correiobraziliense.com.br\/cbradar\/a-nova-estrategia-que-esta-viralizando-entre-quem-quer-diminuir-o-consumo-de-acucar\/#primaryimage"},"thumbnailUrl":"https:\/\/www.correiobraziliense.com.br\/cbradar\/wp-content\/uploads\/2025\/03\/acucar_1741703618902.jpg","datePublished":"2025-07-15T15:13:00+00:00","author":{"@id":"https:\/\/www.correiobraziliense.com.br\/cbradar\/#\/schema\/person\/4cec7857301a9a1a2ef249893cd908d3"},"description":"A\u00e7\u00facar escondido nos alimentos pode sabotar sua sa\u00fade. Aprenda como identific\u00e1-lo e reduzi-lo de forma pr\u00e1tica e gostosa.","breadcrumb":{"@id":"https:\/\/www.correiobraziliense.com.br\/cbradar\/a-nova-estrategia-que-esta-viralizando-entre-quem-quer-diminuir-o-consumo-de-acucar\/#breadcrumb"},"inLanguage":"pt-BR","potentialAction":[{"@type":"ReadAction","target":["https:\/\/www.correiobraziliense.com.br\/cbradar\/a-nova-estrategia-que-esta-viralizando-entre-quem-quer-diminuir-o-consumo-de-acucar\/"]}]},{"@type":"ImageObject","inLanguage":"pt-BR","@id":"https:\/\/www.correiobraziliense.com.br\/cbradar\/a-nova-estrategia-que-esta-viralizando-entre-quem-quer-diminuir-o-consumo-de-acucar\/#primaryimage","url":"https:\/\/www.correiobraziliense.com.br\/cbradar\/wp-content\/uploads\/2025\/03\/acucar_1741703618902.jpg","contentUrl":"https:\/\/www.correiobraziliense.com.br\/cbradar\/wp-content\/uploads\/2025\/03\/acucar_1741703618902.jpg","width":1280,"height":720,"caption":"A\u00e7\u00facar - Cr\u00e9ditos: depositphotos.com \/ VadimVasenin"},{"@type":"BreadcrumbList","@id":"https:\/\/www.correiobraziliense.com.br\/cbradar\/a-nova-estrategia-que-esta-viralizando-entre-quem-quer-diminuir-o-consumo-de-acucar\/#breadcrumb","itemListElement":[{"@type":"ListItem","position":1,"name":"In\u00edcio","item":"https:\/\/www.correiobraziliense.com.br\/cbradar\/"},{"@type":"ListItem","position":2,"name":"A nova estrat\u00e9gia que est\u00e1 viralizando entre quem quer diminuir o consumo de a\u00e7\u00facar"}]},{"@type":"WebSite","@id":"https:\/\/www.correiobraziliense.com.br\/cbradar\/#website","url":"https:\/\/www.correiobraziliense.com.br\/cbradar\/","name":"Correio Braziliense - Radar","description":"Acompanhe as \u00faltimas not\u00edcias e fique bem informado sobre tudo o que acontece no Brasil e no mundo.","potentialAction":[{"@type":"SearchAction","target":{"@type":"EntryPoint","urlTemplate":"https:\/\/www.correiobraziliense.com.br\/cbradar\/?s={search_term_string}"},"query-input":{"@type":"PropertyValueSpecification","valueRequired":true,"valueName":"search_term_string"}}],"inLanguage":"pt-BR"},{"@type":"Person","@id":"https:\/\/www.correiobraziliense.com.br\/cbradar\/#\/schema\/person\/4cec7857301a9a1a2ef249893cd908d3","name":"Paulo Custodio","image":{"@type":"ImageObject","inLanguage":"pt-BR","@id":"https:\/\/www.correiobraziliense.com.br\/cbradar\/#\/schema\/person\/image\/","url":"https:\/\/secure.gravatar.com\/avatar\/bcd67168d1534e8fcf4f45c726a87cea?s=96&d=mm&r=g","contentUrl":"https:\/\/secure.gravatar.com\/avatar\/bcd67168d1534e8fcf4f45c726a87cea?s=96&d=mm&r=g","caption":"Paulo Custodio"},"sameAs":["https:\/\/www.correiobraziliense.com.br\/cbradar"],"url":"https:\/\/www.correiobraziliense.com.br\/cbradar\/author\/paulomyth\/"}]}},"_links":{"self":[{"href":"https:\/\/www.correiobraziliense.com.br\/cbradar\/wp-json\/wp\/v2\/posts\/69642","targetHints":{"allow":["GET"]}}],"collection":[{"href":"https:\/\/www.correiobraziliense.com.br\/cbradar\/wp-json\/wp\/v2\/posts"}],"about":[{"href":"https:\/\/www.correiobraziliense.com.br\/cbradar\/wp-json\/wp\/v2\/types\/post"}],"author":[{"embeddable":true,"href":"https:\/\/www.correiobraziliense.com.br\/cbradar\/wp-json\/wp\/v2\/users\/11"}],"replies":[{"embeddable":true,"href":"https:\/\/www.correiobraziliense.com.br\/cbradar\/wp-json\/wp\/v2\/comments?post=69642"}],"version-history":[{"count":1,"href":"https:\/\/www.correiobraziliense.com.br\/cbradar\/wp-json\/wp\/v2\/posts\/69642\/revisions"}],"predecessor-version":[{"id":69698,"href":"https:\/\/www.correiobraziliense.com.br\/cbradar\/wp-json\/wp\/v2\/posts\/69642\/revisions\/69698"}],"wp:featuredmedia":[{"embeddable":true,"href":"https:\/\/www.correiobraziliense.com.br\/cbradar\/wp-json\/wp\/v2\/media\/11477"}],"wp:attachment":[{"href":"https:\/\/www.correiobraziliense.com.br\/cbradar\/wp-json\/wp\/v2\/media?parent=69642"}],"wp:term":[{"taxonomy":"category","embeddable":true,"href":"https:\/\/www.correiobraziliense.com.br\/cbradar\/wp-json\/wp\/v2\/categories?post=69642"},{"taxonomy":"post_tag","embeddable":true,"href":"https:\/\/www.correiobraziliense.com.br\/cbradar\/wp-json\/wp\/v2\/post_tag?post=69642"}],"curies":[{"name":"wp","href":"https:\/\/api.w.org\/{rel}","templated":true}]}}