{"id":6979,"date":"2025-02-28T07:30:00","date_gmt":"2025-02-28T10:30:00","guid":{"rendered":"https:\/\/www.correiobraziliense.com.br\/cbradar\/?p=6979"},"modified":"2025-02-28T02:21:18","modified_gmt":"2025-02-28T05:21:18","slug":"conheca-a-cidade-que-foi-engolida-pelo-mar","status":"publish","type":"post","link":"https:\/\/www.correiobraziliense.com.br\/cbradar\/conheca-a-cidade-que-foi-engolida-pelo-mar\/","title":{"rendered":"Conhe\u00e7a a cidade que foi engolida pelo mar"},"content":{"rendered":"\n<p>Em todo o mundo, existem cidades abandonadas por diferentes motivos, mas poucas t\u00eam uma hist\u00f3ria t\u00e3o dram\u00e1tica quanto <strong>Villa Epecu\u00e9n<\/strong>, na <strong>Argentina<\/strong>. Esse antigo vilarejo tur\u00edstico foi completamente submerso por um lago e debaixo d&#8217;\u00e1gua por quase <strong>30 anos<\/strong>, antes de ressurgir como uma cidade fantasma.<\/p>\n\n\n\n<p>Localizada na prov\u00edncia de <strong>Buenos Aires<\/strong>, Villa Epecu\u00e9n foi um pr\u00f3spero destino tur\u00edstico entre as d\u00e9cadas de <strong>1920 e 1980<\/strong>. Suas \u00e1guas tinham uma salinidade dez vezes maior do que a do oceano, atraindo visitantes que buscavam tratamentos terap\u00eauticos para doen\u00e7as de pele e artrite. Hot\u00e9is, restaurantes e lojas prosperaram \u00e0s margens do <strong>Lago Epecu\u00e9n<\/strong>, tornando a cidade um dos principais pontos tur\u00edsticos da Argentina.<\/p>\n\n\n\n<p>No entanto, em <strong>1985<\/strong>, uma trag\u00e9dia mudou tudo. Ap\u00f3s um per\u00edodo de chuvas intensas, uma barragem que protegia a cidade n\u00e3o resistiu e rompeu, fazendo com que o lago inundasse Villa Epecu\u00e9n rapidamente. Em poucos dias, toda a cidade estava debaixo d&#8217;\u00e1gua, obrigando os moradores a abandonarem suas casas para sempre.<\/p>\n\n\n\n<h2 class=\"wp-block-heading\"><strong>Como uma cidade ficou submersa por d\u00e9cadas?<\/strong><\/h2>\n\n\n\n<p>O n\u00edvel da \u00e1gua continua subindo ao longo dos anos, cobrindo completamente as ruas, edif\u00edcios e pra\u00e7as de Villa Epecu\u00e9n. O vilarejo apareceu invis\u00edvel, escondido sob o lago, at\u00e9 que, no in\u00edcio dos anos 2000, um espec\u00edfico inesperado come\u00e7ou a ocorrer: a \u00e1gua come\u00e7ou a evaporar lentamente devido ao clima seco da regi\u00e3o.<\/p>\n\n\n\n<p>Com o tempo, as ru\u00ednas da cidade come\u00e7aram a emergir, revelando um cen\u00e1rio surreal. O que antes eram ruas movimentadas e hot\u00e9is luxuosos agora se encontraram um cemit\u00e9rio de estruturas retorcidas e \u00e1rvores mortas cobertas por sal. As constru\u00e7\u00f5es, corro\u00eddas pela salinidade extrema, ficaram completamente brancas, criando um ambiente fantasmag\u00f3rico e \u00fanico.<\/p>\n\n\n\n<p>Hoje, Villa Epecu\u00e9n permanece desabitada, sendo considerada uma <strong>cidade fantasma<\/strong>. Apenas um antigo morador, <strong>Pablo Novak<\/strong>, decidiu voltar e viver sozinho entre as ru\u00ednas, tornando-se uma figura ic\u00f4nica da regi\u00e3o.<\/p>\n\n\n\n<figure class=\"wp-block-image size-large\"><img decoding=\"async\" width=\"1024\" height=\"576\" src=\"https:\/\/www.correiobraziliense.com.br\/cbradar\/wp-content\/uploads\/2025\/02\/Villa-Epecuen-2-1024x576.png\" alt=\"Conhe\u00e7a a cidade que foi engolida pelo mar\" class=\"wp-image-7015\" srcset=\"https:\/\/www.correiobraziliense.com.br\/cbradar\/wp-content\/uploads\/2025\/02\/Villa-Epecuen-2-1024x576.png 1024w, https:\/\/www.correiobraziliense.com.br\/cbradar\/wp-content\/uploads\/2025\/02\/Villa-Epecuen-2-300x169.png 300w, https:\/\/www.correiobraziliense.com.br\/cbradar\/wp-content\/uploads\/2025\/02\/Villa-Epecuen-2-768x432.png 768w, https:\/\/www.correiobraziliense.com.br\/cbradar\/wp-content\/uploads\/2025\/02\/Villa-Epecuen-2-750x422.png 750w, https:\/\/www.correiobraziliense.com.br\/cbradar\/wp-content\/uploads\/2025\/02\/Villa-Epecuen-2-1140x641.png 1140w, https:\/\/www.correiobraziliense.com.br\/cbradar\/wp-content\/uploads\/2025\/02\/Villa-Epecuen-2.png 1280w\" sizes=\"(max-width: 1024px) 100vw, 1024px\" \/><figcaption class=\"wp-element-caption\">Villa Epecu\u00e9n. Fonte: Santiago matamoro, CC BY 3.0, via Wikimedia Commons<\/figcaption><\/figure>\n\n\n\n<h2 class=\"wp-block-heading\"><strong>Um destino tur\u00edstico p\u00f3s-apocal\u00edptico<\/strong><\/h2>\n\n\n\n<p>Nos \u00faltimos anos, Villa Epecu\u00e9n se tornou um ponto tur\u00edstico para aventureiros e fot\u00f3grafos fascinados por cen\u00e1rios p\u00f3s-apocal\u00edpticos. As ru\u00ednas submersas e depois ressurgidas criam uma paisagem impressionante, com edif\u00edcios inclinados, carros enferrujados e ruas cobertas por uma fina camada de sal.<\/p>\n\n\n\n<p>O local tamb\u00e9m tem atra\u00eddo produ\u00e7\u00f5es cient\u00edficas e eventos de esportes radicais, aproveitando sua atmosfera \u00fanica. Mesmo sem infraestrutura ou moradores, a cidade continua contando sua hist\u00f3ria silenciosamente, como um lembrete de como a natureza pode transformar completamente um lugar em quest\u00e3o de dias.<\/p>\n\n\n\n<p>Villa Epecu\u00e9n \u00e9 um dos exemplos mais impressionantes de uma cidade engolida e devolvida pelo tempo, mostrando que, por mais que o ser humano tente dominar a natureza, ela sempre encontra um jeito de surpreender.<\/p>\n","protected":false},"excerpt":{"rendered":"<p>Uma cidade foi completamente engolida pelo mar e submersa por quase 30 anos. Descubra a hist\u00f3ria do vilarejo que ressurgiu das \u00e1guas.<\/p>\n","protected":false},"author":3,"featured_media":7004,"comment_status":"open","ping_status":"open","sticky":false,"template":"","format":"standard","meta":{"jnews-multi-image_gallery":[],"jnews_single_post":{"format":"standard"},"jnews_primary_category":[],"jnews_social_meta":[],"jnews_override_counter":[],"footnotes":""},"categories":[108],"tags":[1244,204,1243],"class_list":["post-6979","post","type-post","status-publish","format-standard","has-post-thumbnail","hentry","category-cidades","tag-bolivia","tag-cidade","tag-mar"],"yoast_head":"<!-- This site is optimized with the Yoast SEO plugin v24.6 - https:\/\/yoast.com\/wordpress\/plugins\/seo\/ -->\n<title>Conhe\u00e7a a cidade que foi engolida pelo mar<\/title>\n<meta name=\"description\" content=\"Uma cidade foi completamente engolida pelo mar e submersa por quase 30 anos. Descubra a hist\u00f3ria do vilarejo que ressurgiu das \u00e1guas.\" \/>\n<meta name=\"robots\" content=\"index, follow, max-snippet:-1, max-image-preview:large, max-video-preview:-1\" \/>\n<link rel=\"canonical\" href=\"https:\/\/www.correiobraziliense.com.br\/cbradar\/conheca-a-cidade-que-foi-engolida-pelo-mar\/\" \/>\n<meta property=\"og:locale\" content=\"pt_BR\" \/>\n<meta property=\"og:type\" content=\"article\" \/>\n<meta property=\"og:title\" content=\"Conhe\u00e7a a cidade que foi engolida pelo mar\" \/>\n<meta property=\"og:description\" content=\"Uma cidade foi completamente engolida pelo mar e submersa por quase 30 anos. Descubra a hist\u00f3ria do vilarejo que ressurgiu das \u00e1guas.\" \/>\n<meta property=\"og:url\" content=\"https:\/\/www.correiobraziliense.com.br\/cbradar\/conheca-a-cidade-que-foi-engolida-pelo-mar\/\" \/>\n<meta property=\"og:site_name\" content=\"Correio Braziliense - Radar\" \/>\n<meta property=\"article:published_time\" content=\"2025-02-28T10:30:00+00:00\" \/>\n<meta property=\"og:image\" content=\"https:\/\/www.correiobraziliense.com.br\/cbradar\/wp-content\/uploads\/2025\/02\/Villa-Epecuen.png\" \/>\n\t<meta property=\"og:image:width\" content=\"1280\" \/>\n\t<meta property=\"og:image:height\" content=\"720\" \/>\n\t<meta property=\"og:image:type\" content=\"image\/png\" \/>\n<meta name=\"author\" content=\"Larissa Carvalho\" \/>\n<meta name=\"twitter:card\" content=\"summary_large_image\" \/>\n<meta name=\"twitter:label1\" content=\"Escrito por\" \/>\n\t<meta name=\"twitter:data1\" content=\"Larissa Carvalho\" \/>\n\t<meta name=\"twitter:label2\" content=\"Est. tempo de leitura\" \/>\n\t<meta name=\"twitter:data2\" content=\"3 minutos\" \/>\n<!-- \/ Yoast SEO plugin. -->","yoast_head_json":{"title":"Conhe\u00e7a a cidade que foi engolida pelo mar","description":"Uma cidade foi completamente engolida pelo mar e submersa por quase 30 anos. Descubra a hist\u00f3ria do vilarejo que ressurgiu das \u00e1guas.","robots":{"index":"index","follow":"follow","max-snippet":"max-snippet:-1","max-image-preview":"max-image-preview:large","max-video-preview":"max-video-preview:-1"},"canonical":"https:\/\/www.correiobraziliense.com.br\/cbradar\/conheca-a-cidade-que-foi-engolida-pelo-mar\/","og_locale":"pt_BR","og_type":"article","og_title":"Conhe\u00e7a a cidade que foi engolida pelo mar","og_description":"Uma cidade foi completamente engolida pelo mar e submersa por quase 30 anos. Descubra a hist\u00f3ria do vilarejo que ressurgiu das \u00e1guas.","og_url":"https:\/\/www.correiobraziliense.com.br\/cbradar\/conheca-a-cidade-que-foi-engolida-pelo-mar\/","og_site_name":"Correio Braziliense - Radar","article_published_time":"2025-02-28T10:30:00+00:00","og_image":[{"width":1280,"height":720,"url":"https:\/\/www.correiobraziliense.com.br\/cbradar\/wp-content\/uploads\/2025\/02\/Villa-Epecuen.png","type":"image\/png"}],"author":"Larissa Carvalho","twitter_card":"summary_large_image","twitter_misc":{"Escrito por":"Larissa Carvalho","Est. tempo de leitura":"3 minutos"},"schema":{"@context":"https:\/\/schema.org","@graph":[{"@type":"WebPage","@id":"https:\/\/www.correiobraziliense.com.br\/cbradar\/conheca-a-cidade-que-foi-engolida-pelo-mar\/","url":"https:\/\/www.correiobraziliense.com.br\/cbradar\/conheca-a-cidade-que-foi-engolida-pelo-mar\/","name":"Conhe\u00e7a a cidade que foi engolida pelo mar","isPartOf":{"@id":"https:\/\/www.correiobraziliense.com.br\/cbradar\/#website"},"primaryImageOfPage":{"@id":"https:\/\/www.correiobraziliense.com.br\/cbradar\/conheca-a-cidade-que-foi-engolida-pelo-mar\/#primaryimage"},"image":{"@id":"https:\/\/www.correiobraziliense.com.br\/cbradar\/conheca-a-cidade-que-foi-engolida-pelo-mar\/#primaryimage"},"thumbnailUrl":"https:\/\/www.correiobraziliense.com.br\/cbradar\/wp-content\/uploads\/2025\/02\/Villa-Epecuen.png","datePublished":"2025-02-28T10:30:00+00:00","author":{"@id":"https:\/\/www.correiobraziliense.com.br\/cbradar\/#\/schema\/person\/58422787644df994b53a19d3e56c1513"},"description":"Uma cidade foi completamente engolida pelo mar e submersa por quase 30 anos. Descubra a hist\u00f3ria do vilarejo que ressurgiu das \u00e1guas.","breadcrumb":{"@id":"https:\/\/www.correiobraziliense.com.br\/cbradar\/conheca-a-cidade-que-foi-engolida-pelo-mar\/#breadcrumb"},"inLanguage":"pt-BR","potentialAction":[{"@type":"ReadAction","target":["https:\/\/www.correiobraziliense.com.br\/cbradar\/conheca-a-cidade-que-foi-engolida-pelo-mar\/"]}]},{"@type":"ImageObject","inLanguage":"pt-BR","@id":"https:\/\/www.correiobraziliense.com.br\/cbradar\/conheca-a-cidade-que-foi-engolida-pelo-mar\/#primaryimage","url":"https:\/\/www.correiobraziliense.com.br\/cbradar\/wp-content\/uploads\/2025\/02\/Villa-Epecuen.png","contentUrl":"https:\/\/www.correiobraziliense.com.br\/cbradar\/wp-content\/uploads\/2025\/02\/Villa-Epecuen.png","width":1280,"height":720,"caption":"Villa Epecu\u00e9n. Fonte: MertigOrbis, via Wikimedia Commons"},{"@type":"BreadcrumbList","@id":"https:\/\/www.correiobraziliense.com.br\/cbradar\/conheca-a-cidade-que-foi-engolida-pelo-mar\/#breadcrumb","itemListElement":[{"@type":"ListItem","position":1,"name":"In\u00edcio","item":"https:\/\/www.correiobraziliense.com.br\/cbradar\/"},{"@type":"ListItem","position":2,"name":"Conhe\u00e7a a cidade que foi engolida pelo mar"}]},{"@type":"WebSite","@id":"https:\/\/www.correiobraziliense.com.br\/cbradar\/#website","url":"https:\/\/www.correiobraziliense.com.br\/cbradar\/","name":"Correio Braziliense - Radar","description":"Acompanhe as \u00faltimas not\u00edcias e fique bem informado sobre tudo o que acontece no Brasil e no mundo.","potentialAction":[{"@type":"SearchAction","target":{"@type":"EntryPoint","urlTemplate":"https:\/\/www.correiobraziliense.com.br\/cbradar\/?s={search_term_string}"},"query-input":{"@type":"PropertyValueSpecification","valueRequired":true,"valueName":"search_term_string"}}],"inLanguage":"pt-BR"},{"@type":"Person","@id":"https:\/\/www.correiobraziliense.com.br\/cbradar\/#\/schema\/person\/58422787644df994b53a19d3e56c1513","name":"Larissa Carvalho","image":{"@type":"ImageObject","inLanguage":"pt-BR","@id":"https:\/\/www.correiobraziliense.com.br\/cbradar\/#\/schema\/person\/image\/","url":"https:\/\/secure.gravatar.com\/avatar\/fe4f91a0de32b52a838d0d612abdc1aa?s=96&d=mm&r=g","contentUrl":"https:\/\/secure.gravatar.com\/avatar\/fe4f91a0de32b52a838d0d612abdc1aa?s=96&d=mm&r=g","caption":"Larissa Carvalho"},"url":"https:\/\/www.correiobraziliense.com.br\/cbradar\/author\/larissamyth\/"}]}},"_links":{"self":[{"href":"https:\/\/www.correiobraziliense.com.br\/cbradar\/wp-json\/wp\/v2\/posts\/6979","targetHints":{"allow":["GET"]}}],"collection":[{"href":"https:\/\/www.correiobraziliense.com.br\/cbradar\/wp-json\/wp\/v2\/posts"}],"about":[{"href":"https:\/\/www.correiobraziliense.com.br\/cbradar\/wp-json\/wp\/v2\/types\/post"}],"author":[{"embeddable":true,"href":"https:\/\/www.correiobraziliense.com.br\/cbradar\/wp-json\/wp\/v2\/users\/3"}],"replies":[{"embeddable":true,"href":"https:\/\/www.correiobraziliense.com.br\/cbradar\/wp-json\/wp\/v2\/comments?post=6979"}],"version-history":[{"count":1,"href":"https:\/\/www.correiobraziliense.com.br\/cbradar\/wp-json\/wp\/v2\/posts\/6979\/revisions"}],"predecessor-version":[{"id":7018,"href":"https:\/\/www.correiobraziliense.com.br\/cbradar\/wp-json\/wp\/v2\/posts\/6979\/revisions\/7018"}],"wp:featuredmedia":[{"embeddable":true,"href":"https:\/\/www.correiobraziliense.com.br\/cbradar\/wp-json\/wp\/v2\/media\/7004"}],"wp:attachment":[{"href":"https:\/\/www.correiobraziliense.com.br\/cbradar\/wp-json\/wp\/v2\/media?parent=6979"}],"wp:term":[{"taxonomy":"category","embeddable":true,"href":"https:\/\/www.correiobraziliense.com.br\/cbradar\/wp-json\/wp\/v2\/categories?post=6979"},{"taxonomy":"post_tag","embeddable":true,"href":"https:\/\/www.correiobraziliense.com.br\/cbradar\/wp-json\/wp\/v2\/tags?post=6979"}],"curies":[{"name":"wp","href":"https:\/\/api.w.org\/{rel}","templated":true}]}}