{"id":69874,"date":"2025-07-14T19:20:00","date_gmt":"2025-07-14T22:20:00","guid":{"rendered":"https:\/\/www.correiobraziliense.com.br\/cbradar\/?p=69874"},"modified":"2025-07-14T18:19:34","modified_gmt":"2025-07-14T21:19:34","slug":"esse-e-o-penteado-que-os-esconde-perfeitamente-os-cabelos-grisalhos-e-esta-na-moda","status":"publish","type":"post","link":"https:\/\/www.correiobraziliense.com.br\/cbradar\/esse-e-o-penteado-que-os-esconde-perfeitamente-os-cabelos-grisalhos-e-esta-na-moda\/","title":{"rendered":"Esse \u00e9 o penteado que os esconde perfeitamente os cabelos grisalhos e est\u00e1 na moda"},"content":{"rendered":"\n<p>Os cabelos brancos fazem parte do processo natural de envelhecimento, mas muitos buscam alternativas para disfar\u00e7\u00e1-los de forma pr\u00e1tica e elegante. Recentemente, um penteado espec\u00edfico ganhou destaque entre cabeleireiros e influenciadores: o famoso <strong>cabelo com risca em zigue-zague<\/strong>. Essa proposta oferece uma maneira inovadora de trocar o visual sem recorrer \u00e0 colora\u00e7\u00e3o frequente, proporcionando discri\u00e7\u00e3o \u00e0s \u00e1reas com fios grisalhos, principalmente aqueles concentrados na parte superior da cabe\u00e7a.<\/p>\n\n\n\n<p>Ao contr\u00e1rio dos m\u00e9todos tradicionais, em que a linha central bem definida evidencia os fios brancos, a <strong>divis\u00e3o irregular<\/strong> do coque com zigue-zague cria um efeito \u00f3tico que camufla a diferen\u00e7a de tons nos cabelos. Por esse motivo, a tend\u00eancia foi abra\u00e7ada por quem deseja manter o aspecto moderno, com versatilidade e praticidade para o dia a dia ou ocasi\u00f5es especiais.<\/p>\n\n\n\n<h2 class=\"wp-block-heading\">Por que o penteado com risca zigue-zague disfar\u00e7a t\u00e3o bem as canas?<\/h2>\n\n\n\n<p>O segredo do sucesso dessa t\u00e9cnica est\u00e1 na distribui\u00e7\u00e3o dos fios. Ao desenhar uma linha irregular, o olhar n\u00e3o se fixa apenas na raiz, tornando as \u00e1reas grisalhas menos percept\u00edveis. Esse <em>truque visual<\/em> proporciona um acabamento mais harm\u00f4nico e \u00e9 especialmente \u00fatil para quem apresenta cabelos brancos vis\u00edveis na linha central, uma das regi\u00f5es onde as canas costumam se concentrar primeiro.<\/p>\n\n\n\n<p>A aus\u00eancia de simetria tamb\u00e9m confere um ar mais descontra\u00eddo ao penteado, facilitando a cria\u00e7\u00e3o de diferentes estilos. Al\u00e9m disso, a proposta pode ser incorporada em cabelos longos, m\u00e9dios ou curtos, seja com o cabelo solto, em rabo de cavalo ou em um coque despojado, garantindo liberdade na escolha do look de acordo com a ocasi\u00e3o.<\/p>\n\n\n\n<h2 class=\"wp-block-heading\">Como fazer a risca em zigue-zague para esconder os fios brancos?<\/h2>\n\n\n\n<p>A execu\u00e7\u00e3o \u00e9 simples e n\u00e3o exige ferramentas especiais al\u00e9m de um pente com ponta fina. Veja o passo a passo para obter o efeito desejado:<\/p>\n\n\n\n<ol class=\"wp-block-list\">\n<li>Comece desembara\u00e7ando bem os fios, optando por deix\u00e1-los soltos ou presos conforme a prefer\u00eancia.<\/li>\n\n\n\n<li>Com a ajuda do pente, trace a linha em zigue-zague desde a testa at\u00e9 a parte superior da cabe\u00e7a, alternando os lados a cada poucos cent\u00edmetros.<\/li>\n\n\n\n<li>Separe cuidadosamente os cabelos seguindo o desenho feito, direcionando-os para as laterais.<\/li>\n\n\n\n<li>Caso prefira um visual preso, como rabo de cavalo ou coque, prenda os fios sem desfazer a risca, mantendo seu formato vis\u00edvel.<\/li>\n\n\n\n<li>Finalize com um pouco de spray ou fixador para assegurar que o penteado permane\u00e7a alinhado ao longo do dia.<\/li>\n<\/ol>\n\n\n\n<p>Esse m\u00e9todo destaca-se por sua praticidade e possibilidade de adapta\u00e7\u00e3o, sendo vi\u00e1vel at\u00e9 mesmo para quem n\u00e3o possui grande habilidade com penteados ou pretende renovar o visual de \u00faltima hora.<\/p>\n\n\n\n<figure class=\"wp-block-image size-large\"><img decoding=\"async\" width=\"1024\" height=\"576\" src=\"https:\/\/www.correiobraziliense.com.br\/cbradar\/wp-content\/uploads\/2025\/07\/cabelo-grisalho_1752527959500-1024x576.jpg\" alt=\"Esse \u00e9 o penteado que os esconde perfeitamente os cabelos grisalhos e est\u00e1 na moda\" class=\"wp-image-69877\" srcset=\"https:\/\/www.correiobraziliense.com.br\/cbradar\/wp-content\/uploads\/2025\/07\/cabelo-grisalho_1752527959500-1024x576.jpg 1024w, https:\/\/www.correiobraziliense.com.br\/cbradar\/wp-content\/uploads\/2025\/07\/cabelo-grisalho_1752527959500-300x169.jpg 300w, https:\/\/www.correiobraziliense.com.br\/cbradar\/wp-content\/uploads\/2025\/07\/cabelo-grisalho_1752527959500-768x432.jpg 768w, https:\/\/www.correiobraziliense.com.br\/cbradar\/wp-content\/uploads\/2025\/07\/cabelo-grisalho_1752527959500-750x422.jpg 750w, https:\/\/www.correiobraziliense.com.br\/cbradar\/wp-content\/uploads\/2025\/07\/cabelo-grisalho_1752527959500-1140x641.jpg 1140w, https:\/\/www.correiobraziliense.com.br\/cbradar\/wp-content\/uploads\/2025\/07\/cabelo-grisalho_1752527959500.jpg 1280w\" sizes=\"(max-width: 1024px) 100vw, 1024px\" \/><figcaption class=\"wp-element-caption\">cabelo grisalho. Cr\u00e9ditos: depositphotos.com \/ IgorVetushko<\/figcaption><\/figure>\n\n\n\n<h2 class=\"wp-block-heading\">Quais outras t\u00e9cnicas ajudam a disfar\u00e7ar cabelos grisalhos?<\/h2>\n\n\n\n<p>Al\u00e9m da risca em zigue-zague, alguns recursos podem contribuir para tornar os fios brancos menos aparentes, favorecendo a autoconfian\u00e7a no cotidiano. Entre as alternativas, destacam-se:<\/p>\n\n\n\n<ul class=\"wp-block-list\">\n<li><strong>Penteados com volume:<\/strong> T\u00e9cnicas que elevam a raiz ou criam ondula\u00e7\u00f5es no comprimento ajudam a diluir o contraste criado pelas canas.<\/li>\n\n\n\n<li><strong>Uso de acess\u00f3rios:<\/strong> Faixas, len\u00e7os e presilhas podem ser posicionados estrategicamente para cobrir \u00e1reas com maior concentra\u00e7\u00e3o dos fios grisalhos.<\/li>\n\n\n\n<li><strong>Sprays e m\u00e1scaras coloridas:<\/strong> Produtos tempor\u00e1rios dispon\u00edveis em diferentes tons, ideais para eventos, s\u00e3o facilmente removidos durante a lavagem.<\/li>\n\n\n\n<li><strong>Altern\u00e2ncia da risca:<\/strong> Variar o local da divis\u00e3o ao longo do tempo distribui melhor os cabelos brancos, evitando ac\u00famulo em um \u00fanico setor.<\/li>\n<\/ul>\n\n\n\n<p>Essas op\u00e7\u00f5es permitem renovar o visual frequentemente e adaptam-se tanto ao ambiente profissional quanto a momentos de lazer, oferecendo praticidade para o dia a dia.<\/p>\n\n\n\n<p>No cen\u00e1rio de 2025, a busca por solu\u00e7\u00f5es r\u00e1pidas para lidar com os fios brancos continua impulsionando tend\u00eancias capilares que unem modernidade e conforto. O penteado com risca em zigue-zague se destaca n\u00e3o apenas como uma alternativa funcional, mas tamb\u00e9m como forma de express\u00e3o e cuidado consigo, refletindo a evolu\u00e7\u00e3o das prefer\u00eancias de beleza e a valoriza\u00e7\u00e3o da naturalidade.<\/p>\n","protected":false},"excerpt":{"rendered":"<p>Um penteado criativo que disfar\u00e7a cabelos brancos! A risca em zigue-zague \u00e9 a nova tend\u00eancia para quem quer disfar\u00e7ar os fios grisalhos com praticidade e estilo.<\/p>\n","protected":false},"author":3,"featured_media":69876,"comment_status":"open","ping_status":"open","sticky":false,"template":"","format":"standard","meta":{"_yoast_wpseo_focuskw":"penteado cabelo grisalho","_yoast_wpseo_title":"%%title%%","_yoast_wpseo_metadesc":"Um penteado criativo que disfar\u00e7a cabelos brancos! A risca em zigue-zague \u00e9 a nova tend\u00eancia para quem quer disfar\u00e7ar os fios grisalhos com praticidade e estilo.","jnews-multi-image_gallery":[],"jnews_single_post":{"format":"standard"},"jnews_primary_category":[],"jnews_social_meta":[],"jnews_override_counter":[],"footnotes":""},"categories":[112],"post_tag":[125,3155,144],"class_list":["post-69874","post","type-post","status-publish","format-standard","has-post-thumbnail","hentry","category-curiosidades","tag-beleza","tag-cabelos","tag-curiosidades"],"yoast_head":"<!-- This site is optimized with the Yoast SEO plugin v24.6 - https:\/\/yoast.com\/wordpress\/plugins\/seo\/ -->\n<title>Esse \u00e9 o penteado que os esconde perfeitamente os cabelos grisalhos e est\u00e1 na moda<\/title>\n<meta name=\"description\" content=\"Um penteado criativo que disfar\u00e7a cabelos brancos! A risca em zigue-zague \u00e9 a nova tend\u00eancia para quem quer disfar\u00e7ar os fios grisalhos com praticidade e estilo.\" \/>\n<meta name=\"robots\" content=\"index, follow, max-snippet:-1, max-image-preview:large, max-video-preview:-1\" \/>\n<link rel=\"canonical\" href=\"https:\/\/www.correiobraziliense.com.br\/cbradar\/esse-e-o-penteado-que-os-esconde-perfeitamente-os-cabelos-grisalhos-e-esta-na-moda\/\" \/>\n<meta property=\"og:locale\" content=\"pt_BR\" \/>\n<meta property=\"og:type\" content=\"article\" \/>\n<meta property=\"og:title\" content=\"Esse \u00e9 o penteado que os esconde perfeitamente os cabelos grisalhos e est\u00e1 na moda\" \/>\n<meta property=\"og:description\" content=\"Um penteado criativo que disfar\u00e7a cabelos brancos! A risca em zigue-zague \u00e9 a nova tend\u00eancia para quem quer disfar\u00e7ar os fios grisalhos com praticidade e estilo.\" \/>\n<meta property=\"og:url\" content=\"https:\/\/www.correiobraziliense.com.br\/cbradar\/esse-e-o-penteado-que-os-esconde-perfeitamente-os-cabelos-grisalhos-e-esta-na-moda\/\" \/>\n<meta property=\"og:site_name\" content=\"Correio Braziliense - Radar\" \/>\n<meta property=\"article:published_time\" content=\"2025-07-14T22:20:00+00:00\" \/>\n<meta property=\"og:image\" content=\"https:\/\/www.correiobraziliense.com.br\/cbradar\/wp-content\/uploads\/2025\/07\/cabelo-grisalho_1752527848999.jpg\" \/>\n\t<meta property=\"og:image:width\" content=\"1280\" \/>\n\t<meta property=\"og:image:height\" content=\"720\" \/>\n\t<meta property=\"og:image:type\" content=\"image\/jpeg\" \/>\n<meta name=\"author\" content=\"Larissa Carvalho\" \/>\n<meta name=\"twitter:card\" content=\"summary_large_image\" \/>\n<meta name=\"twitter:label1\" content=\"Escrito por\" \/>\n\t<meta name=\"twitter:data1\" content=\"Larissa Carvalho\" \/>\n\t<meta name=\"twitter:label2\" content=\"Est. tempo de leitura\" \/>\n\t<meta name=\"twitter:data2\" content=\"4 minutos\" \/>\n<!-- \/ Yoast SEO plugin. -->","yoast_head_json":{"title":"Esse \u00e9 o penteado que os esconde perfeitamente os cabelos grisalhos e est\u00e1 na moda","description":"Um penteado criativo que disfar\u00e7a cabelos brancos! A risca em zigue-zague \u00e9 a nova tend\u00eancia para quem quer disfar\u00e7ar os fios grisalhos com praticidade e estilo.","robots":{"index":"index","follow":"follow","max-snippet":"max-snippet:-1","max-image-preview":"max-image-preview:large","max-video-preview":"max-video-preview:-1"},"canonical":"https:\/\/www.correiobraziliense.com.br\/cbradar\/esse-e-o-penteado-que-os-esconde-perfeitamente-os-cabelos-grisalhos-e-esta-na-moda\/","og_locale":"pt_BR","og_type":"article","og_title":"Esse \u00e9 o penteado que os esconde perfeitamente os cabelos grisalhos e est\u00e1 na moda","og_description":"Um penteado criativo que disfar\u00e7a cabelos brancos! A risca em zigue-zague \u00e9 a nova tend\u00eancia para quem quer disfar\u00e7ar os fios grisalhos com praticidade e estilo.","og_url":"https:\/\/www.correiobraziliense.com.br\/cbradar\/esse-e-o-penteado-que-os-esconde-perfeitamente-os-cabelos-grisalhos-e-esta-na-moda\/","og_site_name":"Correio Braziliense - Radar","article_published_time":"2025-07-14T22:20:00+00:00","og_image":[{"width":1280,"height":720,"url":"https:\/\/www.correiobraziliense.com.br\/cbradar\/wp-content\/uploads\/2025\/07\/cabelo-grisalho_1752527848999.jpg","type":"image\/jpeg"}],"author":"Larissa Carvalho","twitter_card":"summary_large_image","twitter_misc":{"Escrito por":"Larissa Carvalho","Est. tempo de leitura":"4 minutos"},"schema":{"@context":"https:\/\/schema.org","@graph":[{"@type":"WebPage","@id":"https:\/\/www.correiobraziliense.com.br\/cbradar\/esse-e-o-penteado-que-os-esconde-perfeitamente-os-cabelos-grisalhos-e-esta-na-moda\/","url":"https:\/\/www.correiobraziliense.com.br\/cbradar\/esse-e-o-penteado-que-os-esconde-perfeitamente-os-cabelos-grisalhos-e-esta-na-moda\/","name":"Esse \u00e9 o penteado que os esconde perfeitamente os cabelos grisalhos e est\u00e1 na moda","isPartOf":{"@id":"https:\/\/www.correiobraziliense.com.br\/cbradar\/#website"},"primaryImageOfPage":{"@id":"https:\/\/www.correiobraziliense.com.br\/cbradar\/esse-e-o-penteado-que-os-esconde-perfeitamente-os-cabelos-grisalhos-e-esta-na-moda\/#primaryimage"},"image":{"@id":"https:\/\/www.correiobraziliense.com.br\/cbradar\/esse-e-o-penteado-que-os-esconde-perfeitamente-os-cabelos-grisalhos-e-esta-na-moda\/#primaryimage"},"thumbnailUrl":"https:\/\/www.correiobraziliense.com.br\/cbradar\/wp-content\/uploads\/2025\/07\/cabelo-grisalho_1752527848999.jpg","datePublished":"2025-07-14T22:20:00+00:00","author":{"@id":"https:\/\/www.correiobraziliense.com.br\/cbradar\/#\/schema\/person\/58422787644df994b53a19d3e56c1513"},"description":"Um penteado criativo que disfar\u00e7a cabelos brancos! A risca em zigue-zague \u00e9 a nova tend\u00eancia para quem quer disfar\u00e7ar os fios grisalhos com praticidade e estilo.","breadcrumb":{"@id":"https:\/\/www.correiobraziliense.com.br\/cbradar\/esse-e-o-penteado-que-os-esconde-perfeitamente-os-cabelos-grisalhos-e-esta-na-moda\/#breadcrumb"},"inLanguage":"pt-BR","potentialAction":[{"@type":"ReadAction","target":["https:\/\/www.correiobraziliense.com.br\/cbradar\/esse-e-o-penteado-que-os-esconde-perfeitamente-os-cabelos-grisalhos-e-esta-na-moda\/"]}]},{"@type":"ImageObject","inLanguage":"pt-BR","@id":"https:\/\/www.correiobraziliense.com.br\/cbradar\/esse-e-o-penteado-que-os-esconde-perfeitamente-os-cabelos-grisalhos-e-esta-na-moda\/#primaryimage","url":"https:\/\/www.correiobraziliense.com.br\/cbradar\/wp-content\/uploads\/2025\/07\/cabelo-grisalho_1752527848999.jpg","contentUrl":"https:\/\/www.correiobraziliense.com.br\/cbradar\/wp-content\/uploads\/2025\/07\/cabelo-grisalho_1752527848999.jpg","width":1280,"height":720,"caption":"Cabelo grisalho. Cr\u00e9ditos: depositphotos.com \/ serezniy"},{"@type":"BreadcrumbList","@id":"https:\/\/www.correiobraziliense.com.br\/cbradar\/esse-e-o-penteado-que-os-esconde-perfeitamente-os-cabelos-grisalhos-e-esta-na-moda\/#breadcrumb","itemListElement":[{"@type":"ListItem","position":1,"name":"In\u00edcio","item":"https:\/\/www.correiobraziliense.com.br\/cbradar\/"},{"@type":"ListItem","position":2,"name":"Esse \u00e9 o penteado que os esconde perfeitamente os cabelos grisalhos e est\u00e1 na moda"}]},{"@type":"WebSite","@id":"https:\/\/www.correiobraziliense.com.br\/cbradar\/#website","url":"https:\/\/www.correiobraziliense.com.br\/cbradar\/","name":"Correio Braziliense - Radar","description":"Acompanhe as \u00faltimas not\u00edcias e fique bem informado sobre tudo o que acontece no Brasil e no mundo.","potentialAction":[{"@type":"SearchAction","target":{"@type":"EntryPoint","urlTemplate":"https:\/\/www.correiobraziliense.com.br\/cbradar\/?s={search_term_string}"},"query-input":{"@type":"PropertyValueSpecification","valueRequired":true,"valueName":"search_term_string"}}],"inLanguage":"pt-BR"},{"@type":"Person","@id":"https:\/\/www.correiobraziliense.com.br\/cbradar\/#\/schema\/person\/58422787644df994b53a19d3e56c1513","name":"Larissa Carvalho","image":{"@type":"ImageObject","inLanguage":"pt-BR","@id":"https:\/\/www.correiobraziliense.com.br\/cbradar\/#\/schema\/person\/image\/","url":"https:\/\/secure.gravatar.com\/avatar\/fe4f91a0de32b52a838d0d612abdc1aa?s=96&d=mm&r=g","contentUrl":"https:\/\/secure.gravatar.com\/avatar\/fe4f91a0de32b52a838d0d612abdc1aa?s=96&d=mm&r=g","caption":"Larissa Carvalho"},"url":"https:\/\/www.correiobraziliense.com.br\/cbradar\/author\/larissamyth\/"}]}},"_links":{"self":[{"href":"https:\/\/www.correiobraziliense.com.br\/cbradar\/wp-json\/wp\/v2\/posts\/69874","targetHints":{"allow":["GET"]}}],"collection":[{"href":"https:\/\/www.correiobraziliense.com.br\/cbradar\/wp-json\/wp\/v2\/posts"}],"about":[{"href":"https:\/\/www.correiobraziliense.com.br\/cbradar\/wp-json\/wp\/v2\/types\/post"}],"author":[{"embeddable":true,"href":"https:\/\/www.correiobraziliense.com.br\/cbradar\/wp-json\/wp\/v2\/users\/3"}],"replies":[{"embeddable":true,"href":"https:\/\/www.correiobraziliense.com.br\/cbradar\/wp-json\/wp\/v2\/comments?post=69874"}],"version-history":[{"count":2,"href":"https:\/\/www.correiobraziliense.com.br\/cbradar\/wp-json\/wp\/v2\/posts\/69874\/revisions"}],"predecessor-version":[{"id":69878,"href":"https:\/\/www.correiobraziliense.com.br\/cbradar\/wp-json\/wp\/v2\/posts\/69874\/revisions\/69878"}],"wp:featuredmedia":[{"embeddable":true,"href":"https:\/\/www.correiobraziliense.com.br\/cbradar\/wp-json\/wp\/v2\/media\/69876"}],"wp:attachment":[{"href":"https:\/\/www.correiobraziliense.com.br\/cbradar\/wp-json\/wp\/v2\/media?parent=69874"}],"wp:term":[{"taxonomy":"category","embeddable":true,"href":"https:\/\/www.correiobraziliense.com.br\/cbradar\/wp-json\/wp\/v2\/categories?post=69874"},{"taxonomy":"post_tag","embeddable":true,"href":"https:\/\/www.correiobraziliense.com.br\/cbradar\/wp-json\/wp\/v2\/post_tag?post=69874"}],"curies":[{"name":"wp","href":"https:\/\/api.w.org\/{rel}","templated":true}]}}