{"id":7019,"date":"2025-02-28T08:23:00","date_gmt":"2025-02-28T11:23:00","guid":{"rendered":"https:\/\/www.correiobraziliense.com.br\/cbradar\/?p=7019"},"modified":"2025-02-27T16:35:26","modified_gmt":"2025-02-27T19:35:26","slug":"linha-de-carros-eletricos-da-mercedes-sera-abandonada-entenda","status":"publish","type":"post","link":"https:\/\/www.correiobraziliense.com.br\/cbradar\/linha-de-carros-eletricos-da-mercedes-sera-abandonada-entenda\/","title":{"rendered":"Linha de carros el\u00e9tricos da Mercedes ser\u00e1 abandonada, entenda"},"content":{"rendered":"\n<p>Nos \u00faltimos anos, as fabricantes de autom\u00f3veis t\u00eam enfrentado o desafio de se adaptar a um mercado em constante mudan\u00e7a, especialmente no que diz respeito \u00e0 eletrifica\u00e7\u00e3o de seus ve\u00edculos. A <strong><a href=\"https:\/\/www2.mercedes-benz.com.br\/\" target=\"_blank\" rel=\"noreferrer noopener\">Mercedes-Benz<\/a><\/strong>, uma das l\u00edderes do setor, anunciou inicialmente que se tornaria totalmente el\u00e9trica at\u00e9 2030. No entanto, o crescimento do segmento el\u00e9trico n\u00e3o atingiu as expectativas, levando a empresa a reavaliar suas estrat\u00e9gias.<\/p>\n\n\n\n<p>Uma das mudan\u00e7as mais significativas na abordagem da Mercedes-Benz \u00e9 a decis\u00e3o de abandonar a linha de modelos el\u00e9tricos EQ, que eram vers\u00f5es totalmente distintas de seus equivalentes \u00e0 combust\u00e3o. Em vez disso, a marca planeja integrar a tecnologia el\u00e9trica como uma extens\u00e3o dos modelos existentes, come\u00e7ando com o CLA, que ter\u00e1 uma vers\u00e3o el\u00e9trica conhecida como CLA EQ.<\/p>\n\n\n\n<h2 class=\"wp-block-heading\"><strong>Como a Mercedes-Benz est\u00e1 reestruturando sua linha de ve\u00edculos?<\/strong><\/h2>\n\n\n\n<p>Atualmente, a Mercedes-Benz possui modelos como o EQE, que \u00e9 o equivalente el\u00e9trico do Classe E, e o EQE SUV, que corresponde ao GLE. Esses ve\u00edculos, embora compartilhem segmentos semelhantes, s\u00e3o completamente diferentes em termos de design e motoriza\u00e7\u00e3o. Com a nova estrat\u00e9gia, a Mercedes-Benz pretende simplificar essa distin\u00e7\u00e3o, utilizando a nomenclatura EQ como um sobrenome para suas vers\u00f5es el\u00e9tricas.<\/p>\n\n\n\n<p>Essa mudan\u00e7a significa que, em vez de criar modelos totalmente novos para cada vers\u00e3o el\u00e9trica, a Mercedes-Benz oferecer\u00e1 varia\u00e7\u00f5es el\u00e9tricas de seus modelos j\u00e1 existentes. Assim, o CLA, por exemplo, poder\u00e1 ser encontrado nas vers\u00f5es CLA, CLA EQ Technology e CLA EQ Hybrid Technology, dependendo da motoriza\u00e7\u00e3o e tecnologia empregada.<\/p>\n\n\n\n<figure class=\"wp-block-image size-large\"><img decoding=\"async\" width=\"1024\" height=\"576\" src=\"https:\/\/www.correiobraziliense.com.br\/cbradar\/wp-content\/uploads\/2025\/02\/Mercedes_1740684737896-1024x576.jpg\" alt=\"Linha de carros el\u00e9tricos da Mercedes ser\u00e1 abandonada, entenda\" class=\"wp-image-7026\" srcset=\"https:\/\/www.correiobraziliense.com.br\/cbradar\/wp-content\/uploads\/2025\/02\/Mercedes_1740684737896-1024x576.jpg 1024w, https:\/\/www.correiobraziliense.com.br\/cbradar\/wp-content\/uploads\/2025\/02\/Mercedes_1740684737896-300x169.jpg 300w, https:\/\/www.correiobraziliense.com.br\/cbradar\/wp-content\/uploads\/2025\/02\/Mercedes_1740684737896-768x432.jpg 768w, https:\/\/www.correiobraziliense.com.br\/cbradar\/wp-content\/uploads\/2025\/02\/Mercedes_1740684737896-750x422.jpg 750w, https:\/\/www.correiobraziliense.com.br\/cbradar\/wp-content\/uploads\/2025\/02\/Mercedes_1740684737896-1140x641.jpg 1140w, https:\/\/www.correiobraziliense.com.br\/cbradar\/wp-content\/uploads\/2025\/02\/Mercedes_1740684737896.jpg 1280w\" sizes=\"(max-width: 1024px) 100vw, 1024px\" \/><figcaption class=\"wp-element-caption\">Mercedes. Cr\u00e9ditos: depositphotos.com \/ Tadeas<\/figcaption><\/figure>\n\n\n\n<h2 class=\"wp-block-heading\"><strong>O que significa a nova nomenclatura EQ para a Mercedes-Benz?<\/strong><\/h2>\n\n\n\n<p>A decis\u00e3o de usar EQ como um sobrenome reflete uma estrat\u00e9gia de marketing que visa integrar a eletrifica\u00e7\u00e3o de forma mais harmoniosa em sua linha de produtos. De acordo com fontes internas da Mercedes-Benz, a nomenclatura EQ ser\u00e1 usada para identificar ve\u00edculos el\u00e9tricos e h\u00edbridos plug-in, com a designa\u00e7\u00e3o EQ Technology e EQ Hybrid Technology, respectivamente.<\/p>\n\n\n\n<p>Essa abordagem n\u00e3o apenas simplifica a linha de produtos, mas tamb\u00e9m facilita a compreens\u00e3o dos consumidores sobre as op\u00e7\u00f5es dispon\u00edveis. A Mercedes-Benz planeja lan\u00e7ar 17 carros totalmente el\u00e9tricos de um total de 19 modelos a combust\u00e3o at\u00e9 o final de 2027, todos seguindo essa nova estrat\u00e9gia de nomenclatura.<\/p>\n\n\n\n<h2 class=\"wp-block-heading\"><strong>Quais s\u00e3o os desafios e oportunidades para a Mercedes-Benz?<\/strong><\/h2>\n\n\n\n<p>A transi\u00e7\u00e3o para uma linha de ve\u00edculos mais integrada apresenta tanto desafios quanto oportunidades para a Mercedes-Benz. Por um lado, a empresa precisa garantir que suas tecnologias el\u00e9tricas atendam \u00e0s expectativas de desempenho e efici\u00eancia dos consumidores. Por outro lado, a simplifica\u00e7\u00e3o da linha de produtos pode resultar em economias de escala e maior clareza para os clientes.<\/p>\n\n\n\n<p>Al\u00e9m disso, a Mercedes-Benz deve continuar a inovar em termos de tecnologia de baterias e infraestrutura de carregamento para manter sua competitividade no mercado. A aceita\u00e7\u00e3o dos consumidores em rela\u00e7\u00e3o a essas mudan\u00e7as ser\u00e1 crucial para o sucesso da nova estrat\u00e9gia da marca.<\/p>\n\n\n\n<h2 class=\"wp-block-heading\"><strong>O futuro da mobilidade el\u00e9trica na Mercedes-Benz<\/strong><\/h2>\n\n\n\n<p>\u00c0 medida que a Mercedes-Benz avan\u00e7a com sua estrat\u00e9gia de eletrifica\u00e7\u00e3o, a empresa est\u00e1 posicionada para desempenhar um papel de lideran\u00e7a na transi\u00e7\u00e3o para uma mobilidade mais sustent\u00e1vel. A nova abordagem de nomenclatura e integra\u00e7\u00e3o de tecnologias el\u00e9tricas em seus modelos existentes demonstra um compromisso com a inova\u00e7\u00e3o e a adapta\u00e7\u00e3o \u00e0s demandas do mercado.<\/p>\n\n\n\n<p>Com a introdu\u00e7\u00e3o de novos modelos el\u00e9tricos e h\u00edbridos nos pr\u00f3ximos anos, a Mercedes-Benz est\u00e1 preparada para enfrentar os desafios do setor automotivo e continuar a oferecer ve\u00edculos que combinam luxo, desempenho e sustentabilidade.<\/p>\n","protected":false},"excerpt":{"rendered":"<p>Explore a evolu\u00e7\u00e3o dos carros el\u00e9tricos na Mercedes-Benz, seu futuro sustent\u00e1vel e a nova nomenclatura que reflete a arquitetura el\u00e9trica.<\/p>\n","protected":false},"author":3,"featured_media":7025,"comment_status":"open","ping_status":"open","sticky":false,"template":"","format":"standard","meta":{"_yoast_wpseo_focuskw":"carros el\u00e9tricos da Mercedes","_yoast_wpseo_title":"%%title%%","_yoast_wpseo_metadesc":"Explore a evolu\u00e7\u00e3o dos carros el\u00e9tricos na Mercedes-Benz, seu futuro sustent\u00e1vel e a nova nomenclatura que reflete a arquitetura el\u00e9trica.","jnews-multi-image_gallery":[],"jnews_single_post":{"format":"standard"},"jnews_primary_category":[],"jnews_social_meta":[],"jnews_override_counter":[],"footnotes":""},"categories":[122],"post_tag":[1246,1125,1245],"class_list":["post-7019","post","type-post","status-publish","format-standard","has-post-thumbnail","hentry","category-automobilismo","tag-automobilismo","tag-carros-eletricos","tag-mercedes"],"yoast_head":"<!-- This site is optimized with the Yoast SEO plugin v24.6 - https:\/\/yoast.com\/wordpress\/plugins\/seo\/ -->\n<title>Linha de carros el\u00e9tricos da Mercedes ser\u00e1 abandonada, entenda<\/title>\n<meta name=\"description\" content=\"Explore a evolu\u00e7\u00e3o dos carros el\u00e9tricos na Mercedes-Benz, seu futuro sustent\u00e1vel e a nova nomenclatura que reflete a arquitetura el\u00e9trica.\" \/>\n<meta name=\"robots\" content=\"index, follow, max-snippet:-1, max-image-preview:large, max-video-preview:-1\" \/>\n<link rel=\"canonical\" href=\"https:\/\/www.correiobraziliense.com.br\/cbradar\/linha-de-carros-eletricos-da-mercedes-sera-abandonada-entenda\/\" \/>\n<meta property=\"og:locale\" content=\"pt_BR\" \/>\n<meta property=\"og:type\" content=\"article\" \/>\n<meta property=\"og:title\" content=\"Linha de carros el\u00e9tricos da Mercedes ser\u00e1 abandonada, entenda\" \/>\n<meta property=\"og:description\" content=\"Explore a evolu\u00e7\u00e3o dos carros el\u00e9tricos na Mercedes-Benz, seu futuro sustent\u00e1vel e a nova nomenclatura que reflete a arquitetura el\u00e9trica.\" \/>\n<meta property=\"og:url\" content=\"https:\/\/www.correiobraziliense.com.br\/cbradar\/linha-de-carros-eletricos-da-mercedes-sera-abandonada-entenda\/\" \/>\n<meta property=\"og:site_name\" content=\"Correio Braziliense - Radar\" \/>\n<meta property=\"article:published_time\" content=\"2025-02-28T11:23:00+00:00\" \/>\n<meta property=\"og:image\" content=\"https:\/\/www.correiobraziliense.com.br\/cbradar\/wp-content\/uploads\/2025\/02\/Mercedes_1740684709761.jpg\" \/>\n\t<meta property=\"og:image:width\" content=\"1280\" \/>\n\t<meta property=\"og:image:height\" content=\"720\" \/>\n\t<meta property=\"og:image:type\" content=\"image\/jpeg\" \/>\n<meta name=\"author\" content=\"Larissa Carvalho\" \/>\n<meta name=\"twitter:card\" content=\"summary_large_image\" \/>\n<meta name=\"twitter:label1\" content=\"Escrito por\" \/>\n\t<meta name=\"twitter:data1\" content=\"Larissa Carvalho\" \/>\n\t<meta name=\"twitter:label2\" content=\"Est. tempo de leitura\" \/>\n\t<meta name=\"twitter:data2\" content=\"4 minutos\" \/>\n<!-- \/ Yoast SEO plugin. -->","yoast_head_json":{"title":"Linha de carros el\u00e9tricos da Mercedes ser\u00e1 abandonada, entenda","description":"Explore a evolu\u00e7\u00e3o dos carros el\u00e9tricos na Mercedes-Benz, seu futuro sustent\u00e1vel e a nova nomenclatura que reflete a arquitetura el\u00e9trica.","robots":{"index":"index","follow":"follow","max-snippet":"max-snippet:-1","max-image-preview":"max-image-preview:large","max-video-preview":"max-video-preview:-1"},"canonical":"https:\/\/www.correiobraziliense.com.br\/cbradar\/linha-de-carros-eletricos-da-mercedes-sera-abandonada-entenda\/","og_locale":"pt_BR","og_type":"article","og_title":"Linha de carros el\u00e9tricos da Mercedes ser\u00e1 abandonada, entenda","og_description":"Explore a evolu\u00e7\u00e3o dos carros el\u00e9tricos na Mercedes-Benz, seu futuro sustent\u00e1vel e a nova nomenclatura que reflete a arquitetura el\u00e9trica.","og_url":"https:\/\/www.correiobraziliense.com.br\/cbradar\/linha-de-carros-eletricos-da-mercedes-sera-abandonada-entenda\/","og_site_name":"Correio Braziliense - Radar","article_published_time":"2025-02-28T11:23:00+00:00","og_image":[{"width":1280,"height":720,"url":"https:\/\/www.correiobraziliense.com.br\/cbradar\/wp-content\/uploads\/2025\/02\/Mercedes_1740684709761.jpg","type":"image\/jpeg"}],"author":"Larissa Carvalho","twitter_card":"summary_large_image","twitter_misc":{"Escrito por":"Larissa Carvalho","Est. tempo de leitura":"4 minutos"},"schema":{"@context":"https:\/\/schema.org","@graph":[{"@type":"WebPage","@id":"https:\/\/www.correiobraziliense.com.br\/cbradar\/linha-de-carros-eletricos-da-mercedes-sera-abandonada-entenda\/","url":"https:\/\/www.correiobraziliense.com.br\/cbradar\/linha-de-carros-eletricos-da-mercedes-sera-abandonada-entenda\/","name":"Linha de carros el\u00e9tricos da Mercedes ser\u00e1 abandonada, entenda","isPartOf":{"@id":"https:\/\/www.correiobraziliense.com.br\/cbradar\/#website"},"primaryImageOfPage":{"@id":"https:\/\/www.correiobraziliense.com.br\/cbradar\/linha-de-carros-eletricos-da-mercedes-sera-abandonada-entenda\/#primaryimage"},"image":{"@id":"https:\/\/www.correiobraziliense.com.br\/cbradar\/linha-de-carros-eletricos-da-mercedes-sera-abandonada-entenda\/#primaryimage"},"thumbnailUrl":"https:\/\/www.correiobraziliense.com.br\/cbradar\/wp-content\/uploads\/2025\/02\/Mercedes_1740684709761.jpg","datePublished":"2025-02-28T11:23:00+00:00","author":{"@id":"https:\/\/www.correiobraziliense.com.br\/cbradar\/#\/schema\/person\/58422787644df994b53a19d3e56c1513"},"description":"Explore a evolu\u00e7\u00e3o dos carros el\u00e9tricos na Mercedes-Benz, seu futuro sustent\u00e1vel e a nova nomenclatura que reflete a arquitetura el\u00e9trica.","breadcrumb":{"@id":"https:\/\/www.correiobraziliense.com.br\/cbradar\/linha-de-carros-eletricos-da-mercedes-sera-abandonada-entenda\/#breadcrumb"},"inLanguage":"pt-BR","potentialAction":[{"@type":"ReadAction","target":["https:\/\/www.correiobraziliense.com.br\/cbradar\/linha-de-carros-eletricos-da-mercedes-sera-abandonada-entenda\/"]}]},{"@type":"ImageObject","inLanguage":"pt-BR","@id":"https:\/\/www.correiobraziliense.com.br\/cbradar\/linha-de-carros-eletricos-da-mercedes-sera-abandonada-entenda\/#primaryimage","url":"https:\/\/www.correiobraziliense.com.br\/cbradar\/wp-content\/uploads\/2025\/02\/Mercedes_1740684709761.jpg","contentUrl":"https:\/\/www.correiobraziliense.com.br\/cbradar\/wp-content\/uploads\/2025\/02\/Mercedes_1740684709761.jpg","width":1280,"height":720,"caption":"Mercedes. Cr\u00e9ditos: depositphotos.com \/ jovannig"},{"@type":"BreadcrumbList","@id":"https:\/\/www.correiobraziliense.com.br\/cbradar\/linha-de-carros-eletricos-da-mercedes-sera-abandonada-entenda\/#breadcrumb","itemListElement":[{"@type":"ListItem","position":1,"name":"In\u00edcio","item":"https:\/\/www.correiobraziliense.com.br\/cbradar\/"},{"@type":"ListItem","position":2,"name":"Linha de carros el\u00e9tricos da Mercedes ser\u00e1 abandonada, entenda"}]},{"@type":"WebSite","@id":"https:\/\/www.correiobraziliense.com.br\/cbradar\/#website","url":"https:\/\/www.correiobraziliense.com.br\/cbradar\/","name":"Correio Braziliense - Radar","description":"Acompanhe as \u00faltimas not\u00edcias e fique bem informado sobre tudo o que acontece no Brasil e no mundo.","potentialAction":[{"@type":"SearchAction","target":{"@type":"EntryPoint","urlTemplate":"https:\/\/www.correiobraziliense.com.br\/cbradar\/?s={search_term_string}"},"query-input":{"@type":"PropertyValueSpecification","valueRequired":true,"valueName":"search_term_string"}}],"inLanguage":"pt-BR"},{"@type":"Person","@id":"https:\/\/www.correiobraziliense.com.br\/cbradar\/#\/schema\/person\/58422787644df994b53a19d3e56c1513","name":"Larissa Carvalho","image":{"@type":"ImageObject","inLanguage":"pt-BR","@id":"https:\/\/www.correiobraziliense.com.br\/cbradar\/#\/schema\/person\/image\/","url":"https:\/\/secure.gravatar.com\/avatar\/fe4f91a0de32b52a838d0d612abdc1aa?s=96&d=mm&r=g","contentUrl":"https:\/\/secure.gravatar.com\/avatar\/fe4f91a0de32b52a838d0d612abdc1aa?s=96&d=mm&r=g","caption":"Larissa Carvalho"},"url":"https:\/\/www.correiobraziliense.com.br\/cbradar\/author\/larissamyth\/"}]}},"_links":{"self":[{"href":"https:\/\/www.correiobraziliense.com.br\/cbradar\/wp-json\/wp\/v2\/posts\/7019","targetHints":{"allow":["GET"]}}],"collection":[{"href":"https:\/\/www.correiobraziliense.com.br\/cbradar\/wp-json\/wp\/v2\/posts"}],"about":[{"href":"https:\/\/www.correiobraziliense.com.br\/cbradar\/wp-json\/wp\/v2\/types\/post"}],"author":[{"embeddable":true,"href":"https:\/\/www.correiobraziliense.com.br\/cbradar\/wp-json\/wp\/v2\/users\/3"}],"replies":[{"embeddable":true,"href":"https:\/\/www.correiobraziliense.com.br\/cbradar\/wp-json\/wp\/v2\/comments?post=7019"}],"version-history":[{"count":1,"href":"https:\/\/www.correiobraziliense.com.br\/cbradar\/wp-json\/wp\/v2\/posts\/7019\/revisions"}],"predecessor-version":[{"id":7027,"href":"https:\/\/www.correiobraziliense.com.br\/cbradar\/wp-json\/wp\/v2\/posts\/7019\/revisions\/7027"}],"wp:featuredmedia":[{"embeddable":true,"href":"https:\/\/www.correiobraziliense.com.br\/cbradar\/wp-json\/wp\/v2\/media\/7025"}],"wp:attachment":[{"href":"https:\/\/www.correiobraziliense.com.br\/cbradar\/wp-json\/wp\/v2\/media?parent=7019"}],"wp:term":[{"taxonomy":"category","embeddable":true,"href":"https:\/\/www.correiobraziliense.com.br\/cbradar\/wp-json\/wp\/v2\/categories?post=7019"},{"taxonomy":"post_tag","embeddable":true,"href":"https:\/\/www.correiobraziliense.com.br\/cbradar\/wp-json\/wp\/v2\/post_tag?post=7019"}],"curies":[{"name":"wp","href":"https:\/\/api.w.org\/{rel}","templated":true}]}}