{"id":7028,"date":"2025-02-28T09:30:00","date_gmt":"2025-02-28T12:30:00","guid":{"rendered":"https:\/\/www.correiobraziliense.com.br\/cbradar\/?p=7028"},"modified":"2025-02-28T02:24:19","modified_gmt":"2025-02-28T05:24:19","slug":"conheca-a-cidade-em-que-o-sol-nunca-se-poe","status":"publish","type":"post","link":"https:\/\/www.correiobraziliense.com.br\/cbradar\/conheca-a-cidade-em-que-o-sol-nunca-se-poe\/","title":{"rendered":"Conhe\u00e7a a cidade em que o sol nunca se p\u00f5e"},"content":{"rendered":"\n<p>Em muitos lugares do mundo, o dia e a noite seguem um ciclo previs\u00edvel, mas em <strong>Troms\u00f8<\/strong>, na <strong>Noruega<\/strong>, isso \u00e9 completamente diferente. Durante o ver\u00e3o, a cidade experimenta o espec\u00edfico do <strong>Sol da Meia-Noite<\/strong>, quando o sol permanece vis\u00edvel 24 horas por dia, sem nunca se p\u00f4r.<\/p>\n\n\n\n<p>Localizada acima do <strong>C\u00edrculo Polar \u00c1rtico<\/strong>, Troms\u00f8 \u00e9 uma das cidades mais ao norte do planeta e enfrenta condi\u00e7\u00f5es extremas ao longo do ano. No ver\u00e3o, entre maio e julho, os dias nunca terminam, e os moradores podem caminhar, trabalhar ou at\u00e9 mesmo fazer trilhas nas montanhas sob a luz do sol durante a madrugada. J\u00e1 no inverno, o oposto acontece: de novembro a janeiro, a cidade entra no per\u00edodo conhecido como <strong>Noite Polar<\/strong>, quando o sol n\u00e3o nasce por semanas, mergulhando tudo na escurid\u00e3o.<\/p>\n\n\n\n<p>Essa varia\u00e7\u00e3o dr\u00e1stica entre luz e escurid\u00e3o desafia o corpo humano e faz com que os moradores precisem se adaptar a um ritmo de vida completamente diferente.<\/p>\n\n\n\n<h2 class=\"wp-block-heading\"><strong>Como \u00e9 viver sem noite?<\/strong><\/h2>\n\n\n\n<p>Durante o ver\u00e3o, Troms\u00f8 se transforma. Os moradores aproveitam os dias intermin\u00e1veis \u200b\u200bpara fazer atividades ao ar livre, como caminhadas, passeios de caiaque e festivais culturais que duram a noite toda \u2013 mesmo que t\u00e9cnicos n\u00e3o haja noite. Os turistas que visitam a cidade nessa \u00e9poca podem assistir ao sol brilhando no horizonte mesm<strong>o \u00e1s tr\u00eas da manh\u00e3<\/strong>, um espet\u00e1culo \u00fanico no mundo.<\/p>\n\n\n\n<p>Por outro lado, a falta de escurid\u00e3o pode causar dificuldades para dormir, e muitos moradores precisam recorrer a <strong>cortinas blackout<\/strong> para simular a noite em suas casas. O rel\u00f3gio se torna mais importante do que a luz do sol para definir a rotina, pois, sem ele, seria f\u00e1cil perder a no\u00e7\u00e3o do tempo.<\/p>\n\n\n\n<p>No inverno, a situa\u00e7\u00e3o se inverte. Durante a Noite Polar, Troms\u00f8 compensa a aus\u00eancia de luz solar com ruas iluminadas, festivais de inverno e uma das atra\u00e7\u00f5es mais famosas da regi\u00e3o: a <strong>Aurora Boreal<\/strong>, que dan\u00e7a no c\u00e9u escuro e atrai visitantes do mundo todo.<\/p>\n\n\n\n<figure class=\"wp-block-image size-large\"><img decoding=\"async\" width=\"1024\" height=\"576\" src=\"https:\/\/www.correiobraziliense.com.br\/cbradar\/wp-content\/uploads\/2025\/02\/Tromso_1740685203654-1024x576.jpg\" alt=\"Conhe\u00e7a a cidade em que o sol nunca se p\u00f5e\" class=\"wp-image-7036\" srcset=\"https:\/\/www.correiobraziliense.com.br\/cbradar\/wp-content\/uploads\/2025\/02\/Tromso_1740685203654-1024x576.jpg 1024w, https:\/\/www.correiobraziliense.com.br\/cbradar\/wp-content\/uploads\/2025\/02\/Tromso_1740685203654-300x169.jpg 300w, https:\/\/www.correiobraziliense.com.br\/cbradar\/wp-content\/uploads\/2025\/02\/Tromso_1740685203654-768x432.jpg 768w, https:\/\/www.correiobraziliense.com.br\/cbradar\/wp-content\/uploads\/2025\/02\/Tromso_1740685203654-750x422.jpg 750w, https:\/\/www.correiobraziliense.com.br\/cbradar\/wp-content\/uploads\/2025\/02\/Tromso_1740685203654-1140x641.jpg 1140w, https:\/\/www.correiobraziliense.com.br\/cbradar\/wp-content\/uploads\/2025\/02\/Tromso_1740685203654.jpg 1280w\" sizes=\"(max-width: 1024px) 100vw, 1024px\" \/><figcaption class=\"wp-element-caption\">Tromso. Cr\u00e9ditos: depositphotos.com \/ julia-lav<\/figcaption><\/figure>\n\n\n\n<h2 class=\"wp-block-heading\"><strong>Um dos destinos mais fascinantes do \u00c1rtico<\/strong><\/h2>\n\n\n\n<p>Troms\u00f8 \u00e9 uma das cidades mais populares da Noruega para quem deseja explorar o \u00c1rtico. Al\u00e9m do Sol da Meia-Noite e da Aurora Boreal, a regi\u00e3o oferece experi\u00eancias \u00fanicas, como passeios de trem puxado por c\u00e3es, expedi\u00e7\u00f5es para ver baleias e visitas a aldeias ind\u00edgenas S\u00e1mi.<\/p>\n\n\n\n<p>A cidade tamb\u00e9m tem um forte cen\u00e1rio cultural, abrigando o <strong>Museu Polar<\/strong>, que conta a hist\u00f3ria das expedi\u00e7\u00f5es ao \u00c1rtico, e a ic\u00f4nica <strong>Catedral do \u00c1rtico<\/strong>, uma das constru\u00e7\u00f5es mais impressionantes da Noruega.<\/p>\n\n\n\n<p>Com um clima extremo, paisagens deslumbrantes e espec\u00edficas naturais que desafiam a l\u00f3gica, Troms\u00f8 \u00e9 um lugar onde o conceito de dia e noite ganha um novo significado, tornando-se um dos destinos mais incr\u00edveis para quem deseja experimentar algo fora do comum.<\/p>\n","protected":false},"excerpt":{"rendered":"<p>Uma cidade passa meses sem noite no ver\u00e3o e enfrenta total escurid\u00e3o no inverno. Descubra os mist\u00e9rios do o Sol da Meia-Noite e a Noite Polar<\/p>\n","protected":false},"author":3,"featured_media":7035,"comment_status":"open","ping_status":"open","sticky":false,"template":"","format":"standard","meta":{"_yoast_wpseo_focuskw":"cidade","_yoast_wpseo_title":"%%title%%","_yoast_wpseo_metadesc":"Uma cidade passa meses sem noite no ver\u00e3o e enfrenta total escurid\u00e3o no inverno. Descubra os mist\u00e9rios do o Sol da Meia-Noite e a Noite Polar","jnews-multi-image_gallery":[],"jnews_single_post":{"format":"standard"},"jnews_primary_category":[],"jnews_social_meta":[],"jnews_override_counter":[],"footnotes":""},"categories":[108],"post_tag":[109,1261],"class_list":["post-7028","post","type-post","status-publish","format-standard","has-post-thumbnail","hentry","category-cidades","tag-cidades","tag-noruega"],"yoast_head":"<!-- This site is optimized with the Yoast SEO plugin v24.6 - https:\/\/yoast.com\/wordpress\/plugins\/seo\/ -->\n<title>Conhe\u00e7a a cidade em que o sol nunca se p\u00f5e<\/title>\n<meta name=\"description\" content=\"Uma cidade passa meses sem noite no ver\u00e3o e enfrenta total escurid\u00e3o no inverno. Descubra os mist\u00e9rios do o Sol da Meia-Noite e a Noite Polar\" \/>\n<meta name=\"robots\" content=\"index, follow, max-snippet:-1, max-image-preview:large, max-video-preview:-1\" \/>\n<link rel=\"canonical\" href=\"https:\/\/www.correiobraziliense.com.br\/cbradar\/conheca-a-cidade-em-que-o-sol-nunca-se-poe\/\" \/>\n<meta property=\"og:locale\" content=\"pt_BR\" \/>\n<meta property=\"og:type\" content=\"article\" \/>\n<meta property=\"og:title\" content=\"Conhe\u00e7a a cidade em que o sol nunca se p\u00f5e\" \/>\n<meta property=\"og:description\" content=\"Uma cidade passa meses sem noite no ver\u00e3o e enfrenta total escurid\u00e3o no inverno. Descubra os mist\u00e9rios do o Sol da Meia-Noite e a Noite Polar\" \/>\n<meta property=\"og:url\" content=\"https:\/\/www.correiobraziliense.com.br\/cbradar\/conheca-a-cidade-em-que-o-sol-nunca-se-poe\/\" \/>\n<meta property=\"og:site_name\" content=\"Correio Braziliense - Radar\" \/>\n<meta property=\"article:published_time\" content=\"2025-02-28T12:30:00+00:00\" \/>\n<meta property=\"og:image\" content=\"https:\/\/www.correiobraziliense.com.br\/cbradar\/wp-content\/uploads\/2025\/02\/Tromso_1740685182552.jpg\" \/>\n\t<meta property=\"og:image:width\" content=\"1280\" \/>\n\t<meta property=\"og:image:height\" content=\"720\" \/>\n\t<meta property=\"og:image:type\" content=\"image\/jpeg\" \/>\n<meta name=\"author\" content=\"Larissa Carvalho\" \/>\n<meta name=\"twitter:card\" content=\"summary_large_image\" \/>\n<meta name=\"twitter:label1\" content=\"Escrito por\" \/>\n\t<meta name=\"twitter:data1\" content=\"Larissa Carvalho\" \/>\n\t<meta name=\"twitter:label2\" content=\"Est. tempo de leitura\" \/>\n\t<meta name=\"twitter:data2\" content=\"3 minutos\" \/>\n<!-- \/ Yoast SEO plugin. -->","yoast_head_json":{"title":"Conhe\u00e7a a cidade em que o sol nunca se p\u00f5e","description":"Uma cidade passa meses sem noite no ver\u00e3o e enfrenta total escurid\u00e3o no inverno. Descubra os mist\u00e9rios do o Sol da Meia-Noite e a Noite Polar","robots":{"index":"index","follow":"follow","max-snippet":"max-snippet:-1","max-image-preview":"max-image-preview:large","max-video-preview":"max-video-preview:-1"},"canonical":"https:\/\/www.correiobraziliense.com.br\/cbradar\/conheca-a-cidade-em-que-o-sol-nunca-se-poe\/","og_locale":"pt_BR","og_type":"article","og_title":"Conhe\u00e7a a cidade em que o sol nunca se p\u00f5e","og_description":"Uma cidade passa meses sem noite no ver\u00e3o e enfrenta total escurid\u00e3o no inverno. Descubra os mist\u00e9rios do o Sol da Meia-Noite e a Noite Polar","og_url":"https:\/\/www.correiobraziliense.com.br\/cbradar\/conheca-a-cidade-em-que-o-sol-nunca-se-poe\/","og_site_name":"Correio Braziliense - Radar","article_published_time":"2025-02-28T12:30:00+00:00","og_image":[{"width":1280,"height":720,"url":"https:\/\/www.correiobraziliense.com.br\/cbradar\/wp-content\/uploads\/2025\/02\/Tromso_1740685182552.jpg","type":"image\/jpeg"}],"author":"Larissa Carvalho","twitter_card":"summary_large_image","twitter_misc":{"Escrito por":"Larissa Carvalho","Est. tempo de leitura":"3 minutos"},"schema":{"@context":"https:\/\/schema.org","@graph":[{"@type":"WebPage","@id":"https:\/\/www.correiobraziliense.com.br\/cbradar\/conheca-a-cidade-em-que-o-sol-nunca-se-poe\/","url":"https:\/\/www.correiobraziliense.com.br\/cbradar\/conheca-a-cidade-em-que-o-sol-nunca-se-poe\/","name":"Conhe\u00e7a a cidade em que o sol nunca se p\u00f5e","isPartOf":{"@id":"https:\/\/www.correiobraziliense.com.br\/cbradar\/#website"},"primaryImageOfPage":{"@id":"https:\/\/www.correiobraziliense.com.br\/cbradar\/conheca-a-cidade-em-que-o-sol-nunca-se-poe\/#primaryimage"},"image":{"@id":"https:\/\/www.correiobraziliense.com.br\/cbradar\/conheca-a-cidade-em-que-o-sol-nunca-se-poe\/#primaryimage"},"thumbnailUrl":"https:\/\/www.correiobraziliense.com.br\/cbradar\/wp-content\/uploads\/2025\/02\/Tromso_1740685182552.jpg","datePublished":"2025-02-28T12:30:00+00:00","author":{"@id":"https:\/\/www.correiobraziliense.com.br\/cbradar\/#\/schema\/person\/58422787644df994b53a19d3e56c1513"},"description":"Uma cidade passa meses sem noite no ver\u00e3o e enfrenta total escurid\u00e3o no inverno. Descubra os mist\u00e9rios do o Sol da Meia-Noite e a Noite Polar","breadcrumb":{"@id":"https:\/\/www.correiobraziliense.com.br\/cbradar\/conheca-a-cidade-em-que-o-sol-nunca-se-poe\/#breadcrumb"},"inLanguage":"pt-BR","potentialAction":[{"@type":"ReadAction","target":["https:\/\/www.correiobraziliense.com.br\/cbradar\/conheca-a-cidade-em-que-o-sol-nunca-se-poe\/"]}]},{"@type":"ImageObject","inLanguage":"pt-BR","@id":"https:\/\/www.correiobraziliense.com.br\/cbradar\/conheca-a-cidade-em-que-o-sol-nunca-se-poe\/#primaryimage","url":"https:\/\/www.correiobraziliense.com.br\/cbradar\/wp-content\/uploads\/2025\/02\/Tromso_1740685182552.jpg","contentUrl":"https:\/\/www.correiobraziliense.com.br\/cbradar\/wp-content\/uploads\/2025\/02\/Tromso_1740685182552.jpg","width":1280,"height":720,"caption":"Tromso. Cr\u00e9ditos: depositphotos.com \/ LiannaArt"},{"@type":"BreadcrumbList","@id":"https:\/\/www.correiobraziliense.com.br\/cbradar\/conheca-a-cidade-em-que-o-sol-nunca-se-poe\/#breadcrumb","itemListElement":[{"@type":"ListItem","position":1,"name":"In\u00edcio","item":"https:\/\/www.correiobraziliense.com.br\/cbradar\/"},{"@type":"ListItem","position":2,"name":"Conhe\u00e7a a cidade em que o sol nunca se p\u00f5e"}]},{"@type":"WebSite","@id":"https:\/\/www.correiobraziliense.com.br\/cbradar\/#website","url":"https:\/\/www.correiobraziliense.com.br\/cbradar\/","name":"Correio Braziliense - Radar","description":"Acompanhe as \u00faltimas not\u00edcias e fique bem informado sobre tudo o que acontece no Brasil e no mundo.","potentialAction":[{"@type":"SearchAction","target":{"@type":"EntryPoint","urlTemplate":"https:\/\/www.correiobraziliense.com.br\/cbradar\/?s={search_term_string}"},"query-input":{"@type":"PropertyValueSpecification","valueRequired":true,"valueName":"search_term_string"}}],"inLanguage":"pt-BR"},{"@type":"Person","@id":"https:\/\/www.correiobraziliense.com.br\/cbradar\/#\/schema\/person\/58422787644df994b53a19d3e56c1513","name":"Larissa Carvalho","image":{"@type":"ImageObject","inLanguage":"pt-BR","@id":"https:\/\/www.correiobraziliense.com.br\/cbradar\/#\/schema\/person\/image\/","url":"https:\/\/secure.gravatar.com\/avatar\/fe4f91a0de32b52a838d0d612abdc1aa?s=96&d=mm&r=g","contentUrl":"https:\/\/secure.gravatar.com\/avatar\/fe4f91a0de32b52a838d0d612abdc1aa?s=96&d=mm&r=g","caption":"Larissa Carvalho"},"url":"https:\/\/www.correiobraziliense.com.br\/cbradar\/author\/larissamyth\/"}]}},"_links":{"self":[{"href":"https:\/\/www.correiobraziliense.com.br\/cbradar\/wp-json\/wp\/v2\/posts\/7028","targetHints":{"allow":["GET"]}}],"collection":[{"href":"https:\/\/www.correiobraziliense.com.br\/cbradar\/wp-json\/wp\/v2\/posts"}],"about":[{"href":"https:\/\/www.correiobraziliense.com.br\/cbradar\/wp-json\/wp\/v2\/types\/post"}],"author":[{"embeddable":true,"href":"https:\/\/www.correiobraziliense.com.br\/cbradar\/wp-json\/wp\/v2\/users\/3"}],"replies":[{"embeddable":true,"href":"https:\/\/www.correiobraziliense.com.br\/cbradar\/wp-json\/wp\/v2\/comments?post=7028"}],"version-history":[{"count":1,"href":"https:\/\/www.correiobraziliense.com.br\/cbradar\/wp-json\/wp\/v2\/posts\/7028\/revisions"}],"predecessor-version":[{"id":7039,"href":"https:\/\/www.correiobraziliense.com.br\/cbradar\/wp-json\/wp\/v2\/posts\/7028\/revisions\/7039"}],"wp:featuredmedia":[{"embeddable":true,"href":"https:\/\/www.correiobraziliense.com.br\/cbradar\/wp-json\/wp\/v2\/media\/7035"}],"wp:attachment":[{"href":"https:\/\/www.correiobraziliense.com.br\/cbradar\/wp-json\/wp\/v2\/media?parent=7028"}],"wp:term":[{"taxonomy":"category","embeddable":true,"href":"https:\/\/www.correiobraziliense.com.br\/cbradar\/wp-json\/wp\/v2\/categories?post=7028"},{"taxonomy":"post_tag","embeddable":true,"href":"https:\/\/www.correiobraziliense.com.br\/cbradar\/wp-json\/wp\/v2\/post_tag?post=7028"}],"curies":[{"name":"wp","href":"https:\/\/api.w.org\/{rel}","templated":true}]}}