{"id":70297,"date":"2025-07-16T17:23:00","date_gmt":"2025-07-16T20:23:00","guid":{"rendered":"https:\/\/www.correiobraziliense.com.br\/cbradar\/?p=70297"},"modified":"2025-07-15T09:56:22","modified_gmt":"2025-07-15T12:56:22","slug":"3-beneficios-incriveis-do-suco-de-cenoura-para-corpo-e-bem-estar","status":"publish","type":"post","link":"https:\/\/www.correiobraziliense.com.br\/cbradar\/3-beneficios-incriveis-do-suco-de-cenoura-para-corpo-e-bem-estar\/","title":{"rendered":"3 benef\u00edcios incr\u00edveis do suco de cenoura para corpo e bem-estar"},"content":{"rendered":"\n<p><strong>O suco de cenoura \u00e9 uma op\u00e7\u00e3o refrescante e nutritiva para quem busca mais sa\u00fade na rotina<\/strong>. Rico em vitaminas, minerais e antioxidantes, o consumo desse suco traz benef\u00edcios que v\u00e3o al\u00e9m da praticidade no dia a dia.<\/p>\n\n\n\n<ul class=\"wp-block-list\">\n<li><strong>O suco de cenoura concentra nutrientes importantes<\/strong> que ajudam a fortalecer o organismo.<\/li>\n\n\n\n<li><strong>Existem diferen\u00e7as entre tomar o suco e consumir a cenoura inteira<\/strong> no que diz respeito \u00e0 saciedade e fibras.<\/li>\n\n\n\n<li><strong>Dicas de consumo<\/strong> ajudam a potencializar os benef\u00edcios dessa raiz t\u00e3o popular.<\/li>\n<\/ul>\n\n\n\n<h2 class=\"wp-block-heading\">Quais s\u00e3o os principais benef\u00edcios do suco de cenoura?<\/h2>\n\n\n\n<p><strong>O suco de cenoura \u00e9 fonte de betacaroteno, vitamina C, pot\u00e1ssio e antioxidantes<\/strong>, subst\u00e2ncias que contribuem para o bom funcionamento do sistema imunol\u00f3gico e sa\u00fade da pele.<\/p>\n\n\n\n<p><strong>O consumo regular do suco<\/strong> tamb\u00e9m auxilia na prote\u00e7\u00e3o da vis\u00e3o, ajuda a controlar os radicais livres e favorece a sa\u00fade cardiovascular.<\/p>\n\n\n\n<h2 class=\"wp-block-heading\">Beber suco ou comer cenoura inteira: qual a diferen\u00e7a?<\/h2>\n\n\n\n<p><strong>Ao consumir a cenoura na forma de suco<\/strong>, boa parte das fibras \u00e9 perdida no processo de extra\u00e7\u00e3o, deixando o l\u00edquido mais leve e de r\u00e1pida absor\u00e7\u00e3o.<\/p>\n\n\n\n<p><strong>J\u00e1 a cenoura inteira oferece mais fibras<\/strong>, promovendo saciedade e auxiliando no funcionamento do intestino. O suco \u00e9 ideal para quem busca praticidade ou tem dificuldades em mastigar alimentos s\u00f3lidos.<\/p>\n\n\n\n<ul class=\"wp-block-list\">\n<li>O suco \u00e9 rapidamente digerido, ideal para um lanche p\u00f3s-treino ou caf\u00e9 da manh\u00e3.<\/li>\n\n\n\n<li>A cenoura in natura exige mais mastiga\u00e7\u00e3o e controla melhor o apetite.<\/li>\n\n\n\n<li>Ambas as formas mant\u00eam a maior parte das vitaminas e minerais, desde que consumidas frescas.<\/li>\n<\/ul>\n\n\n\n<p><strong>Dica r\u00e1pida:<\/strong> Combine o suco de cenoura com frutas c\u00edtricas para potencializar a absor\u00e7\u00e3o de nutrientes e variar o sabor.<\/p>\n\n\n\n<figure class=\"wp-block-image size-large\"><img decoding=\"async\" width=\"1024\" height=\"576\" src=\"https:\/\/www.correiobraziliense.com.br\/cbradar\/wp-content\/uploads\/2025\/07\/suco-de-cenoura_1752584143863-1024x576.jpg\" alt=\"3 benef\u00edcios incr\u00edveis do suco de cenoura para corpo e bem-estar\" class=\"wp-image-70300\" srcset=\"https:\/\/www.correiobraziliense.com.br\/cbradar\/wp-content\/uploads\/2025\/07\/suco-de-cenoura_1752584143863-1024x576.jpg 1024w, https:\/\/www.correiobraziliense.com.br\/cbradar\/wp-content\/uploads\/2025\/07\/suco-de-cenoura_1752584143863-300x169.jpg 300w, https:\/\/www.correiobraziliense.com.br\/cbradar\/wp-content\/uploads\/2025\/07\/suco-de-cenoura_1752584143863-768x432.jpg 768w, https:\/\/www.correiobraziliense.com.br\/cbradar\/wp-content\/uploads\/2025\/07\/suco-de-cenoura_1752584143863-750x422.jpg 750w, https:\/\/www.correiobraziliense.com.br\/cbradar\/wp-content\/uploads\/2025\/07\/suco-de-cenoura_1752584143863-1140x641.jpg 1140w, https:\/\/www.correiobraziliense.com.br\/cbradar\/wp-content\/uploads\/2025\/07\/suco-de-cenoura_1752584143863.jpg 1280w\" sizes=\"(max-width: 1024px) 100vw, 1024px\" \/><figcaption class=\"wp-element-caption\">Suco de cenoura. Cr\u00e9ditos: depositphotos.com \/ serezniy<\/figcaption><\/figure>\n\n\n\n<h2 class=\"wp-block-heading\">Como incluir o suco de cenoura na alimenta\u00e7\u00e3o de forma saud\u00e1vel?<\/h2>\n\n\n\n<p><strong>Prepare o suco com cenouras frescas e higienizadas<\/strong>, sem adi\u00e7\u00e3o de a\u00e7\u00facar ou ado\u00e7antes artificiais. Consumir logo ap\u00f3s o preparo garante maior aproveitamento dos nutrientes.<\/p>\n\n\n\n<p><strong>Varie o consumo<\/strong> intercalando com cenoura crua, ralada ou cozida nas refei\u00e7\u00f5es, mantendo uma dieta equilibrada e diversificada.<\/p>\n\n\n\n<p>Leia tamb\u00e9m: <a href=\"https:\/\/www.correiobraziliense.com.br\/cbradar\/como-plantar-cenoura-em-casa-de-um-jeito-facil\/\" target=\"_blank\" rel=\"noreferrer noopener\">Como plantar cenoura em casa de um jeito f\u00e1cil<\/a><\/p>\n\n\n\n<h2 class=\"wp-block-heading\">Suco de cenoura e cenoura inteira: aliados para uma sa\u00fade equilibrada<\/h2>\n\n\n\n<ul class=\"wp-block-list\">\n<li><strong>O suco de cenoura oferece nutrientes concentrados e hidrata\u00e7\u00e3o r\u00e1pida<\/strong>, sendo uma excelente op\u00e7\u00e3o para refrescar o dia.<\/li>\n\n\n\n<li><strong>Consumir cenouras inteiras garante fibras e saciedade<\/strong>, promovendo benef\u00edcios digestivos e para o controle do apetite.<\/li>\n\n\n\n<li><strong>Alternar entre as formas de consumo<\/strong> traz variedade e mais sa\u00fade para o card\u00e1pio di\u00e1rio.<\/li>\n<\/ul>\n","protected":false},"excerpt":{"rendered":"<p>Aproveite todos os benef\u00edcios da cenoura em suco ou inteira! Entenda as diferen\u00e7as, dicas de preparo e como variar a alimenta\u00e7\u00e3o para uma rotina mais saud\u00e1vel.<\/p>\n","protected":false},"author":3,"featured_media":70299,"comment_status":"open","ping_status":"open","sticky":false,"template":"","format":"standard","meta":{"_yoast_wpseo_focuskw":"benef\u00edcios suco de cenoura","_yoast_wpseo_title":"%%title%%","_yoast_wpseo_metadesc":"Aproveite todos os benef\u00edcios da cenoura em suco ou inteira! Entenda as diferen\u00e7as, dicas de preparo e como variar a alimenta\u00e7\u00e3o para uma rotina mais saud\u00e1vel.","jnews-multi-image_gallery":[],"jnews_single_post":{"format":"standard"},"jnews_primary_category":[],"jnews_social_meta":[],"jnews_override_counter":[],"footnotes":""},"categories":[112],"post_tag":[281,1423,144],"class_list":["post-70297","post","type-post","status-publish","format-standard","has-post-thumbnail","hentry","category-curiosidades","tag-alimentacao","tag-alimentos","tag-curiosidades"],"yoast_head":"<!-- This site is optimized with the Yoast SEO plugin v24.6 - https:\/\/yoast.com\/wordpress\/plugins\/seo\/ -->\n<title>3 benef\u00edcios incr\u00edveis do suco de cenoura para corpo e bem-estar<\/title>\n<meta name=\"description\" content=\"Aproveite todos os benef\u00edcios da cenoura em suco ou inteira! Entenda as diferen\u00e7as, dicas de preparo e como variar a alimenta\u00e7\u00e3o para uma rotina mais saud\u00e1vel.\" \/>\n<meta name=\"robots\" content=\"index, follow, max-snippet:-1, max-image-preview:large, max-video-preview:-1\" \/>\n<link rel=\"canonical\" href=\"https:\/\/www.correiobraziliense.com.br\/cbradar\/3-beneficios-incriveis-do-suco-de-cenoura-para-corpo-e-bem-estar\/\" \/>\n<meta property=\"og:locale\" content=\"pt_BR\" \/>\n<meta property=\"og:type\" content=\"article\" \/>\n<meta property=\"og:title\" content=\"3 benef\u00edcios incr\u00edveis do suco de cenoura para corpo e bem-estar\" \/>\n<meta property=\"og:description\" content=\"Aproveite todos os benef\u00edcios da cenoura em suco ou inteira! Entenda as diferen\u00e7as, dicas de preparo e como variar a alimenta\u00e7\u00e3o para uma rotina mais saud\u00e1vel.\" \/>\n<meta property=\"og:url\" content=\"https:\/\/www.correiobraziliense.com.br\/cbradar\/3-beneficios-incriveis-do-suco-de-cenoura-para-corpo-e-bem-estar\/\" \/>\n<meta property=\"og:site_name\" content=\"Correio Braziliense - Radar\" \/>\n<meta property=\"article:published_time\" content=\"2025-07-16T20:23:00+00:00\" \/>\n<meta property=\"og:image\" content=\"https:\/\/www.correiobraziliense.com.br\/cbradar\/wp-content\/uploads\/2025\/07\/suco-de-cenoura_1752584095662.jpg\" \/>\n\t<meta property=\"og:image:width\" content=\"1280\" \/>\n\t<meta property=\"og:image:height\" content=\"720\" \/>\n\t<meta property=\"og:image:type\" content=\"image\/jpeg\" \/>\n<meta name=\"author\" content=\"Larissa Carvalho\" \/>\n<meta name=\"twitter:card\" content=\"summary_large_image\" \/>\n<meta name=\"twitter:label1\" content=\"Escrito por\" \/>\n\t<meta name=\"twitter:data1\" content=\"Larissa Carvalho\" \/>\n\t<meta name=\"twitter:label2\" content=\"Est. tempo de leitura\" \/>\n\t<meta name=\"twitter:data2\" content=\"3 minutos\" \/>\n<!-- \/ Yoast SEO plugin. -->","yoast_head_json":{"title":"3 benef\u00edcios incr\u00edveis do suco de cenoura para corpo e bem-estar","description":"Aproveite todos os benef\u00edcios da cenoura em suco ou inteira! Entenda as diferen\u00e7as, dicas de preparo e como variar a alimenta\u00e7\u00e3o para uma rotina mais saud\u00e1vel.","robots":{"index":"index","follow":"follow","max-snippet":"max-snippet:-1","max-image-preview":"max-image-preview:large","max-video-preview":"max-video-preview:-1"},"canonical":"https:\/\/www.correiobraziliense.com.br\/cbradar\/3-beneficios-incriveis-do-suco-de-cenoura-para-corpo-e-bem-estar\/","og_locale":"pt_BR","og_type":"article","og_title":"3 benef\u00edcios incr\u00edveis do suco de cenoura para corpo e bem-estar","og_description":"Aproveite todos os benef\u00edcios da cenoura em suco ou inteira! Entenda as diferen\u00e7as, dicas de preparo e como variar a alimenta\u00e7\u00e3o para uma rotina mais saud\u00e1vel.","og_url":"https:\/\/www.correiobraziliense.com.br\/cbradar\/3-beneficios-incriveis-do-suco-de-cenoura-para-corpo-e-bem-estar\/","og_site_name":"Correio Braziliense - Radar","article_published_time":"2025-07-16T20:23:00+00:00","og_image":[{"width":1280,"height":720,"url":"https:\/\/www.correiobraziliense.com.br\/cbradar\/wp-content\/uploads\/2025\/07\/suco-de-cenoura_1752584095662.jpg","type":"image\/jpeg"}],"author":"Larissa Carvalho","twitter_card":"summary_large_image","twitter_misc":{"Escrito por":"Larissa Carvalho","Est. tempo de leitura":"3 minutos"},"schema":{"@context":"https:\/\/schema.org","@graph":[{"@type":"WebPage","@id":"https:\/\/www.correiobraziliense.com.br\/cbradar\/3-beneficios-incriveis-do-suco-de-cenoura-para-corpo-e-bem-estar\/","url":"https:\/\/www.correiobraziliense.com.br\/cbradar\/3-beneficios-incriveis-do-suco-de-cenoura-para-corpo-e-bem-estar\/","name":"3 benef\u00edcios incr\u00edveis do suco de cenoura para corpo e bem-estar","isPartOf":{"@id":"https:\/\/www.correiobraziliense.com.br\/cbradar\/#website"},"primaryImageOfPage":{"@id":"https:\/\/www.correiobraziliense.com.br\/cbradar\/3-beneficios-incriveis-do-suco-de-cenoura-para-corpo-e-bem-estar\/#primaryimage"},"image":{"@id":"https:\/\/www.correiobraziliense.com.br\/cbradar\/3-beneficios-incriveis-do-suco-de-cenoura-para-corpo-e-bem-estar\/#primaryimage"},"thumbnailUrl":"https:\/\/www.correiobraziliense.com.br\/cbradar\/wp-content\/uploads\/2025\/07\/suco-de-cenoura_1752584095662.jpg","datePublished":"2025-07-16T20:23:00+00:00","author":{"@id":"https:\/\/www.correiobraziliense.com.br\/cbradar\/#\/schema\/person\/58422787644df994b53a19d3e56c1513"},"description":"Aproveite todos os benef\u00edcios da cenoura em suco ou inteira! Entenda as diferen\u00e7as, dicas de preparo e como variar a alimenta\u00e7\u00e3o para uma rotina mais saud\u00e1vel.","breadcrumb":{"@id":"https:\/\/www.correiobraziliense.com.br\/cbradar\/3-beneficios-incriveis-do-suco-de-cenoura-para-corpo-e-bem-estar\/#breadcrumb"},"inLanguage":"pt-BR","potentialAction":[{"@type":"ReadAction","target":["https:\/\/www.correiobraziliense.com.br\/cbradar\/3-beneficios-incriveis-do-suco-de-cenoura-para-corpo-e-bem-estar\/"]}]},{"@type":"ImageObject","inLanguage":"pt-BR","@id":"https:\/\/www.correiobraziliense.com.br\/cbradar\/3-beneficios-incriveis-do-suco-de-cenoura-para-corpo-e-bem-estar\/#primaryimage","url":"https:\/\/www.correiobraziliense.com.br\/cbradar\/wp-content\/uploads\/2025\/07\/suco-de-cenoura_1752584095662.jpg","contentUrl":"https:\/\/www.correiobraziliense.com.br\/cbradar\/wp-content\/uploads\/2025\/07\/suco-de-cenoura_1752584095662.jpg","width":1280,"height":720,"caption":"suco de cenoura. Cr\u00e9ditos: depositphotos.com \/ Olivka888"},{"@type":"BreadcrumbList","@id":"https:\/\/www.correiobraziliense.com.br\/cbradar\/3-beneficios-incriveis-do-suco-de-cenoura-para-corpo-e-bem-estar\/#breadcrumb","itemListElement":[{"@type":"ListItem","position":1,"name":"In\u00edcio","item":"https:\/\/www.correiobraziliense.com.br\/cbradar\/"},{"@type":"ListItem","position":2,"name":"3 benef\u00edcios incr\u00edveis do suco de cenoura para corpo e bem-estar"}]},{"@type":"WebSite","@id":"https:\/\/www.correiobraziliense.com.br\/cbradar\/#website","url":"https:\/\/www.correiobraziliense.com.br\/cbradar\/","name":"Correio Braziliense - Radar","description":"Acompanhe as \u00faltimas not\u00edcias e fique bem informado sobre tudo o que acontece no Brasil e no mundo.","potentialAction":[{"@type":"SearchAction","target":{"@type":"EntryPoint","urlTemplate":"https:\/\/www.correiobraziliense.com.br\/cbradar\/?s={search_term_string}"},"query-input":{"@type":"PropertyValueSpecification","valueRequired":true,"valueName":"search_term_string"}}],"inLanguage":"pt-BR"},{"@type":"Person","@id":"https:\/\/www.correiobraziliense.com.br\/cbradar\/#\/schema\/person\/58422787644df994b53a19d3e56c1513","name":"Larissa Carvalho","image":{"@type":"ImageObject","inLanguage":"pt-BR","@id":"https:\/\/www.correiobraziliense.com.br\/cbradar\/#\/schema\/person\/image\/","url":"https:\/\/secure.gravatar.com\/avatar\/fe4f91a0de32b52a838d0d612abdc1aa?s=96&d=mm&r=g","contentUrl":"https:\/\/secure.gravatar.com\/avatar\/fe4f91a0de32b52a838d0d612abdc1aa?s=96&d=mm&r=g","caption":"Larissa Carvalho"},"url":"https:\/\/www.correiobraziliense.com.br\/cbradar\/author\/larissamyth\/"}]}},"_links":{"self":[{"href":"https:\/\/www.correiobraziliense.com.br\/cbradar\/wp-json\/wp\/v2\/posts\/70297","targetHints":{"allow":["GET"]}}],"collection":[{"href":"https:\/\/www.correiobraziliense.com.br\/cbradar\/wp-json\/wp\/v2\/posts"}],"about":[{"href":"https:\/\/www.correiobraziliense.com.br\/cbradar\/wp-json\/wp\/v2\/types\/post"}],"author":[{"embeddable":true,"href":"https:\/\/www.correiobraziliense.com.br\/cbradar\/wp-json\/wp\/v2\/users\/3"}],"replies":[{"embeddable":true,"href":"https:\/\/www.correiobraziliense.com.br\/cbradar\/wp-json\/wp\/v2\/comments?post=70297"}],"version-history":[{"count":1,"href":"https:\/\/www.correiobraziliense.com.br\/cbradar\/wp-json\/wp\/v2\/posts\/70297\/revisions"}],"predecessor-version":[{"id":70302,"href":"https:\/\/www.correiobraziliense.com.br\/cbradar\/wp-json\/wp\/v2\/posts\/70297\/revisions\/70302"}],"wp:featuredmedia":[{"embeddable":true,"href":"https:\/\/www.correiobraziliense.com.br\/cbradar\/wp-json\/wp\/v2\/media\/70299"}],"wp:attachment":[{"href":"https:\/\/www.correiobraziliense.com.br\/cbradar\/wp-json\/wp\/v2\/media?parent=70297"}],"wp:term":[{"taxonomy":"category","embeddable":true,"href":"https:\/\/www.correiobraziliense.com.br\/cbradar\/wp-json\/wp\/v2\/categories?post=70297"},{"taxonomy":"post_tag","embeddable":true,"href":"https:\/\/www.correiobraziliense.com.br\/cbradar\/wp-json\/wp\/v2\/post_tag?post=70297"}],"curies":[{"name":"wp","href":"https:\/\/api.w.org\/{rel}","templated":true}]}}