{"id":70321,"date":"2025-07-16T08:13:00","date_gmt":"2025-07-16T11:13:00","guid":{"rendered":"https:\/\/www.correiobraziliense.com.br\/cbradar\/?p=70321"},"modified":"2025-07-15T10:21:09","modified_gmt":"2025-07-15T13:21:09","slug":"6-frases-que-revelam-tentativa-de-superioridade-e-como-lidar-com-cada-uma","status":"publish","type":"post","link":"https:\/\/www.correiobraziliense.com.br\/cbradar\/6-frases-que-revelam-tentativa-de-superioridade-e-como-lidar-com-cada-uma\/","title":{"rendered":"6 frases que revelam tentativa de superioridade e como lidar com cada uma"},"content":{"rendered":"\n<p>Muitas situa\u00e7\u00f5es cotidianas trazem \u00e0 tona pessoas que adoram mostrar superioridade por meio da conversa. Seja no trabalho, entre amigos ou at\u00e9 em encontros casuais, express\u00f5es que carregam um ar de erudi\u00e7\u00e3o ou autoridade surgem com frequ\u00eancia. Essas frases podem parecer inofensivas, mas muitas vezes revelam o desejo de se posicionar acima dos demais, numa tentativa constante de se destacar. Essa caracter\u00edstica, por vezes, torna o ambiente menos colaborativo e contribui para um clima de competi\u00e7\u00e3o velada.<\/p>\n\n\n\n<p>O h\u00e1bito de utilizar certas express\u00f5es como forma de exaltar o pr\u00f3prio conhecimento est\u00e1 ligado a uma necessidade de valida\u00e7\u00e3o e reconhecimento social. Essas tentativas nem sempre s\u00e3o percebidas de imediato, por\u00e9m, come\u00e7am a incomodar quando se repetem e minam a confian\u00e7a alheia. Esse comportamento \u00e9 mais comum do que se imagina e pode prejudicar o desenvolvimento do di\u00e1logo verdadeiro e igualit\u00e1rio. Identificar e compreender essas frases \u00e9 essencial para lidar com conversas mais saud\u00e1veis no cotidiano.<\/p>\n\n\n\n<h2 class=\"wp-block-heading\">Por que algumas pessoas usam frases de superioridade intelectual?<\/h2>\n\n\n\n<p><strong>Frases de demonstra\u00e7\u00e3o de conhecimento<\/strong> s\u00e3o frequentemente empregadas como ferramenta de valoriza\u00e7\u00e3o pr\u00f3pria ou como recurso para se destacar em grupos sociais. Diversos fatores influenciam esse comportamento, desde inseguran\u00e7a pessoal at\u00e9 a busca inconsciente por status. O emprego dessas express\u00f5es pode variar de acordo com o contexto, servindo como mecanismo de defesa ou como estrat\u00e9gia de afirma\u00e7\u00e3o dentro de debates e discuss\u00f5es.<\/p>\n\n\n\n<p>Al\u00e9m disso, a cultura organizacional e o ambiente em que se est\u00e1 inserido tamb\u00e9m contribuem para a frequ\u00eancia com que frases desse tipo aparecem. Em setores que valorizam informa\u00e7\u00f5es t\u00e9cnicas ou em grupos onde o conhecimento \u00e9 sin\u00f4nimo de prest\u00edgio, \u00e9 comum observar uma escalada dessas condutas. Os impactos para quem escuta s\u00e3o variados, podendo causar constrangimento, sensa\u00e7\u00e3o de exclus\u00e3o ou mesmo desmotiva\u00e7\u00e3o.<\/p>\n\n\n\n<h2 class=\"wp-block-heading\">Quais s\u00e3o as express\u00f5es mais comuns usadas para parecer mais inteligente?<\/h2>\n\n\n\n<p><strong>Certas frases tornaram-se, ao longo do tempo, uma esp\u00e9cie de \u201cselo\u201d para quem deseja afirmar dom\u00ednio sobre um assunto.<\/strong> Destacam-se entre as mais comuns:<\/p>\n\n\n\n<ul class=\"wp-block-list\">\n<li><strong>\u201cBem, tecnicamente&#8230;\u201d<\/strong> \u2013 Normalmente utilizada para corrigir detalhes irrelevantes, demonstrando precis\u00e3o sem contribuir efetivamente ao tema.<\/li>\n\n\n\n<li><strong>\u201cIsso \u00e9 simples, na verdade\u201d<\/strong> \u2013 Frase empregada para minimizar a dificuldade alheia e sugerir superioridade intelectual.<\/li>\n\n\n\n<li><strong>\u201cEu li em algum lugar que&#8230;\u201d<\/strong> \u2013 Serve para indicar conhecimento pr\u00e9vio, muitas vezes sem apresentar fonte concreta.<\/li>\n\n\n\n<li><strong>\u201cNa verdade&#8230;\u201d<\/strong> \u2013 Abre espa\u00e7o para corre\u00e7\u00e3o do interlocutor, interrompendo e invalidando argumentos anteriores.<\/li>\n\n\n\n<li><strong>\u201cDeixe-me explicar para voc\u00ea\u201d<\/strong> \u2013 Express\u00e3o que coloca o outro em posi\u00e7\u00e3o inferior, como se n\u00e3o fosse capaz de compreender sem aux\u00edlio.<\/li>\n<\/ul>\n\n\n\n<p>Outras frases como <em>\u201cTodo mundo sabe disso\u201d, \u201cVoc\u00ea n\u00e3o entenderia\u201d<\/em> ou <em>\u201c\u00c9 senso comum\u201d<\/em> tamb\u00e9m s\u00e3o frequentes e carregam o mesmo tom de superioridade. Essas express\u00f5es, al\u00e9m de impessoais, refor\u00e7am uma barreira no di\u00e1logo, tornando a troca menos genu\u00edna e mais distante.<\/p>\n\n\n\n<figure class=\"wp-block-image size-large\"><img decoding=\"async\" width=\"1024\" height=\"576\" src=\"https:\/\/www.correiobraziliense.com.br\/cbradar\/wp-content\/uploads\/2025\/07\/pessoas-conversando_1752585635557-1024x576.jpg\" alt=\"6 frases que revelam tentativa de superioridade e como lidar com cada uma\" class=\"wp-image-70324\" srcset=\"https:\/\/www.correiobraziliense.com.br\/cbradar\/wp-content\/uploads\/2025\/07\/pessoas-conversando_1752585635557-1024x576.jpg 1024w, https:\/\/www.correiobraziliense.com.br\/cbradar\/wp-content\/uploads\/2025\/07\/pessoas-conversando_1752585635557-300x169.jpg 300w, https:\/\/www.correiobraziliense.com.br\/cbradar\/wp-content\/uploads\/2025\/07\/pessoas-conversando_1752585635557-768x432.jpg 768w, https:\/\/www.correiobraziliense.com.br\/cbradar\/wp-content\/uploads\/2025\/07\/pessoas-conversando_1752585635557-750x422.jpg 750w, https:\/\/www.correiobraziliense.com.br\/cbradar\/wp-content\/uploads\/2025\/07\/pessoas-conversando_1752585635557-1140x641.jpg 1140w, https:\/\/www.correiobraziliense.com.br\/cbradar\/wp-content\/uploads\/2025\/07\/pessoas-conversando_1752585635557.jpg 1280w\" sizes=\"(max-width: 1024px) 100vw, 1024px\" \/><figcaption class=\"wp-element-caption\">pessoas conversando. Cr\u00e9ditos: depositphotos.com \/ AndreyBezuglov<\/figcaption><\/figure>\n\n\n\n<h2 class=\"wp-block-heading\">Como lidar quando algu\u00e9m tenta se mostrar mais inteligente?<\/h2>\n\n\n\n<p><strong>Encontrar estrat\u00e9gias para enfrentar situa\u00e7\u00f5es de demonstra\u00e7\u00e3o de superioridade verbal \u00e9 essencial, especialmente em ambientes em que a coopera\u00e7\u00e3o \u00e9 valorizada.<\/strong> O primeiro passo \u00e9 identificar o padr\u00e3o e manter a calma, evitando respostas impulsivas que perpetuem o ciclo de competi\u00e7\u00e3o. Escutar com aten\u00e7\u00e3o e retornar ao tema central pode ajudar a restabelecer o equil\u00edbrio da conversa.<\/p>\n\n\n\n<ol class=\"wp-block-list\">\n<li><strong>Foque nos fatos:<\/strong> Redirecione o di\u00e1logo para informa\u00e7\u00f5es objetivas, afastando-se das personaliza\u00e7\u00f5es.<\/li>\n\n\n\n<li><strong>Use perguntas abertas:<\/strong> Estimule o interlocutor a desenvolver argumentos, sem partir para o confronto.<\/li>\n\n\n\n<li><strong>Reconhe\u00e7a sem se anular:<\/strong> Agrade\u00e7a o esclarecimento, mas reafirme suas ideias quando pertinente.<\/li>\n\n\n\n<li><strong>Se necess\u00e1rio, mude o assunto:<\/strong> Evite prolongar o embate se notar que n\u00e3o h\u00e1 espa\u00e7o para troca real.<\/li>\n<\/ol>\n\n\n\n<p>Adotar postura respeitosa e equilibrada contribui para que situa\u00e7\u00f5es desse tipo n\u00e3o desgastem as rela\u00e7\u00f5es. Manter o foco no aprendizado m\u00fatuo fortalece o ambiente e encoraja trocas mais respeitosas e produtivas.<\/p>\n\n\n\n<p>Leia tamb\u00e9m: <a href=\"https:\/\/www.correiobraziliense.com.br\/cbradar\/o-que-significa-quando-uma-pessoa-so-usa-preto-segundo-a-psicologia\/\" target=\"_blank\" rel=\"noreferrer noopener\">O que significa quando uma pessoa s\u00f3 usa preto, segundo a psicologia<\/a><\/p>\n\n\n\n<h2 class=\"wp-block-heading\">O impacto das frases de superioridade no ambiente social e profissional<\/h2>\n\n\n\n<p><strong>No contexto coletivo, o uso cont\u00ednuo de frases de demonstra\u00e7\u00e3o de conhecimento pode afetar negativamente grupos e equipes.<\/strong> Uma comunica\u00e7\u00e3o marcada por corre\u00e7\u00f5es, interrup\u00e7\u00f5es constantes e frases de efeito tende a fragilizar o senso de pertencimento e confian\u00e7a entre membros. A longo prazo, o clima pode se tornar mais competitivo do que colaborativo.<\/p>\n\n\n\n<p>Esse tipo de linguagem tamb\u00e9m interfere no crescimento profissional, j\u00e1 que o medo de expor d\u00favidas pode inibir a criatividade e a inova\u00e7\u00e3o. Espa\u00e7os colaborativos e respeitosos s\u00e3o mais prop\u00edcios ao desenvolvimento de ideias e \u00e0 evolu\u00e7\u00e3o das rela\u00e7\u00f5es interpessoais. Promover o reconhecimento de todos os saberes, sem distin\u00e7\u00e3o, \u00e9 fundamental para que o ambiente seja mais equilibrado e produtivo.<\/p>\n","protected":false},"excerpt":{"rendered":"<p>Conhe\u00e7a os efeitos das frases de demonstra\u00e7\u00e3o de conhecimento e como mudar a comunica\u00e7\u00e3o para um conv\u00edvio mais leve, igualit\u00e1rio e colaborativo.<\/p>\n","protected":false},"author":3,"featured_media":70323,"comment_status":"open","ping_status":"open","sticky":false,"template":"","format":"standard","meta":{"_yoast_wpseo_focuskw":"frases superioridade","_yoast_wpseo_title":"%%title%%","_yoast_wpseo_metadesc":"Conhe\u00e7a os efeitos das frases de demonstra\u00e7\u00e3o de conhecimento e como mudar a comunica\u00e7\u00e3o para um conv\u00edvio mais leve, igualit\u00e1rio e colaborativo.","jnews-multi-image_gallery":[],"jnews_single_post":{"format":"standard"},"jnews_primary_category":[],"jnews_social_meta":[],"jnews_override_counter":[],"footnotes":""},"categories":[112],"post_tag":[144,404,8234],"class_list":["post-70321","post","type-post","status-publish","format-standard","has-post-thumbnail","hentry","category-curiosidades","tag-curiosidades","tag-psicologia","tag-superioridade"],"yoast_head":"<!-- This site is optimized with the Yoast SEO plugin v24.6 - https:\/\/yoast.com\/wordpress\/plugins\/seo\/ -->\n<title>6 frases que revelam tentativa de superioridade e como lidar com cada uma<\/title>\n<meta name=\"description\" content=\"Conhe\u00e7a os efeitos das frases de demonstra\u00e7\u00e3o de conhecimento e como mudar a comunica\u00e7\u00e3o para um conv\u00edvio mais leve, igualit\u00e1rio e colaborativo.\" \/>\n<meta name=\"robots\" content=\"index, follow, max-snippet:-1, max-image-preview:large, max-video-preview:-1\" \/>\n<link rel=\"canonical\" href=\"https:\/\/www.correiobraziliense.com.br\/cbradar\/6-frases-que-revelam-tentativa-de-superioridade-e-como-lidar-com-cada-uma\/\" \/>\n<meta property=\"og:locale\" content=\"pt_BR\" \/>\n<meta property=\"og:type\" content=\"article\" \/>\n<meta property=\"og:title\" content=\"6 frases que revelam tentativa de superioridade e como lidar com cada uma\" \/>\n<meta property=\"og:description\" content=\"Conhe\u00e7a os efeitos das frases de demonstra\u00e7\u00e3o de conhecimento e como mudar a comunica\u00e7\u00e3o para um conv\u00edvio mais leve, igualit\u00e1rio e colaborativo.\" \/>\n<meta property=\"og:url\" content=\"https:\/\/www.correiobraziliense.com.br\/cbradar\/6-frases-que-revelam-tentativa-de-superioridade-e-como-lidar-com-cada-uma\/\" \/>\n<meta property=\"og:site_name\" content=\"Correio Braziliense - Radar\" \/>\n<meta property=\"article:published_time\" content=\"2025-07-16T11:13:00+00:00\" \/>\n<meta property=\"og:image\" content=\"https:\/\/www.correiobraziliense.com.br\/cbradar\/wp-content\/uploads\/2025\/07\/pessoas-conversando_1752585521139.jpg\" \/>\n\t<meta property=\"og:image:width\" content=\"1280\" \/>\n\t<meta property=\"og:image:height\" content=\"720\" \/>\n\t<meta property=\"og:image:type\" content=\"image\/jpeg\" \/>\n<meta name=\"author\" content=\"Larissa Carvalho\" \/>\n<meta name=\"twitter:card\" content=\"summary_large_image\" \/>\n<meta name=\"twitter:label1\" content=\"Escrito por\" \/>\n\t<meta name=\"twitter:data1\" content=\"Larissa Carvalho\" \/>\n\t<meta name=\"twitter:label2\" content=\"Est. tempo de leitura\" \/>\n\t<meta name=\"twitter:data2\" content=\"5 minutos\" \/>\n<!-- \/ Yoast SEO plugin. -->","yoast_head_json":{"title":"6 frases que revelam tentativa de superioridade e como lidar com cada uma","description":"Conhe\u00e7a os efeitos das frases de demonstra\u00e7\u00e3o de conhecimento e como mudar a comunica\u00e7\u00e3o para um conv\u00edvio mais leve, igualit\u00e1rio e colaborativo.","robots":{"index":"index","follow":"follow","max-snippet":"max-snippet:-1","max-image-preview":"max-image-preview:large","max-video-preview":"max-video-preview:-1"},"canonical":"https:\/\/www.correiobraziliense.com.br\/cbradar\/6-frases-que-revelam-tentativa-de-superioridade-e-como-lidar-com-cada-uma\/","og_locale":"pt_BR","og_type":"article","og_title":"6 frases que revelam tentativa de superioridade e como lidar com cada uma","og_description":"Conhe\u00e7a os efeitos das frases de demonstra\u00e7\u00e3o de conhecimento e como mudar a comunica\u00e7\u00e3o para um conv\u00edvio mais leve, igualit\u00e1rio e colaborativo.","og_url":"https:\/\/www.correiobraziliense.com.br\/cbradar\/6-frases-que-revelam-tentativa-de-superioridade-e-como-lidar-com-cada-uma\/","og_site_name":"Correio Braziliense - Radar","article_published_time":"2025-07-16T11:13:00+00:00","og_image":[{"width":1280,"height":720,"url":"https:\/\/www.correiobraziliense.com.br\/cbradar\/wp-content\/uploads\/2025\/07\/pessoas-conversando_1752585521139.jpg","type":"image\/jpeg"}],"author":"Larissa Carvalho","twitter_card":"summary_large_image","twitter_misc":{"Escrito por":"Larissa Carvalho","Est. tempo de leitura":"5 minutos"},"schema":{"@context":"https:\/\/schema.org","@graph":[{"@type":"WebPage","@id":"https:\/\/www.correiobraziliense.com.br\/cbradar\/6-frases-que-revelam-tentativa-de-superioridade-e-como-lidar-com-cada-uma\/","url":"https:\/\/www.correiobraziliense.com.br\/cbradar\/6-frases-que-revelam-tentativa-de-superioridade-e-como-lidar-com-cada-uma\/","name":"6 frases que revelam tentativa de superioridade e como lidar com cada uma","isPartOf":{"@id":"https:\/\/www.correiobraziliense.com.br\/cbradar\/#website"},"primaryImageOfPage":{"@id":"https:\/\/www.correiobraziliense.com.br\/cbradar\/6-frases-que-revelam-tentativa-de-superioridade-e-como-lidar-com-cada-uma\/#primaryimage"},"image":{"@id":"https:\/\/www.correiobraziliense.com.br\/cbradar\/6-frases-que-revelam-tentativa-de-superioridade-e-como-lidar-com-cada-uma\/#primaryimage"},"thumbnailUrl":"https:\/\/www.correiobraziliense.com.br\/cbradar\/wp-content\/uploads\/2025\/07\/pessoas-conversando_1752585521139.jpg","datePublished":"2025-07-16T11:13:00+00:00","author":{"@id":"https:\/\/www.correiobraziliense.com.br\/cbradar\/#\/schema\/person\/58422787644df994b53a19d3e56c1513"},"description":"Conhe\u00e7a os efeitos das frases de demonstra\u00e7\u00e3o de conhecimento e como mudar a comunica\u00e7\u00e3o para um conv\u00edvio mais leve, igualit\u00e1rio e colaborativo.","breadcrumb":{"@id":"https:\/\/www.correiobraziliense.com.br\/cbradar\/6-frases-que-revelam-tentativa-de-superioridade-e-como-lidar-com-cada-uma\/#breadcrumb"},"inLanguage":"pt-BR","potentialAction":[{"@type":"ReadAction","target":["https:\/\/www.correiobraziliense.com.br\/cbradar\/6-frases-que-revelam-tentativa-de-superioridade-e-como-lidar-com-cada-uma\/"]}]},{"@type":"ImageObject","inLanguage":"pt-BR","@id":"https:\/\/www.correiobraziliense.com.br\/cbradar\/6-frases-que-revelam-tentativa-de-superioridade-e-como-lidar-com-cada-uma\/#primaryimage","url":"https:\/\/www.correiobraziliense.com.br\/cbradar\/wp-content\/uploads\/2025\/07\/pessoas-conversando_1752585521139.jpg","contentUrl":"https:\/\/www.correiobraziliense.com.br\/cbradar\/wp-content\/uploads\/2025\/07\/pessoas-conversando_1752585521139.jpg","width":1280,"height":720,"caption":"pessoas conversando. Cr\u00e9ditos: depositphotos.com \/ DenisDenisenko"},{"@type":"BreadcrumbList","@id":"https:\/\/www.correiobraziliense.com.br\/cbradar\/6-frases-que-revelam-tentativa-de-superioridade-e-como-lidar-com-cada-uma\/#breadcrumb","itemListElement":[{"@type":"ListItem","position":1,"name":"In\u00edcio","item":"https:\/\/www.correiobraziliense.com.br\/cbradar\/"},{"@type":"ListItem","position":2,"name":"6 frases que revelam tentativa de superioridade e como lidar com cada uma"}]},{"@type":"WebSite","@id":"https:\/\/www.correiobraziliense.com.br\/cbradar\/#website","url":"https:\/\/www.correiobraziliense.com.br\/cbradar\/","name":"Correio Braziliense - Radar","description":"Acompanhe as \u00faltimas not\u00edcias e fique bem informado sobre tudo o que acontece no Brasil e no mundo.","potentialAction":[{"@type":"SearchAction","target":{"@type":"EntryPoint","urlTemplate":"https:\/\/www.correiobraziliense.com.br\/cbradar\/?s={search_term_string}"},"query-input":{"@type":"PropertyValueSpecification","valueRequired":true,"valueName":"search_term_string"}}],"inLanguage":"pt-BR"},{"@type":"Person","@id":"https:\/\/www.correiobraziliense.com.br\/cbradar\/#\/schema\/person\/58422787644df994b53a19d3e56c1513","name":"Larissa Carvalho","image":{"@type":"ImageObject","inLanguage":"pt-BR","@id":"https:\/\/www.correiobraziliense.com.br\/cbradar\/#\/schema\/person\/image\/","url":"https:\/\/secure.gravatar.com\/avatar\/fe4f91a0de32b52a838d0d612abdc1aa?s=96&d=mm&r=g","contentUrl":"https:\/\/secure.gravatar.com\/avatar\/fe4f91a0de32b52a838d0d612abdc1aa?s=96&d=mm&r=g","caption":"Larissa Carvalho"},"url":"https:\/\/www.correiobraziliense.com.br\/cbradar\/author\/larissamyth\/"}]}},"_links":{"self":[{"href":"https:\/\/www.correiobraziliense.com.br\/cbradar\/wp-json\/wp\/v2\/posts\/70321","targetHints":{"allow":["GET"]}}],"collection":[{"href":"https:\/\/www.correiobraziliense.com.br\/cbradar\/wp-json\/wp\/v2\/posts"}],"about":[{"href":"https:\/\/www.correiobraziliense.com.br\/cbradar\/wp-json\/wp\/v2\/types\/post"}],"author":[{"embeddable":true,"href":"https:\/\/www.correiobraziliense.com.br\/cbradar\/wp-json\/wp\/v2\/users\/3"}],"replies":[{"embeddable":true,"href":"https:\/\/www.correiobraziliense.com.br\/cbradar\/wp-json\/wp\/v2\/comments?post=70321"}],"version-history":[{"count":2,"href":"https:\/\/www.correiobraziliense.com.br\/cbradar\/wp-json\/wp\/v2\/posts\/70321\/revisions"}],"predecessor-version":[{"id":70325,"href":"https:\/\/www.correiobraziliense.com.br\/cbradar\/wp-json\/wp\/v2\/posts\/70321\/revisions\/70325"}],"wp:featuredmedia":[{"embeddable":true,"href":"https:\/\/www.correiobraziliense.com.br\/cbradar\/wp-json\/wp\/v2\/media\/70323"}],"wp:attachment":[{"href":"https:\/\/www.correiobraziliense.com.br\/cbradar\/wp-json\/wp\/v2\/media?parent=70321"}],"wp:term":[{"taxonomy":"category","embeddable":true,"href":"https:\/\/www.correiobraziliense.com.br\/cbradar\/wp-json\/wp\/v2\/categories?post=70321"},{"taxonomy":"post_tag","embeddable":true,"href":"https:\/\/www.correiobraziliense.com.br\/cbradar\/wp-json\/wp\/v2\/post_tag?post=70321"}],"curies":[{"name":"wp","href":"https:\/\/api.w.org\/{rel}","templated":true}]}}