{"id":70326,"date":"2025-07-16T11:13:00","date_gmt":"2025-07-16T14:13:00","guid":{"rendered":"https:\/\/www.correiobraziliense.com.br\/cbradar\/?p=70326"},"modified":"2025-07-15T10:24:51","modified_gmt":"2025-07-15T13:24:51","slug":"a-dificuldade-para-cumprir-horarios-pode-esconder-um-problema-pouco-conhecido","status":"publish","type":"post","link":"https:\/\/www.correiobraziliense.com.br\/cbradar\/a-dificuldade-para-cumprir-horarios-pode-esconder-um-problema-pouco-conhecido\/","title":{"rendered":"A dificuldade para cumprir hor\u00e1rios pode esconder um problema pouco conhecido"},"content":{"rendered":"\n<p>A dificuldade constante em cumprir hor\u00e1rios pode impactar diversas \u00e1reas da vida cotidiana, desde compromissos profissionais at\u00e9 encontros sociais. Muitas vezes, atrasos s\u00e3o associados a descuido ou falta de considera\u00e7\u00e3o, por\u00e9m, estudos recentes apontam para causas menos evidentes, como uma condi\u00e7\u00e3o chamada &#8220;<strong>cegueira temporal<\/strong>&#8220;. Esse fen\u00f4meno afeta a capacidade de perceber e gerenciar o tempo de maneira eficaz, trazendo desafios espec\u00edficos para quem convive com ele.<\/p>\n\n\n\n<p><strong>Cegueira temporal<\/strong> n\u00e3o se resume \u00e0 simples perda de no\u00e7\u00e3o do tempo. Trata-se de uma altera\u00e7\u00e3o na percep\u00e7\u00e3o de dura\u00e7\u00e3o e passagem dos minutos ou horas, prejudicando o planejamento de tarefas di\u00e1rias. Essa dificuldade aparece em situa\u00e7\u00f5es rotineiras, como estimar o tempo necess\u00e1rio para se arrumar pela manh\u00e3 ou calcular quanto tempo falta para encerrar uma atividade.<\/p>\n\n\n\n<h2 class=\"wp-block-heading\">O que \u00e9 cegueira temporal?<\/h2>\n\n\n\n<p><strong>A cegueira temporal, tamb\u00e9m conhecida como &#8220;time blindness&#8221;, se caracteriza principalmente pela incapacidade de reconhecer intervalos de tempo ou antecipar quanto tempo uma tarefa exige.<\/strong> Indiv\u00edduos com esse quadro frequentemente perdem prazos, t\u00eam dificuldades para alternar entre atividades e costumam subestimar ou superestimar o tempo gasto em determinadas obriga\u00e7\u00f5es. Como resultado, podem enfrentar problemas de produtividade e at\u00e9 situa\u00e7\u00f5es de estresse por atrasos recorrentes.<\/p>\n\n\n\n<p>Especialistas explicam que a cegueira temporal est\u00e1 relacionada \u00e0 fun\u00e7\u00e3o executiva do c\u00e9rebro. Essa fun\u00e7\u00e3o abrange habilidades como <strong>mem\u00f3ria de trabalho, controle inibit\u00f3rio e flexibilidade cognitiva<\/strong>, aspectos fundamentais para planejar o dia, tomar decis\u00f5es r\u00e1pidas ou readaptar a rotina diante de imprevistos. Quando essas \u00e1reas apresentam algum d\u00e9ficit, o gerenciamento do tempo torna-se prejudicado.<\/p>\n\n\n\n<h2 class=\"wp-block-heading\">Como a cegueira temporal afeta o dia a dia?<\/h2>\n\n\n\n<p><strong>Na pr\u00e1tica, quem convive com a cegueira temporal pode perder facilmente a no\u00e7\u00e3o do hor\u00e1rio, atrasar-se para compromissos e enfrentar dificuldade at\u00e9 mesmo para concluir pequenas tarefas no tempo esperado.<\/strong> Esse quadro \u00e9 observado em situa\u00e7\u00f5es como estruturas escolares, ambientes de trabalho e intera\u00e7\u00f5es familiares, podendo ser interpretado de forma equivocada como desinteresse ou falta de respeito pelas outras pessoas.<\/p>\n\n\n\n<ul class=\"wp-block-list\">\n<li>Miss\u00e3o de prazos importantes<\/li>\n\n\n\n<li>Dificuldade em dividir tarefas longas em etapas<\/li>\n\n\n\n<li>Problemas de adapta\u00e7\u00e3o a mudan\u00e7as inesperadas na rotina<\/li>\n\n\n\n<li>Desorganiza\u00e7\u00e3o e ac\u00famulo de atividades n\u00e3o conclu\u00eddas<\/li>\n<\/ul>\n\n\n\n<p>Esses desafios v\u00e3o al\u00e9m dos impactos pessoais e podem comprometer rela\u00e7\u00f5es interpessoais, pois atrasos constantes s\u00e3o, muitas vezes, mal compreendidos socialmente. Pessoas pr\u00f3ximas podem interpretar a dificuldade em cumprir hor\u00e1rios como mera desaten\u00e7\u00e3o, quando, na verdade, existe uma condi\u00e7\u00e3o neurol\u00f3gica ou de sa\u00fade mental por tr\u00e1s do comportamento observado.<\/p>\n\n\n\n<figure class=\"wp-block-image size-large\"><img decoding=\"async\" width=\"1024\" height=\"576\" src=\"https:\/\/www.correiobraziliense.com.br\/cbradar\/wp-content\/uploads\/2025\/07\/pessoa-atrasada_1752585875887-1024x576.jpg\" alt=\"A dificuldade para cumprir hor\u00e1rios pode esconder um problema pouco conhecido\" class=\"wp-image-70329\" srcset=\"https:\/\/www.correiobraziliense.com.br\/cbradar\/wp-content\/uploads\/2025\/07\/pessoa-atrasada_1752585875887-1024x576.jpg 1024w, https:\/\/www.correiobraziliense.com.br\/cbradar\/wp-content\/uploads\/2025\/07\/pessoa-atrasada_1752585875887-300x169.jpg 300w, https:\/\/www.correiobraziliense.com.br\/cbradar\/wp-content\/uploads\/2025\/07\/pessoa-atrasada_1752585875887-768x432.jpg 768w, https:\/\/www.correiobraziliense.com.br\/cbradar\/wp-content\/uploads\/2025\/07\/pessoa-atrasada_1752585875887-750x422.jpg 750w, https:\/\/www.correiobraziliense.com.br\/cbradar\/wp-content\/uploads\/2025\/07\/pessoa-atrasada_1752585875887-1140x641.jpg 1140w, https:\/\/www.correiobraziliense.com.br\/cbradar\/wp-content\/uploads\/2025\/07\/pessoa-atrasada_1752585875887.jpg 1280w\" sizes=\"(max-width: 1024px) 100vw, 1024px\" \/><figcaption class=\"wp-element-caption\">pessoa atrasada. Cr\u00e9ditos: depositphotos.com \/ makistock<\/figcaption><\/figure>\n\n\n\n<h2 class=\"wp-block-heading\">Quais condi\u00e7\u00f5es est\u00e3o associadas \u00e0 cegueira temporal?<\/h2>\n\n\n\n<p><strong>A cegueira temporal costuma estar mais presente em indiv\u00edduos diagnosticados com TDAH (Transtorno de D\u00e9ficit de Aten\u00e7\u00e3o e Hiperatividade), mas tamb\u00e9m pode atingir pessoas com autismo, transtorno obsessivo-compulsivo, les\u00f5es cerebrais, depress\u00e3o, ansiedade e dist\u00farbios neurol\u00f3gicos como Parkinson ou esclerose m\u00faltipla.<\/strong> Estudos apontam que regi\u00f5es cerebrais como o c\u00f3rtex pr\u00e9-frontal e o cerebelo desempenham papel fundamental no processamento temporal, sendo frequentemente alteradas em tais condi\u00e7\u00f5es.<\/p>\n\n\n\n<p>Apesar de n\u00e3o constar como diagn\u00f3stico formal em manuais m\u00e9dicos, a cegueira temporal integra crit\u00e9rios secund\u00e1rios em quadros como o <strong>TDAH<\/strong>. A aus\u00eancia dessa defini\u00e7\u00e3o espec\u00edfica pode gerar falta de compreens\u00e3o sobre o tema, colaborando para o estigma que recai sobre os portadores da condi\u00e7\u00e3o.<\/p>\n\n\n\n<h2 class=\"wp-block-heading\">Como driblar as dificuldades impostas pela cegueira temporal?<\/h2>\n\n\n\n<p><strong>Embora n\u00e3o haja uma cura definitiva para a cegueira temporal, \u00e9 poss\u00edvel adotar estrat\u00e9gias que minimizem o impacto negativo no dia a dia.<\/strong> Segundo profissionais de sa\u00fade:<\/p>\n\n\n\n<ol class=\"wp-block-list\">\n<li>Utilizar alarmes, temporizadores e lembretes visuais pode auxiliar no controle da passagem do tempo.<\/li>\n\n\n\n<li>Dividir tarefas complexas em etapas menores facilita o acompanhamento da evolu\u00e7\u00e3o de cada atividade.<\/li>\n\n\n\n<li>Criar rotinas consistentes reduz a carga mental e ajuda a treinar o c\u00e9rebro para se adaptar melhor ao rel\u00f3gio.<\/li>\n\n\n\n<li>Adotar aplicativos de gerenciamento de tempo e agendas digitais tamb\u00e9m pode ser uma solu\u00e7\u00e3o vi\u00e1vel.<\/li>\n<\/ol>\n\n\n\n<p>Al\u00e9m dessas ferramentas, a pr\u00e1tica de repetir a\u00e7\u00f5es no mesmo hor\u00e1rio contribui para estabelecer ritmos previs\u00edveis, otimizando o controle temporal. O acompanhamento com psic\u00f3logos ou terapeutas ocupacionais pode oferecer orienta\u00e7\u00f5es personalizadas para cada caso, promovendo maior autonomia e bem-estar.<\/p>\n\n\n\n<p>Leia tamb\u00e9m: <a href=\"https:\/\/www.correiobraziliense.com.br\/cbradar\/7-habitos-noturnos-de-pessoas-que-sao-mais-felizes-que-as-demais-diz-psicologia\/\" target=\"_blank\" rel=\"noreferrer noopener\">7 h\u00e1bitos noturnos de pessoas que s\u00e3o mais felizes que as demais, diz psicologia<\/a><\/p>\n\n\n\n<h2 class=\"wp-block-heading\">\u00c9 poss\u00edvel melhorar a percep\u00e7\u00e3o do tempo?<\/h2>\n\n\n\n<p><strong>Apesar de desafiadora, a gest\u00e3o da cegueira temporal pode ser aprimorada com interven\u00e7\u00f5es adequadas.<\/strong> O uso de recursos tecnol\u00f3gicos, a constru\u00e7\u00e3o de h\u00e1bitos e a busca por apoio profissional s\u00e3o caminhos recomendados para quem sente dificuldade em lidar com hor\u00e1rios. Aplicar pequenas mudan\u00e7as, como iniciar cada dia de forma semelhante, pode gerar benef\u00edcios expressivos na produtividade, organiza\u00e7\u00e3o e at\u00e9 no conv\u00edvio social. Entender a origem da desaten\u00e7\u00e3o ao tempo contribui para eliminar culpas e julgamentos, favorecendo uma vida mais equilibrada.<\/p>\n","protected":false},"excerpt":{"rendered":"<p>Dificuldade para perceber o tempo? Veja o que \u00e9 time blindness, os impactos no conv\u00edvio e dicas pr\u00e1ticas para melhorar a gest\u00e3o dos compromissos sem culpa.<\/p>\n","protected":false},"author":3,"featured_media":70328,"comment_status":"open","ping_status":"open","sticky":false,"template":"","format":"standard","meta":{"_yoast_wpseo_focuskw":"cumprir hor\u00e1rios","_yoast_wpseo_title":"%%title%%","_yoast_wpseo_metadesc":"Dificuldade para perceber o tempo? Veja o que \u00e9 time blindness, os impactos no conv\u00edvio e dicas pr\u00e1ticas para melhorar a gest\u00e3o dos compromissos sem culpa.","jnews-multi-image_gallery":[],"jnews_single_post":{"format":"standard"},"jnews_primary_category":[],"jnews_social_meta":[],"jnews_override_counter":[],"footnotes":""},"categories":[112],"post_tag":[144,404,565],"class_list":["post-70326","post","type-post","status-publish","format-standard","has-post-thumbnail","hentry","category-curiosidades","tag-curiosidades","tag-psicologia","tag-saude"],"yoast_head":"<!-- This site is optimized with the Yoast SEO plugin v24.6 - https:\/\/yoast.com\/wordpress\/plugins\/seo\/ -->\n<title>A dificuldade para cumprir hor\u00e1rios pode esconder um problema pouco conhecido<\/title>\n<meta name=\"description\" content=\"Dificuldade para perceber o tempo? Veja o que \u00e9 time blindness, os impactos no conv\u00edvio e dicas pr\u00e1ticas para melhorar a gest\u00e3o dos compromissos sem culpa.\" \/>\n<meta name=\"robots\" content=\"index, follow, max-snippet:-1, max-image-preview:large, max-video-preview:-1\" \/>\n<link rel=\"canonical\" href=\"https:\/\/www.correiobraziliense.com.br\/cbradar\/a-dificuldade-para-cumprir-horarios-pode-esconder-um-problema-pouco-conhecido\/\" \/>\n<meta property=\"og:locale\" content=\"pt_BR\" \/>\n<meta property=\"og:type\" content=\"article\" \/>\n<meta property=\"og:title\" content=\"A dificuldade para cumprir hor\u00e1rios pode esconder um problema pouco conhecido\" \/>\n<meta property=\"og:description\" content=\"Dificuldade para perceber o tempo? Veja o que \u00e9 time blindness, os impactos no conv\u00edvio e dicas pr\u00e1ticas para melhorar a gest\u00e3o dos compromissos sem culpa.\" \/>\n<meta property=\"og:url\" content=\"https:\/\/www.correiobraziliense.com.br\/cbradar\/a-dificuldade-para-cumprir-horarios-pode-esconder-um-problema-pouco-conhecido\/\" \/>\n<meta property=\"og:site_name\" content=\"Correio Braziliense - Radar\" \/>\n<meta property=\"article:published_time\" content=\"2025-07-16T14:13:00+00:00\" \/>\n<meta property=\"og:image\" content=\"https:\/\/www.correiobraziliense.com.br\/cbradar\/wp-content\/uploads\/2025\/07\/pessoa-atrasada_1752585847471.jpg\" \/>\n\t<meta property=\"og:image:width\" content=\"1280\" \/>\n\t<meta property=\"og:image:height\" content=\"720\" \/>\n\t<meta property=\"og:image:type\" content=\"image\/jpeg\" \/>\n<meta name=\"author\" content=\"Larissa Carvalho\" \/>\n<meta name=\"twitter:card\" content=\"summary_large_image\" \/>\n<meta name=\"twitter:label1\" content=\"Escrito por\" \/>\n\t<meta name=\"twitter:data1\" content=\"Larissa Carvalho\" \/>\n\t<meta name=\"twitter:label2\" content=\"Est. tempo de leitura\" \/>\n\t<meta name=\"twitter:data2\" content=\"5 minutos\" \/>\n<!-- \/ Yoast SEO plugin. -->","yoast_head_json":{"title":"A dificuldade para cumprir hor\u00e1rios pode esconder um problema pouco conhecido","description":"Dificuldade para perceber o tempo? Veja o que \u00e9 time blindness, os impactos no conv\u00edvio e dicas pr\u00e1ticas para melhorar a gest\u00e3o dos compromissos sem culpa.","robots":{"index":"index","follow":"follow","max-snippet":"max-snippet:-1","max-image-preview":"max-image-preview:large","max-video-preview":"max-video-preview:-1"},"canonical":"https:\/\/www.correiobraziliense.com.br\/cbradar\/a-dificuldade-para-cumprir-horarios-pode-esconder-um-problema-pouco-conhecido\/","og_locale":"pt_BR","og_type":"article","og_title":"A dificuldade para cumprir hor\u00e1rios pode esconder um problema pouco conhecido","og_description":"Dificuldade para perceber o tempo? Veja o que \u00e9 time blindness, os impactos no conv\u00edvio e dicas pr\u00e1ticas para melhorar a gest\u00e3o dos compromissos sem culpa.","og_url":"https:\/\/www.correiobraziliense.com.br\/cbradar\/a-dificuldade-para-cumprir-horarios-pode-esconder-um-problema-pouco-conhecido\/","og_site_name":"Correio Braziliense - Radar","article_published_time":"2025-07-16T14:13:00+00:00","og_image":[{"width":1280,"height":720,"url":"https:\/\/www.correiobraziliense.com.br\/cbradar\/wp-content\/uploads\/2025\/07\/pessoa-atrasada_1752585847471.jpg","type":"image\/jpeg"}],"author":"Larissa Carvalho","twitter_card":"summary_large_image","twitter_misc":{"Escrito por":"Larissa Carvalho","Est. tempo de leitura":"5 minutos"},"schema":{"@context":"https:\/\/schema.org","@graph":[{"@type":"WebPage","@id":"https:\/\/www.correiobraziliense.com.br\/cbradar\/a-dificuldade-para-cumprir-horarios-pode-esconder-um-problema-pouco-conhecido\/","url":"https:\/\/www.correiobraziliense.com.br\/cbradar\/a-dificuldade-para-cumprir-horarios-pode-esconder-um-problema-pouco-conhecido\/","name":"A dificuldade para cumprir hor\u00e1rios pode esconder um problema pouco conhecido","isPartOf":{"@id":"https:\/\/www.correiobraziliense.com.br\/cbradar\/#website"},"primaryImageOfPage":{"@id":"https:\/\/www.correiobraziliense.com.br\/cbradar\/a-dificuldade-para-cumprir-horarios-pode-esconder-um-problema-pouco-conhecido\/#primaryimage"},"image":{"@id":"https:\/\/www.correiobraziliense.com.br\/cbradar\/a-dificuldade-para-cumprir-horarios-pode-esconder-um-problema-pouco-conhecido\/#primaryimage"},"thumbnailUrl":"https:\/\/www.correiobraziliense.com.br\/cbradar\/wp-content\/uploads\/2025\/07\/pessoa-atrasada_1752585847471.jpg","datePublished":"2025-07-16T14:13:00+00:00","author":{"@id":"https:\/\/www.correiobraziliense.com.br\/cbradar\/#\/schema\/person\/58422787644df994b53a19d3e56c1513"},"description":"Dificuldade para perceber o tempo? Veja o que \u00e9 time blindness, os impactos no conv\u00edvio e dicas pr\u00e1ticas para melhorar a gest\u00e3o dos compromissos sem culpa.","breadcrumb":{"@id":"https:\/\/www.correiobraziliense.com.br\/cbradar\/a-dificuldade-para-cumprir-horarios-pode-esconder-um-problema-pouco-conhecido\/#breadcrumb"},"inLanguage":"pt-BR","potentialAction":[{"@type":"ReadAction","target":["https:\/\/www.correiobraziliense.com.br\/cbradar\/a-dificuldade-para-cumprir-horarios-pode-esconder-um-problema-pouco-conhecido\/"]}]},{"@type":"ImageObject","inLanguage":"pt-BR","@id":"https:\/\/www.correiobraziliense.com.br\/cbradar\/a-dificuldade-para-cumprir-horarios-pode-esconder-um-problema-pouco-conhecido\/#primaryimage","url":"https:\/\/www.correiobraziliense.com.br\/cbradar\/wp-content\/uploads\/2025\/07\/pessoa-atrasada_1752585847471.jpg","contentUrl":"https:\/\/www.correiobraziliense.com.br\/cbradar\/wp-content\/uploads\/2025\/07\/pessoa-atrasada_1752585847471.jpg","width":1280,"height":720,"caption":"pessoa atrasada. Cr\u00e9ditos: depositphotos.com \/ david-pull.hotmail.com"},{"@type":"BreadcrumbList","@id":"https:\/\/www.correiobraziliense.com.br\/cbradar\/a-dificuldade-para-cumprir-horarios-pode-esconder-um-problema-pouco-conhecido\/#breadcrumb","itemListElement":[{"@type":"ListItem","position":1,"name":"In\u00edcio","item":"https:\/\/www.correiobraziliense.com.br\/cbradar\/"},{"@type":"ListItem","position":2,"name":"A dificuldade para cumprir hor\u00e1rios pode esconder um problema pouco conhecido"}]},{"@type":"WebSite","@id":"https:\/\/www.correiobraziliense.com.br\/cbradar\/#website","url":"https:\/\/www.correiobraziliense.com.br\/cbradar\/","name":"Correio Braziliense - Radar","description":"Acompanhe as \u00faltimas not\u00edcias e fique bem informado sobre tudo o que acontece no Brasil e no mundo.","potentialAction":[{"@type":"SearchAction","target":{"@type":"EntryPoint","urlTemplate":"https:\/\/www.correiobraziliense.com.br\/cbradar\/?s={search_term_string}"},"query-input":{"@type":"PropertyValueSpecification","valueRequired":true,"valueName":"search_term_string"}}],"inLanguage":"pt-BR"},{"@type":"Person","@id":"https:\/\/www.correiobraziliense.com.br\/cbradar\/#\/schema\/person\/58422787644df994b53a19d3e56c1513","name":"Larissa Carvalho","image":{"@type":"ImageObject","inLanguage":"pt-BR","@id":"https:\/\/www.correiobraziliense.com.br\/cbradar\/#\/schema\/person\/image\/","url":"https:\/\/secure.gravatar.com\/avatar\/fe4f91a0de32b52a838d0d612abdc1aa?s=96&d=mm&r=g","contentUrl":"https:\/\/secure.gravatar.com\/avatar\/fe4f91a0de32b52a838d0d612abdc1aa?s=96&d=mm&r=g","caption":"Larissa Carvalho"},"url":"https:\/\/www.correiobraziliense.com.br\/cbradar\/author\/larissamyth\/"}]}},"_links":{"self":[{"href":"https:\/\/www.correiobraziliense.com.br\/cbradar\/wp-json\/wp\/v2\/posts\/70326","targetHints":{"allow":["GET"]}}],"collection":[{"href":"https:\/\/www.correiobraziliense.com.br\/cbradar\/wp-json\/wp\/v2\/posts"}],"about":[{"href":"https:\/\/www.correiobraziliense.com.br\/cbradar\/wp-json\/wp\/v2\/types\/post"}],"author":[{"embeddable":true,"href":"https:\/\/www.correiobraziliense.com.br\/cbradar\/wp-json\/wp\/v2\/users\/3"}],"replies":[{"embeddable":true,"href":"https:\/\/www.correiobraziliense.com.br\/cbradar\/wp-json\/wp\/v2\/comments?post=70326"}],"version-history":[{"count":2,"href":"https:\/\/www.correiobraziliense.com.br\/cbradar\/wp-json\/wp\/v2\/posts\/70326\/revisions"}],"predecessor-version":[{"id":70330,"href":"https:\/\/www.correiobraziliense.com.br\/cbradar\/wp-json\/wp\/v2\/posts\/70326\/revisions\/70330"}],"wp:featuredmedia":[{"embeddable":true,"href":"https:\/\/www.correiobraziliense.com.br\/cbradar\/wp-json\/wp\/v2\/media\/70328"}],"wp:attachment":[{"href":"https:\/\/www.correiobraziliense.com.br\/cbradar\/wp-json\/wp\/v2\/media?parent=70326"}],"wp:term":[{"taxonomy":"category","embeddable":true,"href":"https:\/\/www.correiobraziliense.com.br\/cbradar\/wp-json\/wp\/v2\/categories?post=70326"},{"taxonomy":"post_tag","embeddable":true,"href":"https:\/\/www.correiobraziliense.com.br\/cbradar\/wp-json\/wp\/v2\/post_tag?post=70326"}],"curies":[{"name":"wp","href":"https:\/\/api.w.org\/{rel}","templated":true}]}}