{"id":70331,"date":"2025-07-16T14:53:00","date_gmt":"2025-07-16T17:53:00","guid":{"rendered":"https:\/\/www.correiobraziliense.com.br\/cbradar\/?p=70331"},"modified":"2025-07-15T10:29:24","modified_gmt":"2025-07-15T13:29:24","slug":"esse-novo-jeito-de-caminhar-ja-virou-tendencia-entre-quem-busca-bem-estar","status":"publish","type":"post","link":"https:\/\/www.correiobraziliense.com.br\/cbradar\/esse-novo-jeito-de-caminhar-ja-virou-tendencia-entre-quem-busca-bem-estar\/","title":{"rendered":"Esse novo jeito de caminhar j\u00e1 virou tend\u00eancia entre quem busca bem-estar"},"content":{"rendered":"\n<p>Caminhar para tr\u00e1s, tamb\u00e9m conhecido como <strong>retro walking<\/strong>, tem atra\u00eddo a aten\u00e7\u00e3o de pesquisadores e profissionais da sa\u00fade por oferecer benef\u00edcios \u00fanicos \u00e0 sa\u00fade f\u00edsica e mental. Embora pare\u00e7a uma pr\u00e1tica inusitada, essa atividade simples pode promover melhorias vis\u00edveis no equil\u00edbrio, na for\u00e7a muscular e ainda estimular fun\u00e7\u00f5es cerebrais de maneira diferente do que a caminhada convencional proporciona. Por esse motivo, cada vez mais pessoas buscam incluir a caminhada para tr\u00e1s em suas rotinas di\u00e1rias de exerc\u00edcios.<\/p>\n\n\n\n<p>A busca por m\u00e9todos alternativos de atividade f\u00edsica cresceu nos \u00faltimos anos, e a caminhada para tr\u00e1s surge como uma op\u00e7\u00e3o vers\u00e1til e acess\u00edvel. Praticar esse movimento diariamente por apenas dez minutos pode ser eficaz para trabalhar m\u00fasculos pouco ativados e at\u00e9 para aprimorar a postura corporal. Al\u00e9m disso, caminhar para tr\u00e1s tem potencial para ser um aliado no processo de reabilita\u00e7\u00e3o de les\u00f5es e no aumento da disposi\u00e7\u00e3o do praticante.<\/p>\n\n\n\n<h2 class=\"wp-block-heading\">Por que a caminhada para tr\u00e1s beneficia o corpo?<\/h2>\n\n\n\n<p><strong>O principal diferencial da caminhada para tr\u00e1s est\u00e1 na maneira como ela envolve grupos musculares distintos e na intensidade cardiovascular promovida.<\/strong> Ao optar por retro walking, o praticante for\u00e7a m\u00fasculos estabilizadores das pernas e ativa mais o abd\u00f4men para manter o equil\u00edbrio, o que n\u00e3o acontece com tanta frequ\u00eancia na caminhada comum. Com o passar do tempo, essa pr\u00e1tica pode favorecer a melhora do condicionamento f\u00edsico e contribuir para a redu\u00e7\u00e3o de dores, principalmente na regi\u00e3o dos joelhos.<\/p>\n\n\n\n<h2 class=\"wp-block-heading\">Quais os impactos da caminhada para tr\u00e1s na sa\u00fade mental?<\/h2>\n\n\n\n<p><strong>Ao exigir aten\u00e7\u00e3o redobrada e coordena\u00e7\u00e3o, caminhar para tr\u00e1s tamb\u00e9m ajuda a estimular \u00e1reas do c\u00e9rebro relacionadas ao foco e \u00e0 mem\u00f3ria.<\/strong> Como \u00e9 uma a\u00e7\u00e3o menos mec\u00e2nica e mais desafiadora, o c\u00e9rebro precisa criar novas conex\u00f5es neurais para garantir o movimento seguro. Estudos recentes sugerem que exerc\u00edcios como o retro walking podem aprimorar a neuroplasticidade e fortalecer a capacidade de executar tarefas complexas, al\u00e9m de colaborar para a preven\u00e7\u00e3o de quedas, sobretudo em pessoas idosas.<\/p>\n\n\n\n<figure class=\"wp-block-image size-large\"><img decoding=\"async\" width=\"1024\" height=\"576\" src=\"https:\/\/www.correiobraziliense.com.br\/cbradar\/wp-content\/uploads\/2025\/07\/caminhar_1752586151333-1024x576.jpg\" alt=\"Esse novo jeito de caminhar j\u00e1 virou tend\u00eancia entre quem busca bem-estar\" class=\"wp-image-70334\" srcset=\"https:\/\/www.correiobraziliense.com.br\/cbradar\/wp-content\/uploads\/2025\/07\/caminhar_1752586151333-1024x576.jpg 1024w, https:\/\/www.correiobraziliense.com.br\/cbradar\/wp-content\/uploads\/2025\/07\/caminhar_1752586151333-300x169.jpg 300w, https:\/\/www.correiobraziliense.com.br\/cbradar\/wp-content\/uploads\/2025\/07\/caminhar_1752586151333-768x432.jpg 768w, https:\/\/www.correiobraziliense.com.br\/cbradar\/wp-content\/uploads\/2025\/07\/caminhar_1752586151333-750x422.jpg 750w, https:\/\/www.correiobraziliense.com.br\/cbradar\/wp-content\/uploads\/2025\/07\/caminhar_1752586151333-1140x641.jpg 1140w, https:\/\/www.correiobraziliense.com.br\/cbradar\/wp-content\/uploads\/2025\/07\/caminhar_1752586151333.jpg 1280w\" sizes=\"(max-width: 1024px) 100vw, 1024px\" \/><figcaption class=\"wp-element-caption\">caminhar. Cr\u00e9ditos: depositphotos.com \/ maxximmm1<\/figcaption><\/figure>\n\n\n\n<h2 class=\"wp-block-heading\">Como praticar a caminhada para tr\u00e1s com seguran\u00e7a?<\/h2>\n\n\n\n<p><strong>Para inserir a tarefa no dia a dia, \u00e9 importante adotar alguns cuidados que preservem a seguran\u00e7a e previnam acidentes.<\/strong> Escolher locais planos, livres de obst\u00e1culos e bem iluminados \u00e9 fundamental para evitar escorreg\u00f5es ou trope\u00e7os. Recomenda-se o uso de cal\u00e7ados adequados e a realiza\u00e7\u00e3o de aquecimento muscular antes da atividade. Aqueles com hist\u00f3rico de problemas articulares ou que estejam se recuperando de les\u00f5es devem consultar um profissional de sa\u00fade antes de iniciar qualquer exerc\u00edcio novo.<\/p>\n\n\n\n<ul class=\"wp-block-list\">\n<li><strong>Promove maior gasto cal\u00f3rico:<\/strong> Em m\u00e9dia, caminhar para tr\u00e1s pode gastar at\u00e9 40% mais calorias do que caminhar normalmente, tornando-se uma alternativa eficiente para quem busca perder peso.<\/li>\n\n\n\n<li><strong>Fortalece a musculatura das pernas:<\/strong> Ao trabalhar mais intensamente os quadr\u00edceps e gl\u00fateos, ocorre um incremento na for\u00e7a e estabilidade dos membros inferiores.<\/li>\n\n\n\n<li><strong>Melhora a postura e o alinhamento da coluna:<\/strong> O foco exigido durante a pr\u00e1tica ajuda a manter o tronco ereto, beneficiando a postura ao longo do tempo.<\/li>\n\n\n\n<li><strong>Colabora para a diminui\u00e7\u00e3o de dores articulares:<\/strong> Ao reduzir o impacto direto sobre os joelhos, o movimento favorece a sa\u00fade das articula\u00e7\u00f5es e pode ser ben\u00e9fico em processos de reabilita\u00e7\u00e3o.<\/li>\n<\/ul>\n\n\n\n<p>Leia tamb\u00e9m: <a href=\"https:\/\/www.correiobraziliense.com.br\/cbradar\/essa-tecnica-de-caminhada-pode-transformar-sua-saude-em-30-minutos\/\" target=\"_blank\" rel=\"noreferrer noopener\">Essa t\u00e9cnica de caminhada pode transformar sua sa\u00fade em 30 minutos<\/a><\/p>\n\n\n\n<h2 class=\"wp-block-heading\">Quem pode praticar retro walking?<\/h2>\n\n\n\n<p><strong>A maioria das pessoas pode aproveitar os benef\u00edcios dessa atividade, incluindo adultos, idosos e praticantes de exerc\u00edcios f\u00edsicos em geral.<\/strong> No entanto, quem apresenta limita\u00e7\u00f5es de equil\u00edbrio, problemas ortop\u00e9dicos ou condi\u00e7\u00f5es espec\u00edficas de sa\u00fade deve buscar orienta\u00e7\u00e3o m\u00e9dica antes de iniciar. Crian\u00e7as e jovens podem praticar a caminhada para tr\u00e1s sob supervis\u00e3o, tornando o momento divertido e seguro, desde que adaptado ao ambiente.<\/p>\n\n\n\n<ol class=\"wp-block-list\">\n<li>Escolha ambientes seguros e planos para caminhar.<\/li>\n\n\n\n<li>Fa\u00e7a um breve alongamento antes de iniciar o retro walking.<\/li>\n\n\n\n<li>Mantenha o olhar atento ao ambiente e leve os p\u00e9s para tr\u00e1s em passos curtos.<\/li>\n\n\n\n<li>Aumente o tempo e a intensidade gradativamente \u00e0 medida que ganha confian\u00e7a.<\/li>\n\n\n\n<li>Pare imediatamente caso sinta dor ou desconforto durante o exerc\u00edcio.<\/li>\n<\/ol>\n\n\n\n<p>Em resumo, incorporar a caminhada para tr\u00e1s \u00e0 rotina \u00e9 uma estrat\u00e9gia simples e acess\u00edvel para potencializar os resultados dos exerc\u00edcios di\u00e1rios. Al\u00e9m da queima cal\u00f3rica, o retro walking favorece a sa\u00fade articular, fortalece m\u00fasculos pouco exigidos e traz desafios interessantes para o c\u00e9rebro, tornando o exerc\u00edcio mais din\u00e2mico e eficiente. Com os cuidados necess\u00e1rios, \u00e9 poss\u00edvel colher benef\u00edcios que v\u00e3o al\u00e9m do condicionamento f\u00edsico e alcan\u00e7ar melhorias significativas no bem-estar geral.<\/p>\n","protected":false},"excerpt":{"rendered":"<p>O retro walking vai al\u00e9m do exerc\u00edcio tradicional. Veja como incluir na rotina, quais benef\u00edcios esperar e dicas para praticar com seguran\u00e7a todos os dias.<\/p>\n","protected":false},"author":3,"featured_media":70333,"comment_status":"open","ping_status":"open","sticky":false,"template":"","format":"standard","meta":{"_yoast_wpseo_focuskw":"novo jeito caminhar","_yoast_wpseo_title":"%%title%%","_yoast_wpseo_metadesc":"O retro walking vai al\u00e9m do exerc\u00edcio tradicional. Veja como incluir na rotina, quais benef\u00edcios esperar e dicas para praticar com seguran\u00e7a todos os dias.","jnews-multi-image_gallery":[],"jnews_single_post":{"format":"standard"},"jnews_primary_category":[],"jnews_social_meta":[],"jnews_override_counter":[],"footnotes":""},"categories":[112],"post_tag":[2724,144,565],"class_list":["post-70331","post","type-post","status-publish","format-standard","has-post-thumbnail","hentry","category-curiosidades","tag-caminhada","tag-curiosidades","tag-saude"],"yoast_head":"<!-- This site is optimized with the Yoast SEO plugin v24.6 - https:\/\/yoast.com\/wordpress\/plugins\/seo\/ -->\n<title>Esse novo jeito de caminhar j\u00e1 virou tend\u00eancia entre quem busca bem-estar<\/title>\n<meta name=\"description\" content=\"O retro walking vai al\u00e9m do exerc\u00edcio tradicional. Veja como incluir na rotina, quais benef\u00edcios esperar e dicas para praticar com seguran\u00e7a todos os dias.\" \/>\n<meta name=\"robots\" content=\"index, follow, max-snippet:-1, max-image-preview:large, max-video-preview:-1\" \/>\n<link rel=\"canonical\" href=\"https:\/\/www.correiobraziliense.com.br\/cbradar\/esse-novo-jeito-de-caminhar-ja-virou-tendencia-entre-quem-busca-bem-estar\/\" \/>\n<meta property=\"og:locale\" content=\"pt_BR\" \/>\n<meta property=\"og:type\" content=\"article\" \/>\n<meta property=\"og:title\" content=\"Esse novo jeito de caminhar j\u00e1 virou tend\u00eancia entre quem busca bem-estar\" \/>\n<meta property=\"og:description\" content=\"O retro walking vai al\u00e9m do exerc\u00edcio tradicional. Veja como incluir na rotina, quais benef\u00edcios esperar e dicas para praticar com seguran\u00e7a todos os dias.\" \/>\n<meta property=\"og:url\" content=\"https:\/\/www.correiobraziliense.com.br\/cbradar\/esse-novo-jeito-de-caminhar-ja-virou-tendencia-entre-quem-busca-bem-estar\/\" \/>\n<meta property=\"og:site_name\" content=\"Correio Braziliense - Radar\" \/>\n<meta property=\"article:published_time\" content=\"2025-07-16T17:53:00+00:00\" \/>\n<meta property=\"og:image\" content=\"https:\/\/www.correiobraziliense.com.br\/cbradar\/wp-content\/uploads\/2025\/07\/caminhar_1752586127193.jpg\" \/>\n\t<meta property=\"og:image:width\" content=\"1279\" \/>\n\t<meta property=\"og:image:height\" content=\"720\" \/>\n\t<meta property=\"og:image:type\" content=\"image\/jpeg\" \/>\n<meta name=\"author\" content=\"Larissa Carvalho\" \/>\n<meta name=\"twitter:card\" content=\"summary_large_image\" \/>\n<meta name=\"twitter:label1\" content=\"Escrito por\" \/>\n\t<meta name=\"twitter:data1\" content=\"Larissa Carvalho\" \/>\n\t<meta name=\"twitter:label2\" content=\"Est. tempo de leitura\" \/>\n\t<meta name=\"twitter:data2\" content=\"5 minutos\" \/>\n<!-- \/ Yoast SEO plugin. -->","yoast_head_json":{"title":"Esse novo jeito de caminhar j\u00e1 virou tend\u00eancia entre quem busca bem-estar","description":"O retro walking vai al\u00e9m do exerc\u00edcio tradicional. Veja como incluir na rotina, quais benef\u00edcios esperar e dicas para praticar com seguran\u00e7a todos os dias.","robots":{"index":"index","follow":"follow","max-snippet":"max-snippet:-1","max-image-preview":"max-image-preview:large","max-video-preview":"max-video-preview:-1"},"canonical":"https:\/\/www.correiobraziliense.com.br\/cbradar\/esse-novo-jeito-de-caminhar-ja-virou-tendencia-entre-quem-busca-bem-estar\/","og_locale":"pt_BR","og_type":"article","og_title":"Esse novo jeito de caminhar j\u00e1 virou tend\u00eancia entre quem busca bem-estar","og_description":"O retro walking vai al\u00e9m do exerc\u00edcio tradicional. Veja como incluir na rotina, quais benef\u00edcios esperar e dicas para praticar com seguran\u00e7a todos os dias.","og_url":"https:\/\/www.correiobraziliense.com.br\/cbradar\/esse-novo-jeito-de-caminhar-ja-virou-tendencia-entre-quem-busca-bem-estar\/","og_site_name":"Correio Braziliense - Radar","article_published_time":"2025-07-16T17:53:00+00:00","og_image":[{"width":1279,"height":720,"url":"https:\/\/www.correiobraziliense.com.br\/cbradar\/wp-content\/uploads\/2025\/07\/caminhar_1752586127193.jpg","type":"image\/jpeg"}],"author":"Larissa Carvalho","twitter_card":"summary_large_image","twitter_misc":{"Escrito por":"Larissa Carvalho","Est. tempo de leitura":"5 minutos"},"schema":{"@context":"https:\/\/schema.org","@graph":[{"@type":"WebPage","@id":"https:\/\/www.correiobraziliense.com.br\/cbradar\/esse-novo-jeito-de-caminhar-ja-virou-tendencia-entre-quem-busca-bem-estar\/","url":"https:\/\/www.correiobraziliense.com.br\/cbradar\/esse-novo-jeito-de-caminhar-ja-virou-tendencia-entre-quem-busca-bem-estar\/","name":"Esse novo jeito de caminhar j\u00e1 virou tend\u00eancia entre quem busca bem-estar","isPartOf":{"@id":"https:\/\/www.correiobraziliense.com.br\/cbradar\/#website"},"primaryImageOfPage":{"@id":"https:\/\/www.correiobraziliense.com.br\/cbradar\/esse-novo-jeito-de-caminhar-ja-virou-tendencia-entre-quem-busca-bem-estar\/#primaryimage"},"image":{"@id":"https:\/\/www.correiobraziliense.com.br\/cbradar\/esse-novo-jeito-de-caminhar-ja-virou-tendencia-entre-quem-busca-bem-estar\/#primaryimage"},"thumbnailUrl":"https:\/\/www.correiobraziliense.com.br\/cbradar\/wp-content\/uploads\/2025\/07\/caminhar_1752586127193.jpg","datePublished":"2025-07-16T17:53:00+00:00","author":{"@id":"https:\/\/www.correiobraziliense.com.br\/cbradar\/#\/schema\/person\/58422787644df994b53a19d3e56c1513"},"description":"O retro walking vai al\u00e9m do exerc\u00edcio tradicional. Veja como incluir na rotina, quais benef\u00edcios esperar e dicas para praticar com seguran\u00e7a todos os dias.","breadcrumb":{"@id":"https:\/\/www.correiobraziliense.com.br\/cbradar\/esse-novo-jeito-de-caminhar-ja-virou-tendencia-entre-quem-busca-bem-estar\/#breadcrumb"},"inLanguage":"pt-BR","potentialAction":[{"@type":"ReadAction","target":["https:\/\/www.correiobraziliense.com.br\/cbradar\/esse-novo-jeito-de-caminhar-ja-virou-tendencia-entre-quem-busca-bem-estar\/"]}]},{"@type":"ImageObject","inLanguage":"pt-BR","@id":"https:\/\/www.correiobraziliense.com.br\/cbradar\/esse-novo-jeito-de-caminhar-ja-virou-tendencia-entre-quem-busca-bem-estar\/#primaryimage","url":"https:\/\/www.correiobraziliense.com.br\/cbradar\/wp-content\/uploads\/2025\/07\/caminhar_1752586127193.jpg","contentUrl":"https:\/\/www.correiobraziliense.com.br\/cbradar\/wp-content\/uploads\/2025\/07\/caminhar_1752586127193.jpg","width":1279,"height":720,"caption":"caminhar. Cr\u00e9ditos: depositphotos.com \/ PetarPaunchev"},{"@type":"BreadcrumbList","@id":"https:\/\/www.correiobraziliense.com.br\/cbradar\/esse-novo-jeito-de-caminhar-ja-virou-tendencia-entre-quem-busca-bem-estar\/#breadcrumb","itemListElement":[{"@type":"ListItem","position":1,"name":"In\u00edcio","item":"https:\/\/www.correiobraziliense.com.br\/cbradar\/"},{"@type":"ListItem","position":2,"name":"Esse novo jeito de caminhar j\u00e1 virou tend\u00eancia entre quem busca bem-estar"}]},{"@type":"WebSite","@id":"https:\/\/www.correiobraziliense.com.br\/cbradar\/#website","url":"https:\/\/www.correiobraziliense.com.br\/cbradar\/","name":"Correio Braziliense - Radar","description":"Acompanhe as \u00faltimas not\u00edcias e fique bem informado sobre tudo o que acontece no Brasil e no mundo.","potentialAction":[{"@type":"SearchAction","target":{"@type":"EntryPoint","urlTemplate":"https:\/\/www.correiobraziliense.com.br\/cbradar\/?s={search_term_string}"},"query-input":{"@type":"PropertyValueSpecification","valueRequired":true,"valueName":"search_term_string"}}],"inLanguage":"pt-BR"},{"@type":"Person","@id":"https:\/\/www.correiobraziliense.com.br\/cbradar\/#\/schema\/person\/58422787644df994b53a19d3e56c1513","name":"Larissa Carvalho","image":{"@type":"ImageObject","inLanguage":"pt-BR","@id":"https:\/\/www.correiobraziliense.com.br\/cbradar\/#\/schema\/person\/image\/","url":"https:\/\/secure.gravatar.com\/avatar\/fe4f91a0de32b52a838d0d612abdc1aa?s=96&d=mm&r=g","contentUrl":"https:\/\/secure.gravatar.com\/avatar\/fe4f91a0de32b52a838d0d612abdc1aa?s=96&d=mm&r=g","caption":"Larissa Carvalho"},"url":"https:\/\/www.correiobraziliense.com.br\/cbradar\/author\/larissamyth\/"}]}},"_links":{"self":[{"href":"https:\/\/www.correiobraziliense.com.br\/cbradar\/wp-json\/wp\/v2\/posts\/70331","targetHints":{"allow":["GET"]}}],"collection":[{"href":"https:\/\/www.correiobraziliense.com.br\/cbradar\/wp-json\/wp\/v2\/posts"}],"about":[{"href":"https:\/\/www.correiobraziliense.com.br\/cbradar\/wp-json\/wp\/v2\/types\/post"}],"author":[{"embeddable":true,"href":"https:\/\/www.correiobraziliense.com.br\/cbradar\/wp-json\/wp\/v2\/users\/3"}],"replies":[{"embeddable":true,"href":"https:\/\/www.correiobraziliense.com.br\/cbradar\/wp-json\/wp\/v2\/comments?post=70331"}],"version-history":[{"count":2,"href":"https:\/\/www.correiobraziliense.com.br\/cbradar\/wp-json\/wp\/v2\/posts\/70331\/revisions"}],"predecessor-version":[{"id":70335,"href":"https:\/\/www.correiobraziliense.com.br\/cbradar\/wp-json\/wp\/v2\/posts\/70331\/revisions\/70335"}],"wp:featuredmedia":[{"embeddable":true,"href":"https:\/\/www.correiobraziliense.com.br\/cbradar\/wp-json\/wp\/v2\/media\/70333"}],"wp:attachment":[{"href":"https:\/\/www.correiobraziliense.com.br\/cbradar\/wp-json\/wp\/v2\/media?parent=70331"}],"wp:term":[{"taxonomy":"category","embeddable":true,"href":"https:\/\/www.correiobraziliense.com.br\/cbradar\/wp-json\/wp\/v2\/categories?post=70331"},{"taxonomy":"post_tag","embeddable":true,"href":"https:\/\/www.correiobraziliense.com.br\/cbradar\/wp-json\/wp\/v2\/post_tag?post=70331"}],"curies":[{"name":"wp","href":"https:\/\/api.w.org\/{rel}","templated":true}]}}