{"id":70367,"date":"2025-07-16T20:23:00","date_gmt":"2025-07-16T23:23:00","guid":{"rendered":"https:\/\/www.correiobraziliense.com.br\/cbradar\/?p=70367"},"modified":"2025-07-15T10:50:00","modified_gmt":"2025-07-15T13:50:00","slug":"este-fenomeno-vai-transformar-o-ceu-de-agosto-com-cenas-inesqueciveis","status":"publish","type":"post","link":"https:\/\/www.correiobraziliense.com.br\/cbradar\/este-fenomeno-vai-transformar-o-ceu-de-agosto-com-cenas-inesqueciveis\/","title":{"rendered":"Este fen\u00f4meno vai transformar o c\u00e9u de agosto com cenas inesquec\u00edveis"},"content":{"rendered":"\n<p>Todos os anos, entre julho e agosto, acontece um dos maiores espet\u00e1culos celestes observ\u00e1veis da Terra: a chuva de meteoros <strong>Perseidas<\/strong>. Este fen\u00f4meno chama a aten\u00e7\u00e3o de astr\u00f4nomos profissionais e amadores devido \u00e0 quantidade e ao brilho dos meteoros, sendo especialmente not\u00e1vel no hemisf\u00e9rio norte. Segundo estudos recentes da <strong>NASA<\/strong>, as Perseidas em 2025 prometem cenas marcantes, com potencial para dezenas de meteoros por hora durante seu auge.<\/p>\n\n\n\n<p>Originada a partir de fragmentos do cometa <strong>109P\/Swift-Tuttle<\/strong>, a chuva de meteoros Perseidas ocorre quando a Terra cruza a trilha de detritos deixada pelo cometa ao redor do Sol. Ao adentrarem a atmosfera terrestre, esses pequenos peda\u00e7os queimam devido ao atrito, formando rastros luminosos que riscam o c\u00e9u noturno. Este evento, que tem como ponto de refer\u00eancia a constela\u00e7\u00e3o de <strong>Perseu<\/strong>, representa uma das principais atra\u00e7\u00f5es do calend\u00e1rio astron\u00f4mico de 2025.<\/p>\n\n\n\n<h2 class=\"wp-block-heading\">O que s\u00e3o as Perseidas?<\/h2>\n\n\n\n<p><strong>A palavra-chave principal desse fen\u00f4meno, Perseidas, refere-se a uma chuva de meteoros anual originada a partir dos detritos do cometa 109P\/Swift-Tuttle.<\/strong> Nomeadas em raz\u00e3o do seu radiante \u2013 o ponto do c\u00e9u de onde parecem surgir \u2013 que est\u00e1 na dire\u00e7\u00e3o da constela\u00e7\u00e3o de Perseu, as Perseidas se destacam pela beleza e intensidade dos meteoros, que muitas vezes exibem trilhas brilhantes e coloridas. Estima-se que o cometa respons\u00e1vel por este espet\u00e1culo possua cerca de 26 quil\u00f4metros de di\u00e2metro e complete sua \u00f3rbita em torno do Sol a cada 133 anos.<\/p>\n\n\n\n<p><strong>Ao entrar em contato com a atmosfera da Terra, as part\u00edculas originadas do Swift-Tuttle se aquecem rapidamente devido \u00e0 alta velocidade, criando meteoros vis\u00edveis.<\/strong> Especialistas afirmam que, durante o pico das Perseidas, \u00e9 poss\u00edvel ver de 50 a 100 meteoros por hora, dependendo das condi\u00e7\u00f5es de visibilidade e ilumina\u00e7\u00e3o do c\u00e9u.<\/p>\n\n\n\n<h2 class=\"wp-block-heading\">Como observar a chuva de meteoros Perseidas em 2025?<\/h2>\n\n\n\n<p><strong>Observar a chuva de meteoros Perseidas \u00e9 uma experi\u00eancia acess\u00edvel para quem deseja acompanhar o fen\u00f4meno visualmente.<\/strong> Em 2025, o pico da atividade est\u00e1 previsto para as noites de 12 e 13 de agosto. O recomend\u00e1vel \u00e9 procurar um local afastado da polui\u00e7\u00e3o luminosa das cidades, preferencialmente em \u00e1reas rurais ou afastadas de luzes intensas.<\/p>\n\n\n\n<ul class=\"wp-block-list\">\n<li>Deitar-se ou sentar-se confortavelmente em um local escuro, com ampla vis\u00e3o do c\u00e9u.<\/li>\n\n\n\n<li>Aguardar alguns minutos para que a vis\u00e3o se ajuste ao escuro, melhorando a percep\u00e7\u00e3o dos meteoros mais t\u00eanues.<\/li>\n\n\n\n<li>Observar o c\u00e9u na dire\u00e7\u00e3o da constela\u00e7\u00e3o de Perseu, mas sem a necessidade de instrumentos como telesc\u00f3pios ou bin\u00f3culos.<\/li>\n\n\n\n<li>As melhores horas costumam ser entre meia-noite e o amanhecer, quando o radiante est\u00e1 mais alto no c\u00e9u.<\/li>\n<\/ul>\n\n\n\n<p>Vale ressaltar que, embora o radiante esteja em Perseu, as trilhas dos meteoros se espalham por todo o c\u00e9u. Os chamados <strong>fireballs<\/strong>, ou bolas de fogo, s\u00e3o meteoros mais brilhantes que podem durar mais tempo e chamar ainda mais aten\u00e7\u00e3o entre os observadores.<\/p>\n\n\n\n<figure class=\"wp-block-image size-large\"><img decoding=\"async\" width=\"1024\" height=\"576\" src=\"https:\/\/www.correiobraziliense.com.br\/cbradar\/wp-content\/uploads\/2025\/07\/chuva-de-meteoros_1752587385623-1024x576.jpg\" alt=\"Este fen\u00f4meno vai transformar o c\u00e9u de agosto com cenas inesquec\u00edveis\" class=\"wp-image-70371\" srcset=\"https:\/\/www.correiobraziliense.com.br\/cbradar\/wp-content\/uploads\/2025\/07\/chuva-de-meteoros_1752587385623-1024x576.jpg 1024w, https:\/\/www.correiobraziliense.com.br\/cbradar\/wp-content\/uploads\/2025\/07\/chuva-de-meteoros_1752587385623-300x169.jpg 300w, https:\/\/www.correiobraziliense.com.br\/cbradar\/wp-content\/uploads\/2025\/07\/chuva-de-meteoros_1752587385623-768x432.jpg 768w, https:\/\/www.correiobraziliense.com.br\/cbradar\/wp-content\/uploads\/2025\/07\/chuva-de-meteoros_1752587385623-750x422.jpg 750w, https:\/\/www.correiobraziliense.com.br\/cbradar\/wp-content\/uploads\/2025\/07\/chuva-de-meteoros_1752587385623-1140x642.jpg 1140w, https:\/\/www.correiobraziliense.com.br\/cbradar\/wp-content\/uploads\/2025\/07\/chuva-de-meteoros_1752587385623.jpg 1279w\" sizes=\"(max-width: 1024px) 100vw, 1024px\" \/><figcaption class=\"wp-element-caption\">chuva de meteoros. Cr\u00e9ditos: depositphotos.com \/ Elenarts<\/figcaption><\/figure>\n\n\n\n<h2 class=\"wp-block-heading\">Quais curiosidades marcam a chuva de meteoros Perseidas?<\/h2>\n\n\n\n<p><strong>A Perseidas re\u00fane diversas curiosidades astron\u00f4micas.<\/strong> O cometa 109P\/Swift-Tuttle, seu corpo-m\u00e3e, foi reconhecido como origem dessa chuva pelo astr\u00f4nomo <strong>Giovanni Schiaparelli<\/strong> em 1865. Sua \u00f3rbita o leva a cruzar o Sistema Solar, e sua aproxima\u00e7\u00e3o com a Terra acontece apenas a cada s\u00e9culo, aproximadamente. Apesar disso, os pequenos fragmentos deixados por sua passagem continuam \u201cvisitando\u201d nosso planeta anualmente.<\/p>\n\n\n\n<p><strong>Outra caracter\u00edstica marcante das Perseidas \u00e9 a quantidade de meteoros brilhantes, vis\u00edveis a olho nu.<\/strong> Meteoros que deixam rastros coloridos ou mais longos costumam ser compostos por part\u00edculas maiores do cometa. Al\u00e9m disso, em algumas ocasi\u00f5es, registros fotogr\u00e1ficos exibem as Perseidas tendo a <strong>Via L\u00e1ctea<\/strong> como plano de fundo, formando imagens emblem\u00e1ticas para entusiastas da astronomia.<\/p>\n\n\n\n<ol class=\"wp-block-list\">\n<li><strong>Seu nome<\/strong> deriva da constela\u00e7\u00e3o de Perseu, local de origem aparente dos meteoros.<\/li>\n\n\n\n<li><strong>A frequ\u00eancia anual<\/strong> da chuva ocorre gra\u00e7as ao cruzamento peri\u00f3dico da \u00f3rbita da Terra com a trilha de detritos do cometa.<\/li>\n\n\n\n<li><strong>\u201cBolas de fogo\u201d<\/strong>, meteoros muito brilhantes, s\u00e3o comuns durante o pico das Perseidas.<\/li>\n\n\n\n<li><strong>N\u00e3o h\u00e1 necessidade de equipamentos<\/strong>: basta vis\u00e3o desimpedida do c\u00e9u para apreciar o fen\u00f4meno.<\/li>\n\n\n\n<li><strong>A chuva se estende por mais de um m\u00eas<\/strong>, de 17 de julho a 23 de agosto, com o auge ocorrendo no meio de agosto.<\/li>\n<\/ol>\n\n\n\n<h2 class=\"wp-block-heading\">Por que as Perseidas ganham destaque em 2025?<\/h2>\n\n\n\n<p><strong>O ano de 2025 reserva uma \u00f3tima condi\u00e7\u00e3o para observa\u00e7\u00e3o das Perseidas, j\u00e1 que o brilho da Lua estar\u00e1 reduzido durante o pico do fen\u00f4meno.<\/strong> Com isso, a visibilidade dos meteoros deve ser favorecida, criando melhores chances para contemplar uma quantidade maior de rastros luminosos, inclusive os famosos fireballs. O interesse global pelo evento tamb\u00e9m aumenta em fun\u00e7\u00e3o do avan\u00e7o tecnol\u00f3gico, que permite transmiss\u00f5es ao vivo e o compartilhamento instant\u00e2neo de impress\u00f5es e imagens do evento nas redes sociais.<\/p>\n\n\n\n<p><strong>Dessa forma, o espet\u00e1culo das Perseidas em 2025 se consolida como uma oportunidade para observadores do c\u00e9u, curiosos e estudiosos acompanharem uma tradi\u00e7\u00e3o centen\u00e1ria, que alia ci\u00eancia, hist\u00f3ria e a beleza dos fen\u00f4menos naturais.<\/strong> O fen\u00f4meno continua instigando a imagina\u00e7\u00e3o e promovendo encontros para quem deseja testemunhar, por alguns instantes, a passagem de emiss\u00e1rios do espa\u00e7o em dire\u00e7\u00e3o \u00e0 Terra.<\/p>\n","protected":false},"excerpt":{"rendered":"<p>O maior evento astron\u00f4mico de 2025 ser\u00e1 a chuva de meteoros Perseidas. Saiba como aproveitar, onde olhar e como compartilhar registros incr\u00edveis desse fen\u00f4meno natural.<\/p>\n","protected":false},"author":1,"featured_media":70369,"comment_status":"open","ping_status":"open","sticky":false,"template":"","format":"standard","meta":{"_yoast_wpseo_focuskw":"fen\u00f4meno c\u00e9u agosto","_yoast_wpseo_title":"%%title%%","_yoast_wpseo_metadesc":"O maior evento astron\u00f4mico de 2025 ser\u00e1 a chuva de meteoros Perseidas. Saiba como aproveitar, onde olhar e como compartilhar registros incr\u00edveis desse fen\u00f4meno natural.","jnews-multi-image_gallery":[],"jnews_single_post":{"format":"standard"},"jnews_primary_category":[],"jnews_social_meta":[],"jnews_override_counter":[],"footnotes":""},"categories":[112],"post_tag":[179,144],"class_list":["post-70367","post","type-post","status-publish","format-standard","has-post-thumbnail","hentry","category-curiosidades","tag-astronomia","tag-curiosidades"],"yoast_head":"<!-- This site is optimized with the Yoast SEO plugin v24.6 - https:\/\/yoast.com\/wordpress\/plugins\/seo\/ -->\n<title>Este fen\u00f4meno vai transformar o c\u00e9u de agosto com cenas inesquec\u00edveis<\/title>\n<meta name=\"description\" content=\"O maior evento astron\u00f4mico de 2025 ser\u00e1 a chuva de meteoros Perseidas. Saiba como aproveitar, onde olhar e como compartilhar registros incr\u00edveis desse fen\u00f4meno natural.\" \/>\n<meta name=\"robots\" content=\"index, follow, max-snippet:-1, max-image-preview:large, max-video-preview:-1\" \/>\n<link rel=\"canonical\" href=\"https:\/\/www.correiobraziliense.com.br\/cbradar\/este-fenomeno-vai-transformar-o-ceu-de-agosto-com-cenas-inesqueciveis\/\" \/>\n<meta property=\"og:locale\" content=\"pt_BR\" \/>\n<meta property=\"og:type\" content=\"article\" \/>\n<meta property=\"og:title\" content=\"Este fen\u00f4meno vai transformar o c\u00e9u de agosto com cenas inesquec\u00edveis\" \/>\n<meta property=\"og:description\" content=\"O maior evento astron\u00f4mico de 2025 ser\u00e1 a chuva de meteoros Perseidas. Saiba como aproveitar, onde olhar e como compartilhar registros incr\u00edveis desse fen\u00f4meno natural.\" \/>\n<meta property=\"og:url\" content=\"https:\/\/www.correiobraziliense.com.br\/cbradar\/este-fenomeno-vai-transformar-o-ceu-de-agosto-com-cenas-inesqueciveis\/\" \/>\n<meta property=\"og:site_name\" content=\"Correio Braziliense - Radar\" \/>\n<meta property=\"article:published_time\" content=\"2025-07-16T23:23:00+00:00\" \/>\n<meta property=\"og:image\" content=\"https:\/\/www.correiobraziliense.com.br\/cbradar\/wp-content\/uploads\/2025\/07\/chuva-de-meteoros_1752586967610.jpg\" \/>\n\t<meta property=\"og:image:width\" content=\"1280\" \/>\n\t<meta property=\"og:image:height\" content=\"720\" \/>\n\t<meta property=\"og:image:type\" content=\"image\/jpeg\" \/>\n<meta name=\"author\" content=\"admin\" \/>\n<meta name=\"twitter:card\" content=\"summary_large_image\" \/>\n<meta name=\"twitter:label1\" content=\"Escrito por\" \/>\n\t<meta name=\"twitter:data1\" content=\"admin\" \/>\n\t<meta name=\"twitter:label2\" content=\"Est. tempo de leitura\" \/>\n\t<meta name=\"twitter:data2\" content=\"5 minutos\" \/>\n<!-- \/ Yoast SEO plugin. -->","yoast_head_json":{"title":"Este fen\u00f4meno vai transformar o c\u00e9u de agosto com cenas inesquec\u00edveis","description":"O maior evento astron\u00f4mico de 2025 ser\u00e1 a chuva de meteoros Perseidas. Saiba como aproveitar, onde olhar e como compartilhar registros incr\u00edveis desse fen\u00f4meno natural.","robots":{"index":"index","follow":"follow","max-snippet":"max-snippet:-1","max-image-preview":"max-image-preview:large","max-video-preview":"max-video-preview:-1"},"canonical":"https:\/\/www.correiobraziliense.com.br\/cbradar\/este-fenomeno-vai-transformar-o-ceu-de-agosto-com-cenas-inesqueciveis\/","og_locale":"pt_BR","og_type":"article","og_title":"Este fen\u00f4meno vai transformar o c\u00e9u de agosto com cenas inesquec\u00edveis","og_description":"O maior evento astron\u00f4mico de 2025 ser\u00e1 a chuva de meteoros Perseidas. Saiba como aproveitar, onde olhar e como compartilhar registros incr\u00edveis desse fen\u00f4meno natural.","og_url":"https:\/\/www.correiobraziliense.com.br\/cbradar\/este-fenomeno-vai-transformar-o-ceu-de-agosto-com-cenas-inesqueciveis\/","og_site_name":"Correio Braziliense - Radar","article_published_time":"2025-07-16T23:23:00+00:00","og_image":[{"width":1280,"height":720,"url":"https:\/\/www.correiobraziliense.com.br\/cbradar\/wp-content\/uploads\/2025\/07\/chuva-de-meteoros_1752586967610.jpg","type":"image\/jpeg"}],"author":"admin","twitter_card":"summary_large_image","twitter_misc":{"Escrito por":"admin","Est. tempo de leitura":"5 minutos"},"schema":{"@context":"https:\/\/schema.org","@graph":[{"@type":"WebPage","@id":"https:\/\/www.correiobraziliense.com.br\/cbradar\/este-fenomeno-vai-transformar-o-ceu-de-agosto-com-cenas-inesqueciveis\/","url":"https:\/\/www.correiobraziliense.com.br\/cbradar\/este-fenomeno-vai-transformar-o-ceu-de-agosto-com-cenas-inesqueciveis\/","name":"Este fen\u00f4meno vai transformar o c\u00e9u de agosto com cenas inesquec\u00edveis","isPartOf":{"@id":"https:\/\/www.correiobraziliense.com.br\/cbradar\/#website"},"primaryImageOfPage":{"@id":"https:\/\/www.correiobraziliense.com.br\/cbradar\/este-fenomeno-vai-transformar-o-ceu-de-agosto-com-cenas-inesqueciveis\/#primaryimage"},"image":{"@id":"https:\/\/www.correiobraziliense.com.br\/cbradar\/este-fenomeno-vai-transformar-o-ceu-de-agosto-com-cenas-inesqueciveis\/#primaryimage"},"thumbnailUrl":"https:\/\/www.correiobraziliense.com.br\/cbradar\/wp-content\/uploads\/2025\/07\/chuva-de-meteoros_1752586967610.jpg","datePublished":"2025-07-16T23:23:00+00:00","author":{"@id":"https:\/\/www.correiobraziliense.com.br\/cbradar\/#\/schema\/person\/ba6be179bf1fb248ff7e5860cf05c1ce"},"description":"O maior evento astron\u00f4mico de 2025 ser\u00e1 a chuva de meteoros Perseidas. Saiba como aproveitar, onde olhar e como compartilhar registros incr\u00edveis desse fen\u00f4meno natural.","breadcrumb":{"@id":"https:\/\/www.correiobraziliense.com.br\/cbradar\/este-fenomeno-vai-transformar-o-ceu-de-agosto-com-cenas-inesqueciveis\/#breadcrumb"},"inLanguage":"pt-BR","potentialAction":[{"@type":"ReadAction","target":["https:\/\/www.correiobraziliense.com.br\/cbradar\/este-fenomeno-vai-transformar-o-ceu-de-agosto-com-cenas-inesqueciveis\/"]}]},{"@type":"ImageObject","inLanguage":"pt-BR","@id":"https:\/\/www.correiobraziliense.com.br\/cbradar\/este-fenomeno-vai-transformar-o-ceu-de-agosto-com-cenas-inesqueciveis\/#primaryimage","url":"https:\/\/www.correiobraziliense.com.br\/cbradar\/wp-content\/uploads\/2025\/07\/chuva-de-meteoros_1752586967610.jpg","contentUrl":"https:\/\/www.correiobraziliense.com.br\/cbradar\/wp-content\/uploads\/2025\/07\/chuva-de-meteoros_1752586967610.jpg","width":1280,"height":720,"caption":"chuva de meteoros. Cr\u00e9ditos: depositphotos.com \/ JohanSwanepoel"},{"@type":"BreadcrumbList","@id":"https:\/\/www.correiobraziliense.com.br\/cbradar\/este-fenomeno-vai-transformar-o-ceu-de-agosto-com-cenas-inesqueciveis\/#breadcrumb","itemListElement":[{"@type":"ListItem","position":1,"name":"In\u00edcio","item":"https:\/\/www.correiobraziliense.com.br\/cbradar\/"},{"@type":"ListItem","position":2,"name":"Este fen\u00f4meno vai transformar o c\u00e9u de agosto com cenas inesquec\u00edveis"}]},{"@type":"WebSite","@id":"https:\/\/www.correiobraziliense.com.br\/cbradar\/#website","url":"https:\/\/www.correiobraziliense.com.br\/cbradar\/","name":"Correio Braziliense - Radar","description":"Acompanhe as \u00faltimas not\u00edcias e fique bem informado sobre tudo o que acontece no Brasil e no mundo.","potentialAction":[{"@type":"SearchAction","target":{"@type":"EntryPoint","urlTemplate":"https:\/\/www.correiobraziliense.com.br\/cbradar\/?s={search_term_string}"},"query-input":{"@type":"PropertyValueSpecification","valueRequired":true,"valueName":"search_term_string"}}],"inLanguage":"pt-BR"},{"@type":"Person","@id":"https:\/\/www.correiobraziliense.com.br\/cbradar\/#\/schema\/person\/ba6be179bf1fb248ff7e5860cf05c1ce","name":"admin","image":{"@type":"ImageObject","inLanguage":"pt-BR","@id":"https:\/\/www.correiobraziliense.com.br\/cbradar\/#\/schema\/person\/image\/","url":"https:\/\/secure.gravatar.com\/avatar\/f48813594a2311891ce48755a52acc9e?s=96&d=mm&r=g","contentUrl":"https:\/\/secure.gravatar.com\/avatar\/f48813594a2311891ce48755a52acc9e?s=96&d=mm&r=g","caption":"admin"},"sameAs":["https:\/\/www.correiobraziliense.com.br\/cbradar"],"url":"https:\/\/www.correiobraziliense.com.br\/cbradar\/author\/machines_81tgorx9\/"}]}},"_links":{"self":[{"href":"https:\/\/www.correiobraziliense.com.br\/cbradar\/wp-json\/wp\/v2\/posts\/70367","targetHints":{"allow":["GET"]}}],"collection":[{"href":"https:\/\/www.correiobraziliense.com.br\/cbradar\/wp-json\/wp\/v2\/posts"}],"about":[{"href":"https:\/\/www.correiobraziliense.com.br\/cbradar\/wp-json\/wp\/v2\/types\/post"}],"author":[{"embeddable":true,"href":"https:\/\/www.correiobraziliense.com.br\/cbradar\/wp-json\/wp\/v2\/users\/1"}],"replies":[{"embeddable":true,"href":"https:\/\/www.correiobraziliense.com.br\/cbradar\/wp-json\/wp\/v2\/comments?post=70367"}],"version-history":[{"count":1,"href":"https:\/\/www.correiobraziliense.com.br\/cbradar\/wp-json\/wp\/v2\/posts\/70367\/revisions"}],"predecessor-version":[{"id":70372,"href":"https:\/\/www.correiobraziliense.com.br\/cbradar\/wp-json\/wp\/v2\/posts\/70367\/revisions\/70372"}],"wp:featuredmedia":[{"embeddable":true,"href":"https:\/\/www.correiobraziliense.com.br\/cbradar\/wp-json\/wp\/v2\/media\/70369"}],"wp:attachment":[{"href":"https:\/\/www.correiobraziliense.com.br\/cbradar\/wp-json\/wp\/v2\/media?parent=70367"}],"wp:term":[{"taxonomy":"category","embeddable":true,"href":"https:\/\/www.correiobraziliense.com.br\/cbradar\/wp-json\/wp\/v2\/categories?post=70367"},{"taxonomy":"post_tag","embeddable":true,"href":"https:\/\/www.correiobraziliense.com.br\/cbradar\/wp-json\/wp\/v2\/post_tag?post=70367"}],"curies":[{"name":"wp","href":"https:\/\/api.w.org\/{rel}","templated":true}]}}