{"id":70568,"date":"2025-07-17T16:13:00","date_gmt":"2025-07-17T19:13:00","guid":{"rendered":"https:\/\/www.correiobraziliense.com.br\/cbradar\/?p=70568"},"modified":"2025-07-16T10:53:52","modified_gmt":"2025-07-16T13:53:52","slug":"se-voce-acorda-irritado-com-frequencia-isso-pode-estar-te-afetando-mais-do-que-imagina","status":"publish","type":"post","link":"https:\/\/www.correiobraziliense.com.br\/cbradar\/se-voce-acorda-irritado-com-frequencia-isso-pode-estar-te-afetando-mais-do-que-imagina\/","title":{"rendered":"Se voc\u00ea acorda irritado com frequ\u00eancia, isso pode estar te afetando mais do que imagina"},"content":{"rendered":"\n<p><strong>Irritabilidade<\/strong>&nbsp;e mudan\u00e7as no humor s\u00e3o desafios comuns ap\u00f3s&nbsp;<strong>noites mal dormidas<\/strong>. Muitas pessoas enfrentam dificuldades para manter o controle emocional, o que pode afetar relacionamentos, produtividade e sa\u00fade mental.&nbsp;Entender como driblar esses obst\u00e1culos \u00e9 fundamental para preservar a qualidade de vida.<\/p>\n\n\n\n<p>Este artigo explica de forma pr\u00e1tica como minimizar os impactos da falta de sono na rotina.&nbsp;Aborda m\u00e9todos eficazes, exemplos reais e estrat\u00e9gias validadas por especialistas.&nbsp;Entre os pontos essenciais, destacam-se:<\/p>\n\n\n\n<ul class=\"wp-block-list\">\n<li>Como identificar sinais precoces de irritabilidade relacionada ao sono insuficiente<\/li>\n\n\n\n<li>T\u00e1ticas r\u00e1pidas para acalmar o emocional em situa\u00e7\u00f5es de estresse<\/li>\n\n\n\n<li>Cuidados e ajustes di\u00e1rios para evitar a recorr\u00eancia do problema<\/li>\n<\/ul>\n\n\n\n<h2 class=\"wp-block-heading\">Por que a irritabilidade aumenta ap\u00f3s uma noite de sono ruim<\/h2>\n\n\n<div class=\"wp-block-image\">\n<figure class=\"aligncenter size-large\"><img decoding=\"async\" width=\"1024\" height=\"576\" src=\"https:\/\/www.correiobraziliense.com.br\/cbradar\/wp-content\/uploads\/2025\/03\/inseguranca_1742466980182-1024x576.jpg\" alt=\"Se voc\u00ea acorda irritado com frequ\u00eancia, isso pode estar te afetando mais do que imagina\" class=\"wp-image-14135\" srcset=\"https:\/\/www.correiobraziliense.com.br\/cbradar\/wp-content\/uploads\/2025\/03\/inseguranca_1742466980182-1024x576.jpg 1024w, https:\/\/www.correiobraziliense.com.br\/cbradar\/wp-content\/uploads\/2025\/03\/inseguranca_1742466980182-300x169.jpg 300w, https:\/\/www.correiobraziliense.com.br\/cbradar\/wp-content\/uploads\/2025\/03\/inseguranca_1742466980182-768x432.jpg 768w, https:\/\/www.correiobraziliense.com.br\/cbradar\/wp-content\/uploads\/2025\/03\/inseguranca_1742466980182-750x422.jpg 750w, https:\/\/www.correiobraziliense.com.br\/cbradar\/wp-content\/uploads\/2025\/03\/inseguranca_1742466980182-1140x641.jpg 1140w, https:\/\/www.correiobraziliense.com.br\/cbradar\/wp-content\/uploads\/2025\/03\/inseguranca_1742466980182.jpg 1280w\" sizes=\"(max-width: 1024px) 100vw, 1024px\" \/><figcaption class=\"wp-element-caption\">Homem &#8211; Cr\u00e9ditos: depositphotos.com \/ mapo_japan<\/figcaption><\/figure><\/div>\n\n\n<p>A priva\u00e7\u00e3o de sono interfere diretamente nas fun\u00e7\u00f5es do c\u00e9rebro, elevando o risco de\u00a0<strong>mudan\u00e7as de <\/strong><a href=\"https:\/\/pt.wikipedia.org\/wiki\/Humor\" target=\"_blank\" rel=\"noreferrer noopener\"><strong>humor<\/strong>\u00a0<\/a>e baixando a toler\u00e2ncia ao estresse. O corpo libera mais horm\u00f4nios do estresse, como o cortisol, favorecendo respostas emocionais intensas mesmo a pequenos est\u00edmulos.<\/p>\n\n\n\n<p>Al\u00e9m disso, a capacidade de tomar decis\u00f5es e raciocinar de forma l\u00f3gica fica comprometida.&nbsp;Isso agrava ainda mais as rea\u00e7\u00f5es impulsivas, tornando situa\u00e7\u00f5es corriqueiras mais dif\u00edceis de gerenciar.&nbsp;Quem dorme pouco tende a perceber problemas onde n\u00e3o existem, intensificando a sensa\u00e7\u00e3o de contrariedade.<\/p>\n\n\n\n<h2 class=\"wp-block-heading\">O que fazer quando a irrita\u00e7\u00e3o provocada pela falta de sono aparece<\/h2>\n\n\n\n<p>Quando a&nbsp;<strong>irrita\u00e7\u00e3o por noites mal dormidas<\/strong>&nbsp;surge, algumas atitudes podem ajudar a retomar o equil\u00edbrio rapidamente.&nbsp;O primeiro passo \u00e9 reconhecer que o inc\u00f4modo vem do desgaste f\u00edsico e n\u00e3o necessariamente das pessoas ao redor.&nbsp;Isso evita conflitos desnecess\u00e1rios e favorece uma abordagem mais racional.<\/p>\n\n\n\n<p>Entre as estrat\u00e9gias recomendadas para amenizar esse quadro, destacam-se:<\/p>\n\n\n\n<ol class=\"wp-block-list\">\n<li>Respirar fundo e conscientemente durante situa\u00e7\u00f5es de tens\u00e3o<\/li>\n\n\n\n<li>Pausar brevemente a atividade, buscando um espa\u00e7o silencioso para reorganizar os pensamentos<\/li>\n\n\n\n<li>Hidratar-se, pois a desidrata\u00e7\u00e3o potencializa a sensa\u00e7\u00e3o de indisposi\u00e7\u00e3o e mau humor<\/li>\n\n\n\n<li>Evitar discuss\u00f5es e decis\u00f5es importantes at\u00e9 que o emocional esteja mais est\u00e1vel<\/li>\n<\/ol>\n\n\n\n<p>Dica r\u00e1pida: manter o ambiente arejado e buscar contato visual com a natureza, mesmo por alguns minutos, auxilia o relaxamento mental.<\/p>\n\n\n\n<h2 class=\"wp-block-heading\">Como prevenir epis\u00f3dios de irritabilidade relacionados ao sono<\/h2>\n\n\n\n<p>A organiza\u00e7\u00e3o da rotina \u00e9 fundamental para evitar a repeti\u00e7\u00e3o dos efeitos da&nbsp;<strong>noite mal dormida<\/strong>. Investir em higiene do sono e estabelecer hor\u00e1rios regulares para deitar e acordar contribui para estabilizar o humor ao longo do dia.<\/p>\n\n\n\n<p>Entre as pr\u00e1ticas di\u00e1rias mais eficientes, recomenda-se:<\/p>\n\n\n\n<ul class=\"wp-block-list\">\n<li>Desconectar-se de telas ao menos trinta minutos antes de dormir, para evitar excesso de est\u00edmulos<\/li>\n\n\n\n<li>Evitar bebidas energ\u00e9ticas ou estimulantes no per\u00edodo noturno<\/li>\n\n\n\n<li>Criar um ambiente escuro e silencioso, favorecendo o relaxamento natural do corpo<\/li>\n<\/ul>\n\n\n\n<p>Leia tamb\u00e9m: <a href=\"https:\/\/www.correiobraziliense.com.br\/cbradar\/fazer-isso-pode-aliviar-de-uma-vez-por-todas-a-rigidez-nas-suas-articulacoes\/\" target=\"_blank\" rel=\"noreferrer noopener\">Fazer isso pode aliviar de uma vez por todas a rigidez nas suas articula\u00e7\u00f5es<\/a><\/p>\n\n\n\n<h2 class=\"wp-block-heading\">Quando buscar ajuda para sintomas persistentes de irrita\u00e7\u00e3o<\/h2>\n\n\n\n<p>Se o mau humor e a dificuldade de controlar emo\u00e7\u00f5es persistirem mesmo ap\u00f3s a ado\u00e7\u00e3o de estrat\u00e9gias preventivas, \u00e9 recomend\u00e1vel consultar profissionais especializados. Dist\u00farbios do sono podem estar relacionados a quadros como ins\u00f4nia cr\u00f4nica, apneia do sono ou altera\u00e7\u00f5es hormonais, exigindo acompanhamento detalhado e poss\u00edvel interven\u00e7\u00e3o m\u00e9dica.<\/p>\n\n\n\n<p>Estudos indicam que o sono de m\u00e1 qualidade pode desencadear ou agravar transtornos de ansiedade e depress\u00e3o.&nbsp;Por isso, analisar os padr\u00f5es de sono e buscar orienta\u00e7\u00e3o tem impacto direto no bem-estar emocional e f\u00edsico.<\/p>\n\n\n\n<p>Leia tamb\u00e9m: <a href=\"https:\/\/www.correiobraziliense.com.br\/cbradar\/se-voce-seguir-esse-simples-habito-pode-se-hidratar-corretamente-e-ainda-ajudar-a-preservar-o-planeta\/\" target=\"_blank\" rel=\"noreferrer noopener\">Se voc\u00ea seguir esse simples h\u00e1bito, pode se hidratar corretamente e ainda ajudar a preservar o planeta!<\/a><\/p>\n\n\n\n<h2 class=\"wp-block-heading\">Medidas pr\u00e1ticas para estabilizar o humor ap\u00f3s dormir mal<\/h2>\n\n\n\n<p>O gerenciamento da&nbsp;<strong>irritabilidade causada pela falta de sono<\/strong>&nbsp;depende de uma combina\u00e7\u00e3o de autoconsci\u00eancia, estrat\u00e9gias r\u00e1pidas e ajustes na rotina. Normalizar per\u00edodos de oscila\u00e7\u00e3o emocional \u00e9 importante, desde que sejam adotados m\u00e9todos para restabelecer o equil\u00edbrio e evitar preju\u00edzos nas diversas \u00e1reas da vida.<\/p>\n\n\n\n<ul class=\"wp-block-list\">\n<li>A identifica\u00e7\u00e3o r\u00e1pida dos gatilhos permite rea\u00e7\u00f5es mais conscientes e menos impulsivas<\/li>\n\n\n\n<li>Ado\u00e7\u00e3o de pausas, hidrata\u00e7\u00e3o e t\u00e9cnicas de respira\u00e7\u00e3o auxiliam na retomada do controle emocional<\/li>\n\n\n\n<li>Ajustes rotineiros, como cuidados com o ambiente de sono, promovem estabilidade do humor ao longo do tempo<\/li>\n<\/ul>\n","protected":false},"excerpt":{"rendered":"<p>Irritabilidade&nbsp;e mudan\u00e7as no humor s\u00e3o desafios comuns ap\u00f3s&nbsp;noites mal dormidas. Muitas pessoas enfrentam dificuldades para manter o controle emocional, o que pode afetar relacionamentos, produtividade e sa\u00fade mental.&nbsp;Entender como driblar esses obst\u00e1culos \u00e9 fundamental para preservar a qualidade de vida. Este artigo explica de forma pr\u00e1tica como minimizar os impactos da falta de sono na [&hellip;]<\/p>\n","protected":false},"author":11,"featured_media":12417,"comment_status":"open","ping_status":"open","sticky":false,"template":"","format":"standard","meta":{"_yoast_wpseo_focuskw":"Humor","_yoast_wpseo_title":"","_yoast_wpseo_metadesc":"Acordou irritado e sem paci\u00eancia? Veja como controlar o mau humor causado pela falta de sono com atitudes simples e eficazes.","jnews-multi-image_gallery":[],"jnews_single_post":{"format":"standard"},"jnews_primary_category":[],"jnews_social_meta":[],"jnews_override_counter":[],"footnotes":""},"categories":[119],"post_tag":[8255,1318,1313],"class_list":["post-70568","post","type-post","status-publish","format-standard","has-post-thumbnail","hentry","category-bem-estar","tag-irritabilidade","tag-saude-2","tag-sono"],"yoast_head":"<!-- This site is optimized with the Yoast SEO plugin v24.6 - https:\/\/yoast.com\/wordpress\/plugins\/seo\/ -->\n<title>Se voc\u00ea acorda irritado com frequ\u00eancia, isso pode estar te afetando mais do que imagina - Correio Braziliense - Radar<\/title>\n<meta name=\"description\" content=\"Acordou irritado e sem paci\u00eancia? Veja como controlar o mau humor causado pela falta de sono com atitudes simples e eficazes.\" \/>\n<meta name=\"robots\" content=\"index, follow, max-snippet:-1, max-image-preview:large, max-video-preview:-1\" \/>\n<link rel=\"canonical\" href=\"https:\/\/www.correiobraziliense.com.br\/cbradar\/se-voce-acorda-irritado-com-frequencia-isso-pode-estar-te-afetando-mais-do-que-imagina\/\" \/>\n<meta property=\"og:locale\" content=\"pt_BR\" \/>\n<meta property=\"og:type\" content=\"article\" \/>\n<meta property=\"og:title\" content=\"Se voc\u00ea acorda irritado com frequ\u00eancia, isso pode estar te afetando mais do que imagina - Correio Braziliense - Radar\" \/>\n<meta property=\"og:description\" content=\"Acordou irritado e sem paci\u00eancia? Veja como controlar o mau humor causado pela falta de sono com atitudes simples e eficazes.\" \/>\n<meta property=\"og:url\" content=\"https:\/\/www.correiobraziliense.com.br\/cbradar\/se-voce-acorda-irritado-com-frequencia-isso-pode-estar-te-afetando-mais-do-que-imagina\/\" \/>\n<meta property=\"og:site_name\" content=\"Correio Braziliense - Radar\" \/>\n<meta property=\"article:published_time\" content=\"2025-07-17T19:13:00+00:00\" \/>\n<meta property=\"og:image\" content=\"https:\/\/www.correiobraziliense.com.br\/cbradar\/wp-content\/uploads\/2025\/03\/dORMIR_1741920780054.jpg\" \/>\n\t<meta property=\"og:image:width\" content=\"1280\" \/>\n\t<meta property=\"og:image:height\" content=\"720\" \/>\n\t<meta property=\"og:image:type\" content=\"image\/jpeg\" \/>\n<meta name=\"author\" content=\"Paulo Custodio\" \/>\n<meta name=\"twitter:card\" content=\"summary_large_image\" \/>\n<meta name=\"twitter:label1\" content=\"Escrito por\" \/>\n\t<meta name=\"twitter:data1\" content=\"Paulo Custodio\" \/>\n\t<meta name=\"twitter:label2\" content=\"Est. tempo de leitura\" \/>\n\t<meta name=\"twitter:data2\" content=\"4 minutos\" \/>\n<!-- \/ Yoast SEO plugin. -->","yoast_head_json":{"title":"Se voc\u00ea acorda irritado com frequ\u00eancia, isso pode estar te afetando mais do que imagina - Correio Braziliense - Radar","description":"Acordou irritado e sem paci\u00eancia? Veja como controlar o mau humor causado pela falta de sono com atitudes simples e eficazes.","robots":{"index":"index","follow":"follow","max-snippet":"max-snippet:-1","max-image-preview":"max-image-preview:large","max-video-preview":"max-video-preview:-1"},"canonical":"https:\/\/www.correiobraziliense.com.br\/cbradar\/se-voce-acorda-irritado-com-frequencia-isso-pode-estar-te-afetando-mais-do-que-imagina\/","og_locale":"pt_BR","og_type":"article","og_title":"Se voc\u00ea acorda irritado com frequ\u00eancia, isso pode estar te afetando mais do que imagina - Correio Braziliense - Radar","og_description":"Acordou irritado e sem paci\u00eancia? Veja como controlar o mau humor causado pela falta de sono com atitudes simples e eficazes.","og_url":"https:\/\/www.correiobraziliense.com.br\/cbradar\/se-voce-acorda-irritado-com-frequencia-isso-pode-estar-te-afetando-mais-do-que-imagina\/","og_site_name":"Correio Braziliense - Radar","article_published_time":"2025-07-17T19:13:00+00:00","og_image":[{"width":1280,"height":720,"url":"https:\/\/www.correiobraziliense.com.br\/cbradar\/wp-content\/uploads\/2025\/03\/dORMIR_1741920780054.jpg","type":"image\/jpeg"}],"author":"Paulo Custodio","twitter_card":"summary_large_image","twitter_misc":{"Escrito por":"Paulo Custodio","Est. tempo de leitura":"4 minutos"},"schema":{"@context":"https:\/\/schema.org","@graph":[{"@type":"WebPage","@id":"https:\/\/www.correiobraziliense.com.br\/cbradar\/se-voce-acorda-irritado-com-frequencia-isso-pode-estar-te-afetando-mais-do-que-imagina\/","url":"https:\/\/www.correiobraziliense.com.br\/cbradar\/se-voce-acorda-irritado-com-frequencia-isso-pode-estar-te-afetando-mais-do-que-imagina\/","name":"Se voc\u00ea acorda irritado com frequ\u00eancia, isso pode estar te afetando mais do que imagina - Correio Braziliense - Radar","isPartOf":{"@id":"https:\/\/www.correiobraziliense.com.br\/cbradar\/#website"},"primaryImageOfPage":{"@id":"https:\/\/www.correiobraziliense.com.br\/cbradar\/se-voce-acorda-irritado-com-frequencia-isso-pode-estar-te-afetando-mais-do-que-imagina\/#primaryimage"},"image":{"@id":"https:\/\/www.correiobraziliense.com.br\/cbradar\/se-voce-acorda-irritado-com-frequencia-isso-pode-estar-te-afetando-mais-do-que-imagina\/#primaryimage"},"thumbnailUrl":"https:\/\/www.correiobraziliense.com.br\/cbradar\/wp-content\/uploads\/2025\/03\/dORMIR_1741920780054.jpg","datePublished":"2025-07-17T19:13:00+00:00","author":{"@id":"https:\/\/www.correiobraziliense.com.br\/cbradar\/#\/schema\/person\/4cec7857301a9a1a2ef249893cd908d3"},"description":"Acordou irritado e sem paci\u00eancia? Veja como controlar o mau humor causado pela falta de sono com atitudes simples e eficazes.","breadcrumb":{"@id":"https:\/\/www.correiobraziliense.com.br\/cbradar\/se-voce-acorda-irritado-com-frequencia-isso-pode-estar-te-afetando-mais-do-que-imagina\/#breadcrumb"},"inLanguage":"pt-BR","potentialAction":[{"@type":"ReadAction","target":["https:\/\/www.correiobraziliense.com.br\/cbradar\/se-voce-acorda-irritado-com-frequencia-isso-pode-estar-te-afetando-mais-do-que-imagina\/"]}]},{"@type":"ImageObject","inLanguage":"pt-BR","@id":"https:\/\/www.correiobraziliense.com.br\/cbradar\/se-voce-acorda-irritado-com-frequencia-isso-pode-estar-te-afetando-mais-do-que-imagina\/#primaryimage","url":"https:\/\/www.correiobraziliense.com.br\/cbradar\/wp-content\/uploads\/2025\/03\/dORMIR_1741920780054.jpg","contentUrl":"https:\/\/www.correiobraziliense.com.br\/cbradar\/wp-content\/uploads\/2025\/03\/dORMIR_1741920780054.jpg","width":1280,"height":720,"caption":"Homem na cama - Cr\u00e9ditos: depositphotos.com \/ focuspocusltd"},{"@type":"BreadcrumbList","@id":"https:\/\/www.correiobraziliense.com.br\/cbradar\/se-voce-acorda-irritado-com-frequencia-isso-pode-estar-te-afetando-mais-do-que-imagina\/#breadcrumb","itemListElement":[{"@type":"ListItem","position":1,"name":"In\u00edcio","item":"https:\/\/www.correiobraziliense.com.br\/cbradar\/"},{"@type":"ListItem","position":2,"name":"Se voc\u00ea acorda irritado com frequ\u00eancia, isso pode estar te afetando mais do que imagina"}]},{"@type":"WebSite","@id":"https:\/\/www.correiobraziliense.com.br\/cbradar\/#website","url":"https:\/\/www.correiobraziliense.com.br\/cbradar\/","name":"Correio Braziliense - Radar","description":"Acompanhe as \u00faltimas not\u00edcias e fique bem informado sobre tudo o que acontece no Brasil e no mundo.","potentialAction":[{"@type":"SearchAction","target":{"@type":"EntryPoint","urlTemplate":"https:\/\/www.correiobraziliense.com.br\/cbradar\/?s={search_term_string}"},"query-input":{"@type":"PropertyValueSpecification","valueRequired":true,"valueName":"search_term_string"}}],"inLanguage":"pt-BR"},{"@type":"Person","@id":"https:\/\/www.correiobraziliense.com.br\/cbradar\/#\/schema\/person\/4cec7857301a9a1a2ef249893cd908d3","name":"Paulo Custodio","image":{"@type":"ImageObject","inLanguage":"pt-BR","@id":"https:\/\/www.correiobraziliense.com.br\/cbradar\/#\/schema\/person\/image\/","url":"https:\/\/secure.gravatar.com\/avatar\/bcd67168d1534e8fcf4f45c726a87cea?s=96&d=mm&r=g","contentUrl":"https:\/\/secure.gravatar.com\/avatar\/bcd67168d1534e8fcf4f45c726a87cea?s=96&d=mm&r=g","caption":"Paulo Custodio"},"sameAs":["https:\/\/www.correiobraziliense.com.br\/cbradar"],"url":"https:\/\/www.correiobraziliense.com.br\/cbradar\/author\/paulomyth\/"}]}},"_links":{"self":[{"href":"https:\/\/www.correiobraziliense.com.br\/cbradar\/wp-json\/wp\/v2\/posts\/70568","targetHints":{"allow":["GET"]}}],"collection":[{"href":"https:\/\/www.correiobraziliense.com.br\/cbradar\/wp-json\/wp\/v2\/posts"}],"about":[{"href":"https:\/\/www.correiobraziliense.com.br\/cbradar\/wp-json\/wp\/v2\/types\/post"}],"author":[{"embeddable":true,"href":"https:\/\/www.correiobraziliense.com.br\/cbradar\/wp-json\/wp\/v2\/users\/11"}],"replies":[{"embeddable":true,"href":"https:\/\/www.correiobraziliense.com.br\/cbradar\/wp-json\/wp\/v2\/comments?post=70568"}],"version-history":[{"count":1,"href":"https:\/\/www.correiobraziliense.com.br\/cbradar\/wp-json\/wp\/v2\/posts\/70568\/revisions"}],"predecessor-version":[{"id":70592,"href":"https:\/\/www.correiobraziliense.com.br\/cbradar\/wp-json\/wp\/v2\/posts\/70568\/revisions\/70592"}],"wp:featuredmedia":[{"embeddable":true,"href":"https:\/\/www.correiobraziliense.com.br\/cbradar\/wp-json\/wp\/v2\/media\/12417"}],"wp:attachment":[{"href":"https:\/\/www.correiobraziliense.com.br\/cbradar\/wp-json\/wp\/v2\/media?parent=70568"}],"wp:term":[{"taxonomy":"category","embeddable":true,"href":"https:\/\/www.correiobraziliense.com.br\/cbradar\/wp-json\/wp\/v2\/categories?post=70568"},{"taxonomy":"post_tag","embeddable":true,"href":"https:\/\/www.correiobraziliense.com.br\/cbradar\/wp-json\/wp\/v2\/post_tag?post=70568"}],"curies":[{"name":"wp","href":"https:\/\/api.w.org\/{rel}","templated":true}]}}