{"id":70780,"date":"2025-07-18T16:13:00","date_gmt":"2025-07-18T19:13:00","guid":{"rendered":"https:\/\/www.correiobraziliense.com.br\/cbradar\/?p=70780"},"modified":"2025-07-16T13:10:13","modified_gmt":"2025-07-16T16:10:13","slug":"a-vitamina-que-fortalece-seu-sistema-e-renova-sua-pele-de-dentro-para-fora","status":"publish","type":"post","link":"https:\/\/www.correiobraziliense.com.br\/cbradar\/a-vitamina-que-fortalece-seu-sistema-e-renova-sua-pele-de-dentro-para-fora\/","title":{"rendered":"A vitamina que fortalece seu sistema e renova sua pele de dentro para fora"},"content":{"rendered":"\n<p><a href=\"https:\/\/pt.wikipedia.org\/wiki\/Vitamina_E\" target=\"_blank\" rel=\"noreferrer noopener\"><strong>Vitamina E<\/strong>\u00a0<\/a>\u00e9 um nutriente essencial reconhecido pela a\u00e7\u00e3o antioxidante e papel crucial na prote\u00e7\u00e3o das c\u00e9lulas. Em 2025, cresce o interesse por fontes naturais e pr\u00e1ticas saud\u00e1veis de obten\u00e7\u00e3o dessa vitamina, refor\u00e7ando a import\u00e2ncia de entender suas fun\u00e7\u00f5es e identificar alimentos ricos nesse composto.<\/p>\n\n\n\n<p>Neste artigo, ser\u00e3o abordados:<\/p>\n\n\n\n<ul class=\"wp-block-list\">\n<li>As principais fun\u00e7\u00f5es da\u00a0<strong>vitamina E<\/strong>\u00a0no organismo<\/li>\n\n\n\n<li>Onde encontrar\u00a0<strong>vitamina E naturalmente<\/strong>\u00a0em alimentos do dia a dia<\/li>\n\n\n\n<li>Dicas para incluir essa vitamina na alimenta\u00e7\u00e3o de forma eficaz e segura<\/li>\n<\/ul>\n\n\n\n<h2 class=\"wp-block-heading\">Para que serve a vitamina E no corpo?<\/h2>\n\n\n<div class=\"wp-block-image\">\n<figure class=\"aligncenter size-large\"><img decoding=\"async\" width=\"1024\" height=\"576\" src=\"https:\/\/www.correiobraziliense.com.br\/cbradar\/wp-content\/uploads\/2025\/05\/vitamina-E_1747054301211-1024x576.jpg\" alt=\"A vitamina que fortalece seu sistema e renova sua pele de dentro para fora\" class=\"wp-image-35801\" srcset=\"https:\/\/www.correiobraziliense.com.br\/cbradar\/wp-content\/uploads\/2025\/05\/vitamina-E_1747054301211-1024x576.jpg 1024w, https:\/\/www.correiobraziliense.com.br\/cbradar\/wp-content\/uploads\/2025\/05\/vitamina-E_1747054301211-300x169.jpg 300w, https:\/\/www.correiobraziliense.com.br\/cbradar\/wp-content\/uploads\/2025\/05\/vitamina-E_1747054301211-768x432.jpg 768w, https:\/\/www.correiobraziliense.com.br\/cbradar\/wp-content\/uploads\/2025\/05\/vitamina-E_1747054301211-750x422.jpg 750w, https:\/\/www.correiobraziliense.com.br\/cbradar\/wp-content\/uploads\/2025\/05\/vitamina-E_1747054301211-1140x641.jpg 1140w, https:\/\/www.correiobraziliense.com.br\/cbradar\/wp-content\/uploads\/2025\/05\/vitamina-E_1747054301211.jpg 1280w\" sizes=\"(max-width: 1024px) 100vw, 1024px\" \/><figcaption class=\"wp-element-caption\">Vitamina E &#8211; Cr\u00e9ditos: depositphotos.com \/ yulianny<\/figcaption><\/figure><\/div>\n\n\n<p><strong>Vitamina E<\/strong>&nbsp;atua protegendo c\u00e9lulas contra danos causados por radicais livres, subst\u00e2ncias inst\u00e1veis que podem acelerar o envelhecimento celular. Outro papel importante \u00e9 o aux\u00edlio no fortalecimento do sistema imunol\u00f3gico, favorecendo respostas mais eficientes contra infec\u00e7\u00f5es.<\/p>\n\n\n\n<p>A participa\u00e7\u00e3o da&nbsp;<strong>vitamina E<\/strong>&nbsp;na sa\u00fade da pele merece destaque. Pesquisas mostram que o nutriente contribui para a elasticidade e integridade cut\u00e2nea, especialmente em per\u00edodos de exposi\u00e7\u00e3o ao sol. Al\u00e9m disso, a vitamina favorece o funcionamento do sistema nervoso e auxilia no equil\u00edbrio hormonal, fatores essenciais para o bem-estar geral.<\/p>\n\n\n\n<p>A defici\u00eancia de&nbsp;<strong>vitamina E<\/strong>&nbsp;pode afetar principalmente pessoas com restri\u00e7\u00f5es alimentares ou condi\u00e7\u00f5es que prejudicam a absor\u00e7\u00e3o de gorduras, j\u00e1 que a vitamina \u00e9 lipossol\u00favel. Nesses casos, podem surgir sintomas como fraqueza muscular e dist\u00farbios neurol\u00f3gicos, indicando a necessidade de aten\u00e7\u00e3o \u00e0 ingest\u00e3o adequada desse nutriente.<\/p>\n\n\n\n<h2 class=\"wp-block-heading\">Quais alimentos s\u00e3o fontes naturais de vitamina E?<\/h2>\n\n\n\n<p>Alguns alimentos destacam-se como excelentes fontes de&nbsp;<strong>vitamina E<\/strong>, tornando f\u00e1cil incorpor\u00e1-la \u00e0 rotina alimentar sem recorrer a suplementos. Entre as op\u00e7\u00f5es mais acess\u00edveis est\u00e3o sementes de girassol, castanha-do-par\u00e1 e am\u00eandoas, que oferecem elevadas quantidades do nutriente por por\u00e7\u00e3o.<\/p>\n\n\n\n<p>\u00d3leos vegetais representados pelo azeite de oliva e \u00f3leo de girassol tamb\u00e9m s\u00e3o alternativas naturais e vers\u00e1teis para enriquecer o card\u00e1pio. Verduras como espinafre e br\u00f3colis, al\u00e9m de frutas como abacate e manga, contribuem para varia\u00e7\u00f5es saud\u00e1veis nas refei\u00e7\u00f5es, agregando fibras e outros minerais.<\/p>\n\n\n\n<ul class=\"wp-block-list\">\n<li>Sementes e oleaginosas: Inclua um punhado de castanhas em lanches r\u00e1pidos<\/li>\n\n\n\n<li>\u00d3leos: Prefira utilizar azeite extra virgem no preparo de saladas<\/li>\n\n\n\n<li>Verduras e frutas: Consuma folhas verdes cruas ou levemente cozidas para preservar os compostos ben\u00e9ficos<\/li>\n<\/ul>\n\n\n\n<p>Aten\u00e7\u00e3o: o armazenamento inadequado dos \u00f3leos e sementes pode destruir parte da&nbsp;<strong>vitamina E<\/strong>. O ideal \u00e9 manter esses alimentos longe da luz e do calor para garantir o aproveitamento do nutriente.<\/p>\n\n\n\n<h2 class=\"wp-block-heading\">Como garantir uma boa ingest\u00e3o de vitamina E diariamente?<\/h2>\n\n\n\n<p>Para alcan\u00e7ar as necessidades di\u00e1rias de&nbsp;<strong>vitamina E<\/strong>, variar as fontes ao longo do dia faz diferen\u00e7a. Uma sugest\u00e3o pr\u00e1tica \u00e9 alternar entre castanhas, azeite e vegetais de folhas escuras em diferentes refei\u00e7\u00f5es, garantindo uma distribui\u00e7\u00e3o equilibrada do nutriente.<\/p>\n\n\n\n<p>Pessoas com dietas restritivas ou que seguem alimenta\u00e7\u00e3o \u00e0 base de plantas podem intensificar o consumo de sementes, abacate e \u00f3leos vegetais para evitar defici\u00eancias. Profissionais de sa\u00fade recomendam que adultos mantenham aten\u00e7\u00e3o \u00e0 quantidade ideal, evitando excessos que, mesmo raros, podem provocar efeitos colaterais quando h\u00e1 suplementa\u00e7\u00e3o sem orienta\u00e7\u00e3o.<\/p>\n\n\n\n<p>Leia tamb\u00e9m: <a href=\"https:\/\/www.correiobraziliense.com.br\/cbradar\/se-voce-sofre-com-ansiedade-pode-seguir-esta-simples-acao-que-so-precisa-do-seu-nariz\/\" target=\"_blank\" rel=\"noreferrer noopener\">Se voc\u00ea sofre com ansiedade, pode seguir esta simples a\u00e7\u00e3o que s\u00f3 precisa do seu nariz<\/a><\/p>\n\n\n\n<h2 class=\"wp-block-heading\">Principais pontos sobre vitamina E, e fontes naturais<\/h2>\n\n\n\n<ul class=\"wp-block-list\">\n<li><strong>Vitamina E<\/strong>\u00a0protege c\u00e9lulas, sistema imunol\u00f3gico e contribui para a sa\u00fade da pele<\/li>\n\n\n\n<li>Fontes naturais incluem sementes, castanhas, \u00f3leos vegetais, vegetais verdes e frutas como abacate<\/li>\n\n\n\n<li>Uma dieta variada e equilibrada garante a ingest\u00e3o adequada desse nutriente sem a necessidade de suplementos para a maioria das pessoas<\/li>\n<\/ul>\n","protected":false},"excerpt":{"rendered":"<p>Vitamina E\u00a0\u00e9 um nutriente essencial reconhecido pela a\u00e7\u00e3o antioxidante e papel crucial na prote\u00e7\u00e3o das c\u00e9lulas. Em 2025, cresce o interesse por fontes naturais e pr\u00e1ticas saud\u00e1veis de obten\u00e7\u00e3o dessa vitamina, refor\u00e7ando a import\u00e2ncia de entender suas fun\u00e7\u00f5es e identificar alimentos ricos nesse composto. Neste artigo, ser\u00e3o abordados: Para que serve a vitamina E no [&hellip;]<\/p>\n","protected":false},"author":11,"featured_media":36700,"comment_status":"open","ping_status":"open","sticky":false,"template":"","format":"standard","meta":{"_yoast_wpseo_focuskw":"vitamina","_yoast_wpseo_title":"","_yoast_wpseo_metadesc":"Sua pele e seu corpo precisam de vitamina. Veja como sementes, \u00f3leos e vegetais verdes ajudam a manter sua sa\u00fade em dia.","jnews-multi-image_gallery":[],"jnews_single_post":{"format":"standard"},"jnews_primary_category":[],"jnews_social_meta":[],"jnews_override_counter":[],"footnotes":""},"categories":[119],"tags":[1318,3634,8283],"class_list":["post-70780","post","type-post","status-publish","format-standard","has-post-thumbnail","hentry","category-bem-estar","tag-saude-2","tag-vitamina","tag-vitamina-e"],"yoast_head":"<!-- This site is optimized with the Yoast SEO plugin v24.6 - https:\/\/yoast.com\/wordpress\/plugins\/seo\/ -->\n<title>A vitamina que fortalece seu sistema e renova sua pele de dentro para fora - Correio Braziliense - Radar<\/title>\n<meta name=\"description\" content=\"Sua pele e seu corpo precisam de vitamina. Veja como sementes, \u00f3leos e vegetais verdes ajudam a manter sua sa\u00fade em dia.\" \/>\n<meta name=\"robots\" content=\"index, follow, max-snippet:-1, max-image-preview:large, max-video-preview:-1\" \/>\n<link rel=\"canonical\" href=\"https:\/\/www.correiobraziliense.com.br\/cbradar\/a-vitamina-que-fortalece-seu-sistema-e-renova-sua-pele-de-dentro-para-fora\/\" \/>\n<meta property=\"og:locale\" content=\"pt_BR\" \/>\n<meta property=\"og:type\" content=\"article\" \/>\n<meta property=\"og:title\" content=\"A vitamina que fortalece seu sistema e renova sua pele de dentro para fora - Correio Braziliense - Radar\" \/>\n<meta property=\"og:description\" content=\"Sua pele e seu corpo precisam de vitamina. Veja como sementes, \u00f3leos e vegetais verdes ajudam a manter sua sa\u00fade em dia.\" \/>\n<meta property=\"og:url\" content=\"https:\/\/www.correiobraziliense.com.br\/cbradar\/a-vitamina-que-fortalece-seu-sistema-e-renova-sua-pele-de-dentro-para-fora\/\" \/>\n<meta property=\"og:site_name\" content=\"Correio Braziliense - Radar\" \/>\n<meta property=\"article:published_time\" content=\"2025-07-18T19:13:00+00:00\" \/>\n<meta property=\"og:image\" content=\"https:\/\/www.correiobraziliense.com.br\/cbradar\/wp-content\/uploads\/2025\/05\/Vitamina_1747224320525.jpg\" \/>\n\t<meta property=\"og:image:width\" content=\"1280\" \/>\n\t<meta property=\"og:image:height\" content=\"720\" \/>\n\t<meta property=\"og:image:type\" content=\"image\/jpeg\" \/>\n<meta name=\"author\" content=\"Paulo Custodio\" \/>\n<meta name=\"twitter:card\" content=\"summary_large_image\" \/>\n<meta name=\"twitter:label1\" content=\"Escrito por\" \/>\n\t<meta name=\"twitter:data1\" content=\"Paulo Custodio\" \/>\n\t<meta name=\"twitter:label2\" content=\"Est. tempo de leitura\" \/>\n\t<meta name=\"twitter:data2\" content=\"4 minutos\" \/>\n<!-- \/ Yoast SEO plugin. -->","yoast_head_json":{"title":"A vitamina que fortalece seu sistema e renova sua pele de dentro para fora - Correio Braziliense - Radar","description":"Sua pele e seu corpo precisam de vitamina. Veja como sementes, \u00f3leos e vegetais verdes ajudam a manter sua sa\u00fade em dia.","robots":{"index":"index","follow":"follow","max-snippet":"max-snippet:-1","max-image-preview":"max-image-preview:large","max-video-preview":"max-video-preview:-1"},"canonical":"https:\/\/www.correiobraziliense.com.br\/cbradar\/a-vitamina-que-fortalece-seu-sistema-e-renova-sua-pele-de-dentro-para-fora\/","og_locale":"pt_BR","og_type":"article","og_title":"A vitamina que fortalece seu sistema e renova sua pele de dentro para fora - Correio Braziliense - Radar","og_description":"Sua pele e seu corpo precisam de vitamina. Veja como sementes, \u00f3leos e vegetais verdes ajudam a manter sua sa\u00fade em dia.","og_url":"https:\/\/www.correiobraziliense.com.br\/cbradar\/a-vitamina-que-fortalece-seu-sistema-e-renova-sua-pele-de-dentro-para-fora\/","og_site_name":"Correio Braziliense - Radar","article_published_time":"2025-07-18T19:13:00+00:00","og_image":[{"width":1280,"height":720,"url":"https:\/\/www.correiobraziliense.com.br\/cbradar\/wp-content\/uploads\/2025\/05\/Vitamina_1747224320525.jpg","type":"image\/jpeg"}],"author":"Paulo Custodio","twitter_card":"summary_large_image","twitter_misc":{"Escrito por":"Paulo Custodio","Est. tempo de leitura":"4 minutos"},"schema":{"@context":"https:\/\/schema.org","@graph":[{"@type":"WebPage","@id":"https:\/\/www.correiobraziliense.com.br\/cbradar\/a-vitamina-que-fortalece-seu-sistema-e-renova-sua-pele-de-dentro-para-fora\/","url":"https:\/\/www.correiobraziliense.com.br\/cbradar\/a-vitamina-que-fortalece-seu-sistema-e-renova-sua-pele-de-dentro-para-fora\/","name":"A vitamina que fortalece seu sistema e renova sua pele de dentro para fora - Correio Braziliense - Radar","isPartOf":{"@id":"https:\/\/www.correiobraziliense.com.br\/cbradar\/#website"},"primaryImageOfPage":{"@id":"https:\/\/www.correiobraziliense.com.br\/cbradar\/a-vitamina-que-fortalece-seu-sistema-e-renova-sua-pele-de-dentro-para-fora\/#primaryimage"},"image":{"@id":"https:\/\/www.correiobraziliense.com.br\/cbradar\/a-vitamina-que-fortalece-seu-sistema-e-renova-sua-pele-de-dentro-para-fora\/#primaryimage"},"thumbnailUrl":"https:\/\/www.correiobraziliense.com.br\/cbradar\/wp-content\/uploads\/2025\/05\/Vitamina_1747224320525.jpg","datePublished":"2025-07-18T19:13:00+00:00","author":{"@id":"https:\/\/www.correiobraziliense.com.br\/cbradar\/#\/schema\/person\/4cec7857301a9a1a2ef249893cd908d3"},"description":"Sua pele e seu corpo precisam de vitamina. Veja como sementes, \u00f3leos e vegetais verdes ajudam a manter sua sa\u00fade em dia.","breadcrumb":{"@id":"https:\/\/www.correiobraziliense.com.br\/cbradar\/a-vitamina-que-fortalece-seu-sistema-e-renova-sua-pele-de-dentro-para-fora\/#breadcrumb"},"inLanguage":"pt-BR","potentialAction":[{"@type":"ReadAction","target":["https:\/\/www.correiobraziliense.com.br\/cbradar\/a-vitamina-que-fortalece-seu-sistema-e-renova-sua-pele-de-dentro-para-fora\/"]}]},{"@type":"ImageObject","inLanguage":"pt-BR","@id":"https:\/\/www.correiobraziliense.com.br\/cbradar\/a-vitamina-que-fortalece-seu-sistema-e-renova-sua-pele-de-dentro-para-fora\/#primaryimage","url":"https:\/\/www.correiobraziliense.com.br\/cbradar\/wp-content\/uploads\/2025\/05\/Vitamina_1747224320525.jpg","contentUrl":"https:\/\/www.correiobraziliense.com.br\/cbradar\/wp-content\/uploads\/2025\/05\/Vitamina_1747224320525.jpg","width":1280,"height":720,"caption":"Vitamina - Cr\u00e9ditos: depositphotos.com \/ VadimVasenin"},{"@type":"BreadcrumbList","@id":"https:\/\/www.correiobraziliense.com.br\/cbradar\/a-vitamina-que-fortalece-seu-sistema-e-renova-sua-pele-de-dentro-para-fora\/#breadcrumb","itemListElement":[{"@type":"ListItem","position":1,"name":"In\u00edcio","item":"https:\/\/www.correiobraziliense.com.br\/cbradar\/"},{"@type":"ListItem","position":2,"name":"A vitamina que fortalece seu sistema e renova sua pele de dentro para fora"}]},{"@type":"WebSite","@id":"https:\/\/www.correiobraziliense.com.br\/cbradar\/#website","url":"https:\/\/www.correiobraziliense.com.br\/cbradar\/","name":"Correio Braziliense - Radar","description":"Acompanhe as \u00faltimas not\u00edcias e fique bem informado sobre tudo o que acontece no Brasil e no mundo.","potentialAction":[{"@type":"SearchAction","target":{"@type":"EntryPoint","urlTemplate":"https:\/\/www.correiobraziliense.com.br\/cbradar\/?s={search_term_string}"},"query-input":{"@type":"PropertyValueSpecification","valueRequired":true,"valueName":"search_term_string"}}],"inLanguage":"pt-BR"},{"@type":"Person","@id":"https:\/\/www.correiobraziliense.com.br\/cbradar\/#\/schema\/person\/4cec7857301a9a1a2ef249893cd908d3","name":"Paulo Custodio","image":{"@type":"ImageObject","inLanguage":"pt-BR","@id":"https:\/\/www.correiobraziliense.com.br\/cbradar\/#\/schema\/person\/image\/","url":"https:\/\/secure.gravatar.com\/avatar\/bcd67168d1534e8fcf4f45c726a87cea?s=96&d=mm&r=g","contentUrl":"https:\/\/secure.gravatar.com\/avatar\/bcd67168d1534e8fcf4f45c726a87cea?s=96&d=mm&r=g","caption":"Paulo Custodio"},"sameAs":["https:\/\/www.correiobraziliense.com.br\/cbradar"],"url":"https:\/\/www.correiobraziliense.com.br\/cbradar\/author\/paulomyth\/"}]}},"_links":{"self":[{"href":"https:\/\/www.correiobraziliense.com.br\/cbradar\/wp-json\/wp\/v2\/posts\/70780","targetHints":{"allow":["GET"]}}],"collection":[{"href":"https:\/\/www.correiobraziliense.com.br\/cbradar\/wp-json\/wp\/v2\/posts"}],"about":[{"href":"https:\/\/www.correiobraziliense.com.br\/cbradar\/wp-json\/wp\/v2\/types\/post"}],"author":[{"embeddable":true,"href":"https:\/\/www.correiobraziliense.com.br\/cbradar\/wp-json\/wp\/v2\/users\/11"}],"replies":[{"embeddable":true,"href":"https:\/\/www.correiobraziliense.com.br\/cbradar\/wp-json\/wp\/v2\/comments?post=70780"}],"version-history":[{"count":1,"href":"https:\/\/www.correiobraziliense.com.br\/cbradar\/wp-json\/wp\/v2\/posts\/70780\/revisions"}],"predecessor-version":[{"id":70792,"href":"https:\/\/www.correiobraziliense.com.br\/cbradar\/wp-json\/wp\/v2\/posts\/70780\/revisions\/70792"}],"wp:featuredmedia":[{"embeddable":true,"href":"https:\/\/www.correiobraziliense.com.br\/cbradar\/wp-json\/wp\/v2\/media\/36700"}],"wp:attachment":[{"href":"https:\/\/www.correiobraziliense.com.br\/cbradar\/wp-json\/wp\/v2\/media?parent=70780"}],"wp:term":[{"taxonomy":"category","embeddable":true,"href":"https:\/\/www.correiobraziliense.com.br\/cbradar\/wp-json\/wp\/v2\/categories?post=70780"},{"taxonomy":"post_tag","embeddable":true,"href":"https:\/\/www.correiobraziliense.com.br\/cbradar\/wp-json\/wp\/v2\/tags?post=70780"}],"curies":[{"name":"wp","href":"https:\/\/api.w.org\/{rel}","templated":true}]}}