{"id":70844,"date":"2025-07-17T16:23:00","date_gmt":"2025-07-17T19:23:00","guid":{"rendered":"https:\/\/www.correiobraziliense.com.br\/cbradar\/?p=70844"},"modified":"2025-07-16T16:15:45","modified_gmt":"2025-07-16T19:15:45","slug":"o-que-significa-dormir-sem-meias-segundo-a-psicologia","status":"publish","type":"post","link":"https:\/\/www.correiobraziliense.com.br\/cbradar\/o-que-significa-dormir-sem-meias-segundo-a-psicologia\/","title":{"rendered":"O que significa dormir sem meias, segundo a psicologia"},"content":{"rendered":"\n<p>Durante o inverno, \u00e9 comum que as pessoas recorram a cobertores extras e roupas quentes para garantir noites agrad\u00e1veis. Ainda assim, nem todos optam pelo uso de meias na hora de dormir, mesmo em noites frias. Segundo perspectivas da psicologia, esse h\u00e1bito pode indicar tra\u00e7os de personalidade, al\u00e9m de revelar um pouco sobre o modo como o indiv\u00edduo se relaciona com as pr\u00f3prias emo\u00e7\u00f5es e decis\u00f5es.<\/p>\n\n\n\n<p>Dormir sem meias, mesmo em temperaturas baixas, n\u00e3o \u00e9 apenas uma escolha relacionada ao conforto f\u00edsico, mas tamb\u00e9m pode sinalizar padr\u00f5es emocionais e psicol\u00f3gicos. A prefer\u00eancia pela liberdade dos p\u00e9s sugere uma busca por autenticidade no cotidiano, bem como uma tend\u00eancia a ouvir as necessidades do pr\u00f3prio corpo. Esse comportamento pode ser observado, especialmente, em pessoas que valorizam a sensa\u00e7\u00e3o de autonomia.<\/p>\n\n\n\n<h2 class=\"wp-block-heading\">O que a psicologia aponta sobre dormir sem meias?<\/h2>\n\n\n\n<p><strong>Especialistas em comportamento humano destacam que optar por dormir sem meias durante o inverno pode demonstrar um desejo de independ\u00eancia.<\/strong> Essa escolha simples, embora muitas vezes inconsciente, pode indicar que a pessoa valoriza o controle de suas pr\u00f3prias decis\u00f5es e prefere n\u00e3o seguir padr\u00f5es apenas por quest\u00f5es culturais ou h\u00e1bitos alheios. Segundo psic\u00f3logos, a autonomia em pequenas a\u00e7\u00f5es cotidianas serve como reflexo de caracter\u00edsticas mais profundas.<\/p>\n\n\n\n<h2 class=\"wp-block-heading\">Quais s\u00e3o os poss\u00edveis significados emocionais desse h\u00e1bito?<\/h2>\n\n\n\n<p><strong>Al\u00e9m da independ\u00eancia, h\u00e1 outros fatores emocionais associados \u00e0 prefer\u00eancia por dormir sem meias.<\/strong> Manter os p\u00e9s descobertos pode simbolizar abertura ao novo e disposi\u00e7\u00e3o para se expor a situa\u00e7\u00f5es diversas, demonstrando, em certos casos, vulnerabilidade. Pessoas que optam por n\u00e3o cobrir os p\u00e9s durante a noite podem estar mais conectadas com seus sentimentos e sensa\u00e7\u00f5es, o que leva a uma maior consci\u00eancia sobre o pr\u00f3prio corpo e mente.<\/p>\n\n\n\n<figure class=\"wp-block-image size-large\"><img decoding=\"async\" width=\"1024\" height=\"576\" src=\"https:\/\/www.correiobraziliense.com.br\/cbradar\/wp-content\/uploads\/2025\/07\/pessoa-dormindo_1752693308571-1024x576.jpg\" alt=\"O que significa dormir sem meias, segundo a psicologia\" class=\"wp-image-70847\" srcset=\"https:\/\/www.correiobraziliense.com.br\/cbradar\/wp-content\/uploads\/2025\/07\/pessoa-dormindo_1752693308571-1024x576.jpg 1024w, https:\/\/www.correiobraziliense.com.br\/cbradar\/wp-content\/uploads\/2025\/07\/pessoa-dormindo_1752693308571-300x169.jpg 300w, https:\/\/www.correiobraziliense.com.br\/cbradar\/wp-content\/uploads\/2025\/07\/pessoa-dormindo_1752693308571-768x432.jpg 768w, https:\/\/www.correiobraziliense.com.br\/cbradar\/wp-content\/uploads\/2025\/07\/pessoa-dormindo_1752693308571-750x422.jpg 750w, https:\/\/www.correiobraziliense.com.br\/cbradar\/wp-content\/uploads\/2025\/07\/pessoa-dormindo_1752693308571-1140x641.jpg 1140w, https:\/\/www.correiobraziliense.com.br\/cbradar\/wp-content\/uploads\/2025\/07\/pessoa-dormindo_1752693308571.jpg 1280w\" sizes=\"(max-width: 1024px) 100vw, 1024px\" \/><figcaption class=\"wp-element-caption\">pessoa dormindo. Cr\u00e9ditos: depositphotos.com \/ photographer.moskova<\/figcaption><\/figure>\n\n\n\n<h2 class=\"wp-block-heading\">Dormir sem meias faz mal \u00e0 sa\u00fade?<\/h2>\n\n\n\n<p><strong>Do ponto de vista m\u00e9dico, algumas pesquisas indicam que manter os p\u00e9s aquecidos pode ajudar na regula\u00e7\u00e3o da temperatura corporal, auxiliando na prepara\u00e7\u00e3o do corpo para o sono.<\/strong> No entanto, para muitos especialistas, o conforto pessoal \u00e9 t\u00e3o relevante quanto eventuais benef\u00edcios f\u00edsicos. Ou seja, n\u00e3o existe uma regra \u00fanica: cada indiv\u00edduo deve observar como se sente melhor, buscando adaptar o ambiente e a rotina de sono ao pr\u00f3prio estilo de vida.<\/p>\n\n\n\n<ul class=\"wp-block-list\">\n<li><strong>Independ\u00eancia:<\/strong> demonstra autonomia nas pequenas escolhas di\u00e1rias.<\/li>\n\n\n\n<li><strong>Consci\u00eancia corporal:<\/strong> revela aten\u00e7\u00e3o \u00e0s necessidades do corpo.<\/li>\n\n\n\n<li><strong>Abertura e autenticidade:<\/strong> pode indicar disposi\u00e7\u00e3o para ser transparente e verdadeiro.<\/li>\n<\/ul>\n\n\n\n<p>Enquanto algumas pessoas sentem maior bem-estar com os p\u00e9s aquecidos, outras percebem desconforto ao usar meias ou preferem sentir a temperatura do ambiente. N\u00e3o h\u00e1 uma resposta \u00fanica para todos, e cada pessoa deve buscar o equil\u00edbrio entre sa\u00fade, conforto e necessidades emocionais. A escolha de dormir sem meias, especialmente nos dias frios, oferece um cen\u00e1rio interessante para a compreens\u00e3o dos h\u00e1bitos humanos, servindo como ponto de partida para reflex\u00f5es sobre autonomia, autocuidado e escuta das pr\u00f3prias necessidades.<\/p>\n","protected":false},"excerpt":{"rendered":"<p>Saiba como a escolha de dormir sem meias em noites frias pode refletir autenticidade e consci\u00eancia corporal, de acordo com especialistas.<\/p>\n","protected":false},"author":3,"featured_media":70846,"comment_status":"open","ping_status":"open","sticky":false,"template":"","format":"standard","meta":{"_yoast_wpseo_focuskw":"dormir sem meias","_yoast_wpseo_title":"%%title%%","_yoast_wpseo_metadesc":"Saiba como a escolha de dormir sem meias em noites frias pode refletir autenticidade e consci\u00eancia corporal, de acordo com especialistas.","jnews-multi-image_gallery":[],"jnews_single_post":{"format":"standard"},"jnews_primary_category":[],"jnews_social_meta":[],"jnews_override_counter":[],"footnotes":""},"categories":[112],"post_tag":[144,404],"class_list":["post-70844","post","type-post","status-publish","format-standard","has-post-thumbnail","hentry","category-curiosidades","tag-curiosidades","tag-psicologia"],"yoast_head":"<!-- This site is optimized with the Yoast SEO plugin v24.6 - https:\/\/yoast.com\/wordpress\/plugins\/seo\/ -->\n<title>O que significa dormir sem meias, segundo a psicologia<\/title>\n<meta name=\"description\" content=\"Saiba como a escolha de dormir sem meias em noites frias pode refletir autenticidade e consci\u00eancia corporal, de acordo com especialistas.\" \/>\n<meta name=\"robots\" content=\"index, follow, max-snippet:-1, max-image-preview:large, max-video-preview:-1\" \/>\n<link rel=\"canonical\" href=\"https:\/\/www.correiobraziliense.com.br\/cbradar\/o-que-significa-dormir-sem-meias-segundo-a-psicologia\/\" \/>\n<meta property=\"og:locale\" content=\"pt_BR\" \/>\n<meta property=\"og:type\" content=\"article\" \/>\n<meta property=\"og:title\" content=\"O que significa dormir sem meias, segundo a psicologia\" \/>\n<meta property=\"og:description\" content=\"Saiba como a escolha de dormir sem meias em noites frias pode refletir autenticidade e consci\u00eancia corporal, de acordo com especialistas.\" \/>\n<meta property=\"og:url\" content=\"https:\/\/www.correiobraziliense.com.br\/cbradar\/o-que-significa-dormir-sem-meias-segundo-a-psicologia\/\" \/>\n<meta property=\"og:site_name\" content=\"Correio Braziliense - Radar\" \/>\n<meta property=\"article:published_time\" content=\"2025-07-17T19:23:00+00:00\" \/>\n<meta property=\"og:image\" content=\"https:\/\/www.correiobraziliense.com.br\/cbradar\/wp-content\/uploads\/2025\/07\/pessoa-dormindo_1752693279537.jpg\" \/>\n\t<meta property=\"og:image:width\" content=\"1280\" \/>\n\t<meta property=\"og:image:height\" content=\"720\" \/>\n\t<meta property=\"og:image:type\" content=\"image\/jpeg\" \/>\n<meta name=\"author\" content=\"Larissa Carvalho\" \/>\n<meta name=\"twitter:card\" content=\"summary_large_image\" \/>\n<meta name=\"twitter:label1\" content=\"Escrito por\" \/>\n\t<meta name=\"twitter:data1\" content=\"Larissa Carvalho\" \/>\n\t<meta name=\"twitter:label2\" content=\"Est. tempo de leitura\" \/>\n\t<meta name=\"twitter:data2\" content=\"3 minutos\" \/>\n<!-- \/ Yoast SEO plugin. -->","yoast_head_json":{"title":"O que significa dormir sem meias, segundo a psicologia","description":"Saiba como a escolha de dormir sem meias em noites frias pode refletir autenticidade e consci\u00eancia corporal, de acordo com especialistas.","robots":{"index":"index","follow":"follow","max-snippet":"max-snippet:-1","max-image-preview":"max-image-preview:large","max-video-preview":"max-video-preview:-1"},"canonical":"https:\/\/www.correiobraziliense.com.br\/cbradar\/o-que-significa-dormir-sem-meias-segundo-a-psicologia\/","og_locale":"pt_BR","og_type":"article","og_title":"O que significa dormir sem meias, segundo a psicologia","og_description":"Saiba como a escolha de dormir sem meias em noites frias pode refletir autenticidade e consci\u00eancia corporal, de acordo com especialistas.","og_url":"https:\/\/www.correiobraziliense.com.br\/cbradar\/o-que-significa-dormir-sem-meias-segundo-a-psicologia\/","og_site_name":"Correio Braziliense - Radar","article_published_time":"2025-07-17T19:23:00+00:00","og_image":[{"width":1280,"height":720,"url":"https:\/\/www.correiobraziliense.com.br\/cbradar\/wp-content\/uploads\/2025\/07\/pessoa-dormindo_1752693279537.jpg","type":"image\/jpeg"}],"author":"Larissa Carvalho","twitter_card":"summary_large_image","twitter_misc":{"Escrito por":"Larissa Carvalho","Est. tempo de leitura":"3 minutos"},"schema":{"@context":"https:\/\/schema.org","@graph":[{"@type":"WebPage","@id":"https:\/\/www.correiobraziliense.com.br\/cbradar\/o-que-significa-dormir-sem-meias-segundo-a-psicologia\/","url":"https:\/\/www.correiobraziliense.com.br\/cbradar\/o-que-significa-dormir-sem-meias-segundo-a-psicologia\/","name":"O que significa dormir sem meias, segundo a psicologia","isPartOf":{"@id":"https:\/\/www.correiobraziliense.com.br\/cbradar\/#website"},"primaryImageOfPage":{"@id":"https:\/\/www.correiobraziliense.com.br\/cbradar\/o-que-significa-dormir-sem-meias-segundo-a-psicologia\/#primaryimage"},"image":{"@id":"https:\/\/www.correiobraziliense.com.br\/cbradar\/o-que-significa-dormir-sem-meias-segundo-a-psicologia\/#primaryimage"},"thumbnailUrl":"https:\/\/www.correiobraziliense.com.br\/cbradar\/wp-content\/uploads\/2025\/07\/pessoa-dormindo_1752693279537.jpg","datePublished":"2025-07-17T19:23:00+00:00","author":{"@id":"https:\/\/www.correiobraziliense.com.br\/cbradar\/#\/schema\/person\/58422787644df994b53a19d3e56c1513"},"description":"Saiba como a escolha de dormir sem meias em noites frias pode refletir autenticidade e consci\u00eancia corporal, de acordo com especialistas.","breadcrumb":{"@id":"https:\/\/www.correiobraziliense.com.br\/cbradar\/o-que-significa-dormir-sem-meias-segundo-a-psicologia\/#breadcrumb"},"inLanguage":"pt-BR","potentialAction":[{"@type":"ReadAction","target":["https:\/\/www.correiobraziliense.com.br\/cbradar\/o-que-significa-dormir-sem-meias-segundo-a-psicologia\/"]}]},{"@type":"ImageObject","inLanguage":"pt-BR","@id":"https:\/\/www.correiobraziliense.com.br\/cbradar\/o-que-significa-dormir-sem-meias-segundo-a-psicologia\/#primaryimage","url":"https:\/\/www.correiobraziliense.com.br\/cbradar\/wp-content\/uploads\/2025\/07\/pessoa-dormindo_1752693279537.jpg","contentUrl":"https:\/\/www.correiobraziliense.com.br\/cbradar\/wp-content\/uploads\/2025\/07\/pessoa-dormindo_1752693279537.jpg","width":1280,"height":720,"caption":"pessoa dormindo. Cr\u00e9ditos: depositphotos.com \/ VitalikRadko"},{"@type":"BreadcrumbList","@id":"https:\/\/www.correiobraziliense.com.br\/cbradar\/o-que-significa-dormir-sem-meias-segundo-a-psicologia\/#breadcrumb","itemListElement":[{"@type":"ListItem","position":1,"name":"In\u00edcio","item":"https:\/\/www.correiobraziliense.com.br\/cbradar\/"},{"@type":"ListItem","position":2,"name":"O que significa dormir sem meias, segundo a psicologia"}]},{"@type":"WebSite","@id":"https:\/\/www.correiobraziliense.com.br\/cbradar\/#website","url":"https:\/\/www.correiobraziliense.com.br\/cbradar\/","name":"Correio Braziliense - Radar","description":"Acompanhe as \u00faltimas not\u00edcias e fique bem informado sobre tudo o que acontece no Brasil e no mundo.","potentialAction":[{"@type":"SearchAction","target":{"@type":"EntryPoint","urlTemplate":"https:\/\/www.correiobraziliense.com.br\/cbradar\/?s={search_term_string}"},"query-input":{"@type":"PropertyValueSpecification","valueRequired":true,"valueName":"search_term_string"}}],"inLanguage":"pt-BR"},{"@type":"Person","@id":"https:\/\/www.correiobraziliense.com.br\/cbradar\/#\/schema\/person\/58422787644df994b53a19d3e56c1513","name":"Larissa Carvalho","image":{"@type":"ImageObject","inLanguage":"pt-BR","@id":"https:\/\/www.correiobraziliense.com.br\/cbradar\/#\/schema\/person\/image\/","url":"https:\/\/secure.gravatar.com\/avatar\/fe4f91a0de32b52a838d0d612abdc1aa?s=96&d=mm&r=g","contentUrl":"https:\/\/secure.gravatar.com\/avatar\/fe4f91a0de32b52a838d0d612abdc1aa?s=96&d=mm&r=g","caption":"Larissa Carvalho"},"url":"https:\/\/www.correiobraziliense.com.br\/cbradar\/author\/larissamyth\/"}]}},"_links":{"self":[{"href":"https:\/\/www.correiobraziliense.com.br\/cbradar\/wp-json\/wp\/v2\/posts\/70844","targetHints":{"allow":["GET"]}}],"collection":[{"href":"https:\/\/www.correiobraziliense.com.br\/cbradar\/wp-json\/wp\/v2\/posts"}],"about":[{"href":"https:\/\/www.correiobraziliense.com.br\/cbradar\/wp-json\/wp\/v2\/types\/post"}],"author":[{"embeddable":true,"href":"https:\/\/www.correiobraziliense.com.br\/cbradar\/wp-json\/wp\/v2\/users\/3"}],"replies":[{"embeddable":true,"href":"https:\/\/www.correiobraziliense.com.br\/cbradar\/wp-json\/wp\/v2\/comments?post=70844"}],"version-history":[{"count":2,"href":"https:\/\/www.correiobraziliense.com.br\/cbradar\/wp-json\/wp\/v2\/posts\/70844\/revisions"}],"predecessor-version":[{"id":70848,"href":"https:\/\/www.correiobraziliense.com.br\/cbradar\/wp-json\/wp\/v2\/posts\/70844\/revisions\/70848"}],"wp:featuredmedia":[{"embeddable":true,"href":"https:\/\/www.correiobraziliense.com.br\/cbradar\/wp-json\/wp\/v2\/media\/70846"}],"wp:attachment":[{"href":"https:\/\/www.correiobraziliense.com.br\/cbradar\/wp-json\/wp\/v2\/media?parent=70844"}],"wp:term":[{"taxonomy":"category","embeddable":true,"href":"https:\/\/www.correiobraziliense.com.br\/cbradar\/wp-json\/wp\/v2\/categories?post=70844"},{"taxonomy":"post_tag","embeddable":true,"href":"https:\/\/www.correiobraziliense.com.br\/cbradar\/wp-json\/wp\/v2\/post_tag?post=70844"}],"curies":[{"name":"wp","href":"https:\/\/api.w.org\/{rel}","templated":true}]}}