{"id":70849,"date":"2025-07-17T17:23:00","date_gmt":"2025-07-17T20:23:00","guid":{"rendered":"https:\/\/www.correiobraziliense.com.br\/cbradar\/?p=70849"},"modified":"2025-07-16T16:18:05","modified_gmt":"2025-07-16T19:18:05","slug":"o-tempero-mais-sustentavel-e-surpreendente-da-sua-cozinha-esta-aqui","status":"publish","type":"post","link":"https:\/\/www.correiobraziliense.com.br\/cbradar\/o-tempero-mais-sustentavel-e-surpreendente-da-sua-cozinha-esta-aqui\/","title":{"rendered":"O tempero mais sustent\u00e1vel e surpreendente da sua cozinha est\u00e1 aqui"},"content":{"rendered":"\n<p>O uso da <strong>sal saborizada<\/strong> tem conquistado espa\u00e7o nas cozinhas dom\u00e9sticas nos \u00faltimos anos. Esse ingrediente, al\u00e9m de acentuar o paladar dos pratos, permite personalizar receitas com aroma e nuances diferenciadas de forma simples e econ\u00f4mica. A possibilidade de produzir uma vers\u00e3o caseira, agregando elementos naturais como casca de cebola roxa, transforma o preparo em uma experi\u00eancia criativa e pr\u00e1tica.<\/p>\n\n\n\n<p>No cotidiano da cozinha, a escolha de uma <strong>sal especial<\/strong> pode mudar a forma como certos alimentos s\u00e3o apreciados. Ao inv\u00e9s de investir em misturas industrializadas, diversos ingredientes presentes em casa podem ser incorporados para potencializar esse tempero. Entre os mais acess\u00edveis, est\u00e1 a casca de <strong>cebola roxa<\/strong>, um res\u00edduo normalmente descartado, mas que, ap\u00f3s uma breve prepara\u00e7\u00e3o, se torna um importante aliado no acabamento de pratos variados.<\/p>\n\n\n\n<h2 class=\"wp-block-heading\">Como transformar casca de cebola roxa em sal saborizada?<\/h2>\n\n\n\n<p><strong>O processo de prepara\u00e7\u00e3o da sal saborizada \u00e9 descomplicado e n\u00e3o exige equipamentos espec\u00edficos.<\/strong> Tudo come\u00e7a com a sele\u00e7\u00e3o de aproximadamente cinco cebolas roxas, cujas cascas precisam ser higienizadas e submetidas \u00e0 secagem completa. Esse passo \u00e9 essencial para evitar a presen\u00e7a de umidade, respons\u00e1vel por comprometer tanto o sabor quanto a durabilidade da mistura final.<\/p>\n\n\n\n<p><strong>Ap\u00f3s secar, as cascas devem ser tostadas em forno baixo ou na air fryer, at\u00e9 ficarem crocantes.<\/strong> O segredo desse m\u00e9todo est\u00e1 na torra moderada, que intensifica o aroma e garante textura adequada para a tritura\u00e7\u00e3o. Uma vez frias, as cascas s\u00e3o misturadas \u00e0 sal comum, formando a base da receita. Aqui, pode-se adicionar outros sabores como piment\u00e3o defumado ou pimenta do reino mo\u00edda, ajustando a intensidade conforme a prefer\u00eancia individual.<\/p>\n\n\n\n<figure class=\"wp-block-image size-large\"><img decoding=\"async\" width=\"1024\" height=\"576\" src=\"https:\/\/www.correiobraziliense.com.br\/cbradar\/wp-content\/uploads\/2025\/07\/sal_1752693464073-1024x576.jpg\" alt=\"O tempero mais sustent\u00e1vel e surpreendente da sua cozinha est\u00e1 aqui\" class=\"wp-image-70852\" srcset=\"https:\/\/www.correiobraziliense.com.br\/cbradar\/wp-content\/uploads\/2025\/07\/sal_1752693464073-1024x576.jpg 1024w, https:\/\/www.correiobraziliense.com.br\/cbradar\/wp-content\/uploads\/2025\/07\/sal_1752693464073-300x169.jpg 300w, https:\/\/www.correiobraziliense.com.br\/cbradar\/wp-content\/uploads\/2025\/07\/sal_1752693464073-768x432.jpg 768w, https:\/\/www.correiobraziliense.com.br\/cbradar\/wp-content\/uploads\/2025\/07\/sal_1752693464073-750x422.jpg 750w, https:\/\/www.correiobraziliense.com.br\/cbradar\/wp-content\/uploads\/2025\/07\/sal_1752693464073-1140x641.jpg 1140w, https:\/\/www.correiobraziliense.com.br\/cbradar\/wp-content\/uploads\/2025\/07\/sal_1752693464073.jpg 1280w\" sizes=\"(max-width: 1024px) 100vw, 1024px\" \/><figcaption class=\"wp-element-caption\">sal. Cr\u00e9ditos: depositphotos.com \/ jordache<\/figcaption><\/figure>\n\n\n\n<h2 class=\"wp-block-heading\">Quais s\u00e3o as melhores formas de usar a sal saborizada?<\/h2>\n\n\n\n<p><strong>Com a mistura pronta, surgem diversas op\u00e7\u00f5es de aplica\u00e7\u00e3o para real\u00e7ar pratos no dia a dia.<\/strong> Entre as sugest\u00f5es mais frequentes, destaca-se o uso como toque final em batatas assadas, carnes grelhadas e vegetais preparados no forno. O sabor defumado, combinado ao aroma delicado da cebola roxa, proporciona um diferencial sutil e natural.<\/p>\n\n\n\n<ul class=\"wp-block-list\">\n<li><strong>Em carnes:<\/strong> Polvilhar antes ou ap\u00f3s o preparo auxilia na forma\u00e7\u00e3o de uma crosta arom\u00e1tica e saborosa.<\/li>\n\n\n\n<li><strong>Em legumes:<\/strong> Finalizar vegetais grelhados garante um toque r\u00fastico e marcante.<\/li>\n\n\n\n<li><strong>Em massas:<\/strong> Uma pitada na finaliza\u00e7\u00e3o real\u00e7a caldos e ensopados.<\/li>\n\n\n\n<li><strong>Como presente:<\/strong> Armazenada em pequenos potes de vidro, essa mistura pode ser um mimo original em datas especiais.<\/li>\n<\/ul>\n\n\n\n<h2 class=\"wp-block-heading\">Quais cuidados tomar ao preparar e armazenar sal saborizada?<\/h2>\n\n\n\n<p><strong>A produ\u00e7\u00e3o artesanal de sal temperado requer aten\u00e7\u00e3o quanto \u00e0 higiene e armazenamento adequado.<\/strong> \u00c9 fundamental lavar as cascas, garantir que estejam totalmente secas antes de tostar e triturar, e evitar recipientes pl\u00e1sticos, optando preferencialmente pelo vidro. Isso minimiza riscos de contamina\u00e7\u00e3o e prolonga a vida \u00fatil do tempero.<\/p>\n\n\n\n<ol class=\"wp-block-list\">\n<li><strong>Secagem completa:<\/strong> Nunca utilize cascas \u00famidas, para evitar bolores e altera\u00e7\u00e3o de sabor.<\/li>\n\n\n\n<li><strong>Armazenamento:<\/strong> Recipientes vedados, mantidos ao abrigo da luz e umidade, preservam as caracter\u00edsticas da mistura por mais tempo.<\/li>\n\n\n\n<li><strong>Data de validade:<\/strong> Considere utilizar em at\u00e9 tr\u00eas meses para manter frescor e pot\u00eancia arom\u00e1tica.<\/li>\n<\/ol>\n\n\n\n<p><strong>O preparo de sal saborizada com casca de cebola roxa representa uma escolha sustent\u00e1vel, pois aproveita partes do alimento tradicionalmente descartadas.<\/strong> Essa pr\u00e1tica simples, al\u00e9m de gerar economia, amplia as possibilidades de inova\u00e7\u00e3o no cotidiano culin\u00e1rio, mantendo o controle de ingredientes e favorecendo h\u00e1bitos alimentares mais naturais.<\/p>\n","protected":false},"excerpt":{"rendered":"<p>Transforme cascas de cebola roxa em sal temperado e realce o sabor de carnes, batatas e legumes. Dica pr\u00e1tica para inovar na cozinha e evitar desperd\u00edcio.<\/p>\n","protected":false},"author":3,"featured_media":70851,"comment_status":"open","ping_status":"open","sticky":false,"template":"","format":"standard","meta":{"_yoast_wpseo_focuskw":"tempero cebola","_yoast_wpseo_title":"%%title%%","_yoast_wpseo_metadesc":"Transforme cascas de cebola roxa em sal temperado e realce o sabor de carnes, batatas e legumes. Dica pr\u00e1tica para inovar na cozinha e evitar desperd\u00edcio.","jnews-multi-image_gallery":[],"jnews_single_post":{"format":"standard"},"jnews_primary_category":[],"jnews_social_meta":[],"jnews_override_counter":[],"footnotes":""},"categories":[112],"post_tag":[281,1423,144],"class_list":["post-70849","post","type-post","status-publish","format-standard","has-post-thumbnail","hentry","category-curiosidades","tag-alimentacao","tag-alimentos","tag-curiosidades"],"yoast_head":"<!-- This site is optimized with the Yoast SEO plugin v24.6 - https:\/\/yoast.com\/wordpress\/plugins\/seo\/ -->\n<title>O tempero mais sustent\u00e1vel e surpreendente da sua cozinha est\u00e1 aqui<\/title>\n<meta name=\"description\" content=\"Transforme cascas de cebola roxa em sal temperado e realce o sabor de carnes, batatas e legumes. Dica pr\u00e1tica para inovar na cozinha e evitar desperd\u00edcio.\" \/>\n<meta name=\"robots\" content=\"index, follow, max-snippet:-1, max-image-preview:large, max-video-preview:-1\" \/>\n<link rel=\"canonical\" href=\"https:\/\/www.correiobraziliense.com.br\/cbradar\/o-tempero-mais-sustentavel-e-surpreendente-da-sua-cozinha-esta-aqui\/\" \/>\n<meta property=\"og:locale\" content=\"pt_BR\" \/>\n<meta property=\"og:type\" content=\"article\" \/>\n<meta property=\"og:title\" content=\"O tempero mais sustent\u00e1vel e surpreendente da sua cozinha est\u00e1 aqui\" \/>\n<meta property=\"og:description\" content=\"Transforme cascas de cebola roxa em sal temperado e realce o sabor de carnes, batatas e legumes. Dica pr\u00e1tica para inovar na cozinha e evitar desperd\u00edcio.\" \/>\n<meta property=\"og:url\" content=\"https:\/\/www.correiobraziliense.com.br\/cbradar\/o-tempero-mais-sustentavel-e-surpreendente-da-sua-cozinha-esta-aqui\/\" \/>\n<meta property=\"og:site_name\" content=\"Correio Braziliense - Radar\" \/>\n<meta property=\"article:published_time\" content=\"2025-07-17T20:23:00+00:00\" \/>\n<meta property=\"og:image\" content=\"https:\/\/www.correiobraziliense.com.br\/cbradar\/wp-content\/uploads\/2025\/07\/sal_1752693385115.jpg\" \/>\n\t<meta property=\"og:image:width\" content=\"1280\" \/>\n\t<meta property=\"og:image:height\" content=\"720\" \/>\n\t<meta property=\"og:image:type\" content=\"image\/jpeg\" \/>\n<meta name=\"author\" content=\"Larissa Carvalho\" \/>\n<meta name=\"twitter:card\" content=\"summary_large_image\" \/>\n<meta name=\"twitter:label1\" content=\"Escrito por\" \/>\n\t<meta name=\"twitter:data1\" content=\"Larissa Carvalho\" \/>\n\t<meta name=\"twitter:label2\" content=\"Est. tempo de leitura\" \/>\n\t<meta name=\"twitter:data2\" content=\"4 minutos\" \/>\n<!-- \/ Yoast SEO plugin. -->","yoast_head_json":{"title":"O tempero mais sustent\u00e1vel e surpreendente da sua cozinha est\u00e1 aqui","description":"Transforme cascas de cebola roxa em sal temperado e realce o sabor de carnes, batatas e legumes. Dica pr\u00e1tica para inovar na cozinha e evitar desperd\u00edcio.","robots":{"index":"index","follow":"follow","max-snippet":"max-snippet:-1","max-image-preview":"max-image-preview:large","max-video-preview":"max-video-preview:-1"},"canonical":"https:\/\/www.correiobraziliense.com.br\/cbradar\/o-tempero-mais-sustentavel-e-surpreendente-da-sua-cozinha-esta-aqui\/","og_locale":"pt_BR","og_type":"article","og_title":"O tempero mais sustent\u00e1vel e surpreendente da sua cozinha est\u00e1 aqui","og_description":"Transforme cascas de cebola roxa em sal temperado e realce o sabor de carnes, batatas e legumes. Dica pr\u00e1tica para inovar na cozinha e evitar desperd\u00edcio.","og_url":"https:\/\/www.correiobraziliense.com.br\/cbradar\/o-tempero-mais-sustentavel-e-surpreendente-da-sua-cozinha-esta-aqui\/","og_site_name":"Correio Braziliense - Radar","article_published_time":"2025-07-17T20:23:00+00:00","og_image":[{"width":1280,"height":720,"url":"https:\/\/www.correiobraziliense.com.br\/cbradar\/wp-content\/uploads\/2025\/07\/sal_1752693385115.jpg","type":"image\/jpeg"}],"author":"Larissa Carvalho","twitter_card":"summary_large_image","twitter_misc":{"Escrito por":"Larissa Carvalho","Est. tempo de leitura":"4 minutos"},"schema":{"@context":"https:\/\/schema.org","@graph":[{"@type":"WebPage","@id":"https:\/\/www.correiobraziliense.com.br\/cbradar\/o-tempero-mais-sustentavel-e-surpreendente-da-sua-cozinha-esta-aqui\/","url":"https:\/\/www.correiobraziliense.com.br\/cbradar\/o-tempero-mais-sustentavel-e-surpreendente-da-sua-cozinha-esta-aqui\/","name":"O tempero mais sustent\u00e1vel e surpreendente da sua cozinha est\u00e1 aqui","isPartOf":{"@id":"https:\/\/www.correiobraziliense.com.br\/cbradar\/#website"},"primaryImageOfPage":{"@id":"https:\/\/www.correiobraziliense.com.br\/cbradar\/o-tempero-mais-sustentavel-e-surpreendente-da-sua-cozinha-esta-aqui\/#primaryimage"},"image":{"@id":"https:\/\/www.correiobraziliense.com.br\/cbradar\/o-tempero-mais-sustentavel-e-surpreendente-da-sua-cozinha-esta-aqui\/#primaryimage"},"thumbnailUrl":"https:\/\/www.correiobraziliense.com.br\/cbradar\/wp-content\/uploads\/2025\/07\/sal_1752693385115.jpg","datePublished":"2025-07-17T20:23:00+00:00","author":{"@id":"https:\/\/www.correiobraziliense.com.br\/cbradar\/#\/schema\/person\/58422787644df994b53a19d3e56c1513"},"description":"Transforme cascas de cebola roxa em sal temperado e realce o sabor de carnes, batatas e legumes. Dica pr\u00e1tica para inovar na cozinha e evitar desperd\u00edcio.","breadcrumb":{"@id":"https:\/\/www.correiobraziliense.com.br\/cbradar\/o-tempero-mais-sustentavel-e-surpreendente-da-sua-cozinha-esta-aqui\/#breadcrumb"},"inLanguage":"pt-BR","potentialAction":[{"@type":"ReadAction","target":["https:\/\/www.correiobraziliense.com.br\/cbradar\/o-tempero-mais-sustentavel-e-surpreendente-da-sua-cozinha-esta-aqui\/"]}]},{"@type":"ImageObject","inLanguage":"pt-BR","@id":"https:\/\/www.correiobraziliense.com.br\/cbradar\/o-tempero-mais-sustentavel-e-surpreendente-da-sua-cozinha-esta-aqui\/#primaryimage","url":"https:\/\/www.correiobraziliense.com.br\/cbradar\/wp-content\/uploads\/2025\/07\/sal_1752693385115.jpg","contentUrl":"https:\/\/www.correiobraziliense.com.br\/cbradar\/wp-content\/uploads\/2025\/07\/sal_1752693385115.jpg","width":1280,"height":720,"caption":"sal. Cr\u00e9ditos: depositphotos.com \/ miskolin"},{"@type":"BreadcrumbList","@id":"https:\/\/www.correiobraziliense.com.br\/cbradar\/o-tempero-mais-sustentavel-e-surpreendente-da-sua-cozinha-esta-aqui\/#breadcrumb","itemListElement":[{"@type":"ListItem","position":1,"name":"In\u00edcio","item":"https:\/\/www.correiobraziliense.com.br\/cbradar\/"},{"@type":"ListItem","position":2,"name":"O tempero mais sustent\u00e1vel e surpreendente da sua cozinha est\u00e1 aqui"}]},{"@type":"WebSite","@id":"https:\/\/www.correiobraziliense.com.br\/cbradar\/#website","url":"https:\/\/www.correiobraziliense.com.br\/cbradar\/","name":"Correio Braziliense - Radar","description":"Acompanhe as \u00faltimas not\u00edcias e fique bem informado sobre tudo o que acontece no Brasil e no mundo.","potentialAction":[{"@type":"SearchAction","target":{"@type":"EntryPoint","urlTemplate":"https:\/\/www.correiobraziliense.com.br\/cbradar\/?s={search_term_string}"},"query-input":{"@type":"PropertyValueSpecification","valueRequired":true,"valueName":"search_term_string"}}],"inLanguage":"pt-BR"},{"@type":"Person","@id":"https:\/\/www.correiobraziliense.com.br\/cbradar\/#\/schema\/person\/58422787644df994b53a19d3e56c1513","name":"Larissa Carvalho","image":{"@type":"ImageObject","inLanguage":"pt-BR","@id":"https:\/\/www.correiobraziliense.com.br\/cbradar\/#\/schema\/person\/image\/","url":"https:\/\/secure.gravatar.com\/avatar\/fe4f91a0de32b52a838d0d612abdc1aa?s=96&d=mm&r=g","contentUrl":"https:\/\/secure.gravatar.com\/avatar\/fe4f91a0de32b52a838d0d612abdc1aa?s=96&d=mm&r=g","caption":"Larissa Carvalho"},"url":"https:\/\/www.correiobraziliense.com.br\/cbradar\/author\/larissamyth\/"}]}},"_links":{"self":[{"href":"https:\/\/www.correiobraziliense.com.br\/cbradar\/wp-json\/wp\/v2\/posts\/70849","targetHints":{"allow":["GET"]}}],"collection":[{"href":"https:\/\/www.correiobraziliense.com.br\/cbradar\/wp-json\/wp\/v2\/posts"}],"about":[{"href":"https:\/\/www.correiobraziliense.com.br\/cbradar\/wp-json\/wp\/v2\/types\/post"}],"author":[{"embeddable":true,"href":"https:\/\/www.correiobraziliense.com.br\/cbradar\/wp-json\/wp\/v2\/users\/3"}],"replies":[{"embeddable":true,"href":"https:\/\/www.correiobraziliense.com.br\/cbradar\/wp-json\/wp\/v2\/comments?post=70849"}],"version-history":[{"count":2,"href":"https:\/\/www.correiobraziliense.com.br\/cbradar\/wp-json\/wp\/v2\/posts\/70849\/revisions"}],"predecessor-version":[{"id":70853,"href":"https:\/\/www.correiobraziliense.com.br\/cbradar\/wp-json\/wp\/v2\/posts\/70849\/revisions\/70853"}],"wp:featuredmedia":[{"embeddable":true,"href":"https:\/\/www.correiobraziliense.com.br\/cbradar\/wp-json\/wp\/v2\/media\/70851"}],"wp:attachment":[{"href":"https:\/\/www.correiobraziliense.com.br\/cbradar\/wp-json\/wp\/v2\/media?parent=70849"}],"wp:term":[{"taxonomy":"category","embeddable":true,"href":"https:\/\/www.correiobraziliense.com.br\/cbradar\/wp-json\/wp\/v2\/categories?post=70849"},{"taxonomy":"post_tag","embeddable":true,"href":"https:\/\/www.correiobraziliense.com.br\/cbradar\/wp-json\/wp\/v2\/post_tag?post=70849"}],"curies":[{"name":"wp","href":"https:\/\/api.w.org\/{rel}","templated":true}]}}