{"id":70859,"date":"2025-07-17T18:13:00","date_gmt":"2025-07-17T21:13:00","guid":{"rendered":"https:\/\/www.correiobraziliense.com.br\/cbradar\/?p=70859"},"modified":"2025-07-16T16:23:24","modified_gmt":"2025-07-16T19:23:24","slug":"o-exercicio-que-conquistou-famosos-e-pode-revolucionar-sua-rotina","status":"publish","type":"post","link":"https:\/\/www.correiobraziliense.com.br\/cbradar\/o-exercicio-que-conquistou-famosos-e-pode-revolucionar-sua-rotina\/","title":{"rendered":"O exerc\u00edcio que conquistou famosos e pode revolucionar sua rotina"},"content":{"rendered":"\n<p>Buscar uma forma eficiente de eliminar o excesso de peso enquanto se diverte \u00e9 um objetivo compartilhado por quem deseja transformar a rotina de exerc\u00edcios em algo prazeroso. Com a proximidade do ver\u00e3o, cresce o interesse por pr\u00e1ticas que possam melhorar a sa\u00fade e auxiliar na conquista de uma silhueta desejada, sem abrir m\u00e3o do bem-estar e da alegria durante os treinos.<\/p>\n\n\n\n<p>A manuten\u00e7\u00e3o da forma f\u00edsica requer uma combina\u00e7\u00e3o estrat\u00e9gica entre alimenta\u00e7\u00e3o equilibrada, h\u00e1bitos saud\u00e1veis e, sobretudo, movimenta\u00e7\u00e3o regular. Entre os m\u00e9todos que oferecem maior engajamento, destaca-se um tipo de treinamento que conquistou <strong>celebridades internacionais<\/strong> e ganhou visibilidade por proporcionar resultados expressivos, aliados a uma experi\u00eancia diferenciada de atividade corporal.<\/p>\n\n\n\n<h2 class=\"wp-block-heading\">Como funciona o treino suspenso t\u00e3o adotado por famosos?<\/h2>\n\n\n\n<p><strong>Nos \u00faltimos anos, um n\u00famero crescente de personalidades tem compartilhado suas experi\u00eancias com o chamado \u201caerial workout\u201d, tamb\u00e9m conhecido como treino suspenso ou yoga a\u00e9rea.<\/strong> Essa modalidade se destaca pelo uso de uma rede especial, o <strong>aerial hammock<\/strong>, que permite ao praticante executar movimentos e posturas enquanto est\u00e1 suspenso no ar. O m\u00e9todo, al\u00e9m de inovador, transforma o tradicional exerc\u00edcio f\u00edsico em uma pr\u00e1tica l\u00fadica e din\u00e2mica, favorecendo a ades\u00e3o cont\u00ednua \u00e0s rotinas esportivas.<\/p>\n\n\n\n<p><strong>A sustenta\u00e7\u00e3o parcial ou total do corpo desafia a for\u00e7a muscular e exige equil\u00edbrio, promovendo resultados vis\u00edveis tanto na defini\u00e7\u00e3o quanto na resist\u00eancia f\u00edsica.<\/strong> Essa caracter\u00edstica faz do aerial workout uma op\u00e7\u00e3o interessante para quem busca aliar sa\u00fade, est\u00e9tica e divers\u00e3o em um s\u00f3 treino.<\/p>\n\n\n\n<h2 class=\"wp-block-heading\">Quais s\u00e3o os principais benef\u00edcios do aerial workout na perda de peso?<\/h2>\n\n\n\n<p><strong>O aerial workout se diferencia por proporcionar uma s\u00e9rie de ganhos f\u00edsicos, especialmente para quem deseja emagrecer.<\/strong> Entre os benef\u00edcios mais citados est\u00e3o:<\/p>\n\n\n\n<ul class=\"wp-block-list\">\n<li><strong>Queima de calorias acelerada:<\/strong> A combina\u00e7\u00e3o entre for\u00e7a, flexibilidade e movimentos aer\u00f3bicos torna essa pr\u00e1tica eficaz para impulsionar o metabolismo.<\/li>\n\n\n\n<li><strong>Melhoria do t\u00f4nus muscular:<\/strong> A constante necessidade de manter o corpo est\u00e1vel na rede faz com que diversos grupos musculares sejam ativados simultaneamente.<\/li>\n\n\n\n<li><strong>Prote\u00e7\u00e3o das articula\u00e7\u00f5es:<\/strong> O suporte oferecido pelo hammock reduz o impacto em joelhos e tornozelos, minimizando riscos de les\u00f5es.<\/li>\n\n\n\n<li><strong>Desenvolvimento do equil\u00edbrio e postura:<\/strong> O treino exige controle corporal, o que contribui para uma postura mais alinhada e para o aumento da propriocep\u00e7\u00e3o.<\/li>\n\n\n\n<li><strong>Sensa\u00e7\u00e3o de leveza e relaxamento:<\/strong> Finalizar as sess\u00f5es em posi\u00e7\u00e3o suspensa costuma gerar uma sensa\u00e7\u00e3o de relaxamento profundo, auxiliando at\u00e9 mesmo na gest\u00e3o do estresse.<\/li>\n<\/ul>\n\n\n\n<figure class=\"wp-block-image size-large\"><img decoding=\"async\" width=\"1024\" height=\"576\" src=\"https:\/\/www.correiobraziliense.com.br\/cbradar\/wp-content\/uploads\/2025\/07\/exercicio-fisico_1752693779196-1024x576.jpg\" alt=\"O exerc\u00edcio que conquistou famosos e pode revolucionar sua rotina\" class=\"wp-image-70862\" srcset=\"https:\/\/www.correiobraziliense.com.br\/cbradar\/wp-content\/uploads\/2025\/07\/exercicio-fisico_1752693779196-1024x576.jpg 1024w, https:\/\/www.correiobraziliense.com.br\/cbradar\/wp-content\/uploads\/2025\/07\/exercicio-fisico_1752693779196-300x169.jpg 300w, https:\/\/www.correiobraziliense.com.br\/cbradar\/wp-content\/uploads\/2025\/07\/exercicio-fisico_1752693779196-768x432.jpg 768w, https:\/\/www.correiobraziliense.com.br\/cbradar\/wp-content\/uploads\/2025\/07\/exercicio-fisico_1752693779196-750x422.jpg 750w, https:\/\/www.correiobraziliense.com.br\/cbradar\/wp-content\/uploads\/2025\/07\/exercicio-fisico_1752693779196-1140x641.jpg 1140w, https:\/\/www.correiobraziliense.com.br\/cbradar\/wp-content\/uploads\/2025\/07\/exercicio-fisico_1752693779196.jpg 1280w\" sizes=\"(max-width: 1024px) 100vw, 1024px\" \/><figcaption class=\"wp-element-caption\">exerc\u00edcio f\u00edsico. Cr\u00e9ditos: depositphotos.com \/ ArturVerkhovetskiy<\/figcaption><\/figure>\n\n\n\n<h2 class=\"wp-block-heading\">Como incluir o aerial workout na rotina de quem deseja perder peso?<\/h2>\n\n\n\n<p><strong>Para iniciar no aerial workout, recomenda-se procurar academias ou est\u00fadios especializados, onde instrutores qualificados podem orientar o uso correto do <em>aerial hammock<\/em> e a execu\u00e7\u00e3o das posi\u00e7\u00f5es de forma segura.<\/strong> O ideal \u00e9 combinar essa pr\u00e1tica com uma alimenta\u00e7\u00e3o saud\u00e1vel e outros exerc\u00edcios aer\u00f3bicos ou funcionais, potencializando a perda de peso e melhorando o condicionamento.<\/p>\n\n\n\n<p>Entre os pontos importantes ao adotar essa atividade na rotina, est\u00e3o:<\/p>\n\n\n\n<ol class=\"wp-block-list\">\n<li>Realizar uma avalia\u00e7\u00e3o f\u00edsica pr\u00e9via para garantir que n\u00e3o haja contraindica\u00e7\u00f5es.<\/li>\n\n\n\n<li>Iniciar com turmas para iniciantes, aprendendo gradualmente as t\u00e9cnicas fundamentais.<\/li>\n\n\n\n<li>Dedicar-se \u00e0 regularidade, com pelo menos duas sess\u00f5es semanais.<\/li>\n\n\n\n<li>Respeitar os limites do corpo e buscar progress\u00e3o orientada pelo instrutor respons\u00e1vel.<\/li>\n<\/ol>\n\n\n\n<h2 class=\"wp-block-heading\">Quais cuidados devem ser observados ao praticar o treino suspenso?<\/h2>\n\n\n\n<p><strong>Apesar dos in\u00fameros benef\u00edcios, o aerial workout exige aten\u00e7\u00e3o a detalhes de seguran\u00e7a, como a instala\u00e7\u00e3o adequada do equipamento e seu uso sob supervis\u00e3o.<\/strong> Gestantes, pessoas com problemas na coluna ou limita\u00e7\u00f5es articulares devem redobrar o cuidado e consultar um profissional de sa\u00fade antes de aderir \u00e0 modalidade. A escolha de um local qualificado e a orienta\u00e7\u00e3o de professores especializados s\u00e3o essenciais para garantir resultados positivos e evitar les\u00f5es.<\/p>\n\n\n\n<p><strong>Com o avan\u00e7o do ano de 2025, o aerial workout continua ganhando popularidade, sendo reconhecido por proporcionar uma abordagem inovadora \u00e0 pr\u00e1tica de exerc\u00edcios, especialmente para quem enxerga o emagrecimento como parte de um processo de sa\u00fade e autoestima.<\/strong> Dessa forma, essa atividade se consolida como alternativa eficaz para quem busca perder peso de forma segura e estimulante, sem abrir m\u00e3o do prazer em se movimentar.<\/p>\n","protected":false},"excerpt":{"rendered":"<p>Descubra como o treino suspenso pode ser a chave para perder peso com leveza e seguran\u00e7a. Veja dicas para come\u00e7ar, benef\u00edcios e cuidados essenciais.<\/p>\n","protected":false},"author":3,"featured_media":70861,"comment_status":"open","ping_status":"open","sticky":false,"template":"","format":"standard","meta":{"_yoast_wpseo_focuskw":"exerc\u00edcio revolucionar rotina","_yoast_wpseo_title":"%%title%%","_yoast_wpseo_metadesc":"Descubra como o treino suspenso pode ser a chave para perder peso com leveza e seguran\u00e7a. Veja dicas para come\u00e7ar, benef\u00edcios e cuidados essenciais.","jnews-multi-image_gallery":[],"jnews_single_post":{"format":"standard"},"jnews_primary_category":[],"jnews_social_meta":[],"jnews_override_counter":[],"footnotes":""},"categories":[112],"post_tag":[3559,144,444],"class_list":["post-70859","post","type-post","status-publish","format-standard","has-post-thumbnail","hentry","category-curiosidades","tag-corpo-humano","tag-curiosidades","tag-exercicio-fisico"],"yoast_head":"<!-- This site is optimized with the Yoast SEO plugin v24.6 - https:\/\/yoast.com\/wordpress\/plugins\/seo\/ -->\n<title>O exerc\u00edcio que conquistou famosos e pode revolucionar sua rotina<\/title>\n<meta name=\"description\" content=\"Descubra como o treino suspenso pode ser a chave para perder peso com leveza e seguran\u00e7a. Veja dicas para come\u00e7ar, benef\u00edcios e cuidados essenciais.\" \/>\n<meta name=\"robots\" content=\"index, follow, max-snippet:-1, max-image-preview:large, max-video-preview:-1\" \/>\n<link rel=\"canonical\" href=\"https:\/\/www.correiobraziliense.com.br\/cbradar\/o-exercicio-que-conquistou-famosos-e-pode-revolucionar-sua-rotina\/\" \/>\n<meta property=\"og:locale\" content=\"pt_BR\" \/>\n<meta property=\"og:type\" content=\"article\" \/>\n<meta property=\"og:title\" content=\"O exerc\u00edcio que conquistou famosos e pode revolucionar sua rotina\" \/>\n<meta property=\"og:description\" content=\"Descubra como o treino suspenso pode ser a chave para perder peso com leveza e seguran\u00e7a. Veja dicas para come\u00e7ar, benef\u00edcios e cuidados essenciais.\" \/>\n<meta property=\"og:url\" content=\"https:\/\/www.correiobraziliense.com.br\/cbradar\/o-exercicio-que-conquistou-famosos-e-pode-revolucionar-sua-rotina\/\" \/>\n<meta property=\"og:site_name\" content=\"Correio Braziliense - Radar\" \/>\n<meta property=\"article:published_time\" content=\"2025-07-17T21:13:00+00:00\" \/>\n<meta property=\"og:image\" content=\"https:\/\/www.correiobraziliense.com.br\/cbradar\/wp-content\/uploads\/2025\/07\/exercicio-fisico_1752693706094.jpg\" \/>\n\t<meta property=\"og:image:width\" content=\"1280\" \/>\n\t<meta property=\"og:image:height\" content=\"720\" \/>\n\t<meta property=\"og:image:type\" content=\"image\/jpeg\" \/>\n<meta name=\"author\" content=\"Larissa Carvalho\" \/>\n<meta name=\"twitter:card\" content=\"summary_large_image\" \/>\n<meta name=\"twitter:label1\" content=\"Escrito por\" \/>\n\t<meta name=\"twitter:data1\" content=\"Larissa Carvalho\" \/>\n\t<meta name=\"twitter:label2\" content=\"Est. tempo de leitura\" \/>\n\t<meta name=\"twitter:data2\" content=\"5 minutos\" \/>\n<!-- \/ Yoast SEO plugin. -->","yoast_head_json":{"title":"O exerc\u00edcio que conquistou famosos e pode revolucionar sua rotina","description":"Descubra como o treino suspenso pode ser a chave para perder peso com leveza e seguran\u00e7a. Veja dicas para come\u00e7ar, benef\u00edcios e cuidados essenciais.","robots":{"index":"index","follow":"follow","max-snippet":"max-snippet:-1","max-image-preview":"max-image-preview:large","max-video-preview":"max-video-preview:-1"},"canonical":"https:\/\/www.correiobraziliense.com.br\/cbradar\/o-exercicio-que-conquistou-famosos-e-pode-revolucionar-sua-rotina\/","og_locale":"pt_BR","og_type":"article","og_title":"O exerc\u00edcio que conquistou famosos e pode revolucionar sua rotina","og_description":"Descubra como o treino suspenso pode ser a chave para perder peso com leveza e seguran\u00e7a. Veja dicas para come\u00e7ar, benef\u00edcios e cuidados essenciais.","og_url":"https:\/\/www.correiobraziliense.com.br\/cbradar\/o-exercicio-que-conquistou-famosos-e-pode-revolucionar-sua-rotina\/","og_site_name":"Correio Braziliense - Radar","article_published_time":"2025-07-17T21:13:00+00:00","og_image":[{"width":1280,"height":720,"url":"https:\/\/www.correiobraziliense.com.br\/cbradar\/wp-content\/uploads\/2025\/07\/exercicio-fisico_1752693706094.jpg","type":"image\/jpeg"}],"author":"Larissa Carvalho","twitter_card":"summary_large_image","twitter_misc":{"Escrito por":"Larissa Carvalho","Est. tempo de leitura":"5 minutos"},"schema":{"@context":"https:\/\/schema.org","@graph":[{"@type":"WebPage","@id":"https:\/\/www.correiobraziliense.com.br\/cbradar\/o-exercicio-que-conquistou-famosos-e-pode-revolucionar-sua-rotina\/","url":"https:\/\/www.correiobraziliense.com.br\/cbradar\/o-exercicio-que-conquistou-famosos-e-pode-revolucionar-sua-rotina\/","name":"O exerc\u00edcio que conquistou famosos e pode revolucionar sua rotina","isPartOf":{"@id":"https:\/\/www.correiobraziliense.com.br\/cbradar\/#website"},"primaryImageOfPage":{"@id":"https:\/\/www.correiobraziliense.com.br\/cbradar\/o-exercicio-que-conquistou-famosos-e-pode-revolucionar-sua-rotina\/#primaryimage"},"image":{"@id":"https:\/\/www.correiobraziliense.com.br\/cbradar\/o-exercicio-que-conquistou-famosos-e-pode-revolucionar-sua-rotina\/#primaryimage"},"thumbnailUrl":"https:\/\/www.correiobraziliense.com.br\/cbradar\/wp-content\/uploads\/2025\/07\/exercicio-fisico_1752693706094.jpg","datePublished":"2025-07-17T21:13:00+00:00","author":{"@id":"https:\/\/www.correiobraziliense.com.br\/cbradar\/#\/schema\/person\/58422787644df994b53a19d3e56c1513"},"description":"Descubra como o treino suspenso pode ser a chave para perder peso com leveza e seguran\u00e7a. Veja dicas para come\u00e7ar, benef\u00edcios e cuidados essenciais.","breadcrumb":{"@id":"https:\/\/www.correiobraziliense.com.br\/cbradar\/o-exercicio-que-conquistou-famosos-e-pode-revolucionar-sua-rotina\/#breadcrumb"},"inLanguage":"pt-BR","potentialAction":[{"@type":"ReadAction","target":["https:\/\/www.correiobraziliense.com.br\/cbradar\/o-exercicio-que-conquistou-famosos-e-pode-revolucionar-sua-rotina\/"]}]},{"@type":"ImageObject","inLanguage":"pt-BR","@id":"https:\/\/www.correiobraziliense.com.br\/cbradar\/o-exercicio-que-conquistou-famosos-e-pode-revolucionar-sua-rotina\/#primaryimage","url":"https:\/\/www.correiobraziliense.com.br\/cbradar\/wp-content\/uploads\/2025\/07\/exercicio-fisico_1752693706094.jpg","contentUrl":"https:\/\/www.correiobraziliense.com.br\/cbradar\/wp-content\/uploads\/2025\/07\/exercicio-fisico_1752693706094.jpg","width":1280,"height":720,"caption":"exerc\u00edcio f\u00edsico. Cr\u00e9ditos: depositphotos.com \/ AllaSerebrina"},{"@type":"BreadcrumbList","@id":"https:\/\/www.correiobraziliense.com.br\/cbradar\/o-exercicio-que-conquistou-famosos-e-pode-revolucionar-sua-rotina\/#breadcrumb","itemListElement":[{"@type":"ListItem","position":1,"name":"In\u00edcio","item":"https:\/\/www.correiobraziliense.com.br\/cbradar\/"},{"@type":"ListItem","position":2,"name":"O exerc\u00edcio que conquistou famosos e pode revolucionar sua rotina"}]},{"@type":"WebSite","@id":"https:\/\/www.correiobraziliense.com.br\/cbradar\/#website","url":"https:\/\/www.correiobraziliense.com.br\/cbradar\/","name":"Correio Braziliense - Radar","description":"Acompanhe as \u00faltimas not\u00edcias e fique bem informado sobre tudo o que acontece no Brasil e no mundo.","potentialAction":[{"@type":"SearchAction","target":{"@type":"EntryPoint","urlTemplate":"https:\/\/www.correiobraziliense.com.br\/cbradar\/?s={search_term_string}"},"query-input":{"@type":"PropertyValueSpecification","valueRequired":true,"valueName":"search_term_string"}}],"inLanguage":"pt-BR"},{"@type":"Person","@id":"https:\/\/www.correiobraziliense.com.br\/cbradar\/#\/schema\/person\/58422787644df994b53a19d3e56c1513","name":"Larissa Carvalho","image":{"@type":"ImageObject","inLanguage":"pt-BR","@id":"https:\/\/www.correiobraziliense.com.br\/cbradar\/#\/schema\/person\/image\/","url":"https:\/\/secure.gravatar.com\/avatar\/fe4f91a0de32b52a838d0d612abdc1aa?s=96&d=mm&r=g","contentUrl":"https:\/\/secure.gravatar.com\/avatar\/fe4f91a0de32b52a838d0d612abdc1aa?s=96&d=mm&r=g","caption":"Larissa Carvalho"},"url":"https:\/\/www.correiobraziliense.com.br\/cbradar\/author\/larissamyth\/"}]}},"_links":{"self":[{"href":"https:\/\/www.correiobraziliense.com.br\/cbradar\/wp-json\/wp\/v2\/posts\/70859","targetHints":{"allow":["GET"]}}],"collection":[{"href":"https:\/\/www.correiobraziliense.com.br\/cbradar\/wp-json\/wp\/v2\/posts"}],"about":[{"href":"https:\/\/www.correiobraziliense.com.br\/cbradar\/wp-json\/wp\/v2\/types\/post"}],"author":[{"embeddable":true,"href":"https:\/\/www.correiobraziliense.com.br\/cbradar\/wp-json\/wp\/v2\/users\/3"}],"replies":[{"embeddable":true,"href":"https:\/\/www.correiobraziliense.com.br\/cbradar\/wp-json\/wp\/v2\/comments?post=70859"}],"version-history":[{"count":2,"href":"https:\/\/www.correiobraziliense.com.br\/cbradar\/wp-json\/wp\/v2\/posts\/70859\/revisions"}],"predecessor-version":[{"id":70863,"href":"https:\/\/www.correiobraziliense.com.br\/cbradar\/wp-json\/wp\/v2\/posts\/70859\/revisions\/70863"}],"wp:featuredmedia":[{"embeddable":true,"href":"https:\/\/www.correiobraziliense.com.br\/cbradar\/wp-json\/wp\/v2\/media\/70861"}],"wp:attachment":[{"href":"https:\/\/www.correiobraziliense.com.br\/cbradar\/wp-json\/wp\/v2\/media?parent=70859"}],"wp:term":[{"taxonomy":"category","embeddable":true,"href":"https:\/\/www.correiobraziliense.com.br\/cbradar\/wp-json\/wp\/v2\/categories?post=70859"},{"taxonomy":"post_tag","embeddable":true,"href":"https:\/\/www.correiobraziliense.com.br\/cbradar\/wp-json\/wp\/v2\/post_tag?post=70859"}],"curies":[{"name":"wp","href":"https:\/\/api.w.org\/{rel}","templated":true}]}}