{"id":70879,"date":"2025-07-17T20:33:00","date_gmt":"2025-07-17T23:33:00","guid":{"rendered":"https:\/\/www.correiobraziliense.com.br\/cbradar\/?p=70879"},"modified":"2025-07-16T16:37:42","modified_gmt":"2025-07-16T19:37:42","slug":"os-maiores-sinais-de-falta-de-bom-senso-no-dia-a-dia-que-voce-deve-evitar","status":"publish","type":"post","link":"https:\/\/www.correiobraziliense.com.br\/cbradar\/os-maiores-sinais-de-falta-de-bom-senso-no-dia-a-dia-que-voce-deve-evitar\/","title":{"rendered":"Os maiores sinais de falta de bom senso no dia a dia que voc\u00ea deve evitar"},"content":{"rendered":"\n<p>Em diferentes situa\u00e7\u00f5es do cotidiano, a aus\u00eancia de bom senso pode ser notada facilmente em certos comportamentos. Embora todos tenham momentos de distra\u00e7\u00e3o, algumas pessoas parecem desconhecer ativamente as regras b\u00e1sicas que facilitam a conviv\u00eancia e evitam problemas evit\u00e1veis. <strong>O bom senso funciona como um guia pr\u00e1tico para lidar com situa\u00e7\u00f5es rotineiras, sendo crucial para decis\u00f5es seguras e relacionamentos saud\u00e1veis.<\/strong><\/p>\n\n\n\n<p>Muitas vezes, a falta de bom senso revela-se nos detalhes do dia a dia. Pequenas atitudes, como ignorar precau\u00e7\u00f5es de seguran\u00e7a ou n\u00e3o perceber o impacto das pr\u00f3prias a\u00e7\u00f5es sobre os outros, tornam-se exemplos claros desse comportamento. <strong>Estar atento aos sinais de aus\u00eancia de bom senso pode ser \u00fatil para entender melhor a din\u00e2mica social ao redor.<\/strong><\/p>\n\n\n\n<h2 class=\"wp-block-heading\">Quais s\u00e3o os sinais cl\u00e1ssicos de aus\u00eancia de bom senso?<\/h2>\n\n\n\n<p><strong>Pessoas que deixam de lado medidas de seguran\u00e7a b\u00e1sicas, como negligenciar o uso do cinto de seguran\u00e7a ou manusear objetos quentes sem prote\u00e7\u00e3o adequada, oferecem ind\u00edcios evidentes de falta de bom senso.<\/strong> Al\u00e9m disso, h\u00e1 quem ignore riscos \u00f3bvios ao tentar resolver problemas dom\u00e9sticos sem preparo ou conhecimento necess\u00e1rio, expondo-se a situa\u00e7\u00f5es potencialmente perigosas. Esse tipo de escolha demonstra desconhecimento dos limites entre confian\u00e7a e imprud\u00eancia.<\/p>\n\n\n\n<p><strong>Outro padr\u00e3o comum \u00e9 a repeti\u00e7\u00e3o de erros, sem tentativa de aprender com experi\u00eancias anteriores.<\/strong> Esquecer-se constantemente de detalhes simples ou subestimar problemas recorrentes s\u00e3o exemplos frequentes. Esse ciclo pode ser observado em situa\u00e7\u00f5es como deixar a porta destrancada ou n\u00e3o tomar atitudes para evitar aborrecimentos que j\u00e1 aconteceram anteriormente.<\/p>\n\n\n\n<h2 class=\"wp-block-heading\">Como a falta de bom senso afeta a conviv\u00eancia?<\/h2>\n\n\n\n<p><strong>A dificuldade em perceber o ambiente ao redor muitas vezes se reflete em comportamentos como andar distra\u00eddo no tr\u00e2nsito ou agir de forma inconveniente em espa\u00e7os compartilhados.<\/strong> A aus\u00eancia de empatia e incapacidade de entender a perspectiva alheia tamb\u00e9m prejudica rela\u00e7\u00f5es pessoais e profissionais, j\u00e1 que a\u00e7\u00f5es ego\u00edstas, como interromper conversas ou tomar decis\u00f5es sem consultar terceiros, geram atritos desnecess\u00e1rios.<\/p>\n\n\n\n<ul class=\"wp-block-list\">\n<li><strong>Desaten\u00e7\u00e3o a normas de conviv\u00eancia<\/strong>: quem n\u00e3o capta regras sociais pode agir inadequadamente em diferentes contextos.<\/li>\n\n\n\n<li><strong>Dificuldade de adapta\u00e7\u00e3o<\/strong>: insist\u00eancia em comportamentos contraproducentes, mesmo diante de feedback constante.<\/li>\n\n\n\n<li><strong>Problemas de comunica\u00e7\u00e3o<\/strong>: n\u00e3o perceber sinais de desconforto ou desinteresse dos outros durante as intera\u00e7\u00f5es.<\/li>\n<\/ul>\n\n\n\n<p><strong>Compreender esses sinais \u00e9 importante para minimizar conflitos e favorecer um ambiente mais harmonioso.<\/strong> O bom senso opera como um mediador silencioso, promovendo atitudes acertadas sem a necessidade de instru\u00e7\u00f5es expl\u00edcitas.<\/p>\n\n\n\n<figure class=\"wp-block-image size-large\"><img decoding=\"async\" width=\"1024\" height=\"576\" src=\"https:\/\/www.correiobraziliense.com.br\/cbradar\/wp-content\/uploads\/2025\/07\/pessoas-conversando_1752694641118-1024x576.jpg\" alt=\"Os maiores sinais de falta de bom senso no dia a dia que voc\u00ea deve evitar\" class=\"wp-image-70882\" srcset=\"https:\/\/www.correiobraziliense.com.br\/cbradar\/wp-content\/uploads\/2025\/07\/pessoas-conversando_1752694641118-1024x576.jpg 1024w, https:\/\/www.correiobraziliense.com.br\/cbradar\/wp-content\/uploads\/2025\/07\/pessoas-conversando_1752694641118-300x169.jpg 300w, https:\/\/www.correiobraziliense.com.br\/cbradar\/wp-content\/uploads\/2025\/07\/pessoas-conversando_1752694641118-768x432.jpg 768w, https:\/\/www.correiobraziliense.com.br\/cbradar\/wp-content\/uploads\/2025\/07\/pessoas-conversando_1752694641118-750x422.jpg 750w, https:\/\/www.correiobraziliense.com.br\/cbradar\/wp-content\/uploads\/2025\/07\/pessoas-conversando_1752694641118-1140x641.jpg 1140w, https:\/\/www.correiobraziliense.com.br\/cbradar\/wp-content\/uploads\/2025\/07\/pessoas-conversando_1752694641118.jpg 1280w\" sizes=\"(max-width: 1024px) 100vw, 1024px\" \/><figcaption class=\"wp-element-caption\">pessoas conversando. Cr\u00e9ditos: depositphotos.com \/ VitalikRadko<\/figcaption><\/figure>\n\n\n\n<h2 class=\"wp-block-heading\">\u00c9 poss\u00edvel desenvolver o bom senso?<\/h2>\n\n\n\n<p><strong>A falta de bom senso raramente \u00e9 uma condi\u00e7\u00e3o permanente.<\/strong> A habilidade de perceber riscos, ponderar consequ\u00eancias e considerar o impacto das pr\u00f3prias a\u00e7\u00f5es pode ser aprimorada com o tempo e a experi\u00eancia. <strong>Isso significa que aprender com os erros, ouvir diferentes opini\u00f5es e buscar compreender normas sociais s\u00e3o passos para desenvolver a chamada intelig\u00eancia pr\u00e1tica.<\/strong><\/p>\n\n\n\n<ol class=\"wp-block-list\">\n<li>Observar e refletir sobre situa\u00e7\u00f5es do cotidiano.<\/li>\n\n\n\n<li>Aceitar feedbacks construtivos de pessoas confi\u00e1veis.<\/li>\n\n\n\n<li>Praticar a empatia, colocando-se no lugar dos outros.<\/li>\n\n\n\n<li>Buscar informa\u00e7\u00f5es e orienta\u00e7\u00f5es sobre contextos desconhecidos.<\/li>\n<\/ol>\n\n\n\n<p><strong>Com o passar dos anos, adaptar-se a diferentes ambientes e reconhecer nuances sociais tornam-se compet\u00eancias valiosas, evitando situa\u00e7\u00f5es embara\u00e7osas e riscos desnecess\u00e1rios.<\/strong> Mesmo para quem apresenta maior dificuldade inicial, investir em autoconhecimento e aten\u00e7\u00e3o aos detalhes pode fazer a diferen\u00e7a na constru\u00e7\u00e3o de uma conviv\u00eancia mais tranquila e segura.<\/p>\n\n\n\n<p><strong>Na sociedade atual, onde a conviv\u00eancia \u00e9 constante e os cen\u00e1rios mudam rapidamente, identificar e superar a falta de bom senso \u00e9 um desafio poss\u00edvel.<\/strong> A pr\u00e1tica cotidiana, aliada \u00e0 observa\u00e7\u00e3o e disposi\u00e7\u00e3o para aprender, contribui para decis\u00f5es mais acertadas e rela\u00e7\u00f5es interpessoais mais est\u00e1veis.<\/p>\n","protected":false},"excerpt":{"rendered":"<p>Entenda como pequenas atitudes revelam aus\u00eancia de bom senso e veja dicas para melhorar conviv\u00eancia e evitar problemas di\u00e1rios.<\/p>\n","protected":false},"author":3,"featured_media":70881,"comment_status":"open","ping_status":"open","sticky":false,"template":"","format":"standard","meta":{"_yoast_wpseo_focuskw":"falta de bom senso","_yoast_wpseo_title":"%%title%%","_yoast_wpseo_metadesc":"Entenda como pequenas atitudes revelam aus\u00eancia de bom senso e veja dicas para melhorar conviv\u00eancia e evitar problemas di\u00e1rios.","jnews-multi-image_gallery":[],"jnews_single_post":{"format":"standard"},"jnews_primary_category":[],"jnews_social_meta":[],"jnews_override_counter":[],"footnotes":""},"categories":[112],"post_tag":[8286,144,404],"class_list":["post-70879","post","type-post","status-publish","format-standard","has-post-thumbnail","hentry","category-curiosidades","tag-bom-senso","tag-curiosidades","tag-psicologia"],"yoast_head":"<!-- This site is optimized with the Yoast SEO plugin v24.6 - https:\/\/yoast.com\/wordpress\/plugins\/seo\/ -->\n<title>Os maiores sinais de falta de bom senso no dia a dia que voc\u00ea deve evitar<\/title>\n<meta name=\"description\" content=\"Entenda como pequenas atitudes revelam aus\u00eancia de bom senso e veja dicas para melhorar conviv\u00eancia e evitar problemas di\u00e1rios.\" \/>\n<meta name=\"robots\" content=\"index, follow, max-snippet:-1, max-image-preview:large, max-video-preview:-1\" \/>\n<link rel=\"canonical\" href=\"https:\/\/www.correiobraziliense.com.br\/cbradar\/os-maiores-sinais-de-falta-de-bom-senso-no-dia-a-dia-que-voce-deve-evitar\/\" \/>\n<meta property=\"og:locale\" content=\"pt_BR\" \/>\n<meta property=\"og:type\" content=\"article\" \/>\n<meta property=\"og:title\" content=\"Os maiores sinais de falta de bom senso no dia a dia que voc\u00ea deve evitar\" \/>\n<meta property=\"og:description\" content=\"Entenda como pequenas atitudes revelam aus\u00eancia de bom senso e veja dicas para melhorar conviv\u00eancia e evitar problemas di\u00e1rios.\" \/>\n<meta property=\"og:url\" content=\"https:\/\/www.correiobraziliense.com.br\/cbradar\/os-maiores-sinais-de-falta-de-bom-senso-no-dia-a-dia-que-voce-deve-evitar\/\" \/>\n<meta property=\"og:site_name\" content=\"Correio Braziliense - Radar\" \/>\n<meta property=\"article:published_time\" content=\"2025-07-17T23:33:00+00:00\" \/>\n<meta property=\"og:image\" content=\"https:\/\/www.correiobraziliense.com.br\/cbradar\/wp-content\/uploads\/2025\/07\/pessoas-conversando_1752694587708.jpg\" \/>\n\t<meta property=\"og:image:width\" content=\"1280\" \/>\n\t<meta property=\"og:image:height\" content=\"720\" \/>\n\t<meta property=\"og:image:type\" content=\"image\/jpeg\" \/>\n<meta name=\"author\" content=\"Larissa Carvalho\" \/>\n<meta name=\"twitter:card\" content=\"summary_large_image\" \/>\n<meta name=\"twitter:label1\" content=\"Escrito por\" \/>\n\t<meta name=\"twitter:data1\" content=\"Larissa Carvalho\" \/>\n\t<meta name=\"twitter:label2\" content=\"Est. tempo de leitura\" \/>\n\t<meta name=\"twitter:data2\" content=\"4 minutos\" \/>\n<!-- \/ Yoast SEO plugin. -->","yoast_head_json":{"title":"Os maiores sinais de falta de bom senso no dia a dia que voc\u00ea deve evitar","description":"Entenda como pequenas atitudes revelam aus\u00eancia de bom senso e veja dicas para melhorar conviv\u00eancia e evitar problemas di\u00e1rios.","robots":{"index":"index","follow":"follow","max-snippet":"max-snippet:-1","max-image-preview":"max-image-preview:large","max-video-preview":"max-video-preview:-1"},"canonical":"https:\/\/www.correiobraziliense.com.br\/cbradar\/os-maiores-sinais-de-falta-de-bom-senso-no-dia-a-dia-que-voce-deve-evitar\/","og_locale":"pt_BR","og_type":"article","og_title":"Os maiores sinais de falta de bom senso no dia a dia que voc\u00ea deve evitar","og_description":"Entenda como pequenas atitudes revelam aus\u00eancia de bom senso e veja dicas para melhorar conviv\u00eancia e evitar problemas di\u00e1rios.","og_url":"https:\/\/www.correiobraziliense.com.br\/cbradar\/os-maiores-sinais-de-falta-de-bom-senso-no-dia-a-dia-que-voce-deve-evitar\/","og_site_name":"Correio Braziliense - Radar","article_published_time":"2025-07-17T23:33:00+00:00","og_image":[{"width":1280,"height":720,"url":"https:\/\/www.correiobraziliense.com.br\/cbradar\/wp-content\/uploads\/2025\/07\/pessoas-conversando_1752694587708.jpg","type":"image\/jpeg"}],"author":"Larissa Carvalho","twitter_card":"summary_large_image","twitter_misc":{"Escrito por":"Larissa Carvalho","Est. tempo de leitura":"4 minutos"},"schema":{"@context":"https:\/\/schema.org","@graph":[{"@type":"WebPage","@id":"https:\/\/www.correiobraziliense.com.br\/cbradar\/os-maiores-sinais-de-falta-de-bom-senso-no-dia-a-dia-que-voce-deve-evitar\/","url":"https:\/\/www.correiobraziliense.com.br\/cbradar\/os-maiores-sinais-de-falta-de-bom-senso-no-dia-a-dia-que-voce-deve-evitar\/","name":"Os maiores sinais de falta de bom senso no dia a dia que voc\u00ea deve evitar","isPartOf":{"@id":"https:\/\/www.correiobraziliense.com.br\/cbradar\/#website"},"primaryImageOfPage":{"@id":"https:\/\/www.correiobraziliense.com.br\/cbradar\/os-maiores-sinais-de-falta-de-bom-senso-no-dia-a-dia-que-voce-deve-evitar\/#primaryimage"},"image":{"@id":"https:\/\/www.correiobraziliense.com.br\/cbradar\/os-maiores-sinais-de-falta-de-bom-senso-no-dia-a-dia-que-voce-deve-evitar\/#primaryimage"},"thumbnailUrl":"https:\/\/www.correiobraziliense.com.br\/cbradar\/wp-content\/uploads\/2025\/07\/pessoas-conversando_1752694587708.jpg","datePublished":"2025-07-17T23:33:00+00:00","author":{"@id":"https:\/\/www.correiobraziliense.com.br\/cbradar\/#\/schema\/person\/58422787644df994b53a19d3e56c1513"},"description":"Entenda como pequenas atitudes revelam aus\u00eancia de bom senso e veja dicas para melhorar conviv\u00eancia e evitar problemas di\u00e1rios.","breadcrumb":{"@id":"https:\/\/www.correiobraziliense.com.br\/cbradar\/os-maiores-sinais-de-falta-de-bom-senso-no-dia-a-dia-que-voce-deve-evitar\/#breadcrumb"},"inLanguage":"pt-BR","potentialAction":[{"@type":"ReadAction","target":["https:\/\/www.correiobraziliense.com.br\/cbradar\/os-maiores-sinais-de-falta-de-bom-senso-no-dia-a-dia-que-voce-deve-evitar\/"]}]},{"@type":"ImageObject","inLanguage":"pt-BR","@id":"https:\/\/www.correiobraziliense.com.br\/cbradar\/os-maiores-sinais-de-falta-de-bom-senso-no-dia-a-dia-que-voce-deve-evitar\/#primaryimage","url":"https:\/\/www.correiobraziliense.com.br\/cbradar\/wp-content\/uploads\/2025\/07\/pessoas-conversando_1752694587708.jpg","contentUrl":"https:\/\/www.correiobraziliense.com.br\/cbradar\/wp-content\/uploads\/2025\/07\/pessoas-conversando_1752694587708.jpg","width":1280,"height":720,"caption":"pessoas conversando. Cr\u00e9ditos: depositphotos.com \/ AndrewLozovyi"},{"@type":"BreadcrumbList","@id":"https:\/\/www.correiobraziliense.com.br\/cbradar\/os-maiores-sinais-de-falta-de-bom-senso-no-dia-a-dia-que-voce-deve-evitar\/#breadcrumb","itemListElement":[{"@type":"ListItem","position":1,"name":"In\u00edcio","item":"https:\/\/www.correiobraziliense.com.br\/cbradar\/"},{"@type":"ListItem","position":2,"name":"Os maiores sinais de falta de bom senso no dia a dia que voc\u00ea deve evitar"}]},{"@type":"WebSite","@id":"https:\/\/www.correiobraziliense.com.br\/cbradar\/#website","url":"https:\/\/www.correiobraziliense.com.br\/cbradar\/","name":"Correio Braziliense - Radar","description":"Acompanhe as \u00faltimas not\u00edcias e fique bem informado sobre tudo o que acontece no Brasil e no mundo.","potentialAction":[{"@type":"SearchAction","target":{"@type":"EntryPoint","urlTemplate":"https:\/\/www.correiobraziliense.com.br\/cbradar\/?s={search_term_string}"},"query-input":{"@type":"PropertyValueSpecification","valueRequired":true,"valueName":"search_term_string"}}],"inLanguage":"pt-BR"},{"@type":"Person","@id":"https:\/\/www.correiobraziliense.com.br\/cbradar\/#\/schema\/person\/58422787644df994b53a19d3e56c1513","name":"Larissa Carvalho","image":{"@type":"ImageObject","inLanguage":"pt-BR","@id":"https:\/\/www.correiobraziliense.com.br\/cbradar\/#\/schema\/person\/image\/","url":"https:\/\/secure.gravatar.com\/avatar\/fe4f91a0de32b52a838d0d612abdc1aa?s=96&d=mm&r=g","contentUrl":"https:\/\/secure.gravatar.com\/avatar\/fe4f91a0de32b52a838d0d612abdc1aa?s=96&d=mm&r=g","caption":"Larissa Carvalho"},"url":"https:\/\/www.correiobraziliense.com.br\/cbradar\/author\/larissamyth\/"}]}},"_links":{"self":[{"href":"https:\/\/www.correiobraziliense.com.br\/cbradar\/wp-json\/wp\/v2\/posts\/70879","targetHints":{"allow":["GET"]}}],"collection":[{"href":"https:\/\/www.correiobraziliense.com.br\/cbradar\/wp-json\/wp\/v2\/posts"}],"about":[{"href":"https:\/\/www.correiobraziliense.com.br\/cbradar\/wp-json\/wp\/v2\/types\/post"}],"author":[{"embeddable":true,"href":"https:\/\/www.correiobraziliense.com.br\/cbradar\/wp-json\/wp\/v2\/users\/3"}],"replies":[{"embeddable":true,"href":"https:\/\/www.correiobraziliense.com.br\/cbradar\/wp-json\/wp\/v2\/comments?post=70879"}],"version-history":[{"count":2,"href":"https:\/\/www.correiobraziliense.com.br\/cbradar\/wp-json\/wp\/v2\/posts\/70879\/revisions"}],"predecessor-version":[{"id":70883,"href":"https:\/\/www.correiobraziliense.com.br\/cbradar\/wp-json\/wp\/v2\/posts\/70879\/revisions\/70883"}],"wp:featuredmedia":[{"embeddable":true,"href":"https:\/\/www.correiobraziliense.com.br\/cbradar\/wp-json\/wp\/v2\/media\/70881"}],"wp:attachment":[{"href":"https:\/\/www.correiobraziliense.com.br\/cbradar\/wp-json\/wp\/v2\/media?parent=70879"}],"wp:term":[{"taxonomy":"category","embeddable":true,"href":"https:\/\/www.correiobraziliense.com.br\/cbradar\/wp-json\/wp\/v2\/categories?post=70879"},{"taxonomy":"post_tag","embeddable":true,"href":"https:\/\/www.correiobraziliense.com.br\/cbradar\/wp-json\/wp\/v2\/post_tag?post=70879"}],"curies":[{"name":"wp","href":"https:\/\/api.w.org\/{rel}","templated":true}]}}