{"id":71249,"date":"2025-07-18T16:03:00","date_gmt":"2025-07-18T19:03:00","guid":{"rendered":"https:\/\/www.correiobraziliense.com.br\/cbradar\/?p=71249"},"modified":"2025-07-17T11:23:43","modified_gmt":"2025-07-17T14:23:43","slug":"fenomeno-inedito-no-espaco-pode-explicar-como-a-terra-foi-formada-segundo-cientistas","status":"publish","type":"post","link":"https:\/\/www.correiobraziliense.com.br\/cbradar\/fenomeno-inedito-no-espaco-pode-explicar-como-a-terra-foi-formada-segundo-cientistas\/","title":{"rendered":"Fen\u00f4meno in\u00e9dito no espa\u00e7o pode explicar como a Terra foi formada segundo cientistas"},"content":{"rendered":"\n<p>Pesquisadores internacionais alcan\u00e7aram um marco in\u00e9dito ao identificar, pela primeira vez, o momento exato em que planetas come\u00e7am a surgir ao redor de uma estrela jovem fora do Sistema Solar. Utilizando dados do <strong>Telesc\u00f3pio ALMA<\/strong>, em parceria com o <strong>Observat\u00f3rio Europeu do Sul<\/strong>, e do <strong>Telesc\u00f3pio Espacial James Webb<\/strong>, foi poss\u00edvel flagrar as primeiras part\u00edculas s\u00f3lidas de material formador de planetas \u2014 minerais quentes rec\u00e9m-condensados.<\/p>\n\n\n\n<p>Esse avan\u00e7o cient\u00edfico revela o nascimento inicial de um sistema planet\u00e1rio e oferece uma janela \u00fanica para compreender como a Terra e os outros planetas surgiram. Pelos registros, trata-se do est\u00e1gio mais precoce j\u00e1 documentado de forma\u00e7\u00e3o planet\u00e1ria em torno de uma estrela, ampliando o entendimento sobre a origem dos sistemas solares e, por extens\u00e3o, da pr\u00f3pria humanidade.<\/p>\n\n\n\n<h2 class=\"wp-block-heading\">Como os planetas se formam ao redor das estrelas?<\/h2>\n\n\n\n<p>No centro desse estudo est\u00e1 a an\u00e1lise da estrela jovem <strong>HOPS-315<\/strong>, situada a aproximadamente 1.300 anos-luz da Terra, considerada um &#8220;prot\u00f3tipo&#8221; do <strong>Sol<\/strong> em seus primeiros momentos. Ao redor dessas estrelas rec\u00e9m-nascidas, normalmente observa-se um disco de g\u00e1s e poeira conhecido como disco protoplanet\u00e1rio, ambiente prop\u00edcio para o in\u00edcio da forma\u00e7\u00e3o de novos planetas. <strong>At\u00e9 algum tempo atr\u00e1s, os astr\u00f4nomos conseguiam identificar planetas massivos rec\u00e9m-formados nesses discos, como os similares a J\u00fapiter.<\/strong> Por\u00e9m, era sabido que a forma\u00e7\u00e3o de s\u00f3lidos, chamados planetesimais, ocorre ainda mais cedo no ciclo evolutivo do sistema.<\/p>\n\n\n\n<p><strong>O in\u00edcio do processo \u00e9 marcado pela condensa\u00e7\u00e3o de minerais cristalinos, ricos em mon\u00f3xido de sil\u00edcio (SiO).<\/strong> Esses minerais surgem sob temperaturas elevadas dentro do disco, resultando em part\u00edculas s\u00f3lidas que, gradualmente, se agregam e crescem, dando origem aos n\u00facleos planet\u00e1rios. No caso do nosso Sistema Solar, as evid\u00eancias desse processo primitivo permanecem preservadas em meteoritos que cont\u00eam esses primeiros minerais condensados.<\/p>\n\n\n\n<h2 class=\"wp-block-heading\">O que diferencia a descoberta ao redor da HOPS-315?<\/h2>\n\n\n\n<p><strong>A equipe de cientistas utilizou o Telesc\u00f3pio Espacial James Webb para detectar sinais desses minerais rec\u00e9m-condensados no disco da jovem estrela HOPS-315.<\/strong> Paralelamente, observa\u00e7\u00f5es feitas com o ALMA permitiram mapear a localiza\u00e7\u00e3o desses sinais \u2014 especificamente, em uma regi\u00e3o que equivale \u00e0 \u00f3rbita do cintur\u00e3o de asteroides em torno do Sol. Isso forneceu uma forte analogia com a distribui\u00e7\u00e3o de materiais primordiais no pr\u00f3prio Sistema Solar.<\/p>\n\n\n\n<p><strong>A presen\u00e7a de mon\u00f3xido de sil\u00edcio, tanto em estado gasoso quanto cristalizado, indica que o processo de solidifica\u00e7\u00e3o est\u00e1 em seu come\u00e7o.<\/strong> Trata-se da primeira vez que tal fen\u00f4meno \u00e9 observado fora do Sistema Solar, confirmando que a forma\u00e7\u00e3o de planetas inicia-se com a sedimenta\u00e7\u00e3o desses minerais a temperaturas elevadas.<\/p>\n\n\n\n<figure class=\"wp-block-image size-large\"><img decoding=\"async\" width=\"1024\" height=\"576\" src=\"https:\/\/www.correiobraziliense.com.br\/cbradar\/wp-content\/uploads\/2025\/07\/planetas_1752762203070-1024x576.jpg\" alt=\"Fen\u00f4meno in\u00e9dito no espa\u00e7o pode explicar como a Terra foi formada segundo cientistas\" class=\"wp-image-71252\" srcset=\"https:\/\/www.correiobraziliense.com.br\/cbradar\/wp-content\/uploads\/2025\/07\/planetas_1752762203070-1024x576.jpg 1024w, https:\/\/www.correiobraziliense.com.br\/cbradar\/wp-content\/uploads\/2025\/07\/planetas_1752762203070-300x169.jpg 300w, https:\/\/www.correiobraziliense.com.br\/cbradar\/wp-content\/uploads\/2025\/07\/planetas_1752762203070-768x432.jpg 768w, https:\/\/www.correiobraziliense.com.br\/cbradar\/wp-content\/uploads\/2025\/07\/planetas_1752762203070-750x422.jpg 750w, https:\/\/www.correiobraziliense.com.br\/cbradar\/wp-content\/uploads\/2025\/07\/planetas_1752762203070-1140x641.jpg 1140w, https:\/\/www.correiobraziliense.com.br\/cbradar\/wp-content\/uploads\/2025\/07\/planetas_1752762203070.jpg 1280w\" sizes=\"(max-width: 1024px) 100vw, 1024px\" \/><figcaption class=\"wp-element-caption\">planetas. Cr\u00e9ditos: depositphotos.com \/ wasanchy<\/figcaption><\/figure>\n\n\n\n<h2 class=\"wp-block-heading\">Quais as implica\u00e7\u00f5es desse estudo para a astronomia?<\/h2>\n\n\n\n<p><strong>O exemplo da HOPS-315 abre caminho para novas investiga\u00e7\u00f5es sobre o passado do Sistema Solar.<\/strong> Ao servir como refer\u00eancia, ela permite aos astr\u00f4nomos testar hip\u00f3teses sobre como protoplanetas e planetas crescem em discos em torno de estrelas joviais. Esse tipo de observa\u00e7\u00e3o, anteriormente restrito \u00e0 an\u00e1lise de meteoritos antigos, agora pode ser feita em sistemas estelares muito distantes, incrementando o conhecimento sobre a evolu\u00e7\u00e3o de planetas terrestres e gasosos.<\/p>\n\n\n\n<p><strong>Os instrumentos utilizados, como o JWST e o ALMA, destacam-se pela capacidade de detectar com precis\u00e3o compostos qu\u00edmicos e posicion\u00e1-los dentro dos discos protoplanet\u00e1rios<\/strong>, facilitando investiga\u00e7\u00f5es comparativas entre sistemas estelares distintos.<\/p>\n\n\n\n<ul class=\"wp-block-list\">\n<li><strong>Primeiras part\u00edculas s\u00f3lidas identificadas habitando discos ao redor de estrelas jovens;<\/strong><\/li>\n\n\n\n<li>Processos iniciais de forma\u00e7\u00e3o planet\u00e1ria semelhantes aos verificados no Sistema Solar;<\/li>\n\n\n\n<li>Astr\u00f4nomos podem agora acompanhar passo a passo o surgimento de planetas em sistemas distantes.<\/li>\n<\/ul>\n\n\n\n<h2 class=\"wp-block-heading\">Como esses dados aprimoram a compreens\u00e3o do Sistema Solar?<\/h2>\n\n\n\n<p><strong>A an\u00e1lise da HOPS-315 permite comparar diretamente diferentes est\u00e1gios do nascimento de planetas, usando como par\u00e2metro as evid\u00eancias do passado do pr\u00f3prio Sistema Solar.<\/strong> Esse comparativo auxilia na reconstru\u00e7\u00e3o da hist\u00f3ria evolutiva da Terra e dos outros planetas, esclarecendo como elementos essenciais se agregaram para formar os planetas conhecidos atualmente. Al\u00e9m disso, contribui para a compreens\u00e3o da diversidade dos sistemas planet\u00e1rios na gal\u00e1xia.<\/p>\n\n\n\n<ol class=\"wp-block-list\">\n<li>Obten\u00e7\u00e3o de informa\u00e7\u00f5es in\u00e9ditas sobre o in\u00edcio da forma\u00e7\u00e3o de planetas;<\/li>\n\n\n\n<li>Novas oportunidades para estudo da evolu\u00e7\u00e3o de protoplanetas e suas caracter\u00edsticas;<\/li>\n\n\n\n<li>Avan\u00e7o nas pesquisas sobre a origem e o desenvolvimento da vida fora do Sistema Solar.<\/li>\n<\/ol>\n\n\n\n<p>Diante desses resultados, a astronomia entra em uma fase de explora\u00e7\u00e3o ainda mais detalhada dos processos primordiais de forma\u00e7\u00e3o planet\u00e1ria. A identifica\u00e7\u00e3o dos minerais quentes e a possibilidade de monitorar o in\u00edcio da agrega\u00e7\u00e3o dos planetas marcam um passo essencial para decifrar os enigmas do cosmos e o surgimento dos mundos ao redor de estrelas rec\u00e9m-nascidas.<\/p>\n","protected":false},"excerpt":{"rendered":"<p>Uma observa\u00e7\u00e3o in\u00e9dita mostra como planetas come\u00e7am a surgir fora do Sistema Solar. Veja o que isso revela sobre a origem da Terra e do nosso sistema.<\/p>\n","protected":false},"author":3,"featured_media":71251,"comment_status":"open","ping_status":"open","sticky":false,"template":"","format":"standard","meta":{"_yoast_wpseo_focuskw":"como terra formada","_yoast_wpseo_title":"%%title%%","_yoast_wpseo_metadesc":"Uma observa\u00e7\u00e3o in\u00e9dita mostra como planetas come\u00e7am a surgir fora do Sistema Solar. Veja o que isso revela sobre a origem da Terra e do nosso sistema.","jnews-multi-image_gallery":[],"jnews_single_post":{"format":"standard"},"jnews_primary_category":[],"jnews_social_meta":[],"jnews_override_counter":[],"footnotes":""},"categories":[112],"post_tag":[179,736,144],"class_list":["post-71249","post","type-post","status-publish","format-standard","has-post-thumbnail","hentry","category-curiosidades","tag-astronomia","tag-ciencia","tag-curiosidades"],"yoast_head":"<!-- This site is optimized with the Yoast SEO plugin v24.6 - https:\/\/yoast.com\/wordpress\/plugins\/seo\/ -->\n<title>Fen\u00f4meno in\u00e9dito no espa\u00e7o pode explicar como a Terra foi formada segundo cientistas<\/title>\n<meta name=\"description\" content=\"Uma observa\u00e7\u00e3o in\u00e9dita mostra como planetas come\u00e7am a surgir fora do Sistema Solar. Veja o que isso revela sobre a origem da Terra e do nosso sistema.\" \/>\n<meta name=\"robots\" content=\"index, follow, max-snippet:-1, max-image-preview:large, max-video-preview:-1\" \/>\n<link rel=\"canonical\" href=\"https:\/\/www.correiobraziliense.com.br\/cbradar\/fenomeno-inedito-no-espaco-pode-explicar-como-a-terra-foi-formada-segundo-cientistas\/\" \/>\n<meta property=\"og:locale\" content=\"pt_BR\" \/>\n<meta property=\"og:type\" content=\"article\" \/>\n<meta property=\"og:title\" content=\"Fen\u00f4meno in\u00e9dito no espa\u00e7o pode explicar como a Terra foi formada segundo cientistas\" \/>\n<meta property=\"og:description\" content=\"Uma observa\u00e7\u00e3o in\u00e9dita mostra como planetas come\u00e7am a surgir fora do Sistema Solar. Veja o que isso revela sobre a origem da Terra e do nosso sistema.\" \/>\n<meta property=\"og:url\" content=\"https:\/\/www.correiobraziliense.com.br\/cbradar\/fenomeno-inedito-no-espaco-pode-explicar-como-a-terra-foi-formada-segundo-cientistas\/\" \/>\n<meta property=\"og:site_name\" content=\"Correio Braziliense - Radar\" \/>\n<meta property=\"article:published_time\" content=\"2025-07-18T19:03:00+00:00\" \/>\n<meta property=\"og:image\" content=\"https:\/\/www.correiobraziliense.com.br\/cbradar\/wp-content\/uploads\/2025\/07\/planetas_1752762122051.jpg\" \/>\n\t<meta property=\"og:image:width\" content=\"1280\" \/>\n\t<meta property=\"og:image:height\" content=\"720\" \/>\n\t<meta property=\"og:image:type\" content=\"image\/jpeg\" \/>\n<meta name=\"author\" content=\"Larissa Carvalho\" \/>\n<meta name=\"twitter:card\" content=\"summary_large_image\" \/>\n<meta name=\"twitter:label1\" content=\"Escrito por\" \/>\n\t<meta name=\"twitter:data1\" content=\"Larissa Carvalho\" \/>\n\t<meta name=\"twitter:label2\" content=\"Est. tempo de leitura\" \/>\n\t<meta name=\"twitter:data2\" content=\"5 minutos\" \/>\n<!-- \/ Yoast SEO plugin. -->","yoast_head_json":{"title":"Fen\u00f4meno in\u00e9dito no espa\u00e7o pode explicar como a Terra foi formada segundo cientistas","description":"Uma observa\u00e7\u00e3o in\u00e9dita mostra como planetas come\u00e7am a surgir fora do Sistema Solar. Veja o que isso revela sobre a origem da Terra e do nosso sistema.","robots":{"index":"index","follow":"follow","max-snippet":"max-snippet:-1","max-image-preview":"max-image-preview:large","max-video-preview":"max-video-preview:-1"},"canonical":"https:\/\/www.correiobraziliense.com.br\/cbradar\/fenomeno-inedito-no-espaco-pode-explicar-como-a-terra-foi-formada-segundo-cientistas\/","og_locale":"pt_BR","og_type":"article","og_title":"Fen\u00f4meno in\u00e9dito no espa\u00e7o pode explicar como a Terra foi formada segundo cientistas","og_description":"Uma observa\u00e7\u00e3o in\u00e9dita mostra como planetas come\u00e7am a surgir fora do Sistema Solar. Veja o que isso revela sobre a origem da Terra e do nosso sistema.","og_url":"https:\/\/www.correiobraziliense.com.br\/cbradar\/fenomeno-inedito-no-espaco-pode-explicar-como-a-terra-foi-formada-segundo-cientistas\/","og_site_name":"Correio Braziliense - Radar","article_published_time":"2025-07-18T19:03:00+00:00","og_image":[{"width":1280,"height":720,"url":"https:\/\/www.correiobraziliense.com.br\/cbradar\/wp-content\/uploads\/2025\/07\/planetas_1752762122051.jpg","type":"image\/jpeg"}],"author":"Larissa Carvalho","twitter_card":"summary_large_image","twitter_misc":{"Escrito por":"Larissa Carvalho","Est. tempo de leitura":"5 minutos"},"schema":{"@context":"https:\/\/schema.org","@graph":[{"@type":"WebPage","@id":"https:\/\/www.correiobraziliense.com.br\/cbradar\/fenomeno-inedito-no-espaco-pode-explicar-como-a-terra-foi-formada-segundo-cientistas\/","url":"https:\/\/www.correiobraziliense.com.br\/cbradar\/fenomeno-inedito-no-espaco-pode-explicar-como-a-terra-foi-formada-segundo-cientistas\/","name":"Fen\u00f4meno in\u00e9dito no espa\u00e7o pode explicar como a Terra foi formada segundo cientistas","isPartOf":{"@id":"https:\/\/www.correiobraziliense.com.br\/cbradar\/#website"},"primaryImageOfPage":{"@id":"https:\/\/www.correiobraziliense.com.br\/cbradar\/fenomeno-inedito-no-espaco-pode-explicar-como-a-terra-foi-formada-segundo-cientistas\/#primaryimage"},"image":{"@id":"https:\/\/www.correiobraziliense.com.br\/cbradar\/fenomeno-inedito-no-espaco-pode-explicar-como-a-terra-foi-formada-segundo-cientistas\/#primaryimage"},"thumbnailUrl":"https:\/\/www.correiobraziliense.com.br\/cbradar\/wp-content\/uploads\/2025\/07\/planetas_1752762122051.jpg","datePublished":"2025-07-18T19:03:00+00:00","author":{"@id":"https:\/\/www.correiobraziliense.com.br\/cbradar\/#\/schema\/person\/58422787644df994b53a19d3e56c1513"},"description":"Uma observa\u00e7\u00e3o in\u00e9dita mostra como planetas come\u00e7am a surgir fora do Sistema Solar. Veja o que isso revela sobre a origem da Terra e do nosso sistema.","breadcrumb":{"@id":"https:\/\/www.correiobraziliense.com.br\/cbradar\/fenomeno-inedito-no-espaco-pode-explicar-como-a-terra-foi-formada-segundo-cientistas\/#breadcrumb"},"inLanguage":"pt-BR","potentialAction":[{"@type":"ReadAction","target":["https:\/\/www.correiobraziliense.com.br\/cbradar\/fenomeno-inedito-no-espaco-pode-explicar-como-a-terra-foi-formada-segundo-cientistas\/"]}]},{"@type":"ImageObject","inLanguage":"pt-BR","@id":"https:\/\/www.correiobraziliense.com.br\/cbradar\/fenomeno-inedito-no-espaco-pode-explicar-como-a-terra-foi-formada-segundo-cientistas\/#primaryimage","url":"https:\/\/www.correiobraziliense.com.br\/cbradar\/wp-content\/uploads\/2025\/07\/planetas_1752762122051.jpg","contentUrl":"https:\/\/www.correiobraziliense.com.br\/cbradar\/wp-content\/uploads\/2025\/07\/planetas_1752762122051.jpg","width":1280,"height":720,"caption":"planetas. Cr\u00e9ditos: depositphotos.com \/ alexaldo"},{"@type":"BreadcrumbList","@id":"https:\/\/www.correiobraziliense.com.br\/cbradar\/fenomeno-inedito-no-espaco-pode-explicar-como-a-terra-foi-formada-segundo-cientistas\/#breadcrumb","itemListElement":[{"@type":"ListItem","position":1,"name":"In\u00edcio","item":"https:\/\/www.correiobraziliense.com.br\/cbradar\/"},{"@type":"ListItem","position":2,"name":"Fen\u00f4meno in\u00e9dito no espa\u00e7o pode explicar como a Terra foi formada segundo cientistas"}]},{"@type":"WebSite","@id":"https:\/\/www.correiobraziliense.com.br\/cbradar\/#website","url":"https:\/\/www.correiobraziliense.com.br\/cbradar\/","name":"Correio Braziliense - Radar","description":"Acompanhe as \u00faltimas not\u00edcias e fique bem informado sobre tudo o que acontece no Brasil e no mundo.","potentialAction":[{"@type":"SearchAction","target":{"@type":"EntryPoint","urlTemplate":"https:\/\/www.correiobraziliense.com.br\/cbradar\/?s={search_term_string}"},"query-input":{"@type":"PropertyValueSpecification","valueRequired":true,"valueName":"search_term_string"}}],"inLanguage":"pt-BR"},{"@type":"Person","@id":"https:\/\/www.correiobraziliense.com.br\/cbradar\/#\/schema\/person\/58422787644df994b53a19d3e56c1513","name":"Larissa Carvalho","image":{"@type":"ImageObject","inLanguage":"pt-BR","@id":"https:\/\/www.correiobraziliense.com.br\/cbradar\/#\/schema\/person\/image\/","url":"https:\/\/secure.gravatar.com\/avatar\/fe4f91a0de32b52a838d0d612abdc1aa?s=96&d=mm&r=g","contentUrl":"https:\/\/secure.gravatar.com\/avatar\/fe4f91a0de32b52a838d0d612abdc1aa?s=96&d=mm&r=g","caption":"Larissa Carvalho"},"url":"https:\/\/www.correiobraziliense.com.br\/cbradar\/author\/larissamyth\/"}]}},"_links":{"self":[{"href":"https:\/\/www.correiobraziliense.com.br\/cbradar\/wp-json\/wp\/v2\/posts\/71249","targetHints":{"allow":["GET"]}}],"collection":[{"href":"https:\/\/www.correiobraziliense.com.br\/cbradar\/wp-json\/wp\/v2\/posts"}],"about":[{"href":"https:\/\/www.correiobraziliense.com.br\/cbradar\/wp-json\/wp\/v2\/types\/post"}],"author":[{"embeddable":true,"href":"https:\/\/www.correiobraziliense.com.br\/cbradar\/wp-json\/wp\/v2\/users\/3"}],"replies":[{"embeddable":true,"href":"https:\/\/www.correiobraziliense.com.br\/cbradar\/wp-json\/wp\/v2\/comments?post=71249"}],"version-history":[{"count":2,"href":"https:\/\/www.correiobraziliense.com.br\/cbradar\/wp-json\/wp\/v2\/posts\/71249\/revisions"}],"predecessor-version":[{"id":71253,"href":"https:\/\/www.correiobraziliense.com.br\/cbradar\/wp-json\/wp\/v2\/posts\/71249\/revisions\/71253"}],"wp:featuredmedia":[{"embeddable":true,"href":"https:\/\/www.correiobraziliense.com.br\/cbradar\/wp-json\/wp\/v2\/media\/71251"}],"wp:attachment":[{"href":"https:\/\/www.correiobraziliense.com.br\/cbradar\/wp-json\/wp\/v2\/media?parent=71249"}],"wp:term":[{"taxonomy":"category","embeddable":true,"href":"https:\/\/www.correiobraziliense.com.br\/cbradar\/wp-json\/wp\/v2\/categories?post=71249"},{"taxonomy":"post_tag","embeddable":true,"href":"https:\/\/www.correiobraziliense.com.br\/cbradar\/wp-json\/wp\/v2\/post_tag?post=71249"}],"curies":[{"name":"wp","href":"https:\/\/api.w.org\/{rel}","templated":true}]}}