{"id":71256,"date":"2025-07-18T20:23:00","date_gmt":"2025-07-18T23:23:00","guid":{"rendered":"https:\/\/www.correiobraziliense.com.br\/cbradar\/?p=71256"},"modified":"2025-07-17T11:26:59","modified_gmt":"2025-07-17T14:26:59","slug":"novo-visitante-do-espaco-desafia-a-ciencia-e-levanta-suspeitas-ineditas","status":"publish","type":"post","link":"https:\/\/www.correiobraziliense.com.br\/cbradar\/novo-visitante-do-espaco-desafia-a-ciencia-e-levanta-suspeitas-ineditas\/","title":{"rendered":"Novo visitante do espa\u00e7o desafia a ci\u00eancia e levanta suspeitas in\u00e9ditas"},"content":{"rendered":"\n<p>Recentemente, astr\u00f4nomos identificaram um novo objeto interestelar atravessando o Sistema Solar, um evento raro que chamou aten\u00e7\u00e3o por suas caracter\u00edsticas peculiares. Este corpo celeste, batizado de <strong>3I\/ATLAS<\/strong>, tornou-se alvo de estudos intensos desde sua detec\u00e7\u00e3o, considerando-se que apenas dois outros objetos vindos de fora do Sistema Solar haviam sido observados anteriormente. O interesse dos cientistas cresce \u00e0 medida que surgem discuss\u00f5es sobre a origem, a composi\u00e7\u00e3o e o significado da presen\u00e7a desse viajante estelar.<\/p>\n\n\n\n<p>O percurso incomum e a velocidade elevada com que <strong>3I\/ATLAS<\/strong> adentra o Sistema Solar levantaram questionamentos sobre sua natureza. Enquanto alguns especialistas defendem que o objeto pode ser t\u00e3o antigo quanto a pr\u00f3pria <strong>Via L\u00e1ctea<\/strong>, o debate cient\u00edfico se intensifica, incluindo hip\u00f3teses sobre poss\u00edveis rela\u00e7\u00f5es com civiliza\u00e7\u00f5es alien\u00edgenas. Observadores do espa\u00e7o ressaltam o valor de examinar mais detalhadamente esse tipo de fen\u00f4meno, j\u00e1 que cada novo visitante interestelar pode contribuir para a compreens\u00e3o do ambiente c\u00f3smico que cerca nosso Sol.<\/p>\n\n\n\n<h2 class=\"wp-block-heading\">Por que 3I\/ATLAS desperta tanto interesse na comunidade astron\u00f4mica?<\/h2>\n\n\n\n<p><strong>O achado de 3I\/ATLAS ocorreu em meio a uma crescente expectativa por novas descobertas espaciais.<\/strong> O fato de ser apenas o terceiro objeto confirmado de origem interestelar detectado no Sistema Solar refor\u00e7a sua relev\u00e2ncia. Elementos como <strong>trajet\u00f3ria incomum, brilho elevado e poss\u00edveis dimens\u00f5es fora do padr\u00e3o<\/strong> alimentam a curiosidade dos pesquisadores. Especialistas t\u00eam analisado dados observacionais para definir se a composi\u00e7\u00e3o de <strong>3I\/ATLAS<\/strong> se assemelha mais \u00e0 de um cometa ou de um asteroide, dado que ambas apresentam assinaturas espectrais distintas.<\/p>\n\n\n\n<p>Outra raz\u00e3o fundamental para o grande entusiasmo est\u00e1 na compara\u00e7\u00e3o com objetos anteriormente identificados, como o &#8216;<strong>Oumuamua<\/strong> e o <strong>2I\/Borisov<\/strong>. A an\u00e1lise de 3I\/ATLAS pode abrir caminho para uma nova era de pesquisas sobre corpos vindos de fora do Sistema Solar, estimulando debates sobre sua frequ\u00eancia, origem e comportamento din\u00e2mico.<\/p>\n\n\n\n<h2 class=\"wp-block-heading\">Quais s\u00e3o as caracter\u00edsticas e mist\u00e9rios sobre 3I\/ATLAS?<\/h2>\n\n\n\n<p><strong>Embora pesquisas ainda estejam em andamento, os primeiros ind\u00edcios apontam que 3I\/ATLAS possui dimens\u00f5es significativamente maiores do que seus predecessores.<\/strong> Segundo informa\u00e7\u00f5es recentes, estimativas iniciais sugeriram di\u00e2metro por volta de 20 quil\u00f4metros, tornando-o consideravelmente maior do que o famoso &#8216;<strong>Oumuamua<\/strong>, que tinha menos de 400 metros de extens\u00e3o. Entretanto, esta <strong>diferen\u00e7a de tamanho<\/strong> levanta d\u00favidas, uma vez que objetos desse porte s\u00e3o rar\u00edssimos, inclusive dentro do pr\u00f3prio Sistema Solar.<\/p>\n\n\n\n<ul class=\"wp-block-list\">\n<li><strong>Brilho:<\/strong> O objeto foi descrito como excepcionalmente brilhante, o que pode estar ligado ao seu tamanho, composi\u00e7\u00e3o ou proximidade crescente com o Sol.<\/li>\n\n\n\n<li><strong>Composi\u00e7\u00e3o:<\/strong> At\u00e9 o momento, a aus\u00eancia de detec\u00e7\u00e3o de uma cauda ou de sinais caracter\u00edsticos de cometas dificultou a sua classifica\u00e7\u00e3o definitiva.<\/li>\n\n\n\n<li><strong>Origem:<\/strong> Alguns pesquisadores defendem a hip\u00f3tese de que o objeto possa ter se formado em outra regi\u00e3o da gal\u00e1xia h\u00e1 bilh\u00f5es de anos, refor\u00e7ando seu valor como pe\u00e7a de estudo sobre a hist\u00f3ria do cosmos.<\/li>\n<\/ul>\n\n\n\n<p>Com poucos tra\u00e7os de g\u00e1s ou poeira circundante identificados, a hip\u00f3tese de um cometa tradicional vai perdendo for\u00e7a, enquanto a possibilidade de tratar-se de um asteroide interestelar permanece em an\u00e1lise. A aus\u00eancia dessas caracter\u00edsticas t\u00edpicas de cometas desafia os modelos convencionais usados para interpretar tais achados.<\/p>\n\n\n\n<figure class=\"wp-block-image size-large\"><img decoding=\"async\" width=\"1024\" height=\"576\" src=\"https:\/\/www.correiobraziliense.com.br\/cbradar\/wp-content\/uploads\/2025\/07\/universo_1752762400994-1024x576.jpg\" alt=\"Novo visitante do espa\u00e7o desafia a ci\u00eancia e levanta suspeitas in\u00e9ditas\" class=\"wp-image-71259\" srcset=\"https:\/\/www.correiobraziliense.com.br\/cbradar\/wp-content\/uploads\/2025\/07\/universo_1752762400994-1024x576.jpg 1024w, https:\/\/www.correiobraziliense.com.br\/cbradar\/wp-content\/uploads\/2025\/07\/universo_1752762400994-300x169.jpg 300w, https:\/\/www.correiobraziliense.com.br\/cbradar\/wp-content\/uploads\/2025\/07\/universo_1752762400994-768x432.jpg 768w, https:\/\/www.correiobraziliense.com.br\/cbradar\/wp-content\/uploads\/2025\/07\/universo_1752762400994-750x422.jpg 750w, https:\/\/www.correiobraziliense.com.br\/cbradar\/wp-content\/uploads\/2025\/07\/universo_1752762400994-1140x642.jpg 1140w, https:\/\/www.correiobraziliense.com.br\/cbradar\/wp-content\/uploads\/2025\/07\/universo_1752762400994.jpg 1279w\" sizes=\"(max-width: 1024px) 100vw, 1024px\" \/><figcaption class=\"wp-element-caption\">universo. Cr\u00e9ditos: depositphotos.com \/ mihsan23th<\/figcaption><\/figure>\n\n\n\n<h2 class=\"wp-block-heading\">Afinal, existe a possibilidade de 3I\/ATLAS ser de origem artificial?<\/h2>\n\n\n\n<p><strong>A discuss\u00e3o sobre objetos interestelares e a eventual liga\u00e7\u00e3o com intelig\u00eancias extraterrestres n\u00e3o \u00e9 in\u00e9dita, mas ganhou destaque com declara\u00e7\u00f5es recentes de pesquisadores renomados.<\/strong> O astr\u00f4nomo <strong>Avi Loeb<\/strong>, que j\u00e1 havia sugerido hip\u00f3teses audaciosas quanto a outros corpos vindos de fora do Sistema Solar, voltou a propor que a origem de <strong>3I\/ATLAS<\/strong> pode n\u00e3o ser puramente natural. Segundo sua perspectiva, a falta de explica\u00e7\u00f5es definitivas para o tamanho, brilho e trajet\u00f3ria do objeto deixa espa\u00e7o para considerar teorias pouco convencionais, inclusive a de uma poss\u00edvel influ\u00eancia ou fabrica\u00e7\u00e3o alien\u00edgena.<\/p>\n\n\n\n<p>No entanto, especialistas refor\u00e7am a necessidade de precau\u00e7\u00e3o. <strong>O consenso cient\u00edfico preconiza que solu\u00e7\u00f5es simples s\u00e3o prefer\u00edveis<\/strong> at\u00e9 que novas evid\u00eancias possam ser coletadas. Com a aproxima\u00e7\u00e3o de <strong>3I\/ATLAS<\/strong> do Sol, seus atributos poder\u00e3o ser avaliados novamente, e instrumentos de observa\u00e7\u00e3o mais avan\u00e7ados podem elucidar a presen\u00e7a ou n\u00e3o de detritos, varia\u00e7\u00f5es de luz e espectros caracter\u00edsticos de materiais espec\u00edficos. At\u00e9 o momento, a hip\u00f3tese mais aceita permanece sendo a de um corpo natural, provavelmente um cometa ou asteroide interestelar.<\/p>\n\n\n\n<ul class=\"wp-block-list\">\n<li>Nova coleta de dados \u00e9 fundamental para definir sua natureza.<\/li>\n\n\n\n<li>Pesquisadores recomendam observar o aumento de brilho conforme se aproxima do Sol.<\/li>\n\n\n\n<li>A an\u00e1lise de espectros de luz ser\u00e1 determinante para diferenciar detritos naturais de sinais artificiais.<\/li>\n<\/ul>\n\n\n\n<h2 class=\"wp-block-heading\">O que esperar dos estudos futuros sobre objetos interestelares?<\/h2>\n\n\n\n<p><strong>O rastreamento de 3I\/ATLAS promete colaborar com o avan\u00e7o das pesquisas sobre corpos vindos de regi\u00f5es distantes do universo.<\/strong> Instrumentos cada vez mais precisos e m\u00e9todos de an\u00e1lise inovadores tendem a ampliar o entendimento sobre esses visitantes raros. Ao longo dos pr\u00f3ximos meses, espera-se que telesc\u00f3pios espalhados por diferentes partes do mundo forne\u00e7am dados valiosos sobre sua composi\u00e7\u00e3o, comportamento e trajet\u00f3ria.<\/p>\n\n\n\n<p><strong>Descobertas como a de 3I\/ATLAS evidenciam o dinamismo dos estudos espaciais e mostram como cada novo objeto identificado pode servir de ponte para a compreens\u00e3o de processos gal\u00e1cticos ainda pouco conhecidos.<\/strong> O interesse em desvendar sua origem e propriedades demonstra o potencial da ci\u00eancia em expandir os horizontes do conhecimento humano sobre o universo, sempre aliado \u00e0 busca por novas perguntas e respostas.<\/p>\n","protected":false},"excerpt":{"rendered":"<p>3I\/ATLAS desafia a ci\u00eancia com caracter\u00edsticas \u00fanicas e possibilidade de origem fora do comum. Saiba o que esperar das pr\u00f3ximas an\u00e1lises e observa\u00e7\u00f5es.<\/p>\n","protected":false},"author":3,"featured_media":71258,"comment_status":"open","ping_status":"open","sticky":false,"template":"","format":"standard","meta":{"_yoast_wpseo_focuskw":"visitante espa\u00e7o","_yoast_wpseo_title":"%%title%%","_yoast_wpseo_metadesc":"3I\/ATLAS desafia a ci\u00eancia com caracter\u00edsticas \u00fanicas e possibilidade de origem fora do comum. Saiba o que esperar das pr\u00f3ximas an\u00e1lises e observa\u00e7\u00f5es.","jnews-multi-image_gallery":[],"jnews_single_post":{"format":"standard"},"jnews_primary_category":[],"jnews_social_meta":[],"jnews_override_counter":[],"footnotes":""},"categories":[112],"tags":[179,736,144],"class_list":["post-71256","post","type-post","status-publish","format-standard","has-post-thumbnail","hentry","category-curiosidades","tag-astronomia","tag-ciencia","tag-curiosidades"],"yoast_head":"<!-- This site is optimized with the Yoast SEO plugin v24.6 - https:\/\/yoast.com\/wordpress\/plugins\/seo\/ -->\n<title>Novo visitante do espa\u00e7o desafia a ci\u00eancia e levanta suspeitas in\u00e9ditas<\/title>\n<meta name=\"description\" content=\"3I\/ATLAS desafia a ci\u00eancia com caracter\u00edsticas \u00fanicas e possibilidade de origem fora do comum. Saiba o que esperar das pr\u00f3ximas an\u00e1lises e observa\u00e7\u00f5es.\" \/>\n<meta name=\"robots\" content=\"index, follow, max-snippet:-1, max-image-preview:large, max-video-preview:-1\" \/>\n<link rel=\"canonical\" href=\"https:\/\/www.correiobraziliense.com.br\/cbradar\/novo-visitante-do-espaco-desafia-a-ciencia-e-levanta-suspeitas-ineditas\/\" \/>\n<meta property=\"og:locale\" content=\"pt_BR\" \/>\n<meta property=\"og:type\" content=\"article\" \/>\n<meta property=\"og:title\" content=\"Novo visitante do espa\u00e7o desafia a ci\u00eancia e levanta suspeitas in\u00e9ditas\" \/>\n<meta property=\"og:description\" content=\"3I\/ATLAS desafia a ci\u00eancia com caracter\u00edsticas \u00fanicas e possibilidade de origem fora do comum. Saiba o que esperar das pr\u00f3ximas an\u00e1lises e observa\u00e7\u00f5es.\" \/>\n<meta property=\"og:url\" content=\"https:\/\/www.correiobraziliense.com.br\/cbradar\/novo-visitante-do-espaco-desafia-a-ciencia-e-levanta-suspeitas-ineditas\/\" \/>\n<meta property=\"og:site_name\" content=\"Correio Braziliense - Radar\" \/>\n<meta property=\"article:published_time\" content=\"2025-07-18T23:23:00+00:00\" \/>\n<meta property=\"og:image\" content=\"https:\/\/www.correiobraziliense.com.br\/cbradar\/wp-content\/uploads\/2025\/07\/universo_1752762268311.jpg\" \/>\n\t<meta property=\"og:image:width\" content=\"1280\" \/>\n\t<meta property=\"og:image:height\" content=\"720\" \/>\n\t<meta property=\"og:image:type\" content=\"image\/jpeg\" \/>\n<meta name=\"author\" content=\"Larissa Carvalho\" \/>\n<meta name=\"twitter:card\" content=\"summary_large_image\" \/>\n<meta name=\"twitter:label1\" content=\"Escrito por\" \/>\n\t<meta name=\"twitter:data1\" content=\"Larissa Carvalho\" \/>\n\t<meta name=\"twitter:label2\" content=\"Est. tempo de leitura\" \/>\n\t<meta name=\"twitter:data2\" content=\"6 minutos\" \/>\n<!-- \/ Yoast SEO plugin. -->","yoast_head_json":{"title":"Novo visitante do espa\u00e7o desafia a ci\u00eancia e levanta suspeitas in\u00e9ditas","description":"3I\/ATLAS desafia a ci\u00eancia com caracter\u00edsticas \u00fanicas e possibilidade de origem fora do comum. Saiba o que esperar das pr\u00f3ximas an\u00e1lises e observa\u00e7\u00f5es.","robots":{"index":"index","follow":"follow","max-snippet":"max-snippet:-1","max-image-preview":"max-image-preview:large","max-video-preview":"max-video-preview:-1"},"canonical":"https:\/\/www.correiobraziliense.com.br\/cbradar\/novo-visitante-do-espaco-desafia-a-ciencia-e-levanta-suspeitas-ineditas\/","og_locale":"pt_BR","og_type":"article","og_title":"Novo visitante do espa\u00e7o desafia a ci\u00eancia e levanta suspeitas in\u00e9ditas","og_description":"3I\/ATLAS desafia a ci\u00eancia com caracter\u00edsticas \u00fanicas e possibilidade de origem fora do comum. Saiba o que esperar das pr\u00f3ximas an\u00e1lises e observa\u00e7\u00f5es.","og_url":"https:\/\/www.correiobraziliense.com.br\/cbradar\/novo-visitante-do-espaco-desafia-a-ciencia-e-levanta-suspeitas-ineditas\/","og_site_name":"Correio Braziliense - Radar","article_published_time":"2025-07-18T23:23:00+00:00","og_image":[{"width":1280,"height":720,"url":"https:\/\/www.correiobraziliense.com.br\/cbradar\/wp-content\/uploads\/2025\/07\/universo_1752762268311.jpg","type":"image\/jpeg"}],"author":"Larissa Carvalho","twitter_card":"summary_large_image","twitter_misc":{"Escrito por":"Larissa Carvalho","Est. tempo de leitura":"6 minutos"},"schema":{"@context":"https:\/\/schema.org","@graph":[{"@type":"WebPage","@id":"https:\/\/www.correiobraziliense.com.br\/cbradar\/novo-visitante-do-espaco-desafia-a-ciencia-e-levanta-suspeitas-ineditas\/","url":"https:\/\/www.correiobraziliense.com.br\/cbradar\/novo-visitante-do-espaco-desafia-a-ciencia-e-levanta-suspeitas-ineditas\/","name":"Novo visitante do espa\u00e7o desafia a ci\u00eancia e levanta suspeitas in\u00e9ditas","isPartOf":{"@id":"https:\/\/www.correiobraziliense.com.br\/cbradar\/#website"},"primaryImageOfPage":{"@id":"https:\/\/www.correiobraziliense.com.br\/cbradar\/novo-visitante-do-espaco-desafia-a-ciencia-e-levanta-suspeitas-ineditas\/#primaryimage"},"image":{"@id":"https:\/\/www.correiobraziliense.com.br\/cbradar\/novo-visitante-do-espaco-desafia-a-ciencia-e-levanta-suspeitas-ineditas\/#primaryimage"},"thumbnailUrl":"https:\/\/www.correiobraziliense.com.br\/cbradar\/wp-content\/uploads\/2025\/07\/universo_1752762268311.jpg","datePublished":"2025-07-18T23:23:00+00:00","author":{"@id":"https:\/\/www.correiobraziliense.com.br\/cbradar\/#\/schema\/person\/58422787644df994b53a19d3e56c1513"},"description":"3I\/ATLAS desafia a ci\u00eancia com caracter\u00edsticas \u00fanicas e possibilidade de origem fora do comum. Saiba o que esperar das pr\u00f3ximas an\u00e1lises e observa\u00e7\u00f5es.","breadcrumb":{"@id":"https:\/\/www.correiobraziliense.com.br\/cbradar\/novo-visitante-do-espaco-desafia-a-ciencia-e-levanta-suspeitas-ineditas\/#breadcrumb"},"inLanguage":"pt-BR","potentialAction":[{"@type":"ReadAction","target":["https:\/\/www.correiobraziliense.com.br\/cbradar\/novo-visitante-do-espaco-desafia-a-ciencia-e-levanta-suspeitas-ineditas\/"]}]},{"@type":"ImageObject","inLanguage":"pt-BR","@id":"https:\/\/www.correiobraziliense.com.br\/cbradar\/novo-visitante-do-espaco-desafia-a-ciencia-e-levanta-suspeitas-ineditas\/#primaryimage","url":"https:\/\/www.correiobraziliense.com.br\/cbradar\/wp-content\/uploads\/2025\/07\/universo_1752762268311.jpg","contentUrl":"https:\/\/www.correiobraziliense.com.br\/cbradar\/wp-content\/uploads\/2025\/07\/universo_1752762268311.jpg","width":1280,"height":720,"caption":"universo. Cr\u00e9ditos: depositphotos.com \/ AntonMatyukha"},{"@type":"BreadcrumbList","@id":"https:\/\/www.correiobraziliense.com.br\/cbradar\/novo-visitante-do-espaco-desafia-a-ciencia-e-levanta-suspeitas-ineditas\/#breadcrumb","itemListElement":[{"@type":"ListItem","position":1,"name":"In\u00edcio","item":"https:\/\/www.correiobraziliense.com.br\/cbradar\/"},{"@type":"ListItem","position":2,"name":"Novo visitante do espa\u00e7o desafia a ci\u00eancia e levanta suspeitas in\u00e9ditas"}]},{"@type":"WebSite","@id":"https:\/\/www.correiobraziliense.com.br\/cbradar\/#website","url":"https:\/\/www.correiobraziliense.com.br\/cbradar\/","name":"Correio Braziliense - Radar","description":"Acompanhe as \u00faltimas not\u00edcias e fique bem informado sobre tudo o que acontece no Brasil e no mundo.","potentialAction":[{"@type":"SearchAction","target":{"@type":"EntryPoint","urlTemplate":"https:\/\/www.correiobraziliense.com.br\/cbradar\/?s={search_term_string}"},"query-input":{"@type":"PropertyValueSpecification","valueRequired":true,"valueName":"search_term_string"}}],"inLanguage":"pt-BR"},{"@type":"Person","@id":"https:\/\/www.correiobraziliense.com.br\/cbradar\/#\/schema\/person\/58422787644df994b53a19d3e56c1513","name":"Larissa Carvalho","image":{"@type":"ImageObject","inLanguage":"pt-BR","@id":"https:\/\/www.correiobraziliense.com.br\/cbradar\/#\/schema\/person\/image\/","url":"https:\/\/secure.gravatar.com\/avatar\/fe4f91a0de32b52a838d0d612abdc1aa?s=96&d=mm&r=g","contentUrl":"https:\/\/secure.gravatar.com\/avatar\/fe4f91a0de32b52a838d0d612abdc1aa?s=96&d=mm&r=g","caption":"Larissa Carvalho"},"url":"https:\/\/www.correiobraziliense.com.br\/cbradar\/author\/larissamyth\/"}]}},"_links":{"self":[{"href":"https:\/\/www.correiobraziliense.com.br\/cbradar\/wp-json\/wp\/v2\/posts\/71256","targetHints":{"allow":["GET"]}}],"collection":[{"href":"https:\/\/www.correiobraziliense.com.br\/cbradar\/wp-json\/wp\/v2\/posts"}],"about":[{"href":"https:\/\/www.correiobraziliense.com.br\/cbradar\/wp-json\/wp\/v2\/types\/post"}],"author":[{"embeddable":true,"href":"https:\/\/www.correiobraziliense.com.br\/cbradar\/wp-json\/wp\/v2\/users\/3"}],"replies":[{"embeddable":true,"href":"https:\/\/www.correiobraziliense.com.br\/cbradar\/wp-json\/wp\/v2\/comments?post=71256"}],"version-history":[{"count":2,"href":"https:\/\/www.correiobraziliense.com.br\/cbradar\/wp-json\/wp\/v2\/posts\/71256\/revisions"}],"predecessor-version":[{"id":71260,"href":"https:\/\/www.correiobraziliense.com.br\/cbradar\/wp-json\/wp\/v2\/posts\/71256\/revisions\/71260"}],"wp:featuredmedia":[{"embeddable":true,"href":"https:\/\/www.correiobraziliense.com.br\/cbradar\/wp-json\/wp\/v2\/media\/71258"}],"wp:attachment":[{"href":"https:\/\/www.correiobraziliense.com.br\/cbradar\/wp-json\/wp\/v2\/media?parent=71256"}],"wp:term":[{"taxonomy":"category","embeddable":true,"href":"https:\/\/www.correiobraziliense.com.br\/cbradar\/wp-json\/wp\/v2\/categories?post=71256"},{"taxonomy":"post_tag","embeddable":true,"href":"https:\/\/www.correiobraziliense.com.br\/cbradar\/wp-json\/wp\/v2\/tags?post=71256"}],"curies":[{"name":"wp","href":"https:\/\/api.w.org\/{rel}","templated":true}]}}