{"id":71281,"date":"2025-07-18T19:53:00","date_gmt":"2025-07-18T22:53:00","guid":{"rendered":"https:\/\/www.correiobraziliense.com.br\/cbradar\/?p=71281"},"modified":"2025-07-17T11:50:57","modified_gmt":"2025-07-17T14:50:57","slug":"o-maior-erro-que-impede-o-emagrecimento-mesmo-com-dieta-e-exercicios","status":"publish","type":"post","link":"https:\/\/www.correiobraziliense.com.br\/cbradar\/o-maior-erro-que-impede-o-emagrecimento-mesmo-com-dieta-e-exercicios\/","title":{"rendered":"O maior erro que impede o emagrecimento mesmo com dieta e exerc\u00edcios"},"content":{"rendered":"\n<p>O desejo de perder peso est\u00e1 presente em grande parte da popula\u00e7\u00e3o, especialmente em per\u00edodos como o ver\u00e3o, quando a exposi\u00e7\u00e3o do corpo costuma ser maior. Para al\u00e9m de quest\u00f5es est\u00e9ticas, o emagrecimento guarda uma rela\u00e7\u00e3o direta com a sa\u00fade e pode trazer benef\u00edcios significativos para quem enfrenta doen\u00e7as cr\u00f4nicas ou limita\u00e7\u00f5es f\u00edsicas. Muitas pessoas encontram dificuldades no processo de emagrecimento, mesmo adotando uma alimenta\u00e7\u00e3o balanceada e praticando atividades f\u00edsicas regularmente.<\/p>\n\n\n\n<p>Entre os desafios mais comuns est\u00e1 a frustra\u00e7\u00e3o ao n\u00e3o observar resultados expressivos, mesmo dedicando-se \u00e0 nova rotina. Em muitos casos, a resposta para essa dificuldade pode estar em h\u00e1bitos cotidianos que passam despercebidos, mas afetam diretamente o metabolismo e a perda de peso. <strong>Uma dessas pr\u00e1ticas \u00e9 frequentemente subestimada, mas possui impacto comprovado por especialistas na \u00e1rea de nutri\u00e7\u00e3o.<\/strong><\/p>\n\n\n\n<h2 class=\"wp-block-heading\">Quais h\u00e1bitos podem dificultar a perda de peso?<\/h2>\n\n\n\n<p><strong>Manter h\u00e1bitos corretos \u00e9 essencial em qualquer processo de emagrecimento.<\/strong> Muitas vezes, a ingest\u00e3o de alimentos saud\u00e1veis e a pr\u00e1tica de exerc\u00edcios s\u00e3o prejudicadas por comportamentos simples, como o ato de comer rapidamente. Comer sem dar a devida aten\u00e7\u00e3o ao processo de mastiga\u00e7\u00e3o pode promover consequ\u00eancias negativas para quem busca uma redu\u00e7\u00e3o eficaz do peso corporal e uma vida mais saud\u00e1vel.<\/p>\n\n\n\n<h2 class=\"wp-block-heading\">Por que comer r\u00e1pido pode atrapalhar o emagrecimento?<\/h2>\n\n\n\n<p><strong>O consumo acelerado dos alimentos \u00e9 apontado por especialistas como um dos fatores que mais contribuem para o ganho de peso sem que a pessoa perceba.<\/strong> Quando as refei\u00e7\u00f5es s\u00e3o feitas de maneira apressada, o organismo pode enfrentar dificuldades na digest\u00e3o e no aproveitamento adequado dos nutrientes. Al\u00e9m disso, a sensa\u00e7\u00e3o de saciedade \u00e9 prejudicada, levando frequentemente \u00e0 ingest\u00e3o de maiores quantidades de comida e ao aumento do consumo cal\u00f3rico ao longo do dia.<\/p>\n\n\n\n<ul class=\"wp-block-list\">\n<li><strong>Mastiga\u00e7\u00e3o insuficiente:<\/strong> dificulta o trabalho do sistema digestivo e pode causar desconforto ou sensa\u00e7\u00e3o de fome pouco tempo ap\u00f3s a refei\u00e7\u00e3o.<\/li>\n\n\n\n<li><strong>Saciedade tardia:<\/strong> o corpo leva tempo para perceber que est\u00e1 satisfeito, e comer muito r\u00e1pido impede que esse processo aconte\u00e7a naturalmente.<\/li>\n\n\n\n<li><strong>Eleva\u00e7\u00e3o da glicemia:<\/strong> a absor\u00e7\u00e3o acelerada dos nutrientes pode desregular os n\u00edveis de glicose no sangue, favorecendo quadros como o diabetes tipo 2.<\/li>\n<\/ul>\n\n\n\n<figure class=\"wp-block-image size-large\"><img decoding=\"async\" width=\"1024\" height=\"576\" src=\"https:\/\/www.correiobraziliense.com.br\/cbradar\/wp-content\/uploads\/2025\/07\/emagrecimento_1752763838883-1024x576.jpg\" alt=\"O maior erro que impede o emagrecimento mesmo com dieta e exerc\u00edcios\" class=\"wp-image-71284\" srcset=\"https:\/\/www.correiobraziliense.com.br\/cbradar\/wp-content\/uploads\/2025\/07\/emagrecimento_1752763838883-1024x576.jpg 1024w, https:\/\/www.correiobraziliense.com.br\/cbradar\/wp-content\/uploads\/2025\/07\/emagrecimento_1752763838883-300x169.jpg 300w, https:\/\/www.correiobraziliense.com.br\/cbradar\/wp-content\/uploads\/2025\/07\/emagrecimento_1752763838883-768x432.jpg 768w, https:\/\/www.correiobraziliense.com.br\/cbradar\/wp-content\/uploads\/2025\/07\/emagrecimento_1752763838883-750x422.jpg 750w, https:\/\/www.correiobraziliense.com.br\/cbradar\/wp-content\/uploads\/2025\/07\/emagrecimento_1752763838883-1140x641.jpg 1140w, https:\/\/www.correiobraziliense.com.br\/cbradar\/wp-content\/uploads\/2025\/07\/emagrecimento_1752763838883.jpg 1280w\" sizes=\"(max-width: 1024px) 100vw, 1024px\" \/><figcaption class=\"wp-element-caption\">emagrecimento. Cr\u00e9ditos: depositphotos.com \/ AllaSerebrina<\/figcaption><\/figure>\n\n\n\n<h2 class=\"wp-block-heading\">Como consumir refei\u00e7\u00f5es de forma mais consciente pode auxiliar o emagrecimento?<\/h2>\n\n\n\n<p><strong>Adotar o h\u00e1bito de comer devagar e dar aten\u00e7\u00e3o ao ato de mastigar \u00e9 uma medida recomendada para quem deseja perder peso com sa\u00fade.<\/strong> A alimenta\u00e7\u00e3o consciente favorece n\u00e3o s\u00f3 a digest\u00e3o, mas tamb\u00e9m o equil\u00edbrio dos n\u00edveis de a\u00e7\u00facar no sangue, promovendo a saciedade e reduzindo o risco de doen\u00e7as metab\u00f3licas.<\/p>\n\n\n\n<ol class=\"wp-block-list\">\n<li>Reserve tempo suficiente para as refei\u00e7\u00f5es, sem distra\u00e7\u00f5es como aparelhos eletr\u00f4nicos.<\/li>\n\n\n\n<li>Mastigue cada por\u00e7\u00e3o lentamente, saboreando o alimento.<\/li>\n\n\n\n<li>Reconhe\u00e7a os sinais do corpo, permitindo-se parar antes de sentir-se exageradamente cheio.<\/li>\n<\/ol>\n\n\n\n<h2 class=\"wp-block-heading\">Quais outros fatores devem ser observados para evitar o efeito plat\u00f4 na perda de peso?<\/h2>\n\n\n\n<p><strong>Al\u00e9m de uma mastiga\u00e7\u00e3o adequada, diversos elementos podem interferir no metabolismo e na conquista de resultados duradouros.<\/strong> Entre eles, destacam-se o sono de qualidade, a hidrata\u00e7\u00e3o equilibrada, o controle do estresse e a regularidade da pr\u00e1tica de atividades f\u00edsicas. Varia\u00e7\u00f5es na dieta e o acompanhamento profissional tamb\u00e9m s\u00e3o importantes para evitar que o organismo se adapte e interrompa o processo de emagrecimento, conhecido como efeito plat\u00f4.<\/p>\n\n\n\n<p>Em suma, pequenas mudan\u00e7as no cotidiano podem contribuir sobremaneira para quem busca perder peso de forma saud\u00e1vel e sustent\u00e1vel. Ajustar o ritmo das refei\u00e7\u00f5es \u00e9 um dos passos mais acess\u00edveis e eficazes para melhorar a rela\u00e7\u00e3o entre alimenta\u00e7\u00e3o, metabolismo e bem-estar geral.<\/p>\n","protected":false},"excerpt":{"rendered":"<p>Comer r\u00e1pido pode atrapalhar o emagrecimento e quase ningu\u00e9m percebe. Veja dicas pr\u00e1ticas para perder peso de forma saud\u00e1vel e consciente.<\/p>\n","protected":false},"author":3,"featured_media":71283,"comment_status":"open","ping_status":"open","sticky":false,"template":"","format":"standard","meta":{"_yoast_wpseo_focuskw":"erro emagrecimento","_yoast_wpseo_title":"%%title%%","_yoast_wpseo_metadesc":"Comer r\u00e1pido pode atrapalhar o emagrecimento e quase ningu\u00e9m percebe. Veja dicas pr\u00e1ticas para perder peso de forma saud\u00e1vel e consciente.","jnews-multi-image_gallery":[],"jnews_single_post":{"format":"standard"},"jnews_primary_category":[],"jnews_social_meta":[],"jnews_override_counter":[],"footnotes":""},"categories":[112],"tags":[144,367,565],"class_list":["post-71281","post","type-post","status-publish","format-standard","has-post-thumbnail","hentry","category-curiosidades","tag-curiosidades","tag-emagrecimento","tag-saude"],"yoast_head":"<!-- This site is optimized with the Yoast SEO plugin v24.6 - https:\/\/yoast.com\/wordpress\/plugins\/seo\/ -->\n<title>O maior erro que impede o emagrecimento mesmo com dieta e exerc\u00edcios<\/title>\n<meta name=\"description\" content=\"Comer r\u00e1pido pode atrapalhar o emagrecimento e quase ningu\u00e9m percebe. Veja dicas pr\u00e1ticas para perder peso de forma saud\u00e1vel e consciente.\" \/>\n<meta name=\"robots\" content=\"index, follow, max-snippet:-1, max-image-preview:large, max-video-preview:-1\" \/>\n<link rel=\"canonical\" href=\"https:\/\/www.correiobraziliense.com.br\/cbradar\/o-maior-erro-que-impede-o-emagrecimento-mesmo-com-dieta-e-exercicios\/\" \/>\n<meta property=\"og:locale\" content=\"pt_BR\" \/>\n<meta property=\"og:type\" content=\"article\" \/>\n<meta property=\"og:title\" content=\"O maior erro que impede o emagrecimento mesmo com dieta e exerc\u00edcios\" \/>\n<meta property=\"og:description\" content=\"Comer r\u00e1pido pode atrapalhar o emagrecimento e quase ningu\u00e9m percebe. Veja dicas pr\u00e1ticas para perder peso de forma saud\u00e1vel e consciente.\" \/>\n<meta property=\"og:url\" content=\"https:\/\/www.correiobraziliense.com.br\/cbradar\/o-maior-erro-que-impede-o-emagrecimento-mesmo-com-dieta-e-exercicios\/\" \/>\n<meta property=\"og:site_name\" content=\"Correio Braziliense - Radar\" \/>\n<meta property=\"article:published_time\" content=\"2025-07-18T22:53:00+00:00\" \/>\n<meta property=\"og:image\" content=\"https:\/\/www.correiobraziliense.com.br\/cbradar\/wp-content\/uploads\/2025\/07\/emagrecimento_1752763750518.jpg\" \/>\n\t<meta property=\"og:image:width\" content=\"1280\" \/>\n\t<meta property=\"og:image:height\" content=\"720\" \/>\n\t<meta property=\"og:image:type\" content=\"image\/jpeg\" \/>\n<meta name=\"author\" content=\"Larissa Carvalho\" \/>\n<meta name=\"twitter:card\" content=\"summary_large_image\" \/>\n<meta name=\"twitter:label1\" content=\"Escrito por\" \/>\n\t<meta name=\"twitter:data1\" content=\"Larissa Carvalho\" \/>\n\t<meta name=\"twitter:label2\" content=\"Est. tempo de leitura\" \/>\n\t<meta name=\"twitter:data2\" content=\"4 minutos\" \/>\n<!-- \/ Yoast SEO plugin. -->","yoast_head_json":{"title":"O maior erro que impede o emagrecimento mesmo com dieta e exerc\u00edcios","description":"Comer r\u00e1pido pode atrapalhar o emagrecimento e quase ningu\u00e9m percebe. Veja dicas pr\u00e1ticas para perder peso de forma saud\u00e1vel e consciente.","robots":{"index":"index","follow":"follow","max-snippet":"max-snippet:-1","max-image-preview":"max-image-preview:large","max-video-preview":"max-video-preview:-1"},"canonical":"https:\/\/www.correiobraziliense.com.br\/cbradar\/o-maior-erro-que-impede-o-emagrecimento-mesmo-com-dieta-e-exercicios\/","og_locale":"pt_BR","og_type":"article","og_title":"O maior erro que impede o emagrecimento mesmo com dieta e exerc\u00edcios","og_description":"Comer r\u00e1pido pode atrapalhar o emagrecimento e quase ningu\u00e9m percebe. Veja dicas pr\u00e1ticas para perder peso de forma saud\u00e1vel e consciente.","og_url":"https:\/\/www.correiobraziliense.com.br\/cbradar\/o-maior-erro-que-impede-o-emagrecimento-mesmo-com-dieta-e-exercicios\/","og_site_name":"Correio Braziliense - Radar","article_published_time":"2025-07-18T22:53:00+00:00","og_image":[{"width":1280,"height":720,"url":"https:\/\/www.correiobraziliense.com.br\/cbradar\/wp-content\/uploads\/2025\/07\/emagrecimento_1752763750518.jpg","type":"image\/jpeg"}],"author":"Larissa Carvalho","twitter_card":"summary_large_image","twitter_misc":{"Escrito por":"Larissa Carvalho","Est. tempo de leitura":"4 minutos"},"schema":{"@context":"https:\/\/schema.org","@graph":[{"@type":"WebPage","@id":"https:\/\/www.correiobraziliense.com.br\/cbradar\/o-maior-erro-que-impede-o-emagrecimento-mesmo-com-dieta-e-exercicios\/","url":"https:\/\/www.correiobraziliense.com.br\/cbradar\/o-maior-erro-que-impede-o-emagrecimento-mesmo-com-dieta-e-exercicios\/","name":"O maior erro que impede o emagrecimento mesmo com dieta e exerc\u00edcios","isPartOf":{"@id":"https:\/\/www.correiobraziliense.com.br\/cbradar\/#website"},"primaryImageOfPage":{"@id":"https:\/\/www.correiobraziliense.com.br\/cbradar\/o-maior-erro-que-impede-o-emagrecimento-mesmo-com-dieta-e-exercicios\/#primaryimage"},"image":{"@id":"https:\/\/www.correiobraziliense.com.br\/cbradar\/o-maior-erro-que-impede-o-emagrecimento-mesmo-com-dieta-e-exercicios\/#primaryimage"},"thumbnailUrl":"https:\/\/www.correiobraziliense.com.br\/cbradar\/wp-content\/uploads\/2025\/07\/emagrecimento_1752763750518.jpg","datePublished":"2025-07-18T22:53:00+00:00","author":{"@id":"https:\/\/www.correiobraziliense.com.br\/cbradar\/#\/schema\/person\/58422787644df994b53a19d3e56c1513"},"description":"Comer r\u00e1pido pode atrapalhar o emagrecimento e quase ningu\u00e9m percebe. Veja dicas pr\u00e1ticas para perder peso de forma saud\u00e1vel e consciente.","breadcrumb":{"@id":"https:\/\/www.correiobraziliense.com.br\/cbradar\/o-maior-erro-que-impede-o-emagrecimento-mesmo-com-dieta-e-exercicios\/#breadcrumb"},"inLanguage":"pt-BR","potentialAction":[{"@type":"ReadAction","target":["https:\/\/www.correiobraziliense.com.br\/cbradar\/o-maior-erro-que-impede-o-emagrecimento-mesmo-com-dieta-e-exercicios\/"]}]},{"@type":"ImageObject","inLanguage":"pt-BR","@id":"https:\/\/www.correiobraziliense.com.br\/cbradar\/o-maior-erro-que-impede-o-emagrecimento-mesmo-com-dieta-e-exercicios\/#primaryimage","url":"https:\/\/www.correiobraziliense.com.br\/cbradar\/wp-content\/uploads\/2025\/07\/emagrecimento_1752763750518.jpg","contentUrl":"https:\/\/www.correiobraziliense.com.br\/cbradar\/wp-content\/uploads\/2025\/07\/emagrecimento_1752763750518.jpg","width":1280,"height":720,"caption":"emagrecimento. Cr\u00e9ditos: depositphotos.com \/ dmitryvavilon"},{"@type":"BreadcrumbList","@id":"https:\/\/www.correiobraziliense.com.br\/cbradar\/o-maior-erro-que-impede-o-emagrecimento-mesmo-com-dieta-e-exercicios\/#breadcrumb","itemListElement":[{"@type":"ListItem","position":1,"name":"In\u00edcio","item":"https:\/\/www.correiobraziliense.com.br\/cbradar\/"},{"@type":"ListItem","position":2,"name":"O maior erro que impede o emagrecimento mesmo com dieta e exerc\u00edcios"}]},{"@type":"WebSite","@id":"https:\/\/www.correiobraziliense.com.br\/cbradar\/#website","url":"https:\/\/www.correiobraziliense.com.br\/cbradar\/","name":"Correio Braziliense - Radar","description":"Acompanhe as \u00faltimas not\u00edcias e fique bem informado sobre tudo o que acontece no Brasil e no mundo.","potentialAction":[{"@type":"SearchAction","target":{"@type":"EntryPoint","urlTemplate":"https:\/\/www.correiobraziliense.com.br\/cbradar\/?s={search_term_string}"},"query-input":{"@type":"PropertyValueSpecification","valueRequired":true,"valueName":"search_term_string"}}],"inLanguage":"pt-BR"},{"@type":"Person","@id":"https:\/\/www.correiobraziliense.com.br\/cbradar\/#\/schema\/person\/58422787644df994b53a19d3e56c1513","name":"Larissa Carvalho","image":{"@type":"ImageObject","inLanguage":"pt-BR","@id":"https:\/\/www.correiobraziliense.com.br\/cbradar\/#\/schema\/person\/image\/","url":"https:\/\/secure.gravatar.com\/avatar\/fe4f91a0de32b52a838d0d612abdc1aa?s=96&d=mm&r=g","contentUrl":"https:\/\/secure.gravatar.com\/avatar\/fe4f91a0de32b52a838d0d612abdc1aa?s=96&d=mm&r=g","caption":"Larissa Carvalho"},"url":"https:\/\/www.correiobraziliense.com.br\/cbradar\/author\/larissamyth\/"}]}},"_links":{"self":[{"href":"https:\/\/www.correiobraziliense.com.br\/cbradar\/wp-json\/wp\/v2\/posts\/71281","targetHints":{"allow":["GET"]}}],"collection":[{"href":"https:\/\/www.correiobraziliense.com.br\/cbradar\/wp-json\/wp\/v2\/posts"}],"about":[{"href":"https:\/\/www.correiobraziliense.com.br\/cbradar\/wp-json\/wp\/v2\/types\/post"}],"author":[{"embeddable":true,"href":"https:\/\/www.correiobraziliense.com.br\/cbradar\/wp-json\/wp\/v2\/users\/3"}],"replies":[{"embeddable":true,"href":"https:\/\/www.correiobraziliense.com.br\/cbradar\/wp-json\/wp\/v2\/comments?post=71281"}],"version-history":[{"count":2,"href":"https:\/\/www.correiobraziliense.com.br\/cbradar\/wp-json\/wp\/v2\/posts\/71281\/revisions"}],"predecessor-version":[{"id":71285,"href":"https:\/\/www.correiobraziliense.com.br\/cbradar\/wp-json\/wp\/v2\/posts\/71281\/revisions\/71285"}],"wp:featuredmedia":[{"embeddable":true,"href":"https:\/\/www.correiobraziliense.com.br\/cbradar\/wp-json\/wp\/v2\/media\/71283"}],"wp:attachment":[{"href":"https:\/\/www.correiobraziliense.com.br\/cbradar\/wp-json\/wp\/v2\/media?parent=71281"}],"wp:term":[{"taxonomy":"category","embeddable":true,"href":"https:\/\/www.correiobraziliense.com.br\/cbradar\/wp-json\/wp\/v2\/categories?post=71281"},{"taxonomy":"post_tag","embeddable":true,"href":"https:\/\/www.correiobraziliense.com.br\/cbradar\/wp-json\/wp\/v2\/tags?post=71281"}],"curies":[{"name":"wp","href":"https:\/\/api.w.org\/{rel}","templated":true}]}}