{"id":7144,"date":"2025-02-28T20:10:00","date_gmt":"2025-02-28T23:10:00","guid":{"rendered":"https:\/\/www.correiobraziliense.com.br\/cbradar\/?p=7144"},"modified":"2025-02-28T02:47:27","modified_gmt":"2025-02-28T05:47:27","slug":"conheca-a-incrivel-cidade-que-fica-dentro-de-uma-muralha","status":"publish","type":"post","link":"https:\/\/www.correiobraziliense.com.br\/cbradar\/conheca-a-incrivel-cidade-que-fica-dentro-de-uma-muralha\/","title":{"rendered":"Conhe\u00e7a a incr\u00edvel cidade que fica dentro de uma muralha"},"content":{"rendered":"\n<p>Enquanto cidades muitas evolu\u00edram ao longo dos s\u00e9culos, algumas ainda preservaram sua apar\u00eancia original. <strong>\u00d3bidos<\/strong>, em <strong>Portugal<\/strong>, \u00e9 um dos exemplos mais impressionantes de um vilarejo medieval que fica cercado por uma <strong>muralha fortificada<\/strong> e mant\u00e9m sua estrutura hist\u00f3rica intacta.<\/p>\n\n\n\n<p>Localizada no centro de Portugal, \u00d3bidos foi um importante posto defensivo durante a Idade M\u00e9dia. Uma cidade cresceu dentro das muralhas do <strong>Castelo de \u00d3bidos<\/strong>, constru\u00edda no s\u00e9culo XII, e at\u00e9 hoje as suas ruas estreitas, casas caiadas de branco e igrejas centen\u00e1rias fazem com que os visitantes se sintam em outra \u00e9poca.<\/p>\n\n\n\n<p>Al\u00e9m de sua impressionante arquitetura medieval, \u00d3bidos tamb\u00e9m \u00e9 conhecida como a <strong>\u201cVila das Rainhas\u201d<\/strong>, pois, por s\u00e9culos, foi um presente dos reis portugueses para suas esposas. Essa tradi\u00e7\u00e3o come\u00e7ou no s\u00e9culo XIII, quando o rei <strong>D. Dinis<\/strong> ofereceu a cidade \u00e0 rainha <strong>Santa Isabel<\/strong>, tornando-a parte do dote das futuras rainhas do pa\u00eds.<\/p>\n\n\n\n<h2 class=\"wp-block-heading\"><strong>Como \u00e9 viver dentro de uma cidade murada?<\/strong><\/h2>\n\n\n\n<p>Os moradores de \u00d3bidos convivem diariamente com sua heran\u00e7a hist\u00f3rica. As ruas s\u00e3o feitas de paralelep\u00edpedos, as constru\u00e7\u00f5es seguem o estilo medieval e, at\u00e9 hoje, a cidade mant\u00e9m um ambiente tranquilo e preservado. Dentro das muralhas, n\u00e3o h\u00e1 tr\u00e2nsito de carros, e a maioria das constru\u00e7\u00f5es mant\u00e9m a arquitetura original.<\/p>\n\n\n\n<p>A vida cultural da cidade tamb\u00e9m \u00e9 rica. \u00d3bidos \u00e9 famosa pelos seus festivais tem\u00e1ticos, como a <strong>Feira Medieval<\/strong>, onde as ruas se transformam num verdadeiro cen\u00e1rio da Idade M\u00e9dia, com mercadores, cavaleiros e espet\u00e1culos de \u00e9poca. Outro evento popular \u00e9 o <strong>Festival Internacional de Chocolate<\/strong>, que atrai visitantes do mundo todo para experimentar doces incr\u00edveis dentro do ambiente medieval.<\/p>\n\n\n\n<p>Al\u00e9m disso, \u00d3bidos \u00e9 conhecido pela <strong>ginjinha<\/strong>, um licor de cereja tradicionalmente servido em copinhos de chocolate, tornando-se uma experi\u00eancia obrigat\u00f3ria para quem visita \u00e0 cidade.<\/p>\n\n\n\n<figure class=\"wp-block-image size-large\"><img decoding=\"async\" width=\"1024\" height=\"576\" src=\"https:\/\/www.correiobraziliense.com.br\/cbradar\/wp-content\/uploads\/2025\/02\/Obidos_1740689187473-1024x576.jpg\" alt=\"Essa cidade fica dentro de uma muralha\" class=\"wp-image-7151\" srcset=\"https:\/\/www.correiobraziliense.com.br\/cbradar\/wp-content\/uploads\/2025\/02\/Obidos_1740689187473-1024x576.jpg 1024w, https:\/\/www.correiobraziliense.com.br\/cbradar\/wp-content\/uploads\/2025\/02\/Obidos_1740689187473-300x169.jpg 300w, https:\/\/www.correiobraziliense.com.br\/cbradar\/wp-content\/uploads\/2025\/02\/Obidos_1740689187473-768x432.jpg 768w, https:\/\/www.correiobraziliense.com.br\/cbradar\/wp-content\/uploads\/2025\/02\/Obidos_1740689187473-750x422.jpg 750w, https:\/\/www.correiobraziliense.com.br\/cbradar\/wp-content\/uploads\/2025\/02\/Obidos_1740689187473-1140x641.jpg 1140w, https:\/\/www.correiobraziliense.com.br\/cbradar\/wp-content\/uploads\/2025\/02\/Obidos_1740689187473.jpg 1280w\" sizes=\"(max-width: 1024px) 100vw, 1024px\" \/><figcaption class=\"wp-element-caption\">\u00d3bidos. Cr\u00e9ditos: depositphotos.com \/ mairu10<\/figcaption><\/figure>\n\n\n\n<h2 class=\"wp-block-heading\"><strong>Um dos destinos mais encantadores de Portugal<\/strong><\/h2>\n\n\n\n<p>\u00d3bidos \u00e9 um dos vilarejos mais bem preservados de Portugal e um dos destinos mais procurados por turistas que desejam conhecer um cen\u00e1rio medieval aut\u00eantico. Caminhar pelas muralhas do castelo, explorar as ruas hist\u00f3ricas e desfrutar da gastronomia local s\u00e3o experi\u00eancias que fazem da cidade um verdadeiro tesouro portugu\u00eas.<\/p>\n\n\n\n<p>Com seu charme \u00fanico e sua conex\u00e3o com a hist\u00f3ria, \u00d3bidos prova que \u00e9 poss\u00edvel preservar o passado enquanto se mant\u00e9m viva e vibrante, atraindo visitantes de todas as partes do mundo.<\/p>\n","protected":false},"excerpt":{"rendered":"<p>Essa cidade ainda vive dentro de uma muralha medieval e mant\u00e9m a sua arquitetura original. Descubra os encantos de um dos vilarejos mais bem preservados de Portugal.<\/p>\n","protected":false},"author":3,"featured_media":7150,"comment_status":"open","ping_status":"open","sticky":false,"template":"","format":"standard","meta":{"_yoast_wpseo_focuskw":"cidade","_yoast_wpseo_title":"%%title%%","_yoast_wpseo_metadesc":"Descubra a incr\u00edvel cidade cercada por uma muralha, repleta de hist\u00f3ria, arquitetura fascinante e paisagens que encantam visitantes.","jnews-multi-image_gallery":[],"jnews_single_post":{"format":"standard"},"jnews_primary_category":[],"jnews_social_meta":[],"jnews_override_counter":[],"footnotes":""},"categories":[108],"post_tag":[109],"class_list":["post-7144","post","type-post","status-publish","format-standard","has-post-thumbnail","hentry","category-cidades","tag-cidades"],"yoast_head":"<!-- This site is optimized with the Yoast SEO plugin v24.6 - https:\/\/yoast.com\/wordpress\/plugins\/seo\/ -->\n<title>Conhe\u00e7a a incr\u00edvel cidade que fica dentro de uma muralha<\/title>\n<meta name=\"description\" content=\"Descubra a incr\u00edvel cidade cercada por uma muralha, repleta de hist\u00f3ria, arquitetura fascinante e paisagens que encantam visitantes.\" \/>\n<meta name=\"robots\" content=\"index, follow, max-snippet:-1, max-image-preview:large, max-video-preview:-1\" \/>\n<link rel=\"canonical\" href=\"https:\/\/www.correiobraziliense.com.br\/cbradar\/conheca-a-incrivel-cidade-que-fica-dentro-de-uma-muralha\/\" \/>\n<meta property=\"og:locale\" content=\"pt_BR\" \/>\n<meta property=\"og:type\" content=\"article\" \/>\n<meta property=\"og:title\" content=\"Conhe\u00e7a a incr\u00edvel cidade que fica dentro de uma muralha\" \/>\n<meta property=\"og:description\" content=\"Descubra a incr\u00edvel cidade cercada por uma muralha, repleta de hist\u00f3ria, arquitetura fascinante e paisagens que encantam visitantes.\" \/>\n<meta property=\"og:url\" content=\"https:\/\/www.correiobraziliense.com.br\/cbradar\/conheca-a-incrivel-cidade-que-fica-dentro-de-uma-muralha\/\" \/>\n<meta property=\"og:site_name\" content=\"Correio Braziliense - Radar\" \/>\n<meta property=\"article:published_time\" content=\"2025-02-28T23:10:00+00:00\" \/>\n<meta property=\"og:image\" content=\"https:\/\/www.correiobraziliense.com.br\/cbradar\/wp-content\/uploads\/2025\/02\/Obidos_1740689165811.jpg\" \/>\n\t<meta property=\"og:image:width\" content=\"1280\" \/>\n\t<meta property=\"og:image:height\" content=\"720\" \/>\n\t<meta property=\"og:image:type\" content=\"image\/jpeg\" \/>\n<meta name=\"author\" content=\"Larissa Carvalho\" \/>\n<meta name=\"twitter:card\" content=\"summary_large_image\" \/>\n<meta name=\"twitter:label1\" content=\"Escrito por\" \/>\n\t<meta name=\"twitter:data1\" content=\"Larissa Carvalho\" \/>\n\t<meta name=\"twitter:label2\" content=\"Est. tempo de leitura\" \/>\n\t<meta name=\"twitter:data2\" content=\"3 minutos\" \/>\n<!-- \/ Yoast SEO plugin. -->","yoast_head_json":{"title":"Conhe\u00e7a a incr\u00edvel cidade que fica dentro de uma muralha","description":"Descubra a incr\u00edvel cidade cercada por uma muralha, repleta de hist\u00f3ria, arquitetura fascinante e paisagens que encantam visitantes.","robots":{"index":"index","follow":"follow","max-snippet":"max-snippet:-1","max-image-preview":"max-image-preview:large","max-video-preview":"max-video-preview:-1"},"canonical":"https:\/\/www.correiobraziliense.com.br\/cbradar\/conheca-a-incrivel-cidade-que-fica-dentro-de-uma-muralha\/","og_locale":"pt_BR","og_type":"article","og_title":"Conhe\u00e7a a incr\u00edvel cidade que fica dentro de uma muralha","og_description":"Descubra a incr\u00edvel cidade cercada por uma muralha, repleta de hist\u00f3ria, arquitetura fascinante e paisagens que encantam visitantes.","og_url":"https:\/\/www.correiobraziliense.com.br\/cbradar\/conheca-a-incrivel-cidade-que-fica-dentro-de-uma-muralha\/","og_site_name":"Correio Braziliense - Radar","article_published_time":"2025-02-28T23:10:00+00:00","og_image":[{"width":1280,"height":720,"url":"https:\/\/www.correiobraziliense.com.br\/cbradar\/wp-content\/uploads\/2025\/02\/Obidos_1740689165811.jpg","type":"image\/jpeg"}],"author":"Larissa Carvalho","twitter_card":"summary_large_image","twitter_misc":{"Escrito por":"Larissa Carvalho","Est. tempo de leitura":"3 minutos"},"schema":{"@context":"https:\/\/schema.org","@graph":[{"@type":"WebPage","@id":"https:\/\/www.correiobraziliense.com.br\/cbradar\/conheca-a-incrivel-cidade-que-fica-dentro-de-uma-muralha\/","url":"https:\/\/www.correiobraziliense.com.br\/cbradar\/conheca-a-incrivel-cidade-que-fica-dentro-de-uma-muralha\/","name":"Conhe\u00e7a a incr\u00edvel cidade que fica dentro de uma muralha","isPartOf":{"@id":"https:\/\/www.correiobraziliense.com.br\/cbradar\/#website"},"primaryImageOfPage":{"@id":"https:\/\/www.correiobraziliense.com.br\/cbradar\/conheca-a-incrivel-cidade-que-fica-dentro-de-uma-muralha\/#primaryimage"},"image":{"@id":"https:\/\/www.correiobraziliense.com.br\/cbradar\/conheca-a-incrivel-cidade-que-fica-dentro-de-uma-muralha\/#primaryimage"},"thumbnailUrl":"https:\/\/www.correiobraziliense.com.br\/cbradar\/wp-content\/uploads\/2025\/02\/Obidos_1740689165811.jpg","datePublished":"2025-02-28T23:10:00+00:00","author":{"@id":"https:\/\/www.correiobraziliense.com.br\/cbradar\/#\/schema\/person\/58422787644df994b53a19d3e56c1513"},"description":"Descubra a incr\u00edvel cidade cercada por uma muralha, repleta de hist\u00f3ria, arquitetura fascinante e paisagens que encantam visitantes.","breadcrumb":{"@id":"https:\/\/www.correiobraziliense.com.br\/cbradar\/conheca-a-incrivel-cidade-que-fica-dentro-de-uma-muralha\/#breadcrumb"},"inLanguage":"pt-BR","potentialAction":[{"@type":"ReadAction","target":["https:\/\/www.correiobraziliense.com.br\/cbradar\/conheca-a-incrivel-cidade-que-fica-dentro-de-uma-muralha\/"]}]},{"@type":"ImageObject","inLanguage":"pt-BR","@id":"https:\/\/www.correiobraziliense.com.br\/cbradar\/conheca-a-incrivel-cidade-que-fica-dentro-de-uma-muralha\/#primaryimage","url":"https:\/\/www.correiobraziliense.com.br\/cbradar\/wp-content\/uploads\/2025\/02\/Obidos_1740689165811.jpg","contentUrl":"https:\/\/www.correiobraziliense.com.br\/cbradar\/wp-content\/uploads\/2025\/02\/Obidos_1740689165811.jpg","width":1280,"height":720,"caption":"\u00d3bidos. Cr\u00e9ditos: depositphotos.com \/ ccaetano"},{"@type":"BreadcrumbList","@id":"https:\/\/www.correiobraziliense.com.br\/cbradar\/conheca-a-incrivel-cidade-que-fica-dentro-de-uma-muralha\/#breadcrumb","itemListElement":[{"@type":"ListItem","position":1,"name":"In\u00edcio","item":"https:\/\/www.correiobraziliense.com.br\/cbradar\/"},{"@type":"ListItem","position":2,"name":"Conhe\u00e7a a incr\u00edvel cidade que fica dentro de uma muralha"}]},{"@type":"WebSite","@id":"https:\/\/www.correiobraziliense.com.br\/cbradar\/#website","url":"https:\/\/www.correiobraziliense.com.br\/cbradar\/","name":"Correio Braziliense - Radar","description":"Acompanhe as \u00faltimas not\u00edcias e fique bem informado sobre tudo o que acontece no Brasil e no mundo.","potentialAction":[{"@type":"SearchAction","target":{"@type":"EntryPoint","urlTemplate":"https:\/\/www.correiobraziliense.com.br\/cbradar\/?s={search_term_string}"},"query-input":{"@type":"PropertyValueSpecification","valueRequired":true,"valueName":"search_term_string"}}],"inLanguage":"pt-BR"},{"@type":"Person","@id":"https:\/\/www.correiobraziliense.com.br\/cbradar\/#\/schema\/person\/58422787644df994b53a19d3e56c1513","name":"Larissa Carvalho","image":{"@type":"ImageObject","inLanguage":"pt-BR","@id":"https:\/\/www.correiobraziliense.com.br\/cbradar\/#\/schema\/person\/image\/","url":"https:\/\/secure.gravatar.com\/avatar\/fe4f91a0de32b52a838d0d612abdc1aa?s=96&d=mm&r=g","contentUrl":"https:\/\/secure.gravatar.com\/avatar\/fe4f91a0de32b52a838d0d612abdc1aa?s=96&d=mm&r=g","caption":"Larissa Carvalho"},"url":"https:\/\/www.correiobraziliense.com.br\/cbradar\/author\/larissamyth\/"}]}},"_links":{"self":[{"href":"https:\/\/www.correiobraziliense.com.br\/cbradar\/wp-json\/wp\/v2\/posts\/7144","targetHints":{"allow":["GET"]}}],"collection":[{"href":"https:\/\/www.correiobraziliense.com.br\/cbradar\/wp-json\/wp\/v2\/posts"}],"about":[{"href":"https:\/\/www.correiobraziliense.com.br\/cbradar\/wp-json\/wp\/v2\/types\/post"}],"author":[{"embeddable":true,"href":"https:\/\/www.correiobraziliense.com.br\/cbradar\/wp-json\/wp\/v2\/users\/3"}],"replies":[{"embeddable":true,"href":"https:\/\/www.correiobraziliense.com.br\/cbradar\/wp-json\/wp\/v2\/comments?post=7144"}],"version-history":[{"count":3,"href":"https:\/\/www.correiobraziliense.com.br\/cbradar\/wp-json\/wp\/v2\/posts\/7144\/revisions"}],"predecessor-version":[{"id":7433,"href":"https:\/\/www.correiobraziliense.com.br\/cbradar\/wp-json\/wp\/v2\/posts\/7144\/revisions\/7433"}],"wp:featuredmedia":[{"embeddable":true,"href":"https:\/\/www.correiobraziliense.com.br\/cbradar\/wp-json\/wp\/v2\/media\/7150"}],"wp:attachment":[{"href":"https:\/\/www.correiobraziliense.com.br\/cbradar\/wp-json\/wp\/v2\/media?parent=7144"}],"wp:term":[{"taxonomy":"category","embeddable":true,"href":"https:\/\/www.correiobraziliense.com.br\/cbradar\/wp-json\/wp\/v2\/categories?post=7144"},{"taxonomy":"post_tag","embeddable":true,"href":"https:\/\/www.correiobraziliense.com.br\/cbradar\/wp-json\/wp\/v2\/post_tag?post=7144"}],"curies":[{"name":"wp","href":"https:\/\/api.w.org\/{rel}","templated":true}]}}