{"id":7153,"date":"2025-02-28T21:30:00","date_gmt":"2025-03-01T00:30:00","guid":{"rendered":"https:\/\/www.correiobraziliense.com.br\/cbradar\/?p=7153"},"modified":"2025-02-28T02:48:58","modified_gmt":"2025-02-28T05:48:58","slug":"essa-cidade-foi-enterrada-pela-areia","status":"publish","type":"post","link":"https:\/\/www.correiobraziliense.com.br\/cbradar\/essa-cidade-foi-enterrada-pela-areia\/","title":{"rendered":"Essa cidade foi enterrada pela areia"},"content":{"rendered":"\n<p>Muitas cidades ao longo da hist\u00f3ria foram abandonadas, mas poucas t\u00eam um visual t\u00e3o impressionante quanto <strong>Kolmanskop<\/strong>, na <strong>Nam\u00edbia<\/strong>. Esse antigo vilarejo foi engolido pelo deserto e hoje suas casas est\u00e3o <strong>parcialmente soterradas pela areia<\/strong>, criando um cen\u00e1rio p\u00f3s-apocal\u00edptico \u00fanico.<\/p>\n\n\n\n<p>No in\u00edcio do s\u00e9culo XX, Kolmanskop era uma pr\u00f3spera cidade mineradora, fundada ap\u00f3s a descoberta de diamantes na regi\u00e3o. A corrida pelo mineral precioso trouxe centenas de trabalhadores e suas fam\u00edlias, transformando o vilarejo em um dos lugares mais ricos do sudoeste africano. A cidade contava com infraestrutura moderna para a \u00e9poca, incluindo hospital, escola, cassino e at\u00e9 uma f\u00e1brica de gelo \u2014 um luxo impens\u00e1vel no meio do deserto.<\/p>\n\n\n\n<p>No entanto, quando as reservas de diamantes come\u00e7aram a se esgotar, Kolmanskop foi rapidamente abandonada. Sem ningu\u00e9m para manter as constru\u00e7\u00f5es, as dunas come\u00e7aram a invadir a cidade, e pouco a pouco as casas foram <strong>tomadas pela areia<\/strong> , at\u00e9 que o vilarejo foi completamente engolido pelo deserto.<\/p>\n\n\n\n<h2 class=\"wp-block-heading\"><strong>Como \u00e9 uma cidade soterrada pelo tempo?<\/strong><\/h2>\n\n\n\n<p>Hoje, Kolmanskop \u00e9 uma verdadeira <strong>cidade fantasma<\/strong>, onde os ventos fortes do deserto empurram a areia para dentro das antigas constru\u00e7\u00f5es, preenchendo c\u00f4modos inteiros e criando um visual surreal.<\/p>\n\n\n\n<p>As casas de luxo da era da minera\u00e7\u00e3o agora s\u00e3o tomadas pelo sil\u00eancio, com portas e janelas semi-enterradas. A combina\u00e7\u00e3o da arquitetura alem\u00e3 \u2014 influ\u00eancia dos colonizadores \u2014 com o avan\u00e7o do deserto cria um cen\u00e1rio cinematogr\u00e1fico, atraindo fot\u00f3grafos e aventureiros que querem testemunhar o contraste entre a civiliza\u00e7\u00e3o e a natureza.<\/p>\n\n\n\n<p>Por ser um local remoto, a cidade n\u00e3o tem infraestrutura para moradores, mas se tornou um ponto tur\u00edstico preservado, onde os visitantes podem caminhar entre as ru\u00ednas e imaginar como era a vida no auge da minera\u00e7\u00e3o de diamantes.<\/p>\n\n\n\n<figure class=\"wp-block-image size-large\"><img decoding=\"async\" width=\"1024\" height=\"576\" src=\"https:\/\/www.correiobraziliense.com.br\/cbradar\/wp-content\/uploads\/2025\/02\/Kolmanskop_1740689740945-1024x576.jpg\" alt=\"Essa cidade foi enterrada pela areia\" class=\"wp-image-7165\" srcset=\"https:\/\/www.correiobraziliense.com.br\/cbradar\/wp-content\/uploads\/2025\/02\/Kolmanskop_1740689740945-1024x576.jpg 1024w, https:\/\/www.correiobraziliense.com.br\/cbradar\/wp-content\/uploads\/2025\/02\/Kolmanskop_1740689740945-300x169.jpg 300w, https:\/\/www.correiobraziliense.com.br\/cbradar\/wp-content\/uploads\/2025\/02\/Kolmanskop_1740689740945-768x432.jpg 768w, https:\/\/www.correiobraziliense.com.br\/cbradar\/wp-content\/uploads\/2025\/02\/Kolmanskop_1740689740945-750x422.jpg 750w, https:\/\/www.correiobraziliense.com.br\/cbradar\/wp-content\/uploads\/2025\/02\/Kolmanskop_1740689740945-1140x641.jpg 1140w, https:\/\/www.correiobraziliense.com.br\/cbradar\/wp-content\/uploads\/2025\/02\/Kolmanskop_1740689740945.jpg 1280w\" sizes=\"(max-width: 1024px) 100vw, 1024px\" \/><figcaption class=\"wp-element-caption\">Kolmanskop. Cr\u00e9ditos: depositphotos.com \/ bennymarty<\/figcaption><\/figure>\n\n\n\n<h2 class=\"wp-block-heading\"><strong>Um dos destinos mais fascinantes da \u00c1frica<\/strong><\/h2>\n\n\n\n<p>Kolmanskop \u00e9 hoje um dos destinos mais intrigantes da <strong>Nam\u00edbia<\/strong> e um exemplo impressionante de como a natureza pode recuperar o que foi conquistado pelo homem. O deserto, que antes parecia inofensivo, lentamente apagou os vest\u00edgios de uma civiliza\u00e7\u00e3o que prosperou durante algumas d\u00e9cadas.<\/p>\n\n\n\n<p>Embora seja um lembrete do fim da era dos diamantes na regi\u00e3o, Kolmanskop continua atraindo visitantes curiosos para explorar suas casas soterradas e testemunhar de perto uma cidade que, literalmente, foi varrida pelo tempo.<\/p>\n","protected":false},"excerpt":{"rendered":"<p>Essa cidade mineradora foi completamente engolida pela areia. Conhe\u00e7a detalhes e curiosidades desse lugar diferente!<\/p>\n","protected":false},"author":3,"featured_media":7164,"comment_status":"open","ping_status":"open","sticky":false,"template":"","format":"standard","meta":{"_yoast_wpseo_focuskw":"cidade","_yoast_wpseo_title":"%%title%%","_yoast_wpseo_metadesc":"Essa cidade mineradora foi completamente engolida pela areia. Conhe\u00e7a detalhes e curiosidades desse lugar diferente!","jnews-multi-image_gallery":[],"jnews_single_post":{"format":"standard"},"jnews_primary_category":[],"jnews_social_meta":[],"jnews_override_counter":[],"footnotes":""},"categories":[108],"post_tag":[1271,204],"class_list":["post-7153","post","type-post","status-publish","format-standard","has-post-thumbnail","hentry","category-cidades","tag-areia","tag-cidade"],"yoast_head":"<!-- This site is optimized with the Yoast SEO plugin v24.6 - https:\/\/yoast.com\/wordpress\/plugins\/seo\/ -->\n<title>Essa cidade foi enterrada pela areia<\/title>\n<meta name=\"description\" content=\"Essa cidade mineradora foi completamente engolida pela areia. Conhe\u00e7a detalhes e curiosidades desse lugar diferente!\" \/>\n<meta name=\"robots\" content=\"index, follow, max-snippet:-1, max-image-preview:large, max-video-preview:-1\" \/>\n<link rel=\"canonical\" href=\"https:\/\/www.correiobraziliense.com.br\/cbradar\/essa-cidade-foi-enterrada-pela-areia\/\" \/>\n<meta property=\"og:locale\" content=\"pt_BR\" \/>\n<meta property=\"og:type\" content=\"article\" \/>\n<meta property=\"og:title\" content=\"Essa cidade foi enterrada pela areia\" \/>\n<meta property=\"og:description\" content=\"Essa cidade mineradora foi completamente engolida pela areia. Conhe\u00e7a detalhes e curiosidades desse lugar diferente!\" \/>\n<meta property=\"og:url\" content=\"https:\/\/www.correiobraziliense.com.br\/cbradar\/essa-cidade-foi-enterrada-pela-areia\/\" \/>\n<meta property=\"og:site_name\" content=\"Correio Braziliense - Radar\" \/>\n<meta property=\"article:published_time\" content=\"2025-03-01T00:30:00+00:00\" \/>\n<meta property=\"og:image\" content=\"https:\/\/www.correiobraziliense.com.br\/cbradar\/wp-content\/uploads\/2025\/02\/Kolmanskop_1740689705211.jpg\" \/>\n\t<meta property=\"og:image:width\" content=\"1280\" \/>\n\t<meta property=\"og:image:height\" content=\"720\" \/>\n\t<meta property=\"og:image:type\" content=\"image\/jpeg\" \/>\n<meta name=\"author\" content=\"Larissa Carvalho\" \/>\n<meta name=\"twitter:card\" content=\"summary_large_image\" \/>\n<meta name=\"twitter:label1\" content=\"Escrito por\" \/>\n\t<meta name=\"twitter:data1\" content=\"Larissa Carvalho\" \/>\n\t<meta name=\"twitter:label2\" content=\"Est. tempo de leitura\" \/>\n\t<meta name=\"twitter:data2\" content=\"3 minutos\" \/>\n<!-- \/ Yoast SEO plugin. -->","yoast_head_json":{"title":"Essa cidade foi enterrada pela areia","description":"Essa cidade mineradora foi completamente engolida pela areia. Conhe\u00e7a detalhes e curiosidades desse lugar diferente!","robots":{"index":"index","follow":"follow","max-snippet":"max-snippet:-1","max-image-preview":"max-image-preview:large","max-video-preview":"max-video-preview:-1"},"canonical":"https:\/\/www.correiobraziliense.com.br\/cbradar\/essa-cidade-foi-enterrada-pela-areia\/","og_locale":"pt_BR","og_type":"article","og_title":"Essa cidade foi enterrada pela areia","og_description":"Essa cidade mineradora foi completamente engolida pela areia. Conhe\u00e7a detalhes e curiosidades desse lugar diferente!","og_url":"https:\/\/www.correiobraziliense.com.br\/cbradar\/essa-cidade-foi-enterrada-pela-areia\/","og_site_name":"Correio Braziliense - Radar","article_published_time":"2025-03-01T00:30:00+00:00","og_image":[{"width":1280,"height":720,"url":"https:\/\/www.correiobraziliense.com.br\/cbradar\/wp-content\/uploads\/2025\/02\/Kolmanskop_1740689705211.jpg","type":"image\/jpeg"}],"author":"Larissa Carvalho","twitter_card":"summary_large_image","twitter_misc":{"Escrito por":"Larissa Carvalho","Est. tempo de leitura":"3 minutos"},"schema":{"@context":"https:\/\/schema.org","@graph":[{"@type":"WebPage","@id":"https:\/\/www.correiobraziliense.com.br\/cbradar\/essa-cidade-foi-enterrada-pela-areia\/","url":"https:\/\/www.correiobraziliense.com.br\/cbradar\/essa-cidade-foi-enterrada-pela-areia\/","name":"Essa cidade foi enterrada pela areia","isPartOf":{"@id":"https:\/\/www.correiobraziliense.com.br\/cbradar\/#website"},"primaryImageOfPage":{"@id":"https:\/\/www.correiobraziliense.com.br\/cbradar\/essa-cidade-foi-enterrada-pela-areia\/#primaryimage"},"image":{"@id":"https:\/\/www.correiobraziliense.com.br\/cbradar\/essa-cidade-foi-enterrada-pela-areia\/#primaryimage"},"thumbnailUrl":"https:\/\/www.correiobraziliense.com.br\/cbradar\/wp-content\/uploads\/2025\/02\/Kolmanskop_1740689705211.jpg","datePublished":"2025-03-01T00:30:00+00:00","author":{"@id":"https:\/\/www.correiobraziliense.com.br\/cbradar\/#\/schema\/person\/58422787644df994b53a19d3e56c1513"},"description":"Essa cidade mineradora foi completamente engolida pela areia. Conhe\u00e7a detalhes e curiosidades desse lugar diferente!","breadcrumb":{"@id":"https:\/\/www.correiobraziliense.com.br\/cbradar\/essa-cidade-foi-enterrada-pela-areia\/#breadcrumb"},"inLanguage":"pt-BR","potentialAction":[{"@type":"ReadAction","target":["https:\/\/www.correiobraziliense.com.br\/cbradar\/essa-cidade-foi-enterrada-pela-areia\/"]}]},{"@type":"ImageObject","inLanguage":"pt-BR","@id":"https:\/\/www.correiobraziliense.com.br\/cbradar\/essa-cidade-foi-enterrada-pela-areia\/#primaryimage","url":"https:\/\/www.correiobraziliense.com.br\/cbradar\/wp-content\/uploads\/2025\/02\/Kolmanskop_1740689705211.jpg","contentUrl":"https:\/\/www.correiobraziliense.com.br\/cbradar\/wp-content\/uploads\/2025\/02\/Kolmanskop_1740689705211.jpg","width":1280,"height":720,"caption":"Kolmanskop. Cr\u00e9ditos: depositphotos.com \/ ViewApart"},{"@type":"BreadcrumbList","@id":"https:\/\/www.correiobraziliense.com.br\/cbradar\/essa-cidade-foi-enterrada-pela-areia\/#breadcrumb","itemListElement":[{"@type":"ListItem","position":1,"name":"In\u00edcio","item":"https:\/\/www.correiobraziliense.com.br\/cbradar\/"},{"@type":"ListItem","position":2,"name":"Essa cidade foi enterrada pela areia"}]},{"@type":"WebSite","@id":"https:\/\/www.correiobraziliense.com.br\/cbradar\/#website","url":"https:\/\/www.correiobraziliense.com.br\/cbradar\/","name":"Correio Braziliense - Radar","description":"Acompanhe as \u00faltimas not\u00edcias e fique bem informado sobre tudo o que acontece no Brasil e no mundo.","potentialAction":[{"@type":"SearchAction","target":{"@type":"EntryPoint","urlTemplate":"https:\/\/www.correiobraziliense.com.br\/cbradar\/?s={search_term_string}"},"query-input":{"@type":"PropertyValueSpecification","valueRequired":true,"valueName":"search_term_string"}}],"inLanguage":"pt-BR"},{"@type":"Person","@id":"https:\/\/www.correiobraziliense.com.br\/cbradar\/#\/schema\/person\/58422787644df994b53a19d3e56c1513","name":"Larissa Carvalho","image":{"@type":"ImageObject","inLanguage":"pt-BR","@id":"https:\/\/www.correiobraziliense.com.br\/cbradar\/#\/schema\/person\/image\/","url":"https:\/\/secure.gravatar.com\/avatar\/fe4f91a0de32b52a838d0d612abdc1aa?s=96&d=mm&r=g","contentUrl":"https:\/\/secure.gravatar.com\/avatar\/fe4f91a0de32b52a838d0d612abdc1aa?s=96&d=mm&r=g","caption":"Larissa Carvalho"},"url":"https:\/\/www.correiobraziliense.com.br\/cbradar\/author\/larissamyth\/"}]}},"_links":{"self":[{"href":"https:\/\/www.correiobraziliense.com.br\/cbradar\/wp-json\/wp\/v2\/posts\/7153","targetHints":{"allow":["GET"]}}],"collection":[{"href":"https:\/\/www.correiobraziliense.com.br\/cbradar\/wp-json\/wp\/v2\/posts"}],"about":[{"href":"https:\/\/www.correiobraziliense.com.br\/cbradar\/wp-json\/wp\/v2\/types\/post"}],"author":[{"embeddable":true,"href":"https:\/\/www.correiobraziliense.com.br\/cbradar\/wp-json\/wp\/v2\/users\/3"}],"replies":[{"embeddable":true,"href":"https:\/\/www.correiobraziliense.com.br\/cbradar\/wp-json\/wp\/v2\/comments?post=7153"}],"version-history":[{"count":1,"href":"https:\/\/www.correiobraziliense.com.br\/cbradar\/wp-json\/wp\/v2\/posts\/7153\/revisions"}],"predecessor-version":[{"id":7166,"href":"https:\/\/www.correiobraziliense.com.br\/cbradar\/wp-json\/wp\/v2\/posts\/7153\/revisions\/7166"}],"wp:featuredmedia":[{"embeddable":true,"href":"https:\/\/www.correiobraziliense.com.br\/cbradar\/wp-json\/wp\/v2\/media\/7164"}],"wp:attachment":[{"href":"https:\/\/www.correiobraziliense.com.br\/cbradar\/wp-json\/wp\/v2\/media?parent=7153"}],"wp:term":[{"taxonomy":"category","embeddable":true,"href":"https:\/\/www.correiobraziliense.com.br\/cbradar\/wp-json\/wp\/v2\/categories?post=7153"},{"taxonomy":"post_tag","embeddable":true,"href":"https:\/\/www.correiobraziliense.com.br\/cbradar\/wp-json\/wp\/v2\/post_tag?post=7153"}],"curies":[{"name":"wp","href":"https:\/\/api.w.org\/{rel}","templated":true}]}}