{"id":7154,"date":"2025-03-03T06:30:00","date_gmt":"2025-03-03T09:30:00","guid":{"rendered":"https:\/\/www.correiobraziliense.com.br\/cbradar\/?p=7154"},"modified":"2025-02-27T19:15:01","modified_gmt":"2025-02-27T22:15:01","slug":"voce-pode-economizar-usando-ventilador-e-ar-condicionado-juntos","status":"publish","type":"post","link":"https:\/\/www.correiobraziliense.com.br\/cbradar\/voce-pode-economizar-usando-ventilador-e-ar-condicionado-juntos\/","title":{"rendered":"Voc\u00ea pode economizar usando ventilador e ar condicionado juntos"},"content":{"rendered":"\n<p>Em tempos de calor intenso, o uso do ar-condicionado se torna essencial para garantir conforto em ambientes dom\u00e9sticos e de trabalho. No entanto, o consumo elevado de <a href=\"https:\/\/www.todamateria.com.br\/energia-eletrica\/\" target=\"_blank\" rel=\"noreferrer noopener\"><strong>energia el\u00e9trica <\/strong><\/a>associado a esses aparelhos pode resultar em <strong><a href=\"https:\/\/www.correiobraziliense.com.br\/cbradar\/quem-coloca-o-ar-condicionado-nesta-temperatura-paga-25-a-mais-na-conta-agora\/\" target=\"_blank\" rel=\"noreferrer noopener\">contas de luz<\/a> <\/strong>significativamente mais altas. Uma solu\u00e7\u00e3o pr\u00e1tica e eficiente para mitigar esse impacto financeiro \u00e9 a combina\u00e7\u00e3o do ar-condicionado com o ventilador.<\/p>\n\n\n\n<p>Essa estrat\u00e9gia, ainda pouco conhecida, tem como base a distribui\u00e7\u00e3o otimizada do ar frio. O ventilador, quando posicionado adequadamente, auxilia na circula\u00e7\u00e3o do ar resfriado, permitindo que o ar-condicionado opere em uma pot\u00eancia menor, sem comprometer o conforto t\u00e9rmico do ambiente.<\/p>\n\n\n\n<h2 class=\"wp-block-heading\"><strong>Qual \u00e9 o princ\u00edpio de funcionamento dessa combina\u00e7\u00e3o?<\/strong><\/h2>\n\n\n\n<p>O princ\u00edpio por tr\u00e1s dessa economia est\u00e1 na efici\u00eancia da circula\u00e7\u00e3o do ar. Quando o ventilador \u00e9 utilizado em conjunto com o ar-condicionado, ele ajuda a distribuir o ar frio de maneira mais uniforme. Isso significa que o ar-condicionado n\u00e3o precisa operar na pot\u00eancia m\u00e1xima por longos per\u00edodos, o que reduz o consumo de energia.<\/p>\n\n\n\n<p>Especialistas sugerem que o termostato do ar-condicionado pode ser ajustado para uma temperatura mais alta, entre<strong> 23\u00b0C<\/strong> e<strong> 26\u00b0C<\/strong>, sem perder o conforto t\u00e9rmico. Essa pr\u00e1tica n\u00e3o s\u00f3 diminui o esfor\u00e7o do aparelho, mas tamb\u00e9m contribui para uma redu\u00e7\u00e3o significativa no consumo de energia.<\/p>\n\n\n<div class=\"wp-block-image\">\n<figure class=\"aligncenter size-large\"><img decoding=\"async\" width=\"1024\" height=\"576\" src=\"https:\/\/www.correiobraziliense.com.br\/cbradar\/wp-content\/uploads\/2025\/02\/ar-condicionado-ventilador_1740694185148-1024x576.jpg\" alt=\"Voc\u00ea pode economizar usando ventilador e ar condicionado juntos\" class=\"wp-image-7203\" srcset=\"https:\/\/www.correiobraziliense.com.br\/cbradar\/wp-content\/uploads\/2025\/02\/ar-condicionado-ventilador_1740694185148-1024x576.jpg 1024w, https:\/\/www.correiobraziliense.com.br\/cbradar\/wp-content\/uploads\/2025\/02\/ar-condicionado-ventilador_1740694185148-300x169.jpg 300w, https:\/\/www.correiobraziliense.com.br\/cbradar\/wp-content\/uploads\/2025\/02\/ar-condicionado-ventilador_1740694185148-768x432.jpg 768w, https:\/\/www.correiobraziliense.com.br\/cbradar\/wp-content\/uploads\/2025\/02\/ar-condicionado-ventilador_1740694185148-750x422.jpg 750w, https:\/\/www.correiobraziliense.com.br\/cbradar\/wp-content\/uploads\/2025\/02\/ar-condicionado-ventilador_1740694185148-1140x641.jpg 1140w, https:\/\/www.correiobraziliense.com.br\/cbradar\/wp-content\/uploads\/2025\/02\/ar-condicionado-ventilador_1740694185148.jpg 1280w\" sizes=\"(max-width: 1024px) 100vw, 1024px\" \/><figcaption class=\"wp-element-caption\">Cr\u00e9ditos: depositphotos.com \/ HayDmitriy<\/figcaption><\/figure><\/div>\n\n\n<h2 class=\"wp-block-heading\"><strong>Qual \u00e9 o impacto na conta de luz?<\/strong><\/h2>\n\n\n\n<p>Estudos indicam que aumentar a temperatura do ar-condicionado em alguns graus pode resultar em at\u00e9 <strong>20%<\/strong> de economia no consumo de energia. No entanto, \u00e9 importante considerar que esses n\u00fameros podem variar dependendo do modelo e da efici\u00eancia de cada aparelho, al\u00e9m de fatores como o tamanho do ambiente e a intensidade do calor externo.<\/p>\n\n\n\n<p>Para maximizar a economia, \u00e9 recomend\u00e1vel manter portas e janelas fechadas para evitar a entrada de ar quente, utilizar cortinas para reduzir a incid\u00eancia solar e realizar a manuten\u00e7\u00e3o peri\u00f3dica do ar-condicionado, como a limpeza dos filtros, garantindo seu funcionamento eficiente.<\/p>\n\n\n\n<h2 class=\"wp-block-heading\"><strong>Quais outras dicas podem ajudar na economia de energia?<\/strong><\/h2>\n\n\n\n<p>Al\u00e9m da combina\u00e7\u00e3o de ar-condicionado e ventilador, existem outras pr\u00e1ticas que podem contribuir para a redu\u00e7\u00e3o do consumo de energia. Aqui est\u00e3o algumas dicas:<\/p>\n\n\n\n<ul class=\"wp-block-list\">\n<li><strong>Isolamento T\u00e9rmico:<\/strong>\u00a0Utilize cortinas ou persianas para bloquear a luz solar direta e reduzir o aquecimento do ambiente.<\/li>\n\n\n\n<li><strong>Manuten\u00e7\u00e3o Regular:<\/strong>\u00a0Limpe ou substitua os filtros do ar-condicionado regularmente para garantir sua efici\u00eancia.<\/li>\n\n\n\n<li><strong>Uso Inteligente:<\/strong>\u00a0Ligue o ar-condicionado apenas quando necess\u00e1rio e evite deix\u00e1-lo funcionando em ambientes vazios.<\/li>\n\n\n\n<li><strong>Ventila\u00e7\u00e3o Natural:<\/strong>\u00a0Aproveite as horas mais frescas do dia para ventilar naturalmente os ambientes, reduzindo a necessidade de ar-condicionado.<\/li>\n<\/ul>\n\n\n\n<p>Adotar essas pr\u00e1ticas pode n\u00e3o apenas reduzir o consumo de energia, mas tamb\u00e9m prolongar a vida \u00fatil dos aparelhos, resultando em economia a longo prazo.<\/p>\n","protected":false},"excerpt":{"rendered":"<p>Em tempos de calor intenso, o uso do ar-condicionado se torna essencial para garantir conforto em ambientes dom\u00e9sticos e de trabalho. No entanto, o consumo elevado de energia el\u00e9trica associado a esses aparelhos pode resultar em contas de luz significativamente mais altas. Uma solu\u00e7\u00e3o pr\u00e1tica e eficiente para mitigar esse impacto financeiro \u00e9 a combina\u00e7\u00e3o [&hellip;]<\/p>\n","protected":false},"author":8,"featured_media":7199,"comment_status":"open","ping_status":"open","sticky":false,"template":"","format":"standard","meta":{"_yoast_wpseo_focuskw":"ventilador","_yoast_wpseo_title":"","_yoast_wpseo_metadesc":"Entenda sobre como utilizar ventilador e ar condicionado juntos pode fazer voc\u00ea economizar nas suas contas de luz.","jnews-multi-image_gallery":[],"jnews_single_post":{"format":"standard"},"jnews_primary_category":[],"jnews_social_meta":[],"jnews_override_counter":[],"footnotes":""},"categories":[143,128,169,115],"post_tag":[451,1277,1168,1111],"class_list":["post-7154","post","type-post","status-publish","format-standard","has-post-thumbnail","hentry","category-casa-e-decoracao","category-economia","category-noticias","category-tecnologia","tag-ar-condicionado","tag-conta-de-luz","tag-economizar","tag-ventilador"],"yoast_head":"<!-- This site is optimized with the Yoast SEO plugin v24.6 - https:\/\/yoast.com\/wordpress\/plugins\/seo\/ -->\n<title>Voc\u00ea pode economizar usando ventilador e ar condicionado juntos - Correio Braziliense - Radar<\/title>\n<meta name=\"description\" content=\"Entenda sobre como utilizar ventilador e ar condicionado juntos pode fazer voc\u00ea economizar nas suas contas de luz.\" \/>\n<meta name=\"robots\" content=\"index, follow, max-snippet:-1, max-image-preview:large, max-video-preview:-1\" \/>\n<link rel=\"canonical\" href=\"https:\/\/www.correiobraziliense.com.br\/cbradar\/voce-pode-economizar-usando-ventilador-e-ar-condicionado-juntos\/\" \/>\n<meta property=\"og:locale\" content=\"pt_BR\" \/>\n<meta property=\"og:type\" content=\"article\" \/>\n<meta property=\"og:title\" content=\"Voc\u00ea pode economizar usando ventilador e ar condicionado juntos - Correio Braziliense - Radar\" \/>\n<meta property=\"og:description\" content=\"Entenda sobre como utilizar ventilador e ar condicionado juntos pode fazer voc\u00ea economizar nas suas contas de luz.\" \/>\n<meta property=\"og:url\" content=\"https:\/\/www.correiobraziliense.com.br\/cbradar\/voce-pode-economizar-usando-ventilador-e-ar-condicionado-juntos\/\" \/>\n<meta property=\"og:site_name\" content=\"Correio Braziliense - Radar\" \/>\n<meta property=\"article:published_time\" content=\"2025-03-03T09:30:00+00:00\" \/>\n<meta property=\"og:image\" content=\"https:\/\/www.correiobraziliense.com.br\/cbradar\/wp-content\/uploads\/2025\/02\/ar-condicionado_1740694052257.jpg\" \/>\n\t<meta property=\"og:image:width\" content=\"1280\" \/>\n\t<meta property=\"og:image:height\" content=\"720\" \/>\n\t<meta property=\"og:image:type\" content=\"image\/jpeg\" \/>\n<meta name=\"author\" content=\"Maura Pereira\" \/>\n<meta name=\"twitter:card\" content=\"summary_large_image\" \/>\n<meta name=\"twitter:label1\" content=\"Escrito por\" \/>\n\t<meta name=\"twitter:data1\" content=\"Maura Pereira\" \/>\n\t<meta name=\"twitter:label2\" content=\"Est. tempo de leitura\" \/>\n\t<meta name=\"twitter:data2\" content=\"3 minutos\" \/>\n<!-- \/ Yoast SEO plugin. -->","yoast_head_json":{"title":"Voc\u00ea pode economizar usando ventilador e ar condicionado juntos - Correio Braziliense - Radar","description":"Entenda sobre como utilizar ventilador e ar condicionado juntos pode fazer voc\u00ea economizar nas suas contas de luz.","robots":{"index":"index","follow":"follow","max-snippet":"max-snippet:-1","max-image-preview":"max-image-preview:large","max-video-preview":"max-video-preview:-1"},"canonical":"https:\/\/www.correiobraziliense.com.br\/cbradar\/voce-pode-economizar-usando-ventilador-e-ar-condicionado-juntos\/","og_locale":"pt_BR","og_type":"article","og_title":"Voc\u00ea pode economizar usando ventilador e ar condicionado juntos - Correio Braziliense - Radar","og_description":"Entenda sobre como utilizar ventilador e ar condicionado juntos pode fazer voc\u00ea economizar nas suas contas de luz.","og_url":"https:\/\/www.correiobraziliense.com.br\/cbradar\/voce-pode-economizar-usando-ventilador-e-ar-condicionado-juntos\/","og_site_name":"Correio Braziliense - Radar","article_published_time":"2025-03-03T09:30:00+00:00","og_image":[{"width":1280,"height":720,"url":"https:\/\/www.correiobraziliense.com.br\/cbradar\/wp-content\/uploads\/2025\/02\/ar-condicionado_1740694052257.jpg","type":"image\/jpeg"}],"author":"Maura Pereira","twitter_card":"summary_large_image","twitter_misc":{"Escrito por":"Maura Pereira","Est. tempo de leitura":"3 minutos"},"schema":{"@context":"https:\/\/schema.org","@graph":[{"@type":"WebPage","@id":"https:\/\/www.correiobraziliense.com.br\/cbradar\/voce-pode-economizar-usando-ventilador-e-ar-condicionado-juntos\/","url":"https:\/\/www.correiobraziliense.com.br\/cbradar\/voce-pode-economizar-usando-ventilador-e-ar-condicionado-juntos\/","name":"Voc\u00ea pode economizar usando ventilador e ar condicionado juntos - Correio Braziliense - Radar","isPartOf":{"@id":"https:\/\/www.correiobraziliense.com.br\/cbradar\/#website"},"primaryImageOfPage":{"@id":"https:\/\/www.correiobraziliense.com.br\/cbradar\/voce-pode-economizar-usando-ventilador-e-ar-condicionado-juntos\/#primaryimage"},"image":{"@id":"https:\/\/www.correiobraziliense.com.br\/cbradar\/voce-pode-economizar-usando-ventilador-e-ar-condicionado-juntos\/#primaryimage"},"thumbnailUrl":"https:\/\/www.correiobraziliense.com.br\/cbradar\/wp-content\/uploads\/2025\/02\/ar-condicionado_1740694052257.jpg","datePublished":"2025-03-03T09:30:00+00:00","author":{"@id":"https:\/\/www.correiobraziliense.com.br\/cbradar\/#\/schema\/person\/4053c651a9bfc785afc6f4cbc9032fd3"},"description":"Entenda sobre como utilizar ventilador e ar condicionado juntos pode fazer voc\u00ea economizar nas suas contas de luz.","breadcrumb":{"@id":"https:\/\/www.correiobraziliense.com.br\/cbradar\/voce-pode-economizar-usando-ventilador-e-ar-condicionado-juntos\/#breadcrumb"},"inLanguage":"pt-BR","potentialAction":[{"@type":"ReadAction","target":["https:\/\/www.correiobraziliense.com.br\/cbradar\/voce-pode-economizar-usando-ventilador-e-ar-condicionado-juntos\/"]}]},{"@type":"ImageObject","inLanguage":"pt-BR","@id":"https:\/\/www.correiobraziliense.com.br\/cbradar\/voce-pode-economizar-usando-ventilador-e-ar-condicionado-juntos\/#primaryimage","url":"https:\/\/www.correiobraziliense.com.br\/cbradar\/wp-content\/uploads\/2025\/02\/ar-condicionado_1740694052257.jpg","contentUrl":"https:\/\/www.correiobraziliense.com.br\/cbradar\/wp-content\/uploads\/2025\/02\/ar-condicionado_1740694052257.jpg","width":1280,"height":720,"caption":"Ar-condicionado \/\/ Cr\u00e9ditos: depositphotos.com \/ andrei111"},{"@type":"BreadcrumbList","@id":"https:\/\/www.correiobraziliense.com.br\/cbradar\/voce-pode-economizar-usando-ventilador-e-ar-condicionado-juntos\/#breadcrumb","itemListElement":[{"@type":"ListItem","position":1,"name":"In\u00edcio","item":"https:\/\/www.correiobraziliense.com.br\/cbradar\/"},{"@type":"ListItem","position":2,"name":"Voc\u00ea pode economizar usando ventilador e ar condicionado juntos"}]},{"@type":"WebSite","@id":"https:\/\/www.correiobraziliense.com.br\/cbradar\/#website","url":"https:\/\/www.correiobraziliense.com.br\/cbradar\/","name":"Correio Braziliense - Radar","description":"Acompanhe as \u00faltimas not\u00edcias e fique bem informado sobre tudo o que acontece no Brasil e no mundo.","potentialAction":[{"@type":"SearchAction","target":{"@type":"EntryPoint","urlTemplate":"https:\/\/www.correiobraziliense.com.br\/cbradar\/?s={search_term_string}"},"query-input":{"@type":"PropertyValueSpecification","valueRequired":true,"valueName":"search_term_string"}}],"inLanguage":"pt-BR"},{"@type":"Person","@id":"https:\/\/www.correiobraziliense.com.br\/cbradar\/#\/schema\/person\/4053c651a9bfc785afc6f4cbc9032fd3","name":"Maura Pereira","image":{"@type":"ImageObject","inLanguage":"pt-BR","@id":"https:\/\/www.correiobraziliense.com.br\/cbradar\/#\/schema\/person\/image\/","url":"https:\/\/secure.gravatar.com\/avatar\/3effd6bdadfa447f15089c7f7144eaa6?s=96&d=mm&r=g","contentUrl":"https:\/\/secure.gravatar.com\/avatar\/3effd6bdadfa447f15089c7f7144eaa6?s=96&d=mm&r=g","caption":"Maura Pereira"},"sameAs":["https:\/\/www.correiobraziliense.com.br\/"],"url":"https:\/\/www.correiobraziliense.com.br\/cbradar\/author\/mauramyth\/"}]}},"_links":{"self":[{"href":"https:\/\/www.correiobraziliense.com.br\/cbradar\/wp-json\/wp\/v2\/posts\/7154","targetHints":{"allow":["GET"]}}],"collection":[{"href":"https:\/\/www.correiobraziliense.com.br\/cbradar\/wp-json\/wp\/v2\/posts"}],"about":[{"href":"https:\/\/www.correiobraziliense.com.br\/cbradar\/wp-json\/wp\/v2\/types\/post"}],"author":[{"embeddable":true,"href":"https:\/\/www.correiobraziliense.com.br\/cbradar\/wp-json\/wp\/v2\/users\/8"}],"replies":[{"embeddable":true,"href":"https:\/\/www.correiobraziliense.com.br\/cbradar\/wp-json\/wp\/v2\/comments?post=7154"}],"version-history":[{"count":9,"href":"https:\/\/www.correiobraziliense.com.br\/cbradar\/wp-json\/wp\/v2\/posts\/7154\/revisions"}],"predecessor-version":[{"id":7204,"href":"https:\/\/www.correiobraziliense.com.br\/cbradar\/wp-json\/wp\/v2\/posts\/7154\/revisions\/7204"}],"wp:featuredmedia":[{"embeddable":true,"href":"https:\/\/www.correiobraziliense.com.br\/cbradar\/wp-json\/wp\/v2\/media\/7199"}],"wp:attachment":[{"href":"https:\/\/www.correiobraziliense.com.br\/cbradar\/wp-json\/wp\/v2\/media?parent=7154"}],"wp:term":[{"taxonomy":"category","embeddable":true,"href":"https:\/\/www.correiobraziliense.com.br\/cbradar\/wp-json\/wp\/v2\/categories?post=7154"},{"taxonomy":"post_tag","embeddable":true,"href":"https:\/\/www.correiobraziliense.com.br\/cbradar\/wp-json\/wp\/v2\/post_tag?post=7154"}],"curies":[{"name":"wp","href":"https:\/\/api.w.org\/{rel}","templated":true}]}}