{"id":7160,"date":"2025-03-03T08:30:00","date_gmt":"2025-03-03T11:30:00","guid":{"rendered":"https:\/\/www.correiobraziliense.com.br\/cbradar\/?p=7160"},"modified":"2025-02-27T21:06:23","modified_gmt":"2025-02-28T00:06:23","slug":"como-economizar-na-sua-conta-de-luz-em-2025","status":"publish","type":"post","link":"https:\/\/www.correiobraziliense.com.br\/cbradar\/como-economizar-na-sua-conta-de-luz-em-2025\/","title":{"rendered":"Como economizar na sua conta de luz em 2025?"},"content":{"rendered":"\n<p>Com o aumento cont\u00ednuo dos custos de energia el\u00e9trica, encontrar maneiras de economizar se tornou uma prioridade para muitas fam\u00edlias. Em <strong><a href=\"https:\/\/www.calendarr.com\/brasil\/calendario-2025\/\" target=\"_blank\" rel=\"noreferrer noopener\">2025<\/a><\/strong>, pequenas mudan\u00e7as nos h\u00e1bitos di\u00e1rios podem resultar em uma significativa redu\u00e7\u00e3o na<strong> <a href=\"https:\/\/www.correiobraziliense.com.br\/cbradar\/quem-coloca-o-ar-condicionado-nesta-temperatura-paga-25-a-mais-na-conta-agora\/\" target=\"_blank\" rel=\"noreferrer noopener\">conta de luz<\/a><\/strong>. A seguir, s\u00e3o apresentadas algumas estrat\u00e9gias eficazes para ajudar a diminuir o consumo de energia em casa.<\/p>\n\n\n\n<p>Adotar pr\u00e1ticas mais eficientes n\u00e3o s\u00f3 alivia o peso financeiro, mas tamb\u00e9m contribui para a preserva\u00e7\u00e3o do meio ambiente. Ao implementar algumas dessas dicas, \u00e9 poss\u00edvel observar uma diferen\u00e7a positiva no final do m\u00eas.<\/p>\n\n\n\n<h2 class=\"wp-block-heading\"><strong>Quais aparelhos escolher para economizar energia?<\/strong><\/h2>\n\n\n\n<p>Optar por&nbsp;<strong>eletrodom\u00e9sticos com Selo Procel<\/strong>&nbsp;\u00e9 uma das maneiras mais eficazes de garantir efici\u00eancia energ\u00e9tica. Esses aparelhos s\u00e3o projetados para consumir menos energia sem comprometer o desempenho. Quando for substituir equipamentos antigos, priorize aqueles que possuem essa certifica\u00e7\u00e3o.<\/p>\n\n\n\n<p>Al\u00e9m disso, a substitui\u00e7\u00e3o de l\u00e2mpadas incandescentes por\u00a0<strong>l\u00e2mpadas LED<\/strong>\u00a0pode resultar em uma economia de at\u00e9<strong> 80%<\/strong> no consumo de energia. As l\u00e2mpadas <strong>LED<\/strong> n\u00e3o s\u00f3 consomem menos, mas tamb\u00e9m t\u00eam uma vida \u00fatil mais longa, proporcionando economia a longo prazo.<\/p>\n\n\n<div class=\"wp-block-image\">\n<figure class=\"aligncenter size-large\"><img decoding=\"async\" width=\"1024\" height=\"576\" src=\"https:\/\/www.correiobraziliense.com.br\/cbradar\/wp-content\/uploads\/2025\/02\/lampada-led_1740700434353-1024x576.jpg\" alt=\"Como reduzir e economizar na sua conta de luz em 2025?\" class=\"wp-image-7253\" srcset=\"https:\/\/www.correiobraziliense.com.br\/cbradar\/wp-content\/uploads\/2025\/02\/lampada-led_1740700434353-1024x576.jpg 1024w, https:\/\/www.correiobraziliense.com.br\/cbradar\/wp-content\/uploads\/2025\/02\/lampada-led_1740700434353-300x169.jpg 300w, https:\/\/www.correiobraziliense.com.br\/cbradar\/wp-content\/uploads\/2025\/02\/lampada-led_1740700434353-768x432.jpg 768w, https:\/\/www.correiobraziliense.com.br\/cbradar\/wp-content\/uploads\/2025\/02\/lampada-led_1740700434353-750x422.jpg 750w, https:\/\/www.correiobraziliense.com.br\/cbradar\/wp-content\/uploads\/2025\/02\/lampada-led_1740700434353-1140x641.jpg 1140w, https:\/\/www.correiobraziliense.com.br\/cbradar\/wp-content\/uploads\/2025\/02\/lampada-led_1740700434353.jpg 1280w\" sizes=\"(max-width: 1024px) 100vw, 1024px\" \/><figcaption class=\"wp-element-caption\">Cr\u00e9ditos: depositphotos.com \/ EdZbarzhyvetsky<\/figcaption><\/figure><\/div>\n\n\n<h2 class=\"wp-block-heading\"><strong>Como aproveitar a luz Natural e Melhorar o Isolamento T\u00e9rmico?<\/strong><\/h2>\n\n\n\n<p>Uma maneira simples de reduzir o uso de energia el\u00e9trica \u00e9 aproveitar ao m\u00e1ximo a&nbsp;<strong>luz natural<\/strong>. Manter janelas abertas durante o dia ilumina os ambientes sem a necessidade de acender l\u00e2mpadas. Al\u00e9m disso, essa pr\u00e1tica melhora a ventila\u00e7\u00e3o, reduzindo a necessidade de ventiladores e ar-condicionado.<\/p>\n\n\n\n<p>Investir em&nbsp;<strong>isolamento t\u00e9rmico<\/strong>&nbsp;tamb\u00e9m pode fazer uma grande diferen\u00e7a. Paredes e telhados bem isolados ajudam a manter a temperatura interna, diminuindo a necessidade de aquecedores ou aparelhos de ar-condicionado. Cortinas blackout e tapetes s\u00e3o adicionais que contribuem para conservar a temperatura do ambiente.<\/p>\n\n\n\n<h2 class=\"wp-block-heading\"><strong>Qual a import\u00e2ncia de evitar o Standby e considerar energia solar?<\/strong><\/h2>\n\n\n\n<p>Muitos n\u00e3o sabem, mas aparelhos em&nbsp;<strong>standby<\/strong>&nbsp;continuam consumindo energia. Desconectar carregadores, televisores e micro-ondas da tomada quando n\u00e3o est\u00e3o em uso pode evitar gastos desnecess\u00e1rios. Essa pr\u00e1tica simples pode resultar em uma economia consider\u00e1vel ao longo do tempo.<\/p>\n\n\n\n<p>Por outro lado, a\u00a0<strong>energia solar<\/strong>\u00a0surge como uma alternativa promissora. Apesar do investimento inicial, a instala\u00e7\u00e3o de pain\u00e9is solares pode reduzir a conta de luz em at\u00e9 <strong>95%<\/strong> a longo prazo. Com incentivos governamentais dispon\u00edveis, essa op\u00e7\u00e3o se torna cada vez mais acess\u00edvel e vantajosa.<\/p>\n\n\n\n<p>Implementar essas pr\u00e1ticas no dia a dia pode resultar em uma redu\u00e7\u00e3o significativa no consumo de energia e, consequentemente, na conta de luz. Pequenas mudan\u00e7as podem fazer uma grande diferen\u00e7a, tanto para o bolso quanto para o meio ambiente. Adotar h\u00e1bitos mais sustent\u00e1veis \u00e9 um passo importante rumo a um futuro mais econ\u00f4mico e ecol\u00f3gico.<\/p>\n","protected":false},"excerpt":{"rendered":"<p>Com o aumento cont\u00ednuo dos custos de energia el\u00e9trica, encontrar maneiras de economizar se tornou uma prioridade para muitas fam\u00edlias. Em 2025, pequenas mudan\u00e7as nos h\u00e1bitos di\u00e1rios podem resultar em uma significativa redu\u00e7\u00e3o na conta de luz. A seguir, s\u00e3o apresentadas algumas estrat\u00e9gias eficazes para ajudar a diminuir o consumo de energia em casa. Adotar [&hellip;]<\/p>\n","protected":false},"author":8,"featured_media":7254,"comment_status":"open","ping_status":"open","sticky":false,"template":"","format":"standard","meta":{"_yoast_wpseo_focuskw":"luz","_yoast_wpseo_title":"","_yoast_wpseo_metadesc":"Aprenda a economizar na conta de luz em 2025 com dicas pr\u00e1ticas, investir em aparelhos eficientes e adotar h\u00e1bitos de consumo conscientes.","jnews-multi-image_gallery":[],"jnews_single_post":{"format":"standard"},"jnews_primary_category":[],"jnews_social_meta":[],"jnews_override_counter":[],"footnotes":""},"categories":[112,128,169,115],"tags":[1287,1168,1288],"class_list":["post-7160","post","type-post","status-publish","format-standard","has-post-thumbnail","hentry","category-curiosidades","category-economia","category-noticias","category-tecnologia","tag-contas","tag-economizar","tag-luz"],"yoast_head":"<!-- This site is optimized with the Yoast SEO plugin v24.6 - https:\/\/yoast.com\/wordpress\/plugins\/seo\/ -->\n<title>Como economizar na sua conta de luz em 2025? - Correio Braziliense - Radar<\/title>\n<meta name=\"description\" content=\"Aprenda a economizar na conta de luz em 2025 com dicas pr\u00e1ticas, investir em aparelhos eficientes e adotar h\u00e1bitos de consumo conscientes.\" \/>\n<meta name=\"robots\" content=\"index, follow, max-snippet:-1, max-image-preview:large, max-video-preview:-1\" \/>\n<link rel=\"canonical\" href=\"https:\/\/www.correiobraziliense.com.br\/cbradar\/como-economizar-na-sua-conta-de-luz-em-2025\/\" \/>\n<meta property=\"og:locale\" content=\"pt_BR\" \/>\n<meta property=\"og:type\" content=\"article\" \/>\n<meta property=\"og:title\" content=\"Como economizar na sua conta de luz em 2025? - Correio Braziliense - Radar\" \/>\n<meta property=\"og:description\" content=\"Aprenda a economizar na conta de luz em 2025 com dicas pr\u00e1ticas, investir em aparelhos eficientes e adotar h\u00e1bitos de consumo conscientes.\" \/>\n<meta property=\"og:url\" content=\"https:\/\/www.correiobraziliense.com.br\/cbradar\/como-economizar-na-sua-conta-de-luz-em-2025\/\" \/>\n<meta property=\"og:site_name\" content=\"Correio Braziliense - Radar\" \/>\n<meta property=\"article:published_time\" content=\"2025-03-03T11:30:00+00:00\" \/>\n<meta property=\"og:image\" content=\"https:\/\/www.correiobraziliense.com.br\/cbradar\/wp-content\/uploads\/2025\/02\/contas-luz_1740700544000.jpg\" \/>\n\t<meta property=\"og:image:width\" content=\"1280\" \/>\n\t<meta property=\"og:image:height\" content=\"720\" \/>\n\t<meta property=\"og:image:type\" content=\"image\/jpeg\" \/>\n<meta name=\"author\" content=\"Maura Pereira\" \/>\n<meta name=\"twitter:card\" content=\"summary_large_image\" \/>\n<meta name=\"twitter:label1\" content=\"Escrito por\" \/>\n\t<meta name=\"twitter:data1\" content=\"Maura Pereira\" \/>\n\t<meta name=\"twitter:label2\" content=\"Est. tempo de leitura\" \/>\n\t<meta name=\"twitter:data2\" content=\"3 minutos\" \/>\n<!-- \/ Yoast SEO plugin. -->","yoast_head_json":{"title":"Como economizar na sua conta de luz em 2025? - Correio Braziliense - Radar","description":"Aprenda a economizar na conta de luz em 2025 com dicas pr\u00e1ticas, investir em aparelhos eficientes e adotar h\u00e1bitos de consumo conscientes.","robots":{"index":"index","follow":"follow","max-snippet":"max-snippet:-1","max-image-preview":"max-image-preview:large","max-video-preview":"max-video-preview:-1"},"canonical":"https:\/\/www.correiobraziliense.com.br\/cbradar\/como-economizar-na-sua-conta-de-luz-em-2025\/","og_locale":"pt_BR","og_type":"article","og_title":"Como economizar na sua conta de luz em 2025? - Correio Braziliense - Radar","og_description":"Aprenda a economizar na conta de luz em 2025 com dicas pr\u00e1ticas, investir em aparelhos eficientes e adotar h\u00e1bitos de consumo conscientes.","og_url":"https:\/\/www.correiobraziliense.com.br\/cbradar\/como-economizar-na-sua-conta-de-luz-em-2025\/","og_site_name":"Correio Braziliense - Radar","article_published_time":"2025-03-03T11:30:00+00:00","og_image":[{"width":1280,"height":720,"url":"https:\/\/www.correiobraziliense.com.br\/cbradar\/wp-content\/uploads\/2025\/02\/contas-luz_1740700544000.jpg","type":"image\/jpeg"}],"author":"Maura Pereira","twitter_card":"summary_large_image","twitter_misc":{"Escrito por":"Maura Pereira","Est. tempo de leitura":"3 minutos"},"schema":{"@context":"https:\/\/schema.org","@graph":[{"@type":"WebPage","@id":"https:\/\/www.correiobraziliense.com.br\/cbradar\/como-economizar-na-sua-conta-de-luz-em-2025\/","url":"https:\/\/www.correiobraziliense.com.br\/cbradar\/como-economizar-na-sua-conta-de-luz-em-2025\/","name":"Como economizar na sua conta de luz em 2025? - Correio Braziliense - Radar","isPartOf":{"@id":"https:\/\/www.correiobraziliense.com.br\/cbradar\/#website"},"primaryImageOfPage":{"@id":"https:\/\/www.correiobraziliense.com.br\/cbradar\/como-economizar-na-sua-conta-de-luz-em-2025\/#primaryimage"},"image":{"@id":"https:\/\/www.correiobraziliense.com.br\/cbradar\/como-economizar-na-sua-conta-de-luz-em-2025\/#primaryimage"},"thumbnailUrl":"https:\/\/www.correiobraziliense.com.br\/cbradar\/wp-content\/uploads\/2025\/02\/contas-luz_1740700544000.jpg","datePublished":"2025-03-03T11:30:00+00:00","author":{"@id":"https:\/\/www.correiobraziliense.com.br\/cbradar\/#\/schema\/person\/4053c651a9bfc785afc6f4cbc9032fd3"},"description":"Aprenda a economizar na conta de luz em 2025 com dicas pr\u00e1ticas, investir em aparelhos eficientes e adotar h\u00e1bitos de consumo conscientes.","breadcrumb":{"@id":"https:\/\/www.correiobraziliense.com.br\/cbradar\/como-economizar-na-sua-conta-de-luz-em-2025\/#breadcrumb"},"inLanguage":"pt-BR","potentialAction":[{"@type":"ReadAction","target":["https:\/\/www.correiobraziliense.com.br\/cbradar\/como-economizar-na-sua-conta-de-luz-em-2025\/"]}]},{"@type":"ImageObject","inLanguage":"pt-BR","@id":"https:\/\/www.correiobraziliense.com.br\/cbradar\/como-economizar-na-sua-conta-de-luz-em-2025\/#primaryimage","url":"https:\/\/www.correiobraziliense.com.br\/cbradar\/wp-content\/uploads\/2025\/02\/contas-luz_1740700544000.jpg","contentUrl":"https:\/\/www.correiobraziliense.com.br\/cbradar\/wp-content\/uploads\/2025\/02\/contas-luz_1740700544000.jpg","width":1280,"height":720,"caption":"Cr\u00e9ditos: depositphotos.com \/ slavapolo"},{"@type":"BreadcrumbList","@id":"https:\/\/www.correiobraziliense.com.br\/cbradar\/como-economizar-na-sua-conta-de-luz-em-2025\/#breadcrumb","itemListElement":[{"@type":"ListItem","position":1,"name":"In\u00edcio","item":"https:\/\/www.correiobraziliense.com.br\/cbradar\/"},{"@type":"ListItem","position":2,"name":"Como economizar na sua conta de luz em 2025?"}]},{"@type":"WebSite","@id":"https:\/\/www.correiobraziliense.com.br\/cbradar\/#website","url":"https:\/\/www.correiobraziliense.com.br\/cbradar\/","name":"Correio Braziliense - Radar","description":"Acompanhe as \u00faltimas not\u00edcias e fique bem informado sobre tudo o que acontece no Brasil e no mundo.","potentialAction":[{"@type":"SearchAction","target":{"@type":"EntryPoint","urlTemplate":"https:\/\/www.correiobraziliense.com.br\/cbradar\/?s={search_term_string}"},"query-input":{"@type":"PropertyValueSpecification","valueRequired":true,"valueName":"search_term_string"}}],"inLanguage":"pt-BR"},{"@type":"Person","@id":"https:\/\/www.correiobraziliense.com.br\/cbradar\/#\/schema\/person\/4053c651a9bfc785afc6f4cbc9032fd3","name":"Maura Pereira","image":{"@type":"ImageObject","inLanguage":"pt-BR","@id":"https:\/\/www.correiobraziliense.com.br\/cbradar\/#\/schema\/person\/image\/","url":"https:\/\/secure.gravatar.com\/avatar\/3effd6bdadfa447f15089c7f7144eaa6?s=96&d=mm&r=g","contentUrl":"https:\/\/secure.gravatar.com\/avatar\/3effd6bdadfa447f15089c7f7144eaa6?s=96&d=mm&r=g","caption":"Maura Pereira"},"sameAs":["https:\/\/www.correiobraziliense.com.br\/"],"url":"https:\/\/www.correiobraziliense.com.br\/cbradar\/author\/mauramyth\/"}]}},"_links":{"self":[{"href":"https:\/\/www.correiobraziliense.com.br\/cbradar\/wp-json\/wp\/v2\/posts\/7160","targetHints":{"allow":["GET"]}}],"collection":[{"href":"https:\/\/www.correiobraziliense.com.br\/cbradar\/wp-json\/wp\/v2\/posts"}],"about":[{"href":"https:\/\/www.correiobraziliense.com.br\/cbradar\/wp-json\/wp\/v2\/types\/post"}],"author":[{"embeddable":true,"href":"https:\/\/www.correiobraziliense.com.br\/cbradar\/wp-json\/wp\/v2\/users\/8"}],"replies":[{"embeddable":true,"href":"https:\/\/www.correiobraziliense.com.br\/cbradar\/wp-json\/wp\/v2\/comments?post=7160"}],"version-history":[{"count":5,"href":"https:\/\/www.correiobraziliense.com.br\/cbradar\/wp-json\/wp\/v2\/posts\/7160\/revisions"}],"predecessor-version":[{"id":7256,"href":"https:\/\/www.correiobraziliense.com.br\/cbradar\/wp-json\/wp\/v2\/posts\/7160\/revisions\/7256"}],"wp:featuredmedia":[{"embeddable":true,"href":"https:\/\/www.correiobraziliense.com.br\/cbradar\/wp-json\/wp\/v2\/media\/7254"}],"wp:attachment":[{"href":"https:\/\/www.correiobraziliense.com.br\/cbradar\/wp-json\/wp\/v2\/media?parent=7160"}],"wp:term":[{"taxonomy":"category","embeddable":true,"href":"https:\/\/www.correiobraziliense.com.br\/cbradar\/wp-json\/wp\/v2\/categories?post=7160"},{"taxonomy":"post_tag","embeddable":true,"href":"https:\/\/www.correiobraziliense.com.br\/cbradar\/wp-json\/wp\/v2\/tags?post=7160"}],"curies":[{"name":"wp","href":"https:\/\/api.w.org\/{rel}","templated":true}]}}