{"id":7167,"date":"2025-02-28T22:50:00","date_gmt":"2025-03-01T01:50:00","guid":{"rendered":"https:\/\/www.correiobraziliense.com.br\/cbradar\/?p=7167"},"modified":"2025-02-27T18:24:50","modified_gmt":"2025-02-27T21:24:50","slug":"essa-cidade-foi-construida-em-cima-de-uma-cratera-de-meteoro","status":"publish","type":"post","link":"https:\/\/www.correiobraziliense.com.br\/cbradar\/essa-cidade-foi-construida-em-cima-de-uma-cratera-de-meteoro\/","title":{"rendered":"Essa cidade foi constru\u00edda em cima de uma cratera de meteoro"},"content":{"rendered":"\n<p>Algumas cidades foram erguidas em vales, montanhas ou ilhas, mas <strong>N\u00f6rdlingen<\/strong>, na <strong>Alemanha<\/strong>, est\u00e1 em um lugar completamente inesperado: <strong>dentro de uma cratera de meteoro<\/strong>. Esse vilarejo medieval foi constru\u00eddo no centro da <strong>Cratera de Ries<\/strong>, uma gigantesca depress\u00e3o criada por um impacto c\u00f3smico h\u00e1 cerca de <strong>15 milh\u00f5es de anos<\/strong>.<\/p>\n\n\n\n<p>Com suas ruas de paralelep\u00edpedos, muralhas preservadas e casas tradicionais, N\u00f6rdlingen parece um vilarejo t\u00edpico da Baviera. No entanto, a sua hist\u00f3ria geol\u00f3gica \u00e9 \u00fanica. Durante s\u00e9culos, os moradores n\u00e3o tiveram a ideia de que viviam dentro de uma cratera de impacto. Somente em <strong>1960<\/strong>, cientistas descobriram que o formato circular da cidade era o resultado das quest\u00f5es de um asteroide com a Terra.<\/p>\n\n\n\n<p>O impacto foi t\u00e3o forte que continha fragmentos de rocha cristalizada por toda a regi\u00e3o, formando um tipo raro de pedra chamado <strong>suevita<\/strong> , que acabou sendo usado para construir grandes partes das casas e roupas da cidade.<\/p>\n\n\n\n<h2 class=\"wp-block-heading\"><strong>Como \u00e9 viver em uma cratera de meteoro?<\/strong><\/h2>\n\n\n\n<p>Ao caminhar por N\u00f6rdlingen, \u00e9 poss\u00edvel ver a influ\u00eancia do impacto c\u00f3smico por toda parte. As constru\u00e7\u00f5es feitas de suevita cont\u00eam pequenos cristais alongados, resultado da fus\u00e3o das rochas durante o impacto do meteoro. A famosa <strong>Igreja de S\u00e3o Jorge<\/strong>, cuja torre oferece uma vista panor\u00e2mica da cidade, foi constru\u00edda com esse material raro.<\/p>\n\n\n\n<p>Os moradores levam uma vida tranquila, aproveitando a atmosfera medieval e o turismo crescente. A cidade ainda mant\u00e9m suas muralhas originais, permitindo que os visitantes caminhem ao redor da cratera e tenham uma vis\u00e3o privilegiada do formato circular da regi\u00e3o.<\/p>\n\n\n\n<p>O <strong>Museu da Cratera de Ries<\/strong> \u00e9 uma das atra\u00e7\u00f5es mais interessantes, explicando a origem geol\u00f3gica da cidade e como o impacto moldou a paisagem ao longo dos mil\u00eanios.<\/p>\n\n\n\n<figure class=\"wp-block-image size-large\"><img decoding=\"async\" width=\"1024\" height=\"576\" src=\"https:\/\/www.correiobraziliense.com.br\/cbradar\/wp-content\/uploads\/2025\/02\/Nordlingen_1740691299324-1024x576.jpg\" alt=\"Essa cidade foi constru\u00edda em cima de uma cratera de meteoro\" class=\"wp-image-7181\" srcset=\"https:\/\/www.correiobraziliense.com.br\/cbradar\/wp-content\/uploads\/2025\/02\/Nordlingen_1740691299324-1024x576.jpg 1024w, https:\/\/www.correiobraziliense.com.br\/cbradar\/wp-content\/uploads\/2025\/02\/Nordlingen_1740691299324-300x169.jpg 300w, https:\/\/www.correiobraziliense.com.br\/cbradar\/wp-content\/uploads\/2025\/02\/Nordlingen_1740691299324-768x432.jpg 768w, https:\/\/www.correiobraziliense.com.br\/cbradar\/wp-content\/uploads\/2025\/02\/Nordlingen_1740691299324-750x422.jpg 750w, https:\/\/www.correiobraziliense.com.br\/cbradar\/wp-content\/uploads\/2025\/02\/Nordlingen_1740691299324-1140x641.jpg 1140w, https:\/\/www.correiobraziliense.com.br\/cbradar\/wp-content\/uploads\/2025\/02\/Nordlingen_1740691299324.jpg 1280w\" sizes=\"(max-width: 1024px) 100vw, 1024px\" \/><figcaption class=\"wp-element-caption\">N\u00f6rdlingen. Cr\u00e9ditos: depositphotos.com \/ taldav68<\/figcaption><\/figure>\n\n\n\n<h2 class=\"wp-block-heading\"><strong>Um dos destinos mais curiosos da Alemanha<\/strong><\/h2>\n\n\n\n<p>N\u00f6rdlingen \u00e9 uma das poucas cidades do mundo constru\u00edda dentro de uma cratera de meteoro e continua sendo um dos segredos mais bem guardados da Alemanha. Seu charme medieval combinado com sua hist\u00f3ria c\u00f3smica faz dela um destino \u00fanico para quem deseja explorar um lugar onde astronomia e arquitetura se encontra.<\/p>\n\n\n\n<p>Com suas ruas hist\u00f3ricas, suas constru\u00e7\u00f5es estendidas e um passado literal vindo do espa\u00e7o, N\u00f6rdlingen prova que at\u00e9 mesmo um evento catastr\u00f3fico pode dar origem a um dos vilarejos mais fascinantes do planeta.<\/p>\n","protected":false},"excerpt":{"rendered":"<p>Uma cidade foi constru\u00edda dentro de uma cratera de meteoro sem que seus moradores soubessem. Descubra os mist\u00e9rios de N\u00f6rdlingen!<\/p>\n","protected":false},"author":3,"featured_media":7178,"comment_status":"open","ping_status":"open","sticky":false,"template":"","format":"standard","meta":{"_yoast_wpseo_focuskw":"cidade cratera","_yoast_wpseo_title":"%%title%%","_yoast_wpseo_metadesc":"Uma cidade foi constru\u00edda dentro de uma cratera de meteoro sem que seus moradores soubessem. Descubra os mist\u00e9rios de N\u00f6rdlingen!","jnews-multi-image_gallery":[],"jnews_single_post":{"format":"standard"},"jnews_primary_category":[],"jnews_social_meta":[],"jnews_override_counter":[],"footnotes":""},"categories":[108],"post_tag":[109,1269],"class_list":["post-7167","post","type-post","status-publish","format-standard","has-post-thumbnail","hentry","category-cidades","tag-cidades","tag-meteoro"],"yoast_head":"<!-- This site is optimized with the Yoast SEO plugin v24.6 - https:\/\/yoast.com\/wordpress\/plugins\/seo\/ -->\n<title>Essa cidade foi constru\u00edda em cima de uma cratera de meteoro<\/title>\n<meta name=\"description\" content=\"Uma cidade foi constru\u00edda dentro de uma cratera de meteoro sem que seus moradores soubessem. Descubra os mist\u00e9rios de N\u00f6rdlingen!\" \/>\n<meta name=\"robots\" content=\"index, follow, max-snippet:-1, max-image-preview:large, max-video-preview:-1\" \/>\n<link rel=\"canonical\" href=\"https:\/\/www.correiobraziliense.com.br\/cbradar\/essa-cidade-foi-construida-em-cima-de-uma-cratera-de-meteoro\/\" \/>\n<meta property=\"og:locale\" content=\"pt_BR\" \/>\n<meta property=\"og:type\" content=\"article\" \/>\n<meta property=\"og:title\" content=\"Essa cidade foi constru\u00edda em cima de uma cratera de meteoro\" \/>\n<meta property=\"og:description\" content=\"Uma cidade foi constru\u00edda dentro de uma cratera de meteoro sem que seus moradores soubessem. Descubra os mist\u00e9rios de N\u00f6rdlingen!\" \/>\n<meta property=\"og:url\" content=\"https:\/\/www.correiobraziliense.com.br\/cbradar\/essa-cidade-foi-construida-em-cima-de-uma-cratera-de-meteoro\/\" \/>\n<meta property=\"og:site_name\" content=\"Correio Braziliense - Radar\" \/>\n<meta property=\"article:published_time\" content=\"2025-03-01T01:50:00+00:00\" \/>\n<meta property=\"og:image\" content=\"https:\/\/www.correiobraziliense.com.br\/cbradar\/wp-content\/uploads\/2025\/02\/Nordlingen_1740691119241.jpg\" \/>\n\t<meta property=\"og:image:width\" content=\"1280\" \/>\n\t<meta property=\"og:image:height\" content=\"720\" \/>\n\t<meta property=\"og:image:type\" content=\"image\/jpeg\" \/>\n<meta name=\"author\" content=\"Larissa Carvalho\" \/>\n<meta name=\"twitter:card\" content=\"summary_large_image\" \/>\n<meta name=\"twitter:label1\" content=\"Escrito por\" \/>\n\t<meta name=\"twitter:data1\" content=\"Larissa Carvalho\" \/>\n\t<meta name=\"twitter:label2\" content=\"Est. tempo de leitura\" \/>\n\t<meta name=\"twitter:data2\" content=\"3 minutos\" \/>\n<!-- \/ Yoast SEO plugin. -->","yoast_head_json":{"title":"Essa cidade foi constru\u00edda em cima de uma cratera de meteoro","description":"Uma cidade foi constru\u00edda dentro de uma cratera de meteoro sem que seus moradores soubessem. Descubra os mist\u00e9rios de N\u00f6rdlingen!","robots":{"index":"index","follow":"follow","max-snippet":"max-snippet:-1","max-image-preview":"max-image-preview:large","max-video-preview":"max-video-preview:-1"},"canonical":"https:\/\/www.correiobraziliense.com.br\/cbradar\/essa-cidade-foi-construida-em-cima-de-uma-cratera-de-meteoro\/","og_locale":"pt_BR","og_type":"article","og_title":"Essa cidade foi constru\u00edda em cima de uma cratera de meteoro","og_description":"Uma cidade foi constru\u00edda dentro de uma cratera de meteoro sem que seus moradores soubessem. Descubra os mist\u00e9rios de N\u00f6rdlingen!","og_url":"https:\/\/www.correiobraziliense.com.br\/cbradar\/essa-cidade-foi-construida-em-cima-de-uma-cratera-de-meteoro\/","og_site_name":"Correio Braziliense - Radar","article_published_time":"2025-03-01T01:50:00+00:00","og_image":[{"width":1280,"height":720,"url":"https:\/\/www.correiobraziliense.com.br\/cbradar\/wp-content\/uploads\/2025\/02\/Nordlingen_1740691119241.jpg","type":"image\/jpeg"}],"author":"Larissa Carvalho","twitter_card":"summary_large_image","twitter_misc":{"Escrito por":"Larissa Carvalho","Est. tempo de leitura":"3 minutos"},"schema":{"@context":"https:\/\/schema.org","@graph":[{"@type":"WebPage","@id":"https:\/\/www.correiobraziliense.com.br\/cbradar\/essa-cidade-foi-construida-em-cima-de-uma-cratera-de-meteoro\/","url":"https:\/\/www.correiobraziliense.com.br\/cbradar\/essa-cidade-foi-construida-em-cima-de-uma-cratera-de-meteoro\/","name":"Essa cidade foi constru\u00edda em cima de uma cratera de meteoro","isPartOf":{"@id":"https:\/\/www.correiobraziliense.com.br\/cbradar\/#website"},"primaryImageOfPage":{"@id":"https:\/\/www.correiobraziliense.com.br\/cbradar\/essa-cidade-foi-construida-em-cima-de-uma-cratera-de-meteoro\/#primaryimage"},"image":{"@id":"https:\/\/www.correiobraziliense.com.br\/cbradar\/essa-cidade-foi-construida-em-cima-de-uma-cratera-de-meteoro\/#primaryimage"},"thumbnailUrl":"https:\/\/www.correiobraziliense.com.br\/cbradar\/wp-content\/uploads\/2025\/02\/Nordlingen_1740691119241.jpg","datePublished":"2025-03-01T01:50:00+00:00","author":{"@id":"https:\/\/www.correiobraziliense.com.br\/cbradar\/#\/schema\/person\/58422787644df994b53a19d3e56c1513"},"description":"Uma cidade foi constru\u00edda dentro de uma cratera de meteoro sem que seus moradores soubessem. Descubra os mist\u00e9rios de N\u00f6rdlingen!","breadcrumb":{"@id":"https:\/\/www.correiobraziliense.com.br\/cbradar\/essa-cidade-foi-construida-em-cima-de-uma-cratera-de-meteoro\/#breadcrumb"},"inLanguage":"pt-BR","potentialAction":[{"@type":"ReadAction","target":["https:\/\/www.correiobraziliense.com.br\/cbradar\/essa-cidade-foi-construida-em-cima-de-uma-cratera-de-meteoro\/"]}]},{"@type":"ImageObject","inLanguage":"pt-BR","@id":"https:\/\/www.correiobraziliense.com.br\/cbradar\/essa-cidade-foi-construida-em-cima-de-uma-cratera-de-meteoro\/#primaryimage","url":"https:\/\/www.correiobraziliense.com.br\/cbradar\/wp-content\/uploads\/2025\/02\/Nordlingen_1740691119241.jpg","contentUrl":"https:\/\/www.correiobraziliense.com.br\/cbradar\/wp-content\/uploads\/2025\/02\/Nordlingen_1740691119241.jpg","width":1280,"height":720,"caption":"N\u00f6rdlingen. Cr\u00e9ditos: depositphotos.com \/ laudibi.gmail.com"},{"@type":"BreadcrumbList","@id":"https:\/\/www.correiobraziliense.com.br\/cbradar\/essa-cidade-foi-construida-em-cima-de-uma-cratera-de-meteoro\/#breadcrumb","itemListElement":[{"@type":"ListItem","position":1,"name":"In\u00edcio","item":"https:\/\/www.correiobraziliense.com.br\/cbradar\/"},{"@type":"ListItem","position":2,"name":"Essa cidade foi constru\u00edda em cima de uma cratera de meteoro"}]},{"@type":"WebSite","@id":"https:\/\/www.correiobraziliense.com.br\/cbradar\/#website","url":"https:\/\/www.correiobraziliense.com.br\/cbradar\/","name":"Correio Braziliense - Radar","description":"Acompanhe as \u00faltimas not\u00edcias e fique bem informado sobre tudo o que acontece no Brasil e no mundo.","potentialAction":[{"@type":"SearchAction","target":{"@type":"EntryPoint","urlTemplate":"https:\/\/www.correiobraziliense.com.br\/cbradar\/?s={search_term_string}"},"query-input":{"@type":"PropertyValueSpecification","valueRequired":true,"valueName":"search_term_string"}}],"inLanguage":"pt-BR"},{"@type":"Person","@id":"https:\/\/www.correiobraziliense.com.br\/cbradar\/#\/schema\/person\/58422787644df994b53a19d3e56c1513","name":"Larissa Carvalho","image":{"@type":"ImageObject","inLanguage":"pt-BR","@id":"https:\/\/www.correiobraziliense.com.br\/cbradar\/#\/schema\/person\/image\/","url":"https:\/\/secure.gravatar.com\/avatar\/fe4f91a0de32b52a838d0d612abdc1aa?s=96&d=mm&r=g","contentUrl":"https:\/\/secure.gravatar.com\/avatar\/fe4f91a0de32b52a838d0d612abdc1aa?s=96&d=mm&r=g","caption":"Larissa Carvalho"},"url":"https:\/\/www.correiobraziliense.com.br\/cbradar\/author\/larissamyth\/"}]}},"_links":{"self":[{"href":"https:\/\/www.correiobraziliense.com.br\/cbradar\/wp-json\/wp\/v2\/posts\/7167","targetHints":{"allow":["GET"]}}],"collection":[{"href":"https:\/\/www.correiobraziliense.com.br\/cbradar\/wp-json\/wp\/v2\/posts"}],"about":[{"href":"https:\/\/www.correiobraziliense.com.br\/cbradar\/wp-json\/wp\/v2\/types\/post"}],"author":[{"embeddable":true,"href":"https:\/\/www.correiobraziliense.com.br\/cbradar\/wp-json\/wp\/v2\/users\/3"}],"replies":[{"embeddable":true,"href":"https:\/\/www.correiobraziliense.com.br\/cbradar\/wp-json\/wp\/v2\/comments?post=7167"}],"version-history":[{"count":1,"href":"https:\/\/www.correiobraziliense.com.br\/cbradar\/wp-json\/wp\/v2\/posts\/7167\/revisions"}],"predecessor-version":[{"id":7182,"href":"https:\/\/www.correiobraziliense.com.br\/cbradar\/wp-json\/wp\/v2\/posts\/7167\/revisions\/7182"}],"wp:featuredmedia":[{"embeddable":true,"href":"https:\/\/www.correiobraziliense.com.br\/cbradar\/wp-json\/wp\/v2\/media\/7178"}],"wp:attachment":[{"href":"https:\/\/www.correiobraziliense.com.br\/cbradar\/wp-json\/wp\/v2\/media?parent=7167"}],"wp:term":[{"taxonomy":"category","embeddable":true,"href":"https:\/\/www.correiobraziliense.com.br\/cbradar\/wp-json\/wp\/v2\/categories?post=7167"},{"taxonomy":"post_tag","embeddable":true,"href":"https:\/\/www.correiobraziliense.com.br\/cbradar\/wp-json\/wp\/v2\/post_tag?post=7167"}],"curies":[{"name":"wp","href":"https:\/\/api.w.org\/{rel}","templated":true}]}}