{"id":71709,"date":"2025-07-19T18:13:00","date_gmt":"2025-07-19T21:13:00","guid":{"rendered":"https:\/\/www.correiobraziliense.com.br\/cbradar\/?p=71709"},"modified":"2025-07-18T18:41:49","modified_gmt":"2025-07-18T21:41:49","slug":"o-melhor-segredo-para-dormir-bem-e-acordar-renovado-todos-os-dias","status":"publish","type":"post","link":"https:\/\/www.correiobraziliense.com.br\/cbradar\/o-melhor-segredo-para-dormir-bem-e-acordar-renovado-todos-os-dias\/","title":{"rendered":"O melhor segredo para dormir bem e acordar renovado todos os dias"},"content":{"rendered":"\n<p>Uma noite de sono de qualidade desempenha um papel fundamental na manuten\u00e7\u00e3o da sa\u00fade f\u00edsica e mental, al\u00e9m de influenciar diretamente na disposi\u00e7\u00e3o e produtividade di\u00e1ria. O h\u00e1bito de dormir bem ainda \u00e9 um desafio para muitas pessoas, principalmente quando fatores como ansiedade, estilo de vida agitado e uso excessivo de eletr\u00f4nicos entram em cena. Apesar disso, adotar algumas mudan\u00e7as rotineiras pode facilitar o processo de adormecimento e promover um descanso mais reparador.<\/p>\n\n\n\n<p>Muitos obst\u00e1culos relacionados ao sono t\u00eam origem em pequenas atitudes ou ambientes inadequados. Ajustes, mesmo que simples, no quarto, na alimenta\u00e7\u00e3o e na rotina noturna, por exemplo, podem fazer toda a diferen\u00e7a. Entender quais pr\u00e1ticas contribuem para um sono mais tranquilo \u00e9 essencial para quem busca melhorar a qualidade de vida no cotidiano.<\/p>\n\n\n\n<h2 class=\"wp-block-heading\">Por que o sono \u00e9 t\u00e3o importante?<\/h2>\n\n\n\n<p><strong>O sono atua em m\u00faltiplas fun\u00e7\u00f5es do organismo, indo muito al\u00e9m do simples descanso.<\/strong> Durante as horas de repouso, o corpo realiza processos de recupera\u00e7\u00e3o muscular, fortalecimento do sistema imunol\u00f3gico e consolida\u00e7\u00e3o da mem\u00f3ria. Dormir bem tamb\u00e9m auxilia no controle emocional e reduz o risco de doen\u00e7as cr\u00f4nicas, como diabetes e hipertens\u00e3o. Uma rotina de sono saud\u00e1vel favorece o equil\u00edbrio entre corpo e mente, refletindo diretamente no rendimento di\u00e1rio.<\/p>\n\n\n\n<p><strong>Pessoas que mant\u00eam uma rotina de sono irregular costumam apresentar maior dificuldade de concentra\u00e7\u00e3o, queda no desempenho f\u00edsico e tend\u00eancia ao mau humor.<\/strong> Al\u00e9m disso, a priva\u00e7\u00e3o de sono, quando frequente, pode desencadear quadros de ansiedade, depress\u00e3o e prejudicar a clareza de racioc\u00ednio. Por esses motivos, investir em h\u00e1bitos que priorizem o descanso noturno se mostra cada vez mais necess\u00e1rio.<\/p>\n\n\n\n<h2 class=\"wp-block-heading\">Quais estrat\u00e9gias ajudam a dormir melhor?<\/h2>\n\n\n\n<p><strong>V\u00e1rios fatores podem influenciar a qualidade do descanso noturno.<\/strong> Adotar alguns ajustes simples pode promover grandes benef\u00edcios ao sono, tornando as noites mais tranquilas e reparadoras. Entre as principais recomenda\u00e7\u00f5es est\u00e3o:<\/p>\n\n\n\n<ul class=\"wp-block-list\">\n<li><strong>Ambiente adequado:<\/strong> Mantenha o quarto escuro, silencioso e com temperatura agrad\u00e1vel. Cortinas blackout, tamp\u00f5es de ouvido, ventiladores ou umidificadores podem auxiliar nessas fun\u00e7\u00f5es.<\/li>\n\n\n\n<li><strong>Rotina relaxante:<\/strong> Antes de dormir, prefira atividades calmas: ler um livro, tomar um banho morno ou ouvir m\u00fasicas suaves s\u00e3o boas apostas.<\/li>\n\n\n\n<li><strong>Menos telas \u00e0 noite:<\/strong> A luz azul de celulares, tablets e computadores pode dificultar a produ\u00e7\u00e3o de melatonina, horm\u00f4nio chave para o sono.<\/li>\n\n\n\n<li><strong>Hor\u00e1rios regulares:<\/strong> Ir para a cama e acordar sempre nos mesmos hor\u00e1rios condiciona o rel\u00f3gio biol\u00f3gico, facilitando o processo de adormecer.<\/li>\n\n\n\n<li><strong>Evite sonecas longas:<\/strong> Dormidas prolongadas no meio do dia tendem a atrapalhar o ciclo natural de sono, tornando mais dif\u00edcil pegar no sono \u00e0 noite.<\/li>\n<\/ul>\n\n\n\n<p><strong>Essas pr\u00e1ticas, somadas \u00e0 aten\u00e7\u00e3o com a alimenta\u00e7\u00e3o e ao controle do estresse, potencializam o descanso e combatem a ins\u00f4nia.<\/strong><\/p>\n\n\n\n<figure class=\"wp-block-image size-large\"><img decoding=\"async\" width=\"1024\" height=\"576\" src=\"https:\/\/www.correiobraziliense.com.br\/cbradar\/wp-content\/uploads\/2025\/07\/pessoa-dormindo_1752874893364-1024x576.jpg\" alt=\"O melhor segredo para dormir bem e acordar renovado todos os dias\" class=\"wp-image-71712\" srcset=\"https:\/\/www.correiobraziliense.com.br\/cbradar\/wp-content\/uploads\/2025\/07\/pessoa-dormindo_1752874893364-1024x576.jpg 1024w, https:\/\/www.correiobraziliense.com.br\/cbradar\/wp-content\/uploads\/2025\/07\/pessoa-dormindo_1752874893364-300x169.jpg 300w, https:\/\/www.correiobraziliense.com.br\/cbradar\/wp-content\/uploads\/2025\/07\/pessoa-dormindo_1752874893364-768x432.jpg 768w, https:\/\/www.correiobraziliense.com.br\/cbradar\/wp-content\/uploads\/2025\/07\/pessoa-dormindo_1752874893364-750x422.jpg 750w, https:\/\/www.correiobraziliense.com.br\/cbradar\/wp-content\/uploads\/2025\/07\/pessoa-dormindo_1752874893364-1140x641.jpg 1140w, https:\/\/www.correiobraziliense.com.br\/cbradar\/wp-content\/uploads\/2025\/07\/pessoa-dormindo_1752874893364.jpg 1280w\" sizes=\"(max-width: 1024px) 100vw, 1024px\" \/><figcaption class=\"wp-element-caption\">pessoa dormindo. Cr\u00e9ditos: depositphotos.com \/ AllaSerebrina<\/figcaption><\/figure>\n\n\n\n<h2 class=\"wp-block-heading\">Como pequenos h\u00e1bitos impactam o sono?<\/h2>\n\n\n\n<p><strong>Algumas atitudes do dia a dia t\u00eam impacto significativo na facilidade de adormecer e na profundidade do sono.<\/strong> Entre elas, o consumo de bebidas estimulantes, como caf\u00e9 e refrigerantes, pode prejudicar o processo, principalmente se ingeridos no final do dia. O \u00e1lcool, apesar de induzir o sono inicialmente, costuma fragmentar o repouso e comprometer as fases profundas.<\/p>\n\n\n\n<p><strong>Da mesma forma, praticar exerc\u00edcios f\u00edsicos frequentemente contribui para noites mais tranquilas, desde que realizados com algumas horas de anteced\u00eancia ao hor\u00e1rio de dormir.<\/strong> Atividades relaxantes, como medita\u00e7\u00e3o e respira\u00e7\u00e3o profunda, ajudam a acalmar a mente antes de se deitar. A exposi\u00e7\u00e3o \u00e0 luz natural durante o dia ainda auxilia na regula\u00e7\u00e3o do ciclo circadiano, tornando o corpo mais apto a relaxar quando anoitece.<\/p>\n\n\n\n<h2 class=\"wp-block-heading\">Quando procurar ajuda para problemas de sono?<\/h2>\n\n\n\n<p><strong>Em situa\u00e7\u00f5es onde persistem dificuldades para dormir, mesmo ap\u00f3s o ajuste de h\u00e1bitos e ambiente, pode ser indicado buscar avalia\u00e7\u00e3o m\u00e9dica.<\/strong> Dist\u00farbios como a ins\u00f4nia cr\u00f4nica e a apneia do sono exigem acompanhamento especializado e, em alguns casos, tratamentos espec\u00edficos. Sinais como sonol\u00eancia excessiva durante o dia, roncos intensos e interrup\u00e7\u00f5es na respira\u00e7\u00e3o devem ser observados com aten\u00e7\u00e3o.<\/p>\n\n\n\n<ul class=\"wp-block-list\">\n<li>Persist\u00eancia da dificuldade para adormecer<\/li>\n\n\n\n<li>Despertares frequentes durante a noite<\/li>\n\n\n\n<li>Sensa\u00e7\u00e3o de cansa\u00e7o constante<\/li>\n\n\n\n<li>Mudan\u00e7a repentina nos padr\u00f5es de sono<\/li>\n<\/ul>\n\n\n\n<p><strong>Investir em pr\u00e1ticas saud\u00e1veis e procurar orienta\u00e7\u00e3o ao notar altera\u00e7\u00f5es persistentes s\u00e3o medidas essenciais para garantir noites mais tranquilas.<\/strong> Um sono revitalizante \u00e9 aliado indispens\u00e1vel para quem deseja aproveitar o m\u00e1ximo de cada dia.<\/p>\n","protected":false},"excerpt":{"rendered":"<p>Seu sono anda ruim? Descubra pr\u00e1ticas que melhoram a qualidade do descanso e entenda os sinais que indicam a hora de procurar orienta\u00e7\u00e3o m\u00e9dica.<\/p>\n","protected":false},"author":3,"featured_media":71711,"comment_status":"open","ping_status":"open","sticky":false,"template":"","format":"standard","meta":{"_yoast_wpseo_focuskw":"dormir bem acordar renovado","_yoast_wpseo_title":"%%title%%","_yoast_wpseo_metadesc":"Seu sono anda ruim? Descubra pr\u00e1ticas que melhoram a qualidade do descanso e entenda os sinais que indicam a hora de procurar orienta\u00e7\u00e3o m\u00e9dica.","jnews-multi-image_gallery":[],"jnews_single_post":{"format":"standard"},"jnews_primary_category":[],"jnews_social_meta":[],"jnews_override_counter":[],"footnotes":""},"categories":[112],"tags":[144,565,1313],"class_list":["post-71709","post","type-post","status-publish","format-standard","has-post-thumbnail","hentry","category-curiosidades","tag-curiosidades","tag-saude","tag-sono"],"yoast_head":"<!-- This site is optimized with the Yoast SEO plugin v24.6 - https:\/\/yoast.com\/wordpress\/plugins\/seo\/ -->\n<title>O melhor segredo para dormir bem e acordar renovado todos os dias<\/title>\n<meta name=\"description\" content=\"Seu sono anda ruim? Descubra pr\u00e1ticas que melhoram a qualidade do descanso e entenda os sinais que indicam a hora de procurar orienta\u00e7\u00e3o m\u00e9dica.\" \/>\n<meta name=\"robots\" content=\"index, follow, max-snippet:-1, max-image-preview:large, max-video-preview:-1\" \/>\n<link rel=\"canonical\" href=\"https:\/\/www.correiobraziliense.com.br\/cbradar\/o-melhor-segredo-para-dormir-bem-e-acordar-renovado-todos-os-dias\/\" \/>\n<meta property=\"og:locale\" content=\"pt_BR\" \/>\n<meta property=\"og:type\" content=\"article\" \/>\n<meta property=\"og:title\" content=\"O melhor segredo para dormir bem e acordar renovado todos os dias\" \/>\n<meta property=\"og:description\" content=\"Seu sono anda ruim? Descubra pr\u00e1ticas que melhoram a qualidade do descanso e entenda os sinais que indicam a hora de procurar orienta\u00e7\u00e3o m\u00e9dica.\" \/>\n<meta property=\"og:url\" content=\"https:\/\/www.correiobraziliense.com.br\/cbradar\/o-melhor-segredo-para-dormir-bem-e-acordar-renovado-todos-os-dias\/\" \/>\n<meta property=\"og:site_name\" content=\"Correio Braziliense - Radar\" \/>\n<meta property=\"article:published_time\" content=\"2025-07-19T21:13:00+00:00\" \/>\n<meta property=\"og:image\" content=\"https:\/\/www.correiobraziliense.com.br\/cbradar\/wp-content\/uploads\/2025\/07\/pessoa-dormindo_1752874870374.jpg\" \/>\n\t<meta property=\"og:image:width\" content=\"1280\" \/>\n\t<meta property=\"og:image:height\" content=\"720\" \/>\n\t<meta property=\"og:image:type\" content=\"image\/jpeg\" \/>\n<meta name=\"author\" content=\"Larissa Carvalho\" \/>\n<meta name=\"twitter:card\" content=\"summary_large_image\" \/>\n<meta name=\"twitter:label1\" content=\"Escrito por\" \/>\n\t<meta name=\"twitter:data1\" content=\"Larissa Carvalho\" \/>\n\t<meta name=\"twitter:label2\" content=\"Est. tempo de leitura\" \/>\n\t<meta name=\"twitter:data2\" content=\"5 minutos\" \/>\n<!-- \/ Yoast SEO plugin. -->","yoast_head_json":{"title":"O melhor segredo para dormir bem e acordar renovado todos os dias","description":"Seu sono anda ruim? Descubra pr\u00e1ticas que melhoram a qualidade do descanso e entenda os sinais que indicam a hora de procurar orienta\u00e7\u00e3o m\u00e9dica.","robots":{"index":"index","follow":"follow","max-snippet":"max-snippet:-1","max-image-preview":"max-image-preview:large","max-video-preview":"max-video-preview:-1"},"canonical":"https:\/\/www.correiobraziliense.com.br\/cbradar\/o-melhor-segredo-para-dormir-bem-e-acordar-renovado-todos-os-dias\/","og_locale":"pt_BR","og_type":"article","og_title":"O melhor segredo para dormir bem e acordar renovado todos os dias","og_description":"Seu sono anda ruim? Descubra pr\u00e1ticas que melhoram a qualidade do descanso e entenda os sinais que indicam a hora de procurar orienta\u00e7\u00e3o m\u00e9dica.","og_url":"https:\/\/www.correiobraziliense.com.br\/cbradar\/o-melhor-segredo-para-dormir-bem-e-acordar-renovado-todos-os-dias\/","og_site_name":"Correio Braziliense - Radar","article_published_time":"2025-07-19T21:13:00+00:00","og_image":[{"width":1280,"height":720,"url":"https:\/\/www.correiobraziliense.com.br\/cbradar\/wp-content\/uploads\/2025\/07\/pessoa-dormindo_1752874870374.jpg","type":"image\/jpeg"}],"author":"Larissa Carvalho","twitter_card":"summary_large_image","twitter_misc":{"Escrito por":"Larissa Carvalho","Est. tempo de leitura":"5 minutos"},"schema":{"@context":"https:\/\/schema.org","@graph":[{"@type":"WebPage","@id":"https:\/\/www.correiobraziliense.com.br\/cbradar\/o-melhor-segredo-para-dormir-bem-e-acordar-renovado-todos-os-dias\/","url":"https:\/\/www.correiobraziliense.com.br\/cbradar\/o-melhor-segredo-para-dormir-bem-e-acordar-renovado-todos-os-dias\/","name":"O melhor segredo para dormir bem e acordar renovado todos os dias","isPartOf":{"@id":"https:\/\/www.correiobraziliense.com.br\/cbradar\/#website"},"primaryImageOfPage":{"@id":"https:\/\/www.correiobraziliense.com.br\/cbradar\/o-melhor-segredo-para-dormir-bem-e-acordar-renovado-todos-os-dias\/#primaryimage"},"image":{"@id":"https:\/\/www.correiobraziliense.com.br\/cbradar\/o-melhor-segredo-para-dormir-bem-e-acordar-renovado-todos-os-dias\/#primaryimage"},"thumbnailUrl":"https:\/\/www.correiobraziliense.com.br\/cbradar\/wp-content\/uploads\/2025\/07\/pessoa-dormindo_1752874870374.jpg","datePublished":"2025-07-19T21:13:00+00:00","author":{"@id":"https:\/\/www.correiobraziliense.com.br\/cbradar\/#\/schema\/person\/58422787644df994b53a19d3e56c1513"},"description":"Seu sono anda ruim? Descubra pr\u00e1ticas que melhoram a qualidade do descanso e entenda os sinais que indicam a hora de procurar orienta\u00e7\u00e3o m\u00e9dica.","breadcrumb":{"@id":"https:\/\/www.correiobraziliense.com.br\/cbradar\/o-melhor-segredo-para-dormir-bem-e-acordar-renovado-todos-os-dias\/#breadcrumb"},"inLanguage":"pt-BR","potentialAction":[{"@type":"ReadAction","target":["https:\/\/www.correiobraziliense.com.br\/cbradar\/o-melhor-segredo-para-dormir-bem-e-acordar-renovado-todos-os-dias\/"]}]},{"@type":"ImageObject","inLanguage":"pt-BR","@id":"https:\/\/www.correiobraziliense.com.br\/cbradar\/o-melhor-segredo-para-dormir-bem-e-acordar-renovado-todos-os-dias\/#primaryimage","url":"https:\/\/www.correiobraziliense.com.br\/cbradar\/wp-content\/uploads\/2025\/07\/pessoa-dormindo_1752874870374.jpg","contentUrl":"https:\/\/www.correiobraziliense.com.br\/cbradar\/wp-content\/uploads\/2025\/07\/pessoa-dormindo_1752874870374.jpg","width":1280,"height":720,"caption":"pessoa dormindo. Cr\u00e9ditos: depositphotos.com \/ AllaSerebrina"},{"@type":"BreadcrumbList","@id":"https:\/\/www.correiobraziliense.com.br\/cbradar\/o-melhor-segredo-para-dormir-bem-e-acordar-renovado-todos-os-dias\/#breadcrumb","itemListElement":[{"@type":"ListItem","position":1,"name":"In\u00edcio","item":"https:\/\/www.correiobraziliense.com.br\/cbradar\/"},{"@type":"ListItem","position":2,"name":"O melhor segredo para dormir bem e acordar renovado todos os dias"}]},{"@type":"WebSite","@id":"https:\/\/www.correiobraziliense.com.br\/cbradar\/#website","url":"https:\/\/www.correiobraziliense.com.br\/cbradar\/","name":"Correio Braziliense - Radar","description":"Acompanhe as \u00faltimas not\u00edcias e fique bem informado sobre tudo o que acontece no Brasil e no mundo.","potentialAction":[{"@type":"SearchAction","target":{"@type":"EntryPoint","urlTemplate":"https:\/\/www.correiobraziliense.com.br\/cbradar\/?s={search_term_string}"},"query-input":{"@type":"PropertyValueSpecification","valueRequired":true,"valueName":"search_term_string"}}],"inLanguage":"pt-BR"},{"@type":"Person","@id":"https:\/\/www.correiobraziliense.com.br\/cbradar\/#\/schema\/person\/58422787644df994b53a19d3e56c1513","name":"Larissa Carvalho","image":{"@type":"ImageObject","inLanguage":"pt-BR","@id":"https:\/\/www.correiobraziliense.com.br\/cbradar\/#\/schema\/person\/image\/","url":"https:\/\/secure.gravatar.com\/avatar\/fe4f91a0de32b52a838d0d612abdc1aa?s=96&d=mm&r=g","contentUrl":"https:\/\/secure.gravatar.com\/avatar\/fe4f91a0de32b52a838d0d612abdc1aa?s=96&d=mm&r=g","caption":"Larissa Carvalho"},"url":"https:\/\/www.correiobraziliense.com.br\/cbradar\/author\/larissamyth\/"}]}},"_links":{"self":[{"href":"https:\/\/www.correiobraziliense.com.br\/cbradar\/wp-json\/wp\/v2\/posts\/71709","targetHints":{"allow":["GET"]}}],"collection":[{"href":"https:\/\/www.correiobraziliense.com.br\/cbradar\/wp-json\/wp\/v2\/posts"}],"about":[{"href":"https:\/\/www.correiobraziliense.com.br\/cbradar\/wp-json\/wp\/v2\/types\/post"}],"author":[{"embeddable":true,"href":"https:\/\/www.correiobraziliense.com.br\/cbradar\/wp-json\/wp\/v2\/users\/3"}],"replies":[{"embeddable":true,"href":"https:\/\/www.correiobraziliense.com.br\/cbradar\/wp-json\/wp\/v2\/comments?post=71709"}],"version-history":[{"count":2,"href":"https:\/\/www.correiobraziliense.com.br\/cbradar\/wp-json\/wp\/v2\/posts\/71709\/revisions"}],"predecessor-version":[{"id":71713,"href":"https:\/\/www.correiobraziliense.com.br\/cbradar\/wp-json\/wp\/v2\/posts\/71709\/revisions\/71713"}],"wp:featuredmedia":[{"embeddable":true,"href":"https:\/\/www.correiobraziliense.com.br\/cbradar\/wp-json\/wp\/v2\/media\/71711"}],"wp:attachment":[{"href":"https:\/\/www.correiobraziliense.com.br\/cbradar\/wp-json\/wp\/v2\/media?parent=71709"}],"wp:term":[{"taxonomy":"category","embeddable":true,"href":"https:\/\/www.correiobraziliense.com.br\/cbradar\/wp-json\/wp\/v2\/categories?post=71709"},{"taxonomy":"post_tag","embeddable":true,"href":"https:\/\/www.correiobraziliense.com.br\/cbradar\/wp-json\/wp\/v2\/tags?post=71709"}],"curies":[{"name":"wp","href":"https:\/\/api.w.org\/{rel}","templated":true}]}}