{"id":71714,"date":"2025-07-19T19:53:00","date_gmt":"2025-07-19T22:53:00","guid":{"rendered":"https:\/\/www.correiobraziliense.com.br\/cbradar\/?p=71714"},"modified":"2025-07-18T18:45:05","modified_gmt":"2025-07-18T21:45:05","slug":"descubra-como-seu-tipo-de-personalidade-pode-impulsionar-a-rotina-fitness","status":"publish","type":"post","link":"https:\/\/www.correiobraziliense.com.br\/cbradar\/descubra-como-seu-tipo-de-personalidade-pode-impulsionar-a-rotina-fitness\/","title":{"rendered":"Descubra como seu tipo de personalidade pode impulsionar a rotina fitness"},"content":{"rendered":"\n<p>Uma recente pesquisa publicada em <strong>2024<\/strong> tem chamado a aten\u00e7\u00e3o por sugerir que a motiva\u00e7\u00e3o para a pr\u00e1tica de exerc\u00edcios f\u00edsicos pode estar diretamente relacionada ao tipo de personalidade de cada indiv\u00edduo. Em um cen\u00e1rio onde muitas pessoas encontram dificuldades para manter a regularidade de atividades f\u00edsicas, compreender melhor essa rela\u00e7\u00e3o pode ser um caminho v\u00e1lido para melhorar a ades\u00e3o e o prazer durante os treinos.<\/p>\n\n\n\n<p>O estudo reuniu volunt\u00e1rios para avaliar como diferentes tra\u00e7os de personalidade influenciam o n\u00edvel de engajamento e satisfa\u00e7\u00e3o com exerc\u00edcios variados. Os participantes passaram por um per\u00edodo de avalia\u00e7\u00e3o em que experimentaram rotinas de ciclismo e treinamento de for\u00e7a, enquanto eram analisados aspectos como extrovers\u00e3o, consci\u00eancia, amabilidade, neuroticismo e abertura a novas experi\u00eancias, conhecidos como os \u201c<strong>Cinco Grandes<\/strong>\u201d da personalidade.<\/p>\n\n\n\n<h2 class=\"wp-block-heading\">Como a personalidade pode impactar sua motiva\u00e7\u00e3o para se exercitar?<\/h2>\n\n\n\n<p><strong>A an\u00e1lise dos dados revelou que certos tra\u00e7os de personalidade podem indicar prefer\u00eancias espec\u00edficas por tipos de exerc\u00edcios f\u00edsicos.<\/strong> Por exemplo, pessoas consideradas extrovertidas demonstraram maior tend\u00eancia a se sentir motivadas e encontrar prazer em atividades de alta intensidade, como treinos coletivos ou sess\u00f5es de HIIT, que envolvem intensidade e intera\u00e7\u00e3o social. J\u00e1 indiv\u00edduos que pontuam alto em neuroticismo, frequentemente mais ansiosos ou sens\u00edveis ao estresse, podem preferir pr\u00e1ticas mais reservadas, tranquilos e com menor est\u00edmulo externo, como caminhadas solit\u00e1rias ou ioga em casa.<\/p>\n\n\n\n<p>Al\u00e9m disso, o estudo identificou que a intera\u00e7\u00e3o entre diferentes tra\u00e7os pode influenciar a persist\u00eancia nos treinos. Uma pessoa com caracter\u00edsticas de neuroticismo e consci\u00eancia pode se sentir pressionada a n\u00e3o faltar nos treinos, seja pelo conhecimento dos benef\u00edcios \u00e0 sa\u00fade ou pelo medo de julgamentos, o que a leva a manter uma rotina mais consistente, ainda que receosa.<\/p>\n\n\n\n<h2 class=\"wp-block-heading\">Por que entender a personalidade ajuda a manter a rotina de exerc\u00edcios?<\/h2>\n\n\n\n<p><strong>Especialistas destacam que adaptar a rotina de treino ao perfil psicol\u00f3gico favorece o compromisso de longo prazo.<\/strong> Isso acontece porque, ao alinhar a pr\u00e1tica escolhida ao modo como a pessoa se sente mais confort\u00e1vel, aumentam as chances de que ela se envolva de forma prazerosa e persistente. A motiva\u00e7\u00e3o intr\u00ednseca, ou seja, aquela movida por satisfa\u00e7\u00e3o pessoal e n\u00e3o por obriga\u00e7\u00e3o, \u00e9 fundamental nesse processo.<\/p>\n\n\n\n<ul class=\"wp-block-list\">\n<li><strong>Extrovertidos<\/strong> costumam preferir turmas animadas, circuitos em grupo e desafios que envolvem muita intera\u00e7\u00e3o.<\/li>\n\n\n\n<li><strong>Introvertidos<\/strong>, ou pessoas mais reservadas, tendem a se adaptar melhor a ambientes silenciosos, com menor est\u00edmulo visual e auditivo.<\/li>\n\n\n\n<li><strong>Conscienciosos<\/strong> mant\u00eam maior disciplina e podem gostar de mensurar desempenho e progresso.<\/li>\n\n\n\n<li><strong>Am\u00e1veis<\/strong> valorizam harmonia e coopera\u00e7\u00e3o, preferindo atividades em duplas ou pequenas equipes amiga\u0301veis.<\/li>\n\n\n\n<li><strong>Abertos a novas experi\u00eancias<\/strong> demonstram mais facilidade para experimentar modalidades inovadoras e alternar entre diferentes tipos de exerc\u00edcio.<\/li>\n<\/ul>\n\n\n\n<p>Identificar essas prefer\u00eancias ajuda a personalizar estrat\u00e9gias e evitar o abandono precoce, comum entre aqueles que n\u00e3o se identificam com o tipo de treino proposto inicialmente.<\/p>\n\n\n\n<figure class=\"wp-block-image size-large\"><img decoding=\"async\" width=\"1024\" height=\"576\" src=\"https:\/\/www.correiobraziliense.com.br\/cbradar\/wp-content\/uploads\/2025\/07\/exercicio-fisico_1752875087895-1024x576.jpg\" alt=\"Descubra como seu tipo de personalidade pode impulsionar a rotina fitness\" class=\"wp-image-71719\" srcset=\"https:\/\/www.correiobraziliense.com.br\/cbradar\/wp-content\/uploads\/2025\/07\/exercicio-fisico_1752875087895-1024x576.jpg 1024w, https:\/\/www.correiobraziliense.com.br\/cbradar\/wp-content\/uploads\/2025\/07\/exercicio-fisico_1752875087895-300x169.jpg 300w, https:\/\/www.correiobraziliense.com.br\/cbradar\/wp-content\/uploads\/2025\/07\/exercicio-fisico_1752875087895-768x432.jpg 768w, https:\/\/www.correiobraziliense.com.br\/cbradar\/wp-content\/uploads\/2025\/07\/exercicio-fisico_1752875087895-750x422.jpg 750w, https:\/\/www.correiobraziliense.com.br\/cbradar\/wp-content\/uploads\/2025\/07\/exercicio-fisico_1752875087895-1140x641.jpg 1140w, https:\/\/www.correiobraziliense.com.br\/cbradar\/wp-content\/uploads\/2025\/07\/exercicio-fisico_1752875087895.jpg 1280w\" sizes=\"(max-width: 1024px) 100vw, 1024px\" \/><figcaption class=\"wp-element-caption\">exerc\u00edcio f\u00edsico. Cr\u00e9ditos: depositphotos.com \/ ArturVerkhovetskiy<\/figcaption><\/figure>\n\n\n\n<h2 class=\"wp-block-heading\">Como descobrir o tipo de exerc\u00edcio ideal para cada perfil?<\/h2>\n\n\n\n<p><strong>Encontrar a modalidade certa pode envolver uma observa\u00e7\u00e3o atenta das pr\u00f3prias rea\u00e7\u00f5es a diferentes est\u00edmulos.<\/strong> Uma dica \u00e9 experimentar diferentes formatos, prestando aten\u00e7\u00e3o em quais momentos h\u00e1 mais satisfa\u00e7\u00e3o e energia durante ou ap\u00f3s a atividade f\u00edsica. Especialistas sugerem que caracter\u00edsticas como a necessidade de est\u00edmulo externo, o gosto pela competi\u00e7\u00e3o ou a prefer\u00eancia pelo autocontrole podem direcionar para a escolha mais adequada.<\/p>\n\n\n\n<ol class=\"wp-block-list\">\n<li>Refletir sobre situa\u00e7\u00f5es do dia a dia que proporcionam entusiasmo ou desconforto, como festas, reuni\u00f5es ou momentos solit\u00e1rios.<\/li>\n\n\n\n<li>Testar mais de uma modalidade \u2013 desde esportes coletivos a pr\u00e1ticas mais introspectivas \u2013 para perceber onde h\u00e1 maior conex\u00e3o.<\/li>\n\n\n\n<li>Anotar sensa\u00e7\u00f5es antes, durante e depois do exerc\u00edcio para identificar padr\u00f5es de motiva\u00e7\u00e3o e satisfa\u00e7\u00e3o.<\/li>\n\n\n\n<li>Buscar orienta\u00e7\u00e3o profissional para receber sugest\u00f5es personalizadas, levando em conta aspectos psicol\u00f3gicos e f\u00edsicos.<\/li>\n<\/ol>\n\n\n\n<p>A rela\u00e7\u00e3o entre personalidade e motiva\u00e7\u00e3o para exerc\u00edcios f\u00edsicos segue sendo objeto de pesquisa, mas os avan\u00e7os apontam para a import\u00e2ncia do autoconhecimento na escolha de uma rotina ativa. Compreender prefer\u00eancias individuais pode contribuir para uma rela\u00e7\u00e3o mais leve e duradoura com a atividade f\u00edsica, tornando o movimento uma extens\u00e3o natural do dia a dia.<\/p>\n","protected":false},"excerpt":{"rendered":"<p>Cansou de desistir dos treinos? Veja como alinhar sua personalidade ao tipo de exerc\u00edcio certo e descubra a f\u00f3rmula da motiva\u00e7\u00e3o duradoura.<\/p>\n","protected":false},"author":3,"featured_media":71717,"comment_status":"open","ping_status":"open","sticky":false,"template":"","format":"standard","meta":{"_yoast_wpseo_focuskw":"personalidade impulsionar exerc\u00edcios","_yoast_wpseo_title":"%%title%%","_yoast_wpseo_metadesc":"Cansou de desistir dos treinos? Veja como alinhar sua personalidade ao tipo de exerc\u00edcio certo e descubra a f\u00f3rmula da motiva\u00e7\u00e3o duradoura.","jnews-multi-image_gallery":[],"jnews_single_post":{"format":"standard"},"jnews_primary_category":[],"jnews_social_meta":[],"jnews_override_counter":[],"footnotes":""},"categories":[112],"tags":[144,444,4400],"class_list":["post-71714","post","type-post","status-publish","format-standard","has-post-thumbnail","hentry","category-curiosidades","tag-curiosidades","tag-exercicio-fisico","tag-personalidade"],"yoast_head":"<!-- This site is optimized with the Yoast SEO plugin v24.6 - https:\/\/yoast.com\/wordpress\/plugins\/seo\/ -->\n<title>Descubra como seu tipo de personalidade pode impulsionar a rotina fitness<\/title>\n<meta name=\"description\" content=\"Cansou de desistir dos treinos? Veja como alinhar sua personalidade ao tipo de exerc\u00edcio certo e descubra a f\u00f3rmula da motiva\u00e7\u00e3o duradoura.\" \/>\n<meta name=\"robots\" content=\"index, follow, max-snippet:-1, max-image-preview:large, max-video-preview:-1\" \/>\n<link rel=\"canonical\" href=\"https:\/\/www.correiobraziliense.com.br\/cbradar\/descubra-como-seu-tipo-de-personalidade-pode-impulsionar-a-rotina-fitness\/\" \/>\n<meta property=\"og:locale\" content=\"pt_BR\" \/>\n<meta property=\"og:type\" content=\"article\" \/>\n<meta property=\"og:title\" content=\"Descubra como seu tipo de personalidade pode impulsionar a rotina fitness\" \/>\n<meta property=\"og:description\" content=\"Cansou de desistir dos treinos? Veja como alinhar sua personalidade ao tipo de exerc\u00edcio certo e descubra a f\u00f3rmula da motiva\u00e7\u00e3o duradoura.\" \/>\n<meta property=\"og:url\" content=\"https:\/\/www.correiobraziliense.com.br\/cbradar\/descubra-como-seu-tipo-de-personalidade-pode-impulsionar-a-rotina-fitness\/\" \/>\n<meta property=\"og:site_name\" content=\"Correio Braziliense - Radar\" \/>\n<meta property=\"article:published_time\" content=\"2025-07-19T22:53:00+00:00\" \/>\n<meta property=\"og:image\" content=\"https:\/\/www.correiobraziliense.com.br\/cbradar\/wp-content\/uploads\/2025\/07\/exercicio-fisico_1752874981555.jpg\" \/>\n\t<meta property=\"og:image:width\" content=\"1280\" \/>\n\t<meta property=\"og:image:height\" content=\"720\" \/>\n\t<meta property=\"og:image:type\" content=\"image\/jpeg\" \/>\n<meta name=\"author\" content=\"Larissa Carvalho\" \/>\n<meta name=\"twitter:card\" content=\"summary_large_image\" \/>\n<meta name=\"twitter:label1\" content=\"Escrito por\" \/>\n\t<meta name=\"twitter:data1\" content=\"Larissa Carvalho\" \/>\n\t<meta name=\"twitter:label2\" content=\"Est. tempo de leitura\" \/>\n\t<meta name=\"twitter:data2\" content=\"5 minutos\" \/>\n<!-- \/ Yoast SEO plugin. -->","yoast_head_json":{"title":"Descubra como seu tipo de personalidade pode impulsionar a rotina fitness","description":"Cansou de desistir dos treinos? Veja como alinhar sua personalidade ao tipo de exerc\u00edcio certo e descubra a f\u00f3rmula da motiva\u00e7\u00e3o duradoura.","robots":{"index":"index","follow":"follow","max-snippet":"max-snippet:-1","max-image-preview":"max-image-preview:large","max-video-preview":"max-video-preview:-1"},"canonical":"https:\/\/www.correiobraziliense.com.br\/cbradar\/descubra-como-seu-tipo-de-personalidade-pode-impulsionar-a-rotina-fitness\/","og_locale":"pt_BR","og_type":"article","og_title":"Descubra como seu tipo de personalidade pode impulsionar a rotina fitness","og_description":"Cansou de desistir dos treinos? Veja como alinhar sua personalidade ao tipo de exerc\u00edcio certo e descubra a f\u00f3rmula da motiva\u00e7\u00e3o duradoura.","og_url":"https:\/\/www.correiobraziliense.com.br\/cbradar\/descubra-como-seu-tipo-de-personalidade-pode-impulsionar-a-rotina-fitness\/","og_site_name":"Correio Braziliense - Radar","article_published_time":"2025-07-19T22:53:00+00:00","og_image":[{"width":1280,"height":720,"url":"https:\/\/www.correiobraziliense.com.br\/cbradar\/wp-content\/uploads\/2025\/07\/exercicio-fisico_1752874981555.jpg","type":"image\/jpeg"}],"author":"Larissa Carvalho","twitter_card":"summary_large_image","twitter_misc":{"Escrito por":"Larissa Carvalho","Est. tempo de leitura":"5 minutos"},"schema":{"@context":"https:\/\/schema.org","@graph":[{"@type":"WebPage","@id":"https:\/\/www.correiobraziliense.com.br\/cbradar\/descubra-como-seu-tipo-de-personalidade-pode-impulsionar-a-rotina-fitness\/","url":"https:\/\/www.correiobraziliense.com.br\/cbradar\/descubra-como-seu-tipo-de-personalidade-pode-impulsionar-a-rotina-fitness\/","name":"Descubra como seu tipo de personalidade pode impulsionar a rotina fitness","isPartOf":{"@id":"https:\/\/www.correiobraziliense.com.br\/cbradar\/#website"},"primaryImageOfPage":{"@id":"https:\/\/www.correiobraziliense.com.br\/cbradar\/descubra-como-seu-tipo-de-personalidade-pode-impulsionar-a-rotina-fitness\/#primaryimage"},"image":{"@id":"https:\/\/www.correiobraziliense.com.br\/cbradar\/descubra-como-seu-tipo-de-personalidade-pode-impulsionar-a-rotina-fitness\/#primaryimage"},"thumbnailUrl":"https:\/\/www.correiobraziliense.com.br\/cbradar\/wp-content\/uploads\/2025\/07\/exercicio-fisico_1752874981555.jpg","datePublished":"2025-07-19T22:53:00+00:00","author":{"@id":"https:\/\/www.correiobraziliense.com.br\/cbradar\/#\/schema\/person\/58422787644df994b53a19d3e56c1513"},"description":"Cansou de desistir dos treinos? Veja como alinhar sua personalidade ao tipo de exerc\u00edcio certo e descubra a f\u00f3rmula da motiva\u00e7\u00e3o duradoura.","breadcrumb":{"@id":"https:\/\/www.correiobraziliense.com.br\/cbradar\/descubra-como-seu-tipo-de-personalidade-pode-impulsionar-a-rotina-fitness\/#breadcrumb"},"inLanguage":"pt-BR","potentialAction":[{"@type":"ReadAction","target":["https:\/\/www.correiobraziliense.com.br\/cbradar\/descubra-como-seu-tipo-de-personalidade-pode-impulsionar-a-rotina-fitness\/"]}]},{"@type":"ImageObject","inLanguage":"pt-BR","@id":"https:\/\/www.correiobraziliense.com.br\/cbradar\/descubra-como-seu-tipo-de-personalidade-pode-impulsionar-a-rotina-fitness\/#primaryimage","url":"https:\/\/www.correiobraziliense.com.br\/cbradar\/wp-content\/uploads\/2025\/07\/exercicio-fisico_1752874981555.jpg","contentUrl":"https:\/\/www.correiobraziliense.com.br\/cbradar\/wp-content\/uploads\/2025\/07\/exercicio-fisico_1752874981555.jpg","width":1280,"height":720,"caption":"exerc\u00edcio f\u00edsico. Cr\u00e9ditos: depositphotos.com \/ AllaSerebrina"},{"@type":"BreadcrumbList","@id":"https:\/\/www.correiobraziliense.com.br\/cbradar\/descubra-como-seu-tipo-de-personalidade-pode-impulsionar-a-rotina-fitness\/#breadcrumb","itemListElement":[{"@type":"ListItem","position":1,"name":"In\u00edcio","item":"https:\/\/www.correiobraziliense.com.br\/cbradar\/"},{"@type":"ListItem","position":2,"name":"Descubra como seu tipo de personalidade pode impulsionar a rotina fitness"}]},{"@type":"WebSite","@id":"https:\/\/www.correiobraziliense.com.br\/cbradar\/#website","url":"https:\/\/www.correiobraziliense.com.br\/cbradar\/","name":"Correio Braziliense - Radar","description":"Acompanhe as \u00faltimas not\u00edcias e fique bem informado sobre tudo o que acontece no Brasil e no mundo.","potentialAction":[{"@type":"SearchAction","target":{"@type":"EntryPoint","urlTemplate":"https:\/\/www.correiobraziliense.com.br\/cbradar\/?s={search_term_string}"},"query-input":{"@type":"PropertyValueSpecification","valueRequired":true,"valueName":"search_term_string"}}],"inLanguage":"pt-BR"},{"@type":"Person","@id":"https:\/\/www.correiobraziliense.com.br\/cbradar\/#\/schema\/person\/58422787644df994b53a19d3e56c1513","name":"Larissa Carvalho","image":{"@type":"ImageObject","inLanguage":"pt-BR","@id":"https:\/\/www.correiobraziliense.com.br\/cbradar\/#\/schema\/person\/image\/","url":"https:\/\/secure.gravatar.com\/avatar\/fe4f91a0de32b52a838d0d612abdc1aa?s=96&d=mm&r=g","contentUrl":"https:\/\/secure.gravatar.com\/avatar\/fe4f91a0de32b52a838d0d612abdc1aa?s=96&d=mm&r=g","caption":"Larissa Carvalho"},"url":"https:\/\/www.correiobraziliense.com.br\/cbradar\/author\/larissamyth\/"}]}},"_links":{"self":[{"href":"https:\/\/www.correiobraziliense.com.br\/cbradar\/wp-json\/wp\/v2\/posts\/71714","targetHints":{"allow":["GET"]}}],"collection":[{"href":"https:\/\/www.correiobraziliense.com.br\/cbradar\/wp-json\/wp\/v2\/posts"}],"about":[{"href":"https:\/\/www.correiobraziliense.com.br\/cbradar\/wp-json\/wp\/v2\/types\/post"}],"author":[{"embeddable":true,"href":"https:\/\/www.correiobraziliense.com.br\/cbradar\/wp-json\/wp\/v2\/users\/3"}],"replies":[{"embeddable":true,"href":"https:\/\/www.correiobraziliense.com.br\/cbradar\/wp-json\/wp\/v2\/comments?post=71714"}],"version-history":[{"count":2,"href":"https:\/\/www.correiobraziliense.com.br\/cbradar\/wp-json\/wp\/v2\/posts\/71714\/revisions"}],"predecessor-version":[{"id":71721,"href":"https:\/\/www.correiobraziliense.com.br\/cbradar\/wp-json\/wp\/v2\/posts\/71714\/revisions\/71721"}],"wp:featuredmedia":[{"embeddable":true,"href":"https:\/\/www.correiobraziliense.com.br\/cbradar\/wp-json\/wp\/v2\/media\/71717"}],"wp:attachment":[{"href":"https:\/\/www.correiobraziliense.com.br\/cbradar\/wp-json\/wp\/v2\/media?parent=71714"}],"wp:term":[{"taxonomy":"category","embeddable":true,"href":"https:\/\/www.correiobraziliense.com.br\/cbradar\/wp-json\/wp\/v2\/categories?post=71714"},{"taxonomy":"post_tag","embeddable":true,"href":"https:\/\/www.correiobraziliense.com.br\/cbradar\/wp-json\/wp\/v2\/tags?post=71714"}],"curies":[{"name":"wp","href":"https:\/\/api.w.org\/{rel}","templated":true}]}}