{"id":71723,"date":"2025-07-19T16:03:00","date_gmt":"2025-07-19T19:03:00","guid":{"rendered":"https:\/\/www.correiobraziliense.com.br\/cbradar\/?p=71723"},"modified":"2025-07-18T18:47:41","modified_gmt":"2025-07-18T21:47:41","slug":"o-momento-exato-em-que-um-novo-mundo-comeca-a-nascer-foi-flagrado-no-espaco","status":"publish","type":"post","link":"https:\/\/www.correiobraziliense.com.br\/cbradar\/o-momento-exato-em-que-um-novo-mundo-comeca-a-nascer-foi-flagrado-no-espaco\/","title":{"rendered":"O momento exato em que um novo mundo come\u00e7a a nascer foi flagrado no espa\u00e7o"},"content":{"rendered":"\n<p>O nascimento de sistemas planet\u00e1rios fora do Sistema Solar \u00e9 um dos fen\u00f4menos mais fascinantes estudados pela astronomia moderna. Recentemente, pesquisadores internacionais conseguiram observar, pela primeira vez, o instante exato em que planetas come\u00e7am a se formar ao redor de uma estrela distante. Um avan\u00e7o desse tipo s\u00f3 foi poss\u00edvel gra\u00e7as \u00e0 combina\u00e7\u00e3o de dados obtidos pelo telesc\u00f3pio <strong>ALMA<\/strong>, no <strong>Chile<\/strong>, e pelo telesc\u00f3pio espacial <strong>James Webb<\/strong>, os instrumentos mais avan\u00e7ados atualmente dispon\u00edveis para investiga\u00e7\u00e3o do cosmos.<\/p>\n\n\n\n<p>Essas observa\u00e7\u00f5es in\u00e9ditas trouxeram \u00e0 tona o processo inicial de forma\u00e7\u00e3o planet\u00e1ria. Cientistas constataram que, em torno de uma jovem estrela batizada de <strong>HOPS-315<\/strong>, minerais altamente aquecidos come\u00e7aram a se solidificar a partir do g\u00e1s, formando os primeiros gr\u00e3os de material planet\u00e1rio. Esse est\u00e1gio inicial, chamado de disco protoplanet\u00e1rio, re\u00fane g\u00e1s e poeira que circundam a estrela jovem e <strong>marca o ponto de partida para a constru\u00e7\u00e3o de um novo sistema planet\u00e1rio, semelhante \u00e0quele que formou o nosso pr\u00f3prio Sistema Solar bilh\u00f5es de anos atr\u00e1s.<\/strong><\/p>\n\n\n\n<h2 class=\"wp-block-heading\">Como ocorre a forma\u00e7\u00e3o de planetas fora do Sistema Solar?<\/h2>\n\n\n\n<p>Para entender o desenvolvimento de sistemas planet\u00e1rios, \u00e9 crucial observar como a mat\u00e9ria interestelar se organiza ao redor de estrelas rec\u00e9m-nascidas. <strong>Durante os est\u00e1gios iniciais, o disco protoplanet\u00e1rio \u00e9 composto principalmente por gases quentes e part\u00edculas s\u00f3lidas que se formam do resfriamento desses gases.<\/strong> Esse processo j\u00e1 era bem documentado no Sistema Solar, mas s\u00f3 agora p\u00f4de ser testemunhado em tempo real em um ambiente diferente e distante.<\/p>\n\n\n\n<p>Os astr\u00f4nomos registraram sinais inequ\u00edvocos de minerais silicatados cristalinos se formando no disco de <strong>HOPS-315<\/strong>, localizado a cerca de 1.300 anos-luz da <strong>Terra<\/strong>, na nuvem molecular de <strong>\u00d3rion B<\/strong>. Esses gr\u00e3os s\u00f3lidos s\u00e3o fundamentais, pois funcionam como &#8220;sementes&#8221; para que maiores corpos rochosos, conhecidos como planetesimais, se aglutinem e iniciem a forma\u00e7\u00e3o de planetas. A confirma\u00e7\u00e3o veio por meio de observa\u00e7\u00f5es no infravermelho e nas ondas milim\u00e9tricas, faixas ideais para detectar e analisar a composi\u00e7\u00e3o qu\u00edmica e f\u00edsica da mat\u00e9ria em torno de astros jovens.<\/p>\n\n\n\n<h2 class=\"wp-block-heading\">Por que essa descoberta \u00e9 considerada um marco na astronomia?<\/h2>\n\n\n\n<p><strong>A observa\u00e7\u00e3o do chamado &#8220;tempo zero&#8221; da forma\u00e7\u00e3o planet\u00e1ria representa um novo patamar para o estudo de sistemas estelares al\u00e9m do Sol.<\/strong> At\u00e9 ent\u00e3o, evid\u00eancias diretas deste momento exato eram inexistentes. A estrutura do disco ao redor da estrela <strong>HOPS-315<\/strong> p\u00f4de ser estudada sem impedimentos normalmente causados pelos jatos de mat\u00e9ria e g\u00e1s que usualmente bloqueiam a vis\u00e3o das regi\u00f5es internas dessas protoestrelas. Essa rara janela de observa\u00e7\u00e3o foi essencial para detectar o in\u00edcio da condensa\u00e7\u00e3o de minerais s\u00f3lidos, um processo que, conforme se acredita, aconteceu de maneira similar quando o Sistema Solar se formou.<\/p>\n\n\n\n<ul class=\"wp-block-list\">\n<li><strong>Registro hist\u00f3rico:<\/strong> Pela primeira vez, foi poss\u00edvel presenciar o surgimento dos primeiros s\u00f3lidos planet\u00e1rios fora do ambiente solar.<\/li>\n\n\n\n<li><strong>Novas ferramentas de pesquisa:<\/strong> O uso integrado dos telesc\u00f3pios <strong>ALMA<\/strong> e <strong>James Webb<\/strong> permitiu uma an\u00e1lise detalhada do disco protoplanet\u00e1rio.<\/li>\n\n\n\n<li><strong>Compreens\u00e3o do passado:<\/strong> A evolu\u00e7\u00e3o do sistema <strong>HOPS-315<\/strong> pode revelar pistas sobre as condi\u00e7\u00f5es que deram origem \u00e0 <strong>Terra<\/strong>.<\/li>\n<\/ul>\n\n\n\n<figure class=\"wp-block-image size-large\"><img decoding=\"async\" width=\"1024\" height=\"576\" src=\"https:\/\/www.correiobraziliense.com.br\/cbradar\/wp-content\/uploads\/2025\/07\/sistema-solar_1752875243391-1024x576.jpg\" alt=\"O momento exato em que um novo mundo come\u00e7a a nascer foi flagrado no espa\u00e7o\" class=\"wp-image-71727\" srcset=\"https:\/\/www.correiobraziliense.com.br\/cbradar\/wp-content\/uploads\/2025\/07\/sistema-solar_1752875243391-1024x576.jpg 1024w, https:\/\/www.correiobraziliense.com.br\/cbradar\/wp-content\/uploads\/2025\/07\/sistema-solar_1752875243391-300x169.jpg 300w, https:\/\/www.correiobraziliense.com.br\/cbradar\/wp-content\/uploads\/2025\/07\/sistema-solar_1752875243391-768x432.jpg 768w, https:\/\/www.correiobraziliense.com.br\/cbradar\/wp-content\/uploads\/2025\/07\/sistema-solar_1752875243391-750x422.jpg 750w, https:\/\/www.correiobraziliense.com.br\/cbradar\/wp-content\/uploads\/2025\/07\/sistema-solar_1752875243391-1140x641.jpg 1140w, https:\/\/www.correiobraziliense.com.br\/cbradar\/wp-content\/uploads\/2025\/07\/sistema-solar_1752875243391.jpg 1280w\" sizes=\"(max-width: 1024px) 100vw, 1024px\" \/><figcaption class=\"wp-element-caption\">sistema solar. Cr\u00e9ditos: depositphotos.com \/ matthiashaas<\/figcaption><\/figure>\n\n\n\n<h2 class=\"wp-block-heading\">Quais s\u00e3o as pr\u00f3ximas etapas para o estudo da forma\u00e7\u00e3o de sistemas planet\u00e1rios?<\/h2>\n\n\n\n<p><strong>A observa\u00e7\u00e3o pioneira do nascimento de planetas ao redor da estrela HOPS-315 abre novas perspectivas para investiga\u00e7\u00f5es futuras.<\/strong> Os astr\u00f4nomos pretendem analisar outros discos protoplanet\u00e1rios, buscando identificar padr\u00f5es ou particularidades no processo em diferentes ramos da gal\u00e1xia. Espera-se que o acompanhamento cont\u00ednuo desses sistemas, desde seus est\u00e1gios primordiais at\u00e9 a forma\u00e7\u00e3o de corpos planet\u00e1rios mais complexos, aprofunde o conhecimento sobre as origens de planetas como a <strong>Terra<\/strong>.<\/p>\n\n\n\n<ol class=\"wp-block-list\">\n<li>Explorar outros sistemas em in\u00edcio de forma\u00e7\u00e3o planet\u00e1ria.<\/li>\n\n\n\n<li>Aprimorar a capacidade de detec\u00e7\u00e3o das diferentes fases de condensa\u00e7\u00e3o de mat\u00e9ria.<\/li>\n\n\n\n<li>Investigar varia\u00e7\u00f5es qu\u00edmicas e din\u00e2micas entre sistemas distintos.<\/li>\n\n\n\n<li>Simular, com base em dados reais, os eventos que moldaram o Sistema Solar.<\/li>\n<\/ol>\n\n\n\n<p>As descobertas recentes sobre o in\u00edcio da forma\u00e7\u00e3o dos primeiros planetas em um novo sistema estrelar destacam o r\u00e1pido avan\u00e7o das pesquisas astron\u00f4micas. Com instrumentos cada vez mais sofisticados, espera-se que o mist\u00e9rio da origem dos mundos continue sendo desvendado, revelando n\u00e3o s\u00f3 como se formaram os planetas ao redor de outras estrelas, mas tamb\u00e9m mais informa\u00e7\u00f5es sobre as pr\u00f3prias ra\u00edzes do planeta <strong>Terra<\/strong>.<\/p>\n","protected":false},"excerpt":{"rendered":"<p>O nascimento de novos planetas foi flagrado em tempo real pela primeira vez. Veja como essa observa\u00e7\u00e3o ajuda a entender as origens do Sistema Solar.<\/p>\n","protected":false},"author":3,"featured_media":71725,"comment_status":"open","ping_status":"open","sticky":false,"template":"","format":"standard","meta":{"_yoast_wpseo_focuskw":"novo mundo flagrado","_yoast_wpseo_title":"%%title%%","_yoast_wpseo_metadesc":"O nascimento de novos planetas foi flagrado em tempo real pela primeira vez. Veja como essa observa\u00e7\u00e3o ajuda a entender as origens do Sistema Solar.","jnews-multi-image_gallery":[],"jnews_single_post":{"format":"standard"},"jnews_primary_category":[],"jnews_social_meta":[],"jnews_override_counter":[],"footnotes":""},"categories":[112],"tags":[179,144,759,4153],"class_list":["post-71723","post","type-post","status-publish","format-standard","has-post-thumbnail","hentry","category-curiosidades","tag-astronomia","tag-curiosidades","tag-espaco","tag-planetas"],"yoast_head":"<!-- This site is optimized with the Yoast SEO plugin v24.6 - https:\/\/yoast.com\/wordpress\/plugins\/seo\/ -->\n<title>O momento exato em que um novo mundo come\u00e7a a nascer foi flagrado no espa\u00e7o<\/title>\n<meta name=\"description\" content=\"O nascimento de novos planetas foi flagrado em tempo real pela primeira vez. Veja como essa observa\u00e7\u00e3o ajuda a entender as origens do Sistema Solar.\" \/>\n<meta name=\"robots\" content=\"index, follow, max-snippet:-1, max-image-preview:large, max-video-preview:-1\" \/>\n<link rel=\"canonical\" href=\"https:\/\/www.correiobraziliense.com.br\/cbradar\/o-momento-exato-em-que-um-novo-mundo-comeca-a-nascer-foi-flagrado-no-espaco\/\" \/>\n<meta property=\"og:locale\" content=\"pt_BR\" \/>\n<meta property=\"og:type\" content=\"article\" \/>\n<meta property=\"og:title\" content=\"O momento exato em que um novo mundo come\u00e7a a nascer foi flagrado no espa\u00e7o\" \/>\n<meta property=\"og:description\" content=\"O nascimento de novos planetas foi flagrado em tempo real pela primeira vez. Veja como essa observa\u00e7\u00e3o ajuda a entender as origens do Sistema Solar.\" \/>\n<meta property=\"og:url\" content=\"https:\/\/www.correiobraziliense.com.br\/cbradar\/o-momento-exato-em-que-um-novo-mundo-comeca-a-nascer-foi-flagrado-no-espaco\/\" \/>\n<meta property=\"og:site_name\" content=\"Correio Braziliense - Radar\" \/>\n<meta property=\"article:published_time\" content=\"2025-07-19T19:03:00+00:00\" \/>\n<meta property=\"og:image\" content=\"https:\/\/www.correiobraziliense.com.br\/cbradar\/wp-content\/uploads\/2025\/07\/sistema-solar_1752875166499.jpg\" \/>\n\t<meta property=\"og:image:width\" content=\"1280\" \/>\n\t<meta property=\"og:image:height\" content=\"720\" \/>\n\t<meta property=\"og:image:type\" content=\"image\/jpeg\" \/>\n<meta name=\"author\" content=\"Larissa Carvalho\" \/>\n<meta name=\"twitter:card\" content=\"summary_large_image\" \/>\n<meta name=\"twitter:label1\" content=\"Escrito por\" \/>\n\t<meta name=\"twitter:data1\" content=\"Larissa Carvalho\" \/>\n\t<meta name=\"twitter:label2\" content=\"Est. tempo de leitura\" \/>\n\t<meta name=\"twitter:data2\" content=\"5 minutos\" \/>\n<!-- \/ Yoast SEO plugin. -->","yoast_head_json":{"title":"O momento exato em que um novo mundo come\u00e7a a nascer foi flagrado no espa\u00e7o","description":"O nascimento de novos planetas foi flagrado em tempo real pela primeira vez. Veja como essa observa\u00e7\u00e3o ajuda a entender as origens do Sistema Solar.","robots":{"index":"index","follow":"follow","max-snippet":"max-snippet:-1","max-image-preview":"max-image-preview:large","max-video-preview":"max-video-preview:-1"},"canonical":"https:\/\/www.correiobraziliense.com.br\/cbradar\/o-momento-exato-em-que-um-novo-mundo-comeca-a-nascer-foi-flagrado-no-espaco\/","og_locale":"pt_BR","og_type":"article","og_title":"O momento exato em que um novo mundo come\u00e7a a nascer foi flagrado no espa\u00e7o","og_description":"O nascimento de novos planetas foi flagrado em tempo real pela primeira vez. Veja como essa observa\u00e7\u00e3o ajuda a entender as origens do Sistema Solar.","og_url":"https:\/\/www.correiobraziliense.com.br\/cbradar\/o-momento-exato-em-que-um-novo-mundo-comeca-a-nascer-foi-flagrado-no-espaco\/","og_site_name":"Correio Braziliense - Radar","article_published_time":"2025-07-19T19:03:00+00:00","og_image":[{"width":1280,"height":720,"url":"https:\/\/www.correiobraziliense.com.br\/cbradar\/wp-content\/uploads\/2025\/07\/sistema-solar_1752875166499.jpg","type":"image\/jpeg"}],"author":"Larissa Carvalho","twitter_card":"summary_large_image","twitter_misc":{"Escrito por":"Larissa Carvalho","Est. tempo de leitura":"5 minutos"},"schema":{"@context":"https:\/\/schema.org","@graph":[{"@type":"WebPage","@id":"https:\/\/www.correiobraziliense.com.br\/cbradar\/o-momento-exato-em-que-um-novo-mundo-comeca-a-nascer-foi-flagrado-no-espaco\/","url":"https:\/\/www.correiobraziliense.com.br\/cbradar\/o-momento-exato-em-que-um-novo-mundo-comeca-a-nascer-foi-flagrado-no-espaco\/","name":"O momento exato em que um novo mundo come\u00e7a a nascer foi flagrado no espa\u00e7o","isPartOf":{"@id":"https:\/\/www.correiobraziliense.com.br\/cbradar\/#website"},"primaryImageOfPage":{"@id":"https:\/\/www.correiobraziliense.com.br\/cbradar\/o-momento-exato-em-que-um-novo-mundo-comeca-a-nascer-foi-flagrado-no-espaco\/#primaryimage"},"image":{"@id":"https:\/\/www.correiobraziliense.com.br\/cbradar\/o-momento-exato-em-que-um-novo-mundo-comeca-a-nascer-foi-flagrado-no-espaco\/#primaryimage"},"thumbnailUrl":"https:\/\/www.correiobraziliense.com.br\/cbradar\/wp-content\/uploads\/2025\/07\/sistema-solar_1752875166499.jpg","datePublished":"2025-07-19T19:03:00+00:00","author":{"@id":"https:\/\/www.correiobraziliense.com.br\/cbradar\/#\/schema\/person\/58422787644df994b53a19d3e56c1513"},"description":"O nascimento de novos planetas foi flagrado em tempo real pela primeira vez. Veja como essa observa\u00e7\u00e3o ajuda a entender as origens do Sistema Solar.","breadcrumb":{"@id":"https:\/\/www.correiobraziliense.com.br\/cbradar\/o-momento-exato-em-que-um-novo-mundo-comeca-a-nascer-foi-flagrado-no-espaco\/#breadcrumb"},"inLanguage":"pt-BR","potentialAction":[{"@type":"ReadAction","target":["https:\/\/www.correiobraziliense.com.br\/cbradar\/o-momento-exato-em-que-um-novo-mundo-comeca-a-nascer-foi-flagrado-no-espaco\/"]}]},{"@type":"ImageObject","inLanguage":"pt-BR","@id":"https:\/\/www.correiobraziliense.com.br\/cbradar\/o-momento-exato-em-que-um-novo-mundo-comeca-a-nascer-foi-flagrado-no-espaco\/#primaryimage","url":"https:\/\/www.correiobraziliense.com.br\/cbradar\/wp-content\/uploads\/2025\/07\/sistema-solar_1752875166499.jpg","contentUrl":"https:\/\/www.correiobraziliense.com.br\/cbradar\/wp-content\/uploads\/2025\/07\/sistema-solar_1752875166499.jpg","width":1280,"height":720,"caption":"Sistema solar. Cr\u00e9ditos: depositphotos.com \/ vectomart"},{"@type":"BreadcrumbList","@id":"https:\/\/www.correiobraziliense.com.br\/cbradar\/o-momento-exato-em-que-um-novo-mundo-comeca-a-nascer-foi-flagrado-no-espaco\/#breadcrumb","itemListElement":[{"@type":"ListItem","position":1,"name":"In\u00edcio","item":"https:\/\/www.correiobraziliense.com.br\/cbradar\/"},{"@type":"ListItem","position":2,"name":"O momento exato em que um novo mundo come\u00e7a a nascer foi flagrado no espa\u00e7o"}]},{"@type":"WebSite","@id":"https:\/\/www.correiobraziliense.com.br\/cbradar\/#website","url":"https:\/\/www.correiobraziliense.com.br\/cbradar\/","name":"Correio Braziliense - Radar","description":"Acompanhe as \u00faltimas not\u00edcias e fique bem informado sobre tudo o que acontece no Brasil e no mundo.","potentialAction":[{"@type":"SearchAction","target":{"@type":"EntryPoint","urlTemplate":"https:\/\/www.correiobraziliense.com.br\/cbradar\/?s={search_term_string}"},"query-input":{"@type":"PropertyValueSpecification","valueRequired":true,"valueName":"search_term_string"}}],"inLanguage":"pt-BR"},{"@type":"Person","@id":"https:\/\/www.correiobraziliense.com.br\/cbradar\/#\/schema\/person\/58422787644df994b53a19d3e56c1513","name":"Larissa Carvalho","image":{"@type":"ImageObject","inLanguage":"pt-BR","@id":"https:\/\/www.correiobraziliense.com.br\/cbradar\/#\/schema\/person\/image\/","url":"https:\/\/secure.gravatar.com\/avatar\/fe4f91a0de32b52a838d0d612abdc1aa?s=96&d=mm&r=g","contentUrl":"https:\/\/secure.gravatar.com\/avatar\/fe4f91a0de32b52a838d0d612abdc1aa?s=96&d=mm&r=g","caption":"Larissa Carvalho"},"url":"https:\/\/www.correiobraziliense.com.br\/cbradar\/author\/larissamyth\/"}]}},"_links":{"self":[{"href":"https:\/\/www.correiobraziliense.com.br\/cbradar\/wp-json\/wp\/v2\/posts\/71723","targetHints":{"allow":["GET"]}}],"collection":[{"href":"https:\/\/www.correiobraziliense.com.br\/cbradar\/wp-json\/wp\/v2\/posts"}],"about":[{"href":"https:\/\/www.correiobraziliense.com.br\/cbradar\/wp-json\/wp\/v2\/types\/post"}],"author":[{"embeddable":true,"href":"https:\/\/www.correiobraziliense.com.br\/cbradar\/wp-json\/wp\/v2\/users\/3"}],"replies":[{"embeddable":true,"href":"https:\/\/www.correiobraziliense.com.br\/cbradar\/wp-json\/wp\/v2\/comments?post=71723"}],"version-history":[{"count":2,"href":"https:\/\/www.correiobraziliense.com.br\/cbradar\/wp-json\/wp\/v2\/posts\/71723\/revisions"}],"predecessor-version":[{"id":71728,"href":"https:\/\/www.correiobraziliense.com.br\/cbradar\/wp-json\/wp\/v2\/posts\/71723\/revisions\/71728"}],"wp:featuredmedia":[{"embeddable":true,"href":"https:\/\/www.correiobraziliense.com.br\/cbradar\/wp-json\/wp\/v2\/media\/71725"}],"wp:attachment":[{"href":"https:\/\/www.correiobraziliense.com.br\/cbradar\/wp-json\/wp\/v2\/media?parent=71723"}],"wp:term":[{"taxonomy":"category","embeddable":true,"href":"https:\/\/www.correiobraziliense.com.br\/cbradar\/wp-json\/wp\/v2\/categories?post=71723"},{"taxonomy":"post_tag","embeddable":true,"href":"https:\/\/www.correiobraziliense.com.br\/cbradar\/wp-json\/wp\/v2\/tags?post=71723"}],"curies":[{"name":"wp","href":"https:\/\/api.w.org\/{rel}","templated":true}]}}