{"id":71745,"date":"2025-07-18T19:20:00","date_gmt":"2025-07-18T22:20:00","guid":{"rendered":"https:\/\/www.correiobraziliense.com.br\/cbradar\/?p=71745"},"modified":"2025-07-18T18:55:42","modified_gmt":"2025-07-18T21:55:42","slug":"o-que-significa-quando-alguem-nao-arruma-a-cama-diariamente-segundo-a-psicologia","status":"publish","type":"post","link":"https:\/\/www.correiobraziliense.com.br\/cbradar\/o-que-significa-quando-alguem-nao-arruma-a-cama-diariamente-segundo-a-psicologia\/","title":{"rendered":"O que significa quando algu\u00e9m n\u00e3o arruma a cama diariamente, segundo a psicologia"},"content":{"rendered":"\n<p>A cada in\u00edcio de dia, milhares de pessoas deixam seus quartos com o leito desarrumado, sem sequer pensar muito sobre esse h\u00e1bito. O que para muitos \u00e9 apenas resultado de pressa ou distra\u00e7\u00e3o pode, segundo a psicologia, trazer \u00e0 tona aspectos pouco notados da personalidade e do cotidiano. Detalhes dessa pr\u00e1tica cotidiana v\u00e3o al\u00e9m da ideia de desleixo ou falta de tempo, envolvendo motiva\u00e7\u00f5es mais profundas ligadas ao bem-estar, ao estilo de vida e at\u00e9 \u00e0 sa\u00fade.<\/p>\n\n\n\n<p>Pesquisadores e especialistas destacam que a\u00e7\u00f5es rotineiras, como fazer ou n\u00e3o a cama, muitas vezes refletem h\u00e1bitos inconscientes. A escolha de deixar o colch\u00e3o e os cobertores desalinhados pode estar relacionada ao modo como cada indiv\u00edduo lida com normas, organiza\u00e7\u00e3o e at\u00e9 mesmo criatividade. Assim, esta simples decis\u00e3o matinal acaba ganhando novas camadas de significado quando analisada sob a \u00f3tica psicol\u00f3gica e comportamental.<\/p>\n\n\n\n<h2 class=\"wp-block-heading\">O que revela n\u00e3o arrumar a cama segundo a psicologia?<\/h2>\n\n\n\n<p>A palavra-chave principal desse tema \u00e9 <strong>psicologia<\/strong>, pois \u00e9 ela quem permite interpretar comportamentos aparentemente banais com profundidade. <strong>Optar por n\u00e3o arrumar a cama, segundo estudiosos, n\u00e3o reflete apenas prefer\u00eancia ou pregui\u00e7a, mas pode expressar aspectos internos e at\u00e9 caracter\u00edsticas de personalidade.<\/strong> Para alguns, a escolha est\u00e1 atrelada a uma rotina acelerada e m\u00faltiplas tarefas; para outros, representa uma op\u00e7\u00e3o consciente por praticidade ou at\u00e9 mesmo higiene.<\/p>\n\n\n\n<p>Al\u00e9m disso, pesquisadores destacam que, durante a noite, o corpo humano libera suor e umidade nos tecidos de cama. <strong>Arrumar o leito logo ao acordar pode reter esse calor e favorecer a prolifera\u00e7\u00e3o de microrganismos, como \u00e1caros.<\/strong> Portanto, h\u00e1 uma justificativa de sa\u00fade embasada por estudos cient\u00edficos recentes, que apontam ser ben\u00e9fico deixar edredons, len\u00e7\u00f3is e fronhas expostos por algumas horas, permitindo maior ventila\u00e7\u00e3o dos tecidos e diminuindo o ac\u00famulo de umidade.<\/p>\n\n\n\n<h2 class=\"wp-block-heading\">Arrumar a cama: ritual di\u00e1rio ou s\u00edmbolo de organiza\u00e7\u00e3o?<\/h2>\n\n\n\n<p>Para outra parcela da popula\u00e7\u00e3o, fazer a cama vai al\u00e9m do zelo pela ordem visual. <strong>Muitos transformam a arruma\u00e7\u00e3o matinal em um ritual simb\u00f3lico, encarando-o como a primeira tarefa conclu\u00edda no dia.<\/strong> Psic\u00f3logos observam que esse gesto pode transmitir sensa\u00e7\u00e3o de controle, disciplina e preparo para enfrentar as demandas di\u00e1rias. <strong>Ao estabelecer esse pequeno marco, a pessoa tende a sentir-se mais motivada a cumprir outras metas, o que potencializa a sensa\u00e7\u00e3o de bem-estar.<\/strong><\/p>\n\n\n\n<ul class=\"wp-block-list\">\n<li><strong>Sentimento de realiza\u00e7\u00e3o<\/strong>: Iniciar o dia cumprindo pequenas tarefas pode gerar motiva\u00e7\u00e3o extra.<\/li>\n\n\n\n<li><strong>Organiza\u00e7\u00e3o mental<\/strong>: Um ambiente organizado auxilia muitos indiv\u00edduos a manter o foco e a produtividade.<\/li>\n\n\n\n<li><strong>Autodisciplina<\/strong>: Mant\u00e9m a sensa\u00e7\u00e3o de estrutura e controle sobre a pr\u00f3pria rotina.<\/li>\n<\/ul>\n\n\n\n<p>Contudo, especialistas ressaltam que n\u00e3o existe uma resposta \u00fanica. <strong>Existem pessoas que optam por n\u00e3o arrumar sua cama e, ainda assim, demonstram grande capacidade de realizar tarefas e lidar com desafios di\u00e1rios de modo eficiente.<\/strong><\/p>\n\n\n\n<figure class=\"wp-block-image size-large\"><img decoding=\"async\" width=\"1024\" height=\"576\" src=\"https:\/\/www.correiobraziliense.com.br\/cbradar\/wp-content\/uploads\/2025\/07\/cama-desarrumada_1752875728409-1024x576.jpg\" alt=\"O que significa quando algu\u00e9m n\u00e3o arruma a cama diariamente, segundo a psicologia\" class=\"wp-image-71750\" srcset=\"https:\/\/www.correiobraziliense.com.br\/cbradar\/wp-content\/uploads\/2025\/07\/cama-desarrumada_1752875728409-1024x576.jpg 1024w, https:\/\/www.correiobraziliense.com.br\/cbradar\/wp-content\/uploads\/2025\/07\/cama-desarrumada_1752875728409-300x169.jpg 300w, https:\/\/www.correiobraziliense.com.br\/cbradar\/wp-content\/uploads\/2025\/07\/cama-desarrumada_1752875728409-768x432.jpg 768w, https:\/\/www.correiobraziliense.com.br\/cbradar\/wp-content\/uploads\/2025\/07\/cama-desarrumada_1752875728409-750x422.jpg 750w, https:\/\/www.correiobraziliense.com.br\/cbradar\/wp-content\/uploads\/2025\/07\/cama-desarrumada_1752875728409-1140x641.jpg 1140w, https:\/\/www.correiobraziliense.com.br\/cbradar\/wp-content\/uploads\/2025\/07\/cama-desarrumada_1752875728409.jpg 1280w\" sizes=\"(max-width: 1024px) 100vw, 1024px\" \/><figcaption class=\"wp-element-caption\">cama desarrumada. Cr\u00e9ditos: depositphotos.com \/ 371819<\/figcaption><\/figure>\n\n\n\n<h2 class=\"wp-block-heading\">Qual o impacto do leito desarrumado na criatividade e estilo de vida?<\/h2>\n\n\n\n<p><strong>H\u00e1 quem associe o ambiente desarrumado \u00e0 espontaneidade e criatividade.<\/strong> Segundo an\u00e1lises psicol\u00f3gicas, pessoas que deixam o quarto fora de ordem tendem a apresentar maior flexibilidade em suas rotinas e pensamento menos r\u00edgido. <strong>Essas caracter\u00edsticas favorecem processos criativos, j\u00e1 que permitem lidar de forma mais livre com problemas inesperados e situa\u00e7\u00f5es inusitadas.<\/strong><\/p>\n\n\n\n<ol class=\"wp-block-list\">\n<li><strong>Espa\u00e7o criativo<\/strong>: Ambientes menos organizados estimulam ideias inovadoras.<\/li>\n\n\n\n<li><strong>Flexibilidade de h\u00e1bitos<\/strong>: A aus\u00eancia de padr\u00f5es fixos facilita a adapta\u00e7\u00e3o a novas situa\u00e7\u00f5es.<\/li>\n\n\n\n<li><strong>Express\u00e3o de autenticidade<\/strong>: Escolher n\u00e3o seguir normas convencionais revela personalidade aut\u00eantica.<\/li>\n<\/ol>\n\n\n\n<p>Segundo a psicologia, a forma como uma pessoa lida com as tarefas do dia a dia reflete diretamente seu modo de enxergar o mundo. <strong>Optar por n\u00e3o fazer a cama pode ser um simples reflexo da rotina, mas tamb\u00e9m pode indicar prefer\u00eancia por liberdade e menos apego \u00e0 necessidade de cumprir regras estritas.<\/strong> Em muitos casos, trata-se mais de uma afirma\u00e7\u00e3o de identidade do que de um ato de rebeldia.<\/p>\n\n\n\n<h2 class=\"wp-block-heading\">O h\u00e1bito de n\u00e3o arrumar a cama traz benef\u00edcios?<\/h2>\n\n\n\n<p><strong>Al\u00e9m da rela\u00e7\u00e3o com criatividade, pesquisadores evidenciam poss\u00edveis ganhos para a sa\u00fade ao deixar o colch\u00e3o exposto ao ar.<\/strong> A circula\u00e7\u00e3o de ar nos len\u00e7\u00f3is e cobertas auxilia na redu\u00e7\u00e3o da umidade, minimizando a prolifera\u00e7\u00e3o de agentes como \u00e1caros e fungos, que podem causar alergias respirat\u00f3rias. <strong>Para pessoas com hist\u00f3rico de rinite ou outras sensibilidades, manter a cama destampada por parte da manh\u00e3 pode ser uma pr\u00e1tica indicada.<\/strong><\/p>\n\n\n\n<p>O ato de n\u00e3o arrumar a cama transformou-se, assim, em tema de estudos e discuss\u00f5es entre especialistas. <strong>Cada escolha di\u00e1ria, ao que tudo indica, est\u00e1 ligada a uma s\u00e9rie de fatores internos e externos, incluindo prefer\u00eancias pessoais, ritmo de vida e influ\u00eancias culturais.<\/strong> Por tr\u00e1s desse gesto simples, encontram-se motiva\u00e7\u00f5es que v\u00e3o desde a busca por praticidade at\u00e9 a valoriza\u00e7\u00e3o do tempo pessoal para investir em atividades consideradas mais importantes ao longo do dia.<\/p>\n","protected":false},"excerpt":{"rendered":"<p>Entenda as raz\u00f5es psicol\u00f3gicas por tr\u00e1s do h\u00e1bito de n\u00e3o arrumar a cama e descubra os benef\u00edcios e impactos na personalidade, criatividade e sa\u00fade.<\/p>\n","protected":false},"author":3,"featured_media":71747,"comment_status":"open","ping_status":"open","sticky":false,"template":"","format":"standard","meta":{"_yoast_wpseo_focuskw":"n\u00e3o arrumar cama","_yoast_wpseo_title":"%%title%%","_yoast_wpseo_metadesc":"Entenda as raz\u00f5es psicol\u00f3gicas por tr\u00e1s do h\u00e1bito de n\u00e3o arrumar a cama e descubra os benef\u00edcios e impactos na personalidade, criatividade e sa\u00fade.","jnews-multi-image_gallery":[],"jnews_single_post":{"format":"standard"},"jnews_primary_category":[],"jnews_social_meta":[],"jnews_override_counter":[],"footnotes":""},"categories":[112],"tags":[144,404],"class_list":["post-71745","post","type-post","status-publish","format-standard","has-post-thumbnail","hentry","category-curiosidades","tag-curiosidades","tag-psicologia"],"yoast_head":"<!-- This site is optimized with the Yoast SEO plugin v24.6 - https:\/\/yoast.com\/wordpress\/plugins\/seo\/ -->\n<title>O que significa quando algu\u00e9m n\u00e3o arruma a cama diariamente, segundo a psicologia<\/title>\n<meta name=\"description\" content=\"Entenda as raz\u00f5es psicol\u00f3gicas por tr\u00e1s do h\u00e1bito de n\u00e3o arrumar a cama e descubra os benef\u00edcios e impactos na personalidade, criatividade e sa\u00fade.\" \/>\n<meta name=\"robots\" content=\"index, follow, max-snippet:-1, max-image-preview:large, max-video-preview:-1\" \/>\n<link rel=\"canonical\" href=\"https:\/\/www.correiobraziliense.com.br\/cbradar\/o-que-significa-quando-alguem-nao-arruma-a-cama-diariamente-segundo-a-psicologia\/\" \/>\n<meta property=\"og:locale\" content=\"pt_BR\" \/>\n<meta property=\"og:type\" content=\"article\" \/>\n<meta property=\"og:title\" content=\"O que significa quando algu\u00e9m n\u00e3o arruma a cama diariamente, segundo a psicologia\" \/>\n<meta property=\"og:description\" content=\"Entenda as raz\u00f5es psicol\u00f3gicas por tr\u00e1s do h\u00e1bito de n\u00e3o arrumar a cama e descubra os benef\u00edcios e impactos na personalidade, criatividade e sa\u00fade.\" \/>\n<meta property=\"og:url\" content=\"https:\/\/www.correiobraziliense.com.br\/cbradar\/o-que-significa-quando-alguem-nao-arruma-a-cama-diariamente-segundo-a-psicologia\/\" \/>\n<meta property=\"og:site_name\" content=\"Correio Braziliense - Radar\" \/>\n<meta property=\"article:published_time\" content=\"2025-07-18T22:20:00+00:00\" \/>\n<meta property=\"og:image\" content=\"https:\/\/www.correiobraziliense.com.br\/cbradar\/wp-content\/uploads\/2025\/07\/cama-desarrumada_1752875631286.jpg\" \/>\n\t<meta property=\"og:image:width\" content=\"1280\" \/>\n\t<meta property=\"og:image:height\" content=\"720\" \/>\n\t<meta property=\"og:image:type\" content=\"image\/jpeg\" \/>\n<meta name=\"author\" content=\"Larissa Carvalho\" \/>\n<meta name=\"twitter:card\" content=\"summary_large_image\" \/>\n<meta name=\"twitter:label1\" content=\"Escrito por\" \/>\n\t<meta name=\"twitter:data1\" content=\"Larissa Carvalho\" \/>\n\t<meta name=\"twitter:label2\" content=\"Est. tempo de leitura\" \/>\n\t<meta name=\"twitter:data2\" content=\"5 minutos\" \/>\n<!-- \/ Yoast SEO plugin. -->","yoast_head_json":{"title":"O que significa quando algu\u00e9m n\u00e3o arruma a cama diariamente, segundo a psicologia","description":"Entenda as raz\u00f5es psicol\u00f3gicas por tr\u00e1s do h\u00e1bito de n\u00e3o arrumar a cama e descubra os benef\u00edcios e impactos na personalidade, criatividade e sa\u00fade.","robots":{"index":"index","follow":"follow","max-snippet":"max-snippet:-1","max-image-preview":"max-image-preview:large","max-video-preview":"max-video-preview:-1"},"canonical":"https:\/\/www.correiobraziliense.com.br\/cbradar\/o-que-significa-quando-alguem-nao-arruma-a-cama-diariamente-segundo-a-psicologia\/","og_locale":"pt_BR","og_type":"article","og_title":"O que significa quando algu\u00e9m n\u00e3o arruma a cama diariamente, segundo a psicologia","og_description":"Entenda as raz\u00f5es psicol\u00f3gicas por tr\u00e1s do h\u00e1bito de n\u00e3o arrumar a cama e descubra os benef\u00edcios e impactos na personalidade, criatividade e sa\u00fade.","og_url":"https:\/\/www.correiobraziliense.com.br\/cbradar\/o-que-significa-quando-alguem-nao-arruma-a-cama-diariamente-segundo-a-psicologia\/","og_site_name":"Correio Braziliense - Radar","article_published_time":"2025-07-18T22:20:00+00:00","og_image":[{"width":1280,"height":720,"url":"https:\/\/www.correiobraziliense.com.br\/cbradar\/wp-content\/uploads\/2025\/07\/cama-desarrumada_1752875631286.jpg","type":"image\/jpeg"}],"author":"Larissa Carvalho","twitter_card":"summary_large_image","twitter_misc":{"Escrito por":"Larissa Carvalho","Est. tempo de leitura":"5 minutos"},"schema":{"@context":"https:\/\/schema.org","@graph":[{"@type":"WebPage","@id":"https:\/\/www.correiobraziliense.com.br\/cbradar\/o-que-significa-quando-alguem-nao-arruma-a-cama-diariamente-segundo-a-psicologia\/","url":"https:\/\/www.correiobraziliense.com.br\/cbradar\/o-que-significa-quando-alguem-nao-arruma-a-cama-diariamente-segundo-a-psicologia\/","name":"O que significa quando algu\u00e9m n\u00e3o arruma a cama diariamente, segundo a psicologia","isPartOf":{"@id":"https:\/\/www.correiobraziliense.com.br\/cbradar\/#website"},"primaryImageOfPage":{"@id":"https:\/\/www.correiobraziliense.com.br\/cbradar\/o-que-significa-quando-alguem-nao-arruma-a-cama-diariamente-segundo-a-psicologia\/#primaryimage"},"image":{"@id":"https:\/\/www.correiobraziliense.com.br\/cbradar\/o-que-significa-quando-alguem-nao-arruma-a-cama-diariamente-segundo-a-psicologia\/#primaryimage"},"thumbnailUrl":"https:\/\/www.correiobraziliense.com.br\/cbradar\/wp-content\/uploads\/2025\/07\/cama-desarrumada_1752875631286.jpg","datePublished":"2025-07-18T22:20:00+00:00","author":{"@id":"https:\/\/www.correiobraziliense.com.br\/cbradar\/#\/schema\/person\/58422787644df994b53a19d3e56c1513"},"description":"Entenda as raz\u00f5es psicol\u00f3gicas por tr\u00e1s do h\u00e1bito de n\u00e3o arrumar a cama e descubra os benef\u00edcios e impactos na personalidade, criatividade e sa\u00fade.","breadcrumb":{"@id":"https:\/\/www.correiobraziliense.com.br\/cbradar\/o-que-significa-quando-alguem-nao-arruma-a-cama-diariamente-segundo-a-psicologia\/#breadcrumb"},"inLanguage":"pt-BR","potentialAction":[{"@type":"ReadAction","target":["https:\/\/www.correiobraziliense.com.br\/cbradar\/o-que-significa-quando-alguem-nao-arruma-a-cama-diariamente-segundo-a-psicologia\/"]}]},{"@type":"ImageObject","inLanguage":"pt-BR","@id":"https:\/\/www.correiobraziliense.com.br\/cbradar\/o-que-significa-quando-alguem-nao-arruma-a-cama-diariamente-segundo-a-psicologia\/#primaryimage","url":"https:\/\/www.correiobraziliense.com.br\/cbradar\/wp-content\/uploads\/2025\/07\/cama-desarrumada_1752875631286.jpg","contentUrl":"https:\/\/www.correiobraziliense.com.br\/cbradar\/wp-content\/uploads\/2025\/07\/cama-desarrumada_1752875631286.jpg","width":1280,"height":720,"caption":"cama desarrumada. Cr\u00e9ditos: depositphotos.com \/ Kryzhov"},{"@type":"BreadcrumbList","@id":"https:\/\/www.correiobraziliense.com.br\/cbradar\/o-que-significa-quando-alguem-nao-arruma-a-cama-diariamente-segundo-a-psicologia\/#breadcrumb","itemListElement":[{"@type":"ListItem","position":1,"name":"In\u00edcio","item":"https:\/\/www.correiobraziliense.com.br\/cbradar\/"},{"@type":"ListItem","position":2,"name":"O que significa quando algu\u00e9m n\u00e3o arruma a cama diariamente, segundo a psicologia"}]},{"@type":"WebSite","@id":"https:\/\/www.correiobraziliense.com.br\/cbradar\/#website","url":"https:\/\/www.correiobraziliense.com.br\/cbradar\/","name":"Correio Braziliense - Radar","description":"Acompanhe as \u00faltimas not\u00edcias e fique bem informado sobre tudo o que acontece no Brasil e no mundo.","potentialAction":[{"@type":"SearchAction","target":{"@type":"EntryPoint","urlTemplate":"https:\/\/www.correiobraziliense.com.br\/cbradar\/?s={search_term_string}"},"query-input":{"@type":"PropertyValueSpecification","valueRequired":true,"valueName":"search_term_string"}}],"inLanguage":"pt-BR"},{"@type":"Person","@id":"https:\/\/www.correiobraziliense.com.br\/cbradar\/#\/schema\/person\/58422787644df994b53a19d3e56c1513","name":"Larissa Carvalho","image":{"@type":"ImageObject","inLanguage":"pt-BR","@id":"https:\/\/www.correiobraziliense.com.br\/cbradar\/#\/schema\/person\/image\/","url":"https:\/\/secure.gravatar.com\/avatar\/fe4f91a0de32b52a838d0d612abdc1aa?s=96&d=mm&r=g","contentUrl":"https:\/\/secure.gravatar.com\/avatar\/fe4f91a0de32b52a838d0d612abdc1aa?s=96&d=mm&r=g","caption":"Larissa Carvalho"},"url":"https:\/\/www.correiobraziliense.com.br\/cbradar\/author\/larissamyth\/"}]}},"_links":{"self":[{"href":"https:\/\/www.correiobraziliense.com.br\/cbradar\/wp-json\/wp\/v2\/posts\/71745","targetHints":{"allow":["GET"]}}],"collection":[{"href":"https:\/\/www.correiobraziliense.com.br\/cbradar\/wp-json\/wp\/v2\/posts"}],"about":[{"href":"https:\/\/www.correiobraziliense.com.br\/cbradar\/wp-json\/wp\/v2\/types\/post"}],"author":[{"embeddable":true,"href":"https:\/\/www.correiobraziliense.com.br\/cbradar\/wp-json\/wp\/v2\/users\/3"}],"replies":[{"embeddable":true,"href":"https:\/\/www.correiobraziliense.com.br\/cbradar\/wp-json\/wp\/v2\/comments?post=71745"}],"version-history":[{"count":2,"href":"https:\/\/www.correiobraziliense.com.br\/cbradar\/wp-json\/wp\/v2\/posts\/71745\/revisions"}],"predecessor-version":[{"id":71752,"href":"https:\/\/www.correiobraziliense.com.br\/cbradar\/wp-json\/wp\/v2\/posts\/71745\/revisions\/71752"}],"wp:featuredmedia":[{"embeddable":true,"href":"https:\/\/www.correiobraziliense.com.br\/cbradar\/wp-json\/wp\/v2\/media\/71747"}],"wp:attachment":[{"href":"https:\/\/www.correiobraziliense.com.br\/cbradar\/wp-json\/wp\/v2\/media?parent=71745"}],"wp:term":[{"taxonomy":"category","embeddable":true,"href":"https:\/\/www.correiobraziliense.com.br\/cbradar\/wp-json\/wp\/v2\/categories?post=71745"},{"taxonomy":"post_tag","embeddable":true,"href":"https:\/\/www.correiobraziliense.com.br\/cbradar\/wp-json\/wp\/v2\/tags?post=71745"}],"curies":[{"name":"wp","href":"https:\/\/api.w.org\/{rel}","templated":true}]}}