{"id":71810,"date":"2025-07-19T22:23:00","date_gmt":"2025-07-20T01:23:00","guid":{"rendered":"https:\/\/www.correiobraziliense.com.br\/cbradar\/?p=71810"},"modified":"2025-07-18T19:41:32","modified_gmt":"2025-07-18T22:41:32","slug":"a-melhor-bebida-natural-para-aliviar-pes-inchados-nos-dias-quentes","status":"publish","type":"post","link":"https:\/\/www.correiobraziliense.com.br\/cbradar\/a-melhor-bebida-natural-para-aliviar-pes-inchados-nos-dias-quentes\/","title":{"rendered":"A melhor bebida natural para aliviar p\u00e9s inchados nos dias quentes"},"content":{"rendered":"\n<p>Durante os meses mais quentes do ano, \u00e9 comum perceber que os p\u00e9s podem apresentar incha\u00e7o ap\u00f3s longos per\u00edodos em p\u00e9 ou mesmo sentado sem se movimentar. Esse fen\u00f4meno, conhecido como <strong>\u201cp\u00e9s inchados\u201d<\/strong>, afeta pessoas de diferentes idades e g\u00eaneros, provocando inc\u00f4modo e sensa\u00e7\u00e3o de peso. \u00c9 importante compreender que, na maioria dos casos, trata-se de uma resposta do organismo \u00e0 dilata\u00e7\u00e3o dos vasos sangu\u00edneos em ambientes mais quentes, dificultando o retorno do sangue dos p\u00e9s para o restante do corpo.<\/p>\n\n\n\n<p>Al\u00e9m das altas temperaturas, diversos fatores podem intensificar a reten\u00e7\u00e3o de l\u00edquidos na regi\u00e3o dos membros inferiores. Alimenta\u00e7\u00e3o rica em sal, sedentarismo, altera\u00e7\u00f5es hormonais e at\u00e9 algumas doen\u00e7as cr\u00f4nicas, como <strong>diabetes<\/strong> e condi\u00e7\u00f5es renais, podem ser causas frequentes do incha\u00e7o nos p\u00e9s. Mulheres gestantes tamb\u00e9m costumam relatar esse sintoma devido \u00e0s mudan\u00e7as fisiol\u00f3gicas durante a gravidez.<\/p>\n\n\n\n<h2 class=\"wp-block-heading\">Quais s\u00e3o os principais motivos para os p\u00e9s incharem?<\/h2>\n\n\n\n<p><strong>Entender as raz\u00f5es que contribuem para o incha\u00e7o dos p\u00e9s \u00e9 essencial para buscar o al\u00edvio mais adequado.<\/strong> Muitas vezes, esse quadro surge devido \u00e0 m\u00e1 circula\u00e7\u00e3o, que pode ocorrer ap\u00f3s ficar muito tempo parado na mesma posi\u00e7\u00e3o. A alimenta\u00e7\u00e3o desempenha papel relevante, especialmente quando h\u00e1 consumo excessivo de s\u00f3dio, respons\u00e1vel pela reten\u00e7\u00e3o de l\u00edquidos no organismo. Outro aspecto importante envolve quest\u00f5es hormonais, comuns durante a gesta\u00e7\u00e3o.<\/p>\n\n\n\n<p>Para al\u00e9m desses fatores cotidianos, o incha\u00e7o persistente pode ser sinal de algo mais s\u00e9rio, como insufici\u00eancia card\u00edaca, dist\u00farbios renais ou at\u00e9 problemas linf\u00e1ticos. Por isso, embora os p\u00e9s inchados geralmente estejam ligados a situa\u00e7\u00f5es simples, a avalia\u00e7\u00e3o m\u00e9dica n\u00e3o deve ser descartada caso o quadro seja recorrente ou acompanhado de outros sintomas, como dor intensa ou vermelhid\u00e3o.<\/p>\n\n\n\n<h2 class=\"wp-block-heading\">Como aliviar os p\u00e9s inchados com ingredientes naturais?<\/h2>\n\n\n\n<p><strong>Medidas caseiras podem contribuir muito para amenizar os sintomas do incha\u00e7o nos p\u00e9s.<\/strong> Dessa forma, manter-se bem hidratado \u00e9 o primeiro passo recomendado pelos profissionais de sa\u00fade, j\u00e1 que o consumo de \u00e1gua auxilia na elimina\u00e7\u00e3o de toxinas e no equil\u00edbrio dos fluidos corporais. Al\u00e9m da \u00e1gua pura, alimentos ricos em \u00e1gua, como frutas e hortali\u00e7as, colaboram para reduzir a reten\u00e7\u00e3o de l\u00edquidos.<\/p>\n\n\n\n<ul class=\"wp-block-list\">\n<li><strong>Mel\u00e3o<\/strong>: esse fruto possui alto teor de \u00e1gua e pot\u00e1ssio, favorecendo a hidrata\u00e7\u00e3o e o equil\u00edbrio do s\u00f3dio no organismo.<\/li>\n\n\n\n<li><strong>Ma\u00e7\u00e3<\/strong>: rica em quercetina, um antioxidante que auxilia na prote\u00e7\u00e3o dos vasos sangu\u00edneos e na melhoria da circula\u00e7\u00e3o.<\/li>\n\n\n\n<li><strong>Gengibre<\/strong>: reconhecido pelas propriedades anti-inflamat\u00f3rias, potencializa o efeito diur\u00e9tico e ajuda a aliviar o incha\u00e7o.<\/li>\n\n\n\n<li><strong>Lim\u00e3o<\/strong>: al\u00e9m de refrescante, tem a\u00e7\u00e3o purificante e contribui para o funcionamento adequado do sistema circulat\u00f3rio.<\/li>\n<\/ul>\n\n\n\n<p>Esses ingredientes podem ser usados no preparo de uma bebida natural, combinando benef\u00edcios diur\u00e9ticos e anti-inflamat\u00f3rios.<\/p>\n\n\n\n<figure class=\"wp-block-image size-large\"><img decoding=\"async\" width=\"1024\" height=\"576\" src=\"https:\/\/www.correiobraziliense.com.br\/cbradar\/wp-content\/uploads\/2025\/07\/pes-inchados_1752878479135-1024x576.jpg\" alt=\"A melhor bebida natural para aliviar p\u00e9s inchados nos dias quentes\" class=\"wp-image-71814\" srcset=\"https:\/\/www.correiobraziliense.com.br\/cbradar\/wp-content\/uploads\/2025\/07\/pes-inchados_1752878479135-1024x576.jpg 1024w, https:\/\/www.correiobraziliense.com.br\/cbradar\/wp-content\/uploads\/2025\/07\/pes-inchados_1752878479135-300x169.jpg 300w, https:\/\/www.correiobraziliense.com.br\/cbradar\/wp-content\/uploads\/2025\/07\/pes-inchados_1752878479135-768x432.jpg 768w, https:\/\/www.correiobraziliense.com.br\/cbradar\/wp-content\/uploads\/2025\/07\/pes-inchados_1752878479135-750x422.jpg 750w, https:\/\/www.correiobraziliense.com.br\/cbradar\/wp-content\/uploads\/2025\/07\/pes-inchados_1752878479135-1140x641.jpg 1140w, https:\/\/www.correiobraziliense.com.br\/cbradar\/wp-content\/uploads\/2025\/07\/pes-inchados_1752878479135.jpg 1280w\" sizes=\"(max-width: 1024px) 100vw, 1024px\" \/><figcaption class=\"wp-element-caption\">p\u00e9s inchados. Cr\u00e9ditos: depositphotos.com \/ toa55<\/figcaption><\/figure>\n\n\n\n<h2 class=\"wp-block-heading\">Como preparar uma bebida para p\u00e9s inchados?<\/h2>\n\n\n\n<p><strong>Com alguns passos simples, \u00e9 poss\u00edvel criar uma receita que pode auxiliar na rotina de quem enfrenta o desconforto de p\u00e9s inchados.<\/strong> Para isso, separe uma x\u00edcara de mel\u00e3o cortado em peda\u00e7os pequenos, uma ma\u00e7\u00e3 (de qualquer tipo), uma colher de ch\u00e1 de gengibre fresco ralado e o suco de meio lim\u00e3o. Acrescente um copo grande de \u00e1gua filtrada ou gelada para garantir uma textura suave e refrescante.<\/p>\n\n\n\n<ol class=\"wp-block-list\">\n<li>Lave bem o mel\u00e3o e a ma\u00e7\u00e3 antes de cort\u00e1-los.<\/li>\n\n\n\n<li>Rale o gengibre fresco (pode-se aumentar a quantidade, conforme o gosto).<\/li>\n\n\n\n<li>Adicione todos os ingredientes ao liquidificador, juntamente com a \u00e1gua e o suco de lim\u00e3o.<\/li>\n\n\n\n<li>Bata at\u00e9 obter uma mistura homog\u00eanea.<\/li>\n\n\n\n<li>Sirva imediatamente para aproveitar ao m\u00e1ximo os nutrientes.<\/li>\n<\/ol>\n\n\n\n<p>Al\u00e9m da ingest\u00e3o dessa bebida, \u00e9 recomend\u00e1vel adotar h\u00e1bitos simples, como manter os p\u00e9s elevados alguns minutos por dia e realizar pequenas massagens circulares para melhorar o retorno venoso. S\u00e3o pr\u00e1ticas f\u00e1ceis de serem inseridas no cotidiano e que podem facilitar o processo de desincha\u00e7o.<\/p>\n\n\n\n<h2 class=\"wp-block-heading\">P\u00e9s inchados s\u00e3o sempre motivo de preocupa\u00e7\u00e3o?<\/h2>\n\n\n\n<p><strong>Grande parte das situa\u00e7\u00f5es envolvendo incha\u00e7o nos p\u00e9s se relaciona a fatores de f\u00e1cil controle, como ajuste da dieta, maior ingest\u00e3o de l\u00edquidos e melhora da circula\u00e7\u00e3o.<\/strong> No entanto, quando persistem ou se apresentam com sintomas adicionais, \u00e9 aconselh\u00e1vel buscar orienta\u00e7\u00e3o m\u00e9dica, pois podem indicar complica\u00e7\u00f5es mais s\u00e9rias.<\/p>\n\n\n\n<p>Manter aten\u00e7\u00e3o \u00e0s mudan\u00e7as no pr\u00f3prio corpo e introduzir cuidados caseiros, como a receita de mel\u00e3o, ma\u00e7\u00e3, gengibre e lim\u00e3o, pode contribuir para o al\u00edvio do incha\u00e7o, trazendo mais conforto e qualidade para o dia a dia. Cuidar dos p\u00e9s \u00e9 uma forma simples de valorizar a sa\u00fade e garantir bem-estar em qualquer esta\u00e7\u00e3o.<\/p>\n","protected":false},"excerpt":{"rendered":"<p>A bebida de mel\u00e3o, ma\u00e7\u00e3, gengibre e lim\u00e3o ajuda a reduzir o incha\u00e7o nos p\u00e9s. Saiba como preparar e veja dicas para cuidar da circula\u00e7\u00e3o.<\/p>\n","protected":false},"author":3,"featured_media":71812,"comment_status":"open","ping_status":"open","sticky":false,"template":"","format":"standard","meta":{"_yoast_wpseo_focuskw":"bebida aliviar p\u00e9s inchados","_yoast_wpseo_title":"%%title%%","_yoast_wpseo_metadesc":"A bebida de mel\u00e3o, ma\u00e7\u00e3, gengibre e lim\u00e3o ajuda a reduzir o incha\u00e7o nos p\u00e9s. Saiba como preparar e veja dicas para cuidar da circula\u00e7\u00e3o.","jnews-multi-image_gallery":[],"jnews_single_post":{"format":"standard"},"jnews_primary_category":[],"jnews_social_meta":[],"jnews_override_counter":[],"footnotes":""},"categories":[112],"tags":[144,8364,565],"class_list":["post-71810","post","type-post","status-publish","format-standard","has-post-thumbnail","hentry","category-curiosidades","tag-curiosidades","tag-pes-inchados","tag-saude"],"yoast_head":"<!-- This site is optimized with the Yoast SEO plugin v24.6 - https:\/\/yoast.com\/wordpress\/plugins\/seo\/ -->\n<title>A melhor bebida natural para aliviar p\u00e9s inchados nos dias quentes<\/title>\n<meta name=\"description\" content=\"A bebida de mel\u00e3o, ma\u00e7\u00e3, gengibre e lim\u00e3o ajuda a reduzir o incha\u00e7o nos p\u00e9s. Saiba como preparar e veja dicas para cuidar da circula\u00e7\u00e3o.\" \/>\n<meta name=\"robots\" content=\"index, follow, max-snippet:-1, max-image-preview:large, max-video-preview:-1\" \/>\n<link rel=\"canonical\" href=\"https:\/\/www.correiobraziliense.com.br\/cbradar\/a-melhor-bebida-natural-para-aliviar-pes-inchados-nos-dias-quentes\/\" \/>\n<meta property=\"og:locale\" content=\"pt_BR\" \/>\n<meta property=\"og:type\" content=\"article\" \/>\n<meta property=\"og:title\" content=\"A melhor bebida natural para aliviar p\u00e9s inchados nos dias quentes\" \/>\n<meta property=\"og:description\" content=\"A bebida de mel\u00e3o, ma\u00e7\u00e3, gengibre e lim\u00e3o ajuda a reduzir o incha\u00e7o nos p\u00e9s. Saiba como preparar e veja dicas para cuidar da circula\u00e7\u00e3o.\" \/>\n<meta property=\"og:url\" content=\"https:\/\/www.correiobraziliense.com.br\/cbradar\/a-melhor-bebida-natural-para-aliviar-pes-inchados-nos-dias-quentes\/\" \/>\n<meta property=\"og:site_name\" content=\"Correio Braziliense - Radar\" \/>\n<meta property=\"article:published_time\" content=\"2025-07-20T01:23:00+00:00\" \/>\n<meta property=\"og:image\" content=\"https:\/\/www.correiobraziliense.com.br\/cbradar\/wp-content\/uploads\/2025\/07\/pes-inchados_1752878391706.jpg\" \/>\n\t<meta property=\"og:image:width\" content=\"1280\" \/>\n\t<meta property=\"og:image:height\" content=\"720\" \/>\n\t<meta property=\"og:image:type\" content=\"image\/jpeg\" \/>\n<meta name=\"author\" content=\"Larissa Carvalho\" \/>\n<meta name=\"twitter:card\" content=\"summary_large_image\" \/>\n<meta name=\"twitter:label1\" content=\"Escrito por\" \/>\n\t<meta name=\"twitter:data1\" content=\"Larissa Carvalho\" \/>\n\t<meta name=\"twitter:label2\" content=\"Est. tempo de leitura\" \/>\n\t<meta name=\"twitter:data2\" content=\"5 minutos\" \/>\n<!-- \/ Yoast SEO plugin. -->","yoast_head_json":{"title":"A melhor bebida natural para aliviar p\u00e9s inchados nos dias quentes","description":"A bebida de mel\u00e3o, ma\u00e7\u00e3, gengibre e lim\u00e3o ajuda a reduzir o incha\u00e7o nos p\u00e9s. Saiba como preparar e veja dicas para cuidar da circula\u00e7\u00e3o.","robots":{"index":"index","follow":"follow","max-snippet":"max-snippet:-1","max-image-preview":"max-image-preview:large","max-video-preview":"max-video-preview:-1"},"canonical":"https:\/\/www.correiobraziliense.com.br\/cbradar\/a-melhor-bebida-natural-para-aliviar-pes-inchados-nos-dias-quentes\/","og_locale":"pt_BR","og_type":"article","og_title":"A melhor bebida natural para aliviar p\u00e9s inchados nos dias quentes","og_description":"A bebida de mel\u00e3o, ma\u00e7\u00e3, gengibre e lim\u00e3o ajuda a reduzir o incha\u00e7o nos p\u00e9s. Saiba como preparar e veja dicas para cuidar da circula\u00e7\u00e3o.","og_url":"https:\/\/www.correiobraziliense.com.br\/cbradar\/a-melhor-bebida-natural-para-aliviar-pes-inchados-nos-dias-quentes\/","og_site_name":"Correio Braziliense - Radar","article_published_time":"2025-07-20T01:23:00+00:00","og_image":[{"width":1280,"height":720,"url":"https:\/\/www.correiobraziliense.com.br\/cbradar\/wp-content\/uploads\/2025\/07\/pes-inchados_1752878391706.jpg","type":"image\/jpeg"}],"author":"Larissa Carvalho","twitter_card":"summary_large_image","twitter_misc":{"Escrito por":"Larissa Carvalho","Est. tempo de leitura":"5 minutos"},"schema":{"@context":"https:\/\/schema.org","@graph":[{"@type":"WebPage","@id":"https:\/\/www.correiobraziliense.com.br\/cbradar\/a-melhor-bebida-natural-para-aliviar-pes-inchados-nos-dias-quentes\/","url":"https:\/\/www.correiobraziliense.com.br\/cbradar\/a-melhor-bebida-natural-para-aliviar-pes-inchados-nos-dias-quentes\/","name":"A melhor bebida natural para aliviar p\u00e9s inchados nos dias quentes","isPartOf":{"@id":"https:\/\/www.correiobraziliense.com.br\/cbradar\/#website"},"primaryImageOfPage":{"@id":"https:\/\/www.correiobraziliense.com.br\/cbradar\/a-melhor-bebida-natural-para-aliviar-pes-inchados-nos-dias-quentes\/#primaryimage"},"image":{"@id":"https:\/\/www.correiobraziliense.com.br\/cbradar\/a-melhor-bebida-natural-para-aliviar-pes-inchados-nos-dias-quentes\/#primaryimage"},"thumbnailUrl":"https:\/\/www.correiobraziliense.com.br\/cbradar\/wp-content\/uploads\/2025\/07\/pes-inchados_1752878391706.jpg","datePublished":"2025-07-20T01:23:00+00:00","author":{"@id":"https:\/\/www.correiobraziliense.com.br\/cbradar\/#\/schema\/person\/58422787644df994b53a19d3e56c1513"},"description":"A bebida de mel\u00e3o, ma\u00e7\u00e3, gengibre e lim\u00e3o ajuda a reduzir o incha\u00e7o nos p\u00e9s. Saiba como preparar e veja dicas para cuidar da circula\u00e7\u00e3o.","breadcrumb":{"@id":"https:\/\/www.correiobraziliense.com.br\/cbradar\/a-melhor-bebida-natural-para-aliviar-pes-inchados-nos-dias-quentes\/#breadcrumb"},"inLanguage":"pt-BR","potentialAction":[{"@type":"ReadAction","target":["https:\/\/www.correiobraziliense.com.br\/cbradar\/a-melhor-bebida-natural-para-aliviar-pes-inchados-nos-dias-quentes\/"]}]},{"@type":"ImageObject","inLanguage":"pt-BR","@id":"https:\/\/www.correiobraziliense.com.br\/cbradar\/a-melhor-bebida-natural-para-aliviar-pes-inchados-nos-dias-quentes\/#primaryimage","url":"https:\/\/www.correiobraziliense.com.br\/cbradar\/wp-content\/uploads\/2025\/07\/pes-inchados_1752878391706.jpg","contentUrl":"https:\/\/www.correiobraziliense.com.br\/cbradar\/wp-content\/uploads\/2025\/07\/pes-inchados_1752878391706.jpg","width":1280,"height":720,"caption":"p\u00e9s inchados. Cr\u00e9ditos: depositphotos.com \/ toa55"},{"@type":"BreadcrumbList","@id":"https:\/\/www.correiobraziliense.com.br\/cbradar\/a-melhor-bebida-natural-para-aliviar-pes-inchados-nos-dias-quentes\/#breadcrumb","itemListElement":[{"@type":"ListItem","position":1,"name":"In\u00edcio","item":"https:\/\/www.correiobraziliense.com.br\/cbradar\/"},{"@type":"ListItem","position":2,"name":"A melhor bebida natural para aliviar p\u00e9s inchados nos dias quentes"}]},{"@type":"WebSite","@id":"https:\/\/www.correiobraziliense.com.br\/cbradar\/#website","url":"https:\/\/www.correiobraziliense.com.br\/cbradar\/","name":"Correio Braziliense - Radar","description":"Acompanhe as \u00faltimas not\u00edcias e fique bem informado sobre tudo o que acontece no Brasil e no mundo.","potentialAction":[{"@type":"SearchAction","target":{"@type":"EntryPoint","urlTemplate":"https:\/\/www.correiobraziliense.com.br\/cbradar\/?s={search_term_string}"},"query-input":{"@type":"PropertyValueSpecification","valueRequired":true,"valueName":"search_term_string"}}],"inLanguage":"pt-BR"},{"@type":"Person","@id":"https:\/\/www.correiobraziliense.com.br\/cbradar\/#\/schema\/person\/58422787644df994b53a19d3e56c1513","name":"Larissa Carvalho","image":{"@type":"ImageObject","inLanguage":"pt-BR","@id":"https:\/\/www.correiobraziliense.com.br\/cbradar\/#\/schema\/person\/image\/","url":"https:\/\/secure.gravatar.com\/avatar\/fe4f91a0de32b52a838d0d612abdc1aa?s=96&d=mm&r=g","contentUrl":"https:\/\/secure.gravatar.com\/avatar\/fe4f91a0de32b52a838d0d612abdc1aa?s=96&d=mm&r=g","caption":"Larissa Carvalho"},"url":"https:\/\/www.correiobraziliense.com.br\/cbradar\/author\/larissamyth\/"}]}},"_links":{"self":[{"href":"https:\/\/www.correiobraziliense.com.br\/cbradar\/wp-json\/wp\/v2\/posts\/71810","targetHints":{"allow":["GET"]}}],"collection":[{"href":"https:\/\/www.correiobraziliense.com.br\/cbradar\/wp-json\/wp\/v2\/posts"}],"about":[{"href":"https:\/\/www.correiobraziliense.com.br\/cbradar\/wp-json\/wp\/v2\/types\/post"}],"author":[{"embeddable":true,"href":"https:\/\/www.correiobraziliense.com.br\/cbradar\/wp-json\/wp\/v2\/users\/3"}],"replies":[{"embeddable":true,"href":"https:\/\/www.correiobraziliense.com.br\/cbradar\/wp-json\/wp\/v2\/comments?post=71810"}],"version-history":[{"count":2,"href":"https:\/\/www.correiobraziliense.com.br\/cbradar\/wp-json\/wp\/v2\/posts\/71810\/revisions"}],"predecessor-version":[{"id":71815,"href":"https:\/\/www.correiobraziliense.com.br\/cbradar\/wp-json\/wp\/v2\/posts\/71810\/revisions\/71815"}],"wp:featuredmedia":[{"embeddable":true,"href":"https:\/\/www.correiobraziliense.com.br\/cbradar\/wp-json\/wp\/v2\/media\/71812"}],"wp:attachment":[{"href":"https:\/\/www.correiobraziliense.com.br\/cbradar\/wp-json\/wp\/v2\/media?parent=71810"}],"wp:term":[{"taxonomy":"category","embeddable":true,"href":"https:\/\/www.correiobraziliense.com.br\/cbradar\/wp-json\/wp\/v2\/categories?post=71810"},{"taxonomy":"post_tag","embeddable":true,"href":"https:\/\/www.correiobraziliense.com.br\/cbradar\/wp-json\/wp\/v2\/tags?post=71810"}],"curies":[{"name":"wp","href":"https:\/\/api.w.org\/{rel}","templated":true}]}}