{"id":71884,"date":"2025-07-19T19:13:00","date_gmt":"2025-07-19T22:13:00","guid":{"rendered":"https:\/\/www.correiobraziliense.com.br\/cbradar\/?p=71884"},"modified":"2025-07-18T21:40:38","modified_gmt":"2025-07-19T00:40:38","slug":"o-melhor-lugar-para-lingua-de-sogra-crescer-forte-e-bonita-em-casa","status":"publish","type":"post","link":"https:\/\/www.correiobraziliense.com.br\/cbradar\/o-melhor-lugar-para-lingua-de-sogra-crescer-forte-e-bonita-em-casa\/","title":{"rendered":"O melhor lugar para l\u00edngua-de-sogra crescer forte e bonita em casa"},"content":{"rendered":"\n<p><strong>A l\u00edngua-de-sogra<\/strong> \u00e9 uma planta resistente e muito procurada para ambientes internos e externos, mas exige aten\u00e7\u00e3o especial ao posicionamento. <strong>O local ideal<\/strong> favorece o desenvolvimento saud\u00e1vel, evita folhas amareladas e garante crescimento vigoroso. Veja os pontos principais para cultivar a l\u00edngua-de-sogra com sucesso:<\/p>\n\n\n\n<ul class=\"wp-block-list\">\n<li><strong>Luz indireta<\/strong> \u00e9 fundamental para que a planta se desenvolva de forma equilibrada.<\/li>\n\n\n\n<li>Evitar tanto o sol intenso quanto locais totalmente sombreados faz diferen\u00e7a no resultado.<\/li>\n\n\n\n<li>Pequenos ajustes de ambiente estimulam folhas firmes e coloridas o ano todo.<\/li>\n<\/ul>\n\n\n\n<h2 class=\"wp-block-heading\">Qual \u00e9 o melhor tipo de luz para a l\u00edngua-de-sogra crescer saud\u00e1vel<\/h2>\n\n\n\n<p><strong>Luz filtrada ou indireta<\/strong> \u00e9 o ambiente ideal para a l\u00edngua-de-sogra. Ambientes pr\u00f3ximos a janelas com cortina leve garantem luminosidade sem exposi\u00e7\u00e3o direta aos raios solares.<\/p>\n\n\n\n<p>Evitar sol direto previne queimaduras nas folhas, enquanto a aus\u00eancia total de luz pode enfraquecer a planta e diminuir o crescimento.<\/p>\n\n\n\n<h2 class=\"wp-block-heading\">Onde posicionar a l\u00edngua-de-sogra dentro de casa<\/h2>\n\n\n\n<p>O <strong>posicionamento estrat\u00e9gico<\/strong> pr\u00f3ximo a \u00e1reas iluminadas, como corredores, salas e quartos bem ventilados, garante equil\u00edbrio entre luz e prote\u00e7\u00e3o. N\u00e3o \u00e9 necess\u00e1rio expor a planta ao sol da tarde ou a varia\u00e7\u00f5es bruscas de temperatura.<\/p>\n\n\n\n<p>Dica r\u00e1pida: gire o vaso periodicamente para garantir que todas as folhas recebam luz de maneira uniforme.<\/p>\n\n\n\n<p>Leia tamb\u00e9m: <a href=\"https:\/\/www.correiobraziliense.com.br\/cbradar\/plantar-cebola-em-casa-pode-ser-o-que-faltava-para-sua-saude\/\" target=\"_blank\" rel=\"noreferrer noopener\">Plantar cebola em casa pode ser o que faltava para sua sa\u00fade<\/a><\/p>\n\n\n\n<figure class=\"wp-block-image size-large\"><img decoding=\"async\" width=\"1024\" height=\"576\" src=\"https:\/\/www.correiobraziliense.com.br\/cbradar\/wp-content\/uploads\/2025\/07\/lingua-de-sogra-planta_1752885561691-1024x576.jpg\" alt=\"O melhor lugar para l\u00edngua-de-sogra crescer forte e bonita em casa\" class=\"wp-image-71889\" srcset=\"https:\/\/www.correiobraziliense.com.br\/cbradar\/wp-content\/uploads\/2025\/07\/lingua-de-sogra-planta_1752885561691-1024x576.jpg 1024w, https:\/\/www.correiobraziliense.com.br\/cbradar\/wp-content\/uploads\/2025\/07\/lingua-de-sogra-planta_1752885561691-300x169.jpg 300w, https:\/\/www.correiobraziliense.com.br\/cbradar\/wp-content\/uploads\/2025\/07\/lingua-de-sogra-planta_1752885561691-768x432.jpg 768w, https:\/\/www.correiobraziliense.com.br\/cbradar\/wp-content\/uploads\/2025\/07\/lingua-de-sogra-planta_1752885561691-750x422.jpg 750w, https:\/\/www.correiobraziliense.com.br\/cbradar\/wp-content\/uploads\/2025\/07\/lingua-de-sogra-planta_1752885561691-1140x642.jpg 1140w, https:\/\/www.correiobraziliense.com.br\/cbradar\/wp-content\/uploads\/2025\/07\/lingua-de-sogra-planta_1752885561691.jpg 1279w\" sizes=\"(max-width: 1024px) 100vw, 1024px\" \/><figcaption class=\"wp-element-caption\">l\u00edngua-de-sogra planta. Cr\u00e9ditos: depositphotos.com \/ hbilalfinance@gmail.com<\/figcaption><\/figure>\n\n\n\n<h2 class=\"wp-block-heading\">A l\u00edngua-de-sogra pode ficar em \u00e1reas externas?<\/h2>\n\n\n\n<p><strong>L\u00edngua-de-sogra<\/strong> pode ser cultivada em varandas ou jardins, desde que fique protegida do sol forte e do vento excessivo. Coberturas transl\u00facidas ou locais parcialmente sombreados s\u00e3o as melhores op\u00e7\u00f5es para \u00e1reas externas.<\/p>\n\n\n\n<ul class=\"wp-block-list\">\n<li>Evite locais expostos ao sol do meio-dia.<\/li>\n\n\n\n<li>Reforce a rega apenas quando o solo estiver seco para n\u00e3o encharcar as ra\u00edzes.<\/li>\n<\/ul>\n\n\n\n<h2 class=\"wp-block-heading\">Cuidados simples garantem crescimento vigoroso o ano inteiro<\/h2>\n\n\n\n<ul class=\"wp-block-list\">\n<li><strong>Luz indireta<\/strong> \u00e9 o segredo para folhas firmes e cores vivas na l\u00edngua-de-sogra.<\/li>\n\n\n\n<li>Ambientes bem ventilados e sem extremos de temperatura favorecem a sa\u00fade da planta.<\/li>\n\n\n\n<li>Pequenos cuidados di\u00e1rios fazem toda a diferen\u00e7a no desenvolvimento ao longo dos meses.<\/li>\n<\/ul>\n","protected":false},"excerpt":{"rendered":"<p>Evite erros no cultivo! Aprenda o jeito certo de posicionar a l\u00edngua-de-sogra para crescer firme, bonita e sem risco de queimaduras nas folhas.<\/p>\n","protected":false},"author":3,"featured_media":71888,"comment_status":"open","ping_status":"open","sticky":false,"template":"","format":"standard","meta":{"_yoast_wpseo_focuskw":"lugar l\u00edngua-de-sogra","_yoast_wpseo_title":"%%title%%","_yoast_wpseo_metadesc":"Evite erros no cultivo! Aprenda o jeito certo de posicionar a l\u00edngua-de-sogra para crescer firme, bonita e sem risco de queimaduras nas folhas.","jnews-multi-image_gallery":[],"jnews_single_post":{"format":"standard"},"jnews_primary_category":[],"jnews_social_meta":[],"jnews_override_counter":[],"footnotes":""},"categories":[112],"tags":[144,329,224],"class_list":["post-71884","post","type-post","status-publish","format-standard","has-post-thumbnail","hentry","category-curiosidades","tag-curiosidades","tag-jardinagem","tag-plantas"],"yoast_head":"<!-- This site is optimized with the Yoast SEO plugin v24.6 - https:\/\/yoast.com\/wordpress\/plugins\/seo\/ -->\n<title>O melhor lugar para l\u00edngua-de-sogra crescer forte e bonita em casa<\/title>\n<meta name=\"description\" content=\"Evite erros no cultivo! Aprenda o jeito certo de posicionar a l\u00edngua-de-sogra para crescer firme, bonita e sem risco de queimaduras nas folhas.\" \/>\n<meta name=\"robots\" content=\"index, follow, max-snippet:-1, max-image-preview:large, max-video-preview:-1\" \/>\n<link rel=\"canonical\" href=\"https:\/\/www.correiobraziliense.com.br\/cbradar\/o-melhor-lugar-para-lingua-de-sogra-crescer-forte-e-bonita-em-casa\/\" \/>\n<meta property=\"og:locale\" content=\"pt_BR\" \/>\n<meta property=\"og:type\" content=\"article\" \/>\n<meta property=\"og:title\" content=\"O melhor lugar para l\u00edngua-de-sogra crescer forte e bonita em casa\" \/>\n<meta property=\"og:description\" content=\"Evite erros no cultivo! Aprenda o jeito certo de posicionar a l\u00edngua-de-sogra para crescer firme, bonita e sem risco de queimaduras nas folhas.\" \/>\n<meta property=\"og:url\" content=\"https:\/\/www.correiobraziliense.com.br\/cbradar\/o-melhor-lugar-para-lingua-de-sogra-crescer-forte-e-bonita-em-casa\/\" \/>\n<meta property=\"og:site_name\" content=\"Correio Braziliense - Radar\" \/>\n<meta property=\"article:published_time\" content=\"2025-07-19T22:13:00+00:00\" \/>\n<meta property=\"og:image\" content=\"https:\/\/www.correiobraziliense.com.br\/cbradar\/wp-content\/uploads\/2025\/07\/lingua-de-sogra-planta_1752885524525.jpg\" \/>\n\t<meta property=\"og:image:width\" content=\"1280\" \/>\n\t<meta property=\"og:image:height\" content=\"720\" \/>\n\t<meta property=\"og:image:type\" content=\"image\/jpeg\" \/>\n<meta name=\"author\" content=\"Larissa Carvalho\" \/>\n<meta name=\"twitter:card\" content=\"summary_large_image\" \/>\n<meta name=\"twitter:label1\" content=\"Escrito por\" \/>\n\t<meta name=\"twitter:data1\" content=\"Larissa Carvalho\" \/>\n\t<meta name=\"twitter:label2\" content=\"Est. tempo de leitura\" \/>\n\t<meta name=\"twitter:data2\" content=\"3 minutos\" \/>\n<!-- \/ Yoast SEO plugin. -->","yoast_head_json":{"title":"O melhor lugar para l\u00edngua-de-sogra crescer forte e bonita em casa","description":"Evite erros no cultivo! Aprenda o jeito certo de posicionar a l\u00edngua-de-sogra para crescer firme, bonita e sem risco de queimaduras nas folhas.","robots":{"index":"index","follow":"follow","max-snippet":"max-snippet:-1","max-image-preview":"max-image-preview:large","max-video-preview":"max-video-preview:-1"},"canonical":"https:\/\/www.correiobraziliense.com.br\/cbradar\/o-melhor-lugar-para-lingua-de-sogra-crescer-forte-e-bonita-em-casa\/","og_locale":"pt_BR","og_type":"article","og_title":"O melhor lugar para l\u00edngua-de-sogra crescer forte e bonita em casa","og_description":"Evite erros no cultivo! Aprenda o jeito certo de posicionar a l\u00edngua-de-sogra para crescer firme, bonita e sem risco de queimaduras nas folhas.","og_url":"https:\/\/www.correiobraziliense.com.br\/cbradar\/o-melhor-lugar-para-lingua-de-sogra-crescer-forte-e-bonita-em-casa\/","og_site_name":"Correio Braziliense - Radar","article_published_time":"2025-07-19T22:13:00+00:00","og_image":[{"width":1280,"height":720,"url":"https:\/\/www.correiobraziliense.com.br\/cbradar\/wp-content\/uploads\/2025\/07\/lingua-de-sogra-planta_1752885524525.jpg","type":"image\/jpeg"}],"author":"Larissa Carvalho","twitter_card":"summary_large_image","twitter_misc":{"Escrito por":"Larissa Carvalho","Est. tempo de leitura":"3 minutos"},"schema":{"@context":"https:\/\/schema.org","@graph":[{"@type":"WebPage","@id":"https:\/\/www.correiobraziliense.com.br\/cbradar\/o-melhor-lugar-para-lingua-de-sogra-crescer-forte-e-bonita-em-casa\/","url":"https:\/\/www.correiobraziliense.com.br\/cbradar\/o-melhor-lugar-para-lingua-de-sogra-crescer-forte-e-bonita-em-casa\/","name":"O melhor lugar para l\u00edngua-de-sogra crescer forte e bonita em casa","isPartOf":{"@id":"https:\/\/www.correiobraziliense.com.br\/cbradar\/#website"},"primaryImageOfPage":{"@id":"https:\/\/www.correiobraziliense.com.br\/cbradar\/o-melhor-lugar-para-lingua-de-sogra-crescer-forte-e-bonita-em-casa\/#primaryimage"},"image":{"@id":"https:\/\/www.correiobraziliense.com.br\/cbradar\/o-melhor-lugar-para-lingua-de-sogra-crescer-forte-e-bonita-em-casa\/#primaryimage"},"thumbnailUrl":"https:\/\/www.correiobraziliense.com.br\/cbradar\/wp-content\/uploads\/2025\/07\/lingua-de-sogra-planta_1752885524525.jpg","datePublished":"2025-07-19T22:13:00+00:00","author":{"@id":"https:\/\/www.correiobraziliense.com.br\/cbradar\/#\/schema\/person\/58422787644df994b53a19d3e56c1513"},"description":"Evite erros no cultivo! Aprenda o jeito certo de posicionar a l\u00edngua-de-sogra para crescer firme, bonita e sem risco de queimaduras nas folhas.","breadcrumb":{"@id":"https:\/\/www.correiobraziliense.com.br\/cbradar\/o-melhor-lugar-para-lingua-de-sogra-crescer-forte-e-bonita-em-casa\/#breadcrumb"},"inLanguage":"pt-BR","potentialAction":[{"@type":"ReadAction","target":["https:\/\/www.correiobraziliense.com.br\/cbradar\/o-melhor-lugar-para-lingua-de-sogra-crescer-forte-e-bonita-em-casa\/"]}]},{"@type":"ImageObject","inLanguage":"pt-BR","@id":"https:\/\/www.correiobraziliense.com.br\/cbradar\/o-melhor-lugar-para-lingua-de-sogra-crescer-forte-e-bonita-em-casa\/#primaryimage","url":"https:\/\/www.correiobraziliense.com.br\/cbradar\/wp-content\/uploads\/2025\/07\/lingua-de-sogra-planta_1752885524525.jpg","contentUrl":"https:\/\/www.correiobraziliense.com.br\/cbradar\/wp-content\/uploads\/2025\/07\/lingua-de-sogra-planta_1752885524525.jpg","width":1280,"height":720,"caption":"l\u00edngua-de-sogra planta. Cr\u00e9ditos: depositphotos.com \/ Akchamczuk"},{"@type":"BreadcrumbList","@id":"https:\/\/www.correiobraziliense.com.br\/cbradar\/o-melhor-lugar-para-lingua-de-sogra-crescer-forte-e-bonita-em-casa\/#breadcrumb","itemListElement":[{"@type":"ListItem","position":1,"name":"In\u00edcio","item":"https:\/\/www.correiobraziliense.com.br\/cbradar\/"},{"@type":"ListItem","position":2,"name":"O melhor lugar para l\u00edngua-de-sogra crescer forte e bonita em casa"}]},{"@type":"WebSite","@id":"https:\/\/www.correiobraziliense.com.br\/cbradar\/#website","url":"https:\/\/www.correiobraziliense.com.br\/cbradar\/","name":"Correio Braziliense - Radar","description":"Acompanhe as \u00faltimas not\u00edcias e fique bem informado sobre tudo o que acontece no Brasil e no mundo.","potentialAction":[{"@type":"SearchAction","target":{"@type":"EntryPoint","urlTemplate":"https:\/\/www.correiobraziliense.com.br\/cbradar\/?s={search_term_string}"},"query-input":{"@type":"PropertyValueSpecification","valueRequired":true,"valueName":"search_term_string"}}],"inLanguage":"pt-BR"},{"@type":"Person","@id":"https:\/\/www.correiobraziliense.com.br\/cbradar\/#\/schema\/person\/58422787644df994b53a19d3e56c1513","name":"Larissa Carvalho","image":{"@type":"ImageObject","inLanguage":"pt-BR","@id":"https:\/\/www.correiobraziliense.com.br\/cbradar\/#\/schema\/person\/image\/","url":"https:\/\/secure.gravatar.com\/avatar\/fe4f91a0de32b52a838d0d612abdc1aa?s=96&d=mm&r=g","contentUrl":"https:\/\/secure.gravatar.com\/avatar\/fe4f91a0de32b52a838d0d612abdc1aa?s=96&d=mm&r=g","caption":"Larissa Carvalho"},"url":"https:\/\/www.correiobraziliense.com.br\/cbradar\/author\/larissamyth\/"}]}},"_links":{"self":[{"href":"https:\/\/www.correiobraziliense.com.br\/cbradar\/wp-json\/wp\/v2\/posts\/71884","targetHints":{"allow":["GET"]}}],"collection":[{"href":"https:\/\/www.correiobraziliense.com.br\/cbradar\/wp-json\/wp\/v2\/posts"}],"about":[{"href":"https:\/\/www.correiobraziliense.com.br\/cbradar\/wp-json\/wp\/v2\/types\/post"}],"author":[{"embeddable":true,"href":"https:\/\/www.correiobraziliense.com.br\/cbradar\/wp-json\/wp\/v2\/users\/3"}],"replies":[{"embeddable":true,"href":"https:\/\/www.correiobraziliense.com.br\/cbradar\/wp-json\/wp\/v2\/comments?post=71884"}],"version-history":[{"count":1,"href":"https:\/\/www.correiobraziliense.com.br\/cbradar\/wp-json\/wp\/v2\/posts\/71884\/revisions"}],"predecessor-version":[{"id":71890,"href":"https:\/\/www.correiobraziliense.com.br\/cbradar\/wp-json\/wp\/v2\/posts\/71884\/revisions\/71890"}],"wp:featuredmedia":[{"embeddable":true,"href":"https:\/\/www.correiobraziliense.com.br\/cbradar\/wp-json\/wp\/v2\/media\/71888"}],"wp:attachment":[{"href":"https:\/\/www.correiobraziliense.com.br\/cbradar\/wp-json\/wp\/v2\/media?parent=71884"}],"wp:term":[{"taxonomy":"category","embeddable":true,"href":"https:\/\/www.correiobraziliense.com.br\/cbradar\/wp-json\/wp\/v2\/categories?post=71884"},{"taxonomy":"post_tag","embeddable":true,"href":"https:\/\/www.correiobraziliense.com.br\/cbradar\/wp-json\/wp\/v2\/tags?post=71884"}],"curies":[{"name":"wp","href":"https:\/\/api.w.org\/{rel}","templated":true}]}}