{"id":72501,"date":"2025-07-21T15:23:00","date_gmt":"2025-07-21T18:23:00","guid":{"rendered":"https:\/\/www.correiobraziliense.com.br\/cbradar\/?p=72501"},"modified":"2025-07-20T07:10:14","modified_gmt":"2025-07-20T10:10:14","slug":"o-que-significa-quando-as-coisas-somem-do-nada-em-casa","status":"publish","type":"post","link":"https:\/\/www.correiobraziliense.com.br\/cbradar\/o-que-significa-quando-as-coisas-somem-do-nada-em-casa\/","title":{"rendered":"O que significa quando as coisas somem do nada em casa?"},"content":{"rendered":"\n<p>Voc\u00ea j\u00e1 viveu a <strong><a href=\"https:\/\/pt.wikipedia.org\/wiki\/Experi%C3%AAncia_(filosofia)\" target=\"_blank\" rel=\"noreferrer noopener\">experi\u00eancia <\/a><\/strong>de procurar algo que estava \u201cali agora h\u00e1 pouco\u201d e, de repente, simplesmente sumiu? Por mais que revire o lugar, o objeto parece ter evaporado. Depois, horas ou dias mais tarde, ele reaparece no mesmo local onde voc\u00ea j\u00e1 havia procurado v\u00e1rias vezes. Isso \u00e9 mais comum do que se imagina e desperta a <strong><a href=\"https:\/\/www.correiobraziliense.com.br\/cbradar\/6-curiosidades-incriveis-sobre-o-eclipse-solar-que-voce-nem-imagina\/\" target=\"_blank\" rel=\"noreferrer noopener\">curiosidade <\/a><\/strong>de muitas pessoas.<\/p>\n\n\n\n<p><strong>Quando objetos desaparecem do nada, pode haver explica\u00e7\u00f5es psicol\u00f3gicas, emocionais, f\u00edsicas e at\u00e9 espirituais para o fen\u00f4meno.<\/strong> Entender essas possibilidades ajuda a lidar melhor com essas situa\u00e7\u00f5es que parecem inexplic\u00e1veis \u00e0 primeira vista.<\/p>\n\n\n\n<h2 class=\"wp-block-heading\">Qual a rela\u00e7\u00e3o da mente e distra\u00e7\u00e3o?<\/h2>\n\n\n\n<p>Um dos fatores mais comuns nesses casos \u00e9 a distra\u00e7\u00e3o. Quando estamos com a mente ocupada, ansiosos ou pensando em muitas coisas ao mesmo tempo, nossa aten\u00e7\u00e3o falha. Guardamos ou movemos objetos sem notar, e depois n\u00e3o conseguimos lembrar onde os deixamos.<\/p>\n\n\n\n<p><strong>Nossos sentidos s\u00e3o seletivos, e a mem\u00f3ria falha pode dar a sensa\u00e7\u00e3o de que o objeto nunca esteve l\u00e1.<\/strong> Nesses casos, o sumi\u00e7o \u00e9 real apenas para a nossa percep\u00e7\u00e3o, n\u00e3o para o mundo f\u00edsico.<\/p>\n\n\n<div class=\"wp-block-image\">\n<figure class=\"aligncenter size-large\"><img decoding=\"async\" width=\"1024\" height=\"576\" src=\"https:\/\/www.correiobraziliense.com.br\/cbradar\/wp-content\/uploads\/2025\/07\/looking-for_1753005848911-1024x576.jpg\" alt=\"\" class=\"wp-image-72674\" srcset=\"https:\/\/www.correiobraziliense.com.br\/cbradar\/wp-content\/uploads\/2025\/07\/looking-for_1753005848911-1024x576.jpg 1024w, https:\/\/www.correiobraziliense.com.br\/cbradar\/wp-content\/uploads\/2025\/07\/looking-for_1753005848911-300x169.jpg 300w, https:\/\/www.correiobraziliense.com.br\/cbradar\/wp-content\/uploads\/2025\/07\/looking-for_1753005848911-768x432.jpg 768w, https:\/\/www.correiobraziliense.com.br\/cbradar\/wp-content\/uploads\/2025\/07\/looking-for_1753005848911-750x422.jpg 750w, https:\/\/www.correiobraziliense.com.br\/cbradar\/wp-content\/uploads\/2025\/07\/looking-for_1753005848911-1140x641.jpg 1140w, https:\/\/www.correiobraziliense.com.br\/cbradar\/wp-content\/uploads\/2025\/07\/looking-for_1753005848911.jpg 1280w\" sizes=\"(max-width: 1024px) 100vw, 1024px\" \/><figcaption class=\"wp-element-caption\">Procurando \/\/ Cr\u00e9ditos: depositphotos.com \/ HayDmitriy<\/figcaption><\/figure><\/div>\n\n\n<h2 class=\"wp-block-heading\">Como o estresse pode influenciar?<\/h2>\n\n\n\n<p>Momentos de estresse, luto, cansa\u00e7o ou excesso de tarefas impactam diretamente nossa capacidade de aten\u00e7\u00e3o e mem\u00f3ria. Emocionalmente fragilizados, podemos n\u00e3o perceber nossos pr\u00f3prios atos rotineiros, como guardar chaves no bolso de uma jaqueta ou colocar \u00f3culos sobre a cabe\u00e7a.<\/p>\n\n\n\n<p><strong>A mente tenta funcionar no autom\u00e1tico para economizar energia, e isso abre espa\u00e7o para lapsos.<\/strong> Esses lapsos fazem com que percamos a no\u00e7\u00e3o do que foi feito com determinado objeto.<\/p>\n\n\n\n<h2 class=\"wp-block-heading\">Fen\u00f4menos f\u00edsicos e limita\u00e7\u00f5es da percep\u00e7\u00e3o<\/h2>\n\n\n\n<p>Al\u00e9m da mente, h\u00e1 fatores f\u00edsicos que interferem. Um objeto pode ter ca\u00eddo atr\u00e1s de m\u00f3veis, sido coberto por outros itens ou at\u00e9 mesmo movido por animais dom\u00e9sticos. \u00c0s vezes, nosso c\u00e9rebro simplesmente ignora o que est\u00e1 bem \u00e0 frente quando n\u00e3o est\u00e1 esperando encontr\u00e1-lo ali.<\/p>\n\n\n\n<p><strong>Esse fen\u00f4meno \u00e9 chamado de &#8220;cegueira por desaten\u00e7\u00e3o&#8221; e ocorre quando estamos focados em outra coisa.<\/strong> Ou seja, o objeto n\u00e3o desapareceu \u2014 apenas passou despercebido.<\/p>\n\n\n\n<h2 class=\"wp-block-heading\">Existem interpreta\u00e7\u00f5es espirituais e culturais?<\/h2>\n\n\n\n<p>Para algumas culturas e cren\u00e7as espirituais, o desaparecimento s\u00fabito de objetos pode ter significados m\u00edsticos. Fala-se em interfer\u00eancia de esp\u00edritos, portais energ\u00e9ticos e brincadeiras de seres elementais, como os duendes ou gnomos, que &#8220;escondem&#8221; objetos momentaneamente.<\/p>\n\n\n\n<p><strong>Essas cren\u00e7as n\u00e3o t\u00eam comprova\u00e7\u00e3o cient\u00edfica, mas podem oferecer conforto ou sentido para quem as vivencia.<\/strong> Para muitos, o reaparecimento s\u00fabito \u00e9 interpretado como um sinal ou mensagem do universo.<\/p>\n\n\n\n<h2 class=\"wp-block-heading\">Quando buscar ajuda profissional?<\/h2>\n\n\n\n<p>Se os epis\u00f3dios de desaparecimento forem muito frequentes e acompanhados de outros sinais como confus\u00e3o mental, esquecimentos constantes ou dificuldade de concentra\u00e7\u00e3o, \u00e9 recomend\u00e1vel procurar orienta\u00e7\u00e3o m\u00e9dica. Algumas condi\u00e7\u00f5es neurol\u00f3gicas ou psicol\u00f3gicas podem afetar diretamente a mem\u00f3ria e a percep\u00e7\u00e3o.<\/p>\n\n\n\n<p><strong>O diagn\u00f3stico precoce pode ajudar a tratar situa\u00e7\u00f5es que v\u00e3o al\u00e9m da simples distra\u00e7\u00e3o.<\/strong> Nesses casos, o sumi\u00e7o de objetos pode ser um sinal de alerta sobre a sa\u00fade mental ou cognitiva.<\/p>\n\n\n\n<h2 class=\"wp-block-heading\">Mist\u00e9rio ou distra\u00e7\u00e3o?<\/h2>\n\n\n\n<p>O desaparecimento de objetos costuma ser multifatorial. Pode envolver falhas de aten\u00e7\u00e3o, interfer\u00eancias f\u00edsicas, fatores emocionais ou at\u00e9 interpreta\u00e7\u00f5es espirituais. Seja qual for a origem, a experi\u00eancia \u00e9 desconcertante e, ao mesmo tempo, reveladora.<\/p>\n\n\n\n<p><strong>Esses epis\u00f3dios nos convidam a desacelerar, observar mais e prestar aten\u00e7\u00e3o ao presente.<\/strong> Ao cultivar mais consci\u00eancia no cotidiano, diminu\u00edmos as chances de que o inexplic\u00e1vel se torne rotina. E, quem sabe, at\u00e9 encontramos respostas onde menos esperamos.<\/p>\n","protected":false},"excerpt":{"rendered":"<p>Voc\u00ea j\u00e1 viveu a experi\u00eancia de procurar algo que estava \u201cali agora h\u00e1 pouco\u201d e, de repente, simplesmente sumiu? Por mais que revire o lugar, o objeto parece ter evaporado. Depois, horas ou dias mais tarde, ele reaparece no mesmo local onde voc\u00ea j\u00e1 havia procurado v\u00e1rias vezes. Isso \u00e9 mais comum do que se [&hellip;]<\/p>\n","protected":false},"author":8,"featured_media":72676,"comment_status":"open","ping_status":"open","sticky":false,"template":"","format":"standard","meta":{"_yoast_wpseo_focuskw":"o que","_yoast_wpseo_title":"","_yoast_wpseo_metadesc":"Quando as coisas desaparecem do nada, pode haver mais do que distra\u00e7\u00e3o envolvida. Entenda o que isso pode revelar sobre o ambiente e voc\u00ea.","jnews-multi-image_gallery":[],"jnews_single_post":{"format":"standard"},"jnews_primary_category":[],"jnews_social_meta":[],"jnews_override_counter":[],"footnotes":""},"categories":[112],"tags":[8419,8420,8421],"class_list":["post-72501","post","type-post","status-publish","format-standard","has-post-thumbnail","hentry","category-curiosidades","tag-coisas-sumirem","tag-objetos","tag-perder"],"yoast_head":"<!-- This site is optimized with the Yoast SEO plugin v24.6 - https:\/\/yoast.com\/wordpress\/plugins\/seo\/ -->\n<title>O que significa quando as coisas somem do nada em casa? - Correio Braziliense - Radar<\/title>\n<meta name=\"description\" content=\"Quando as coisas desaparecem do nada, pode haver mais do que distra\u00e7\u00e3o envolvida. Entenda o que isso pode revelar sobre o ambiente e voc\u00ea.\" \/>\n<meta name=\"robots\" content=\"index, follow, max-snippet:-1, max-image-preview:large, max-video-preview:-1\" \/>\n<link rel=\"canonical\" href=\"https:\/\/www.correiobraziliense.com.br\/cbradar\/o-que-significa-quando-as-coisas-somem-do-nada-em-casa\/\" \/>\n<meta property=\"og:locale\" content=\"pt_BR\" \/>\n<meta property=\"og:type\" content=\"article\" \/>\n<meta property=\"og:title\" content=\"O que significa quando as coisas somem do nada em casa? - Correio Braziliense - Radar\" \/>\n<meta property=\"og:description\" content=\"Quando as coisas desaparecem do nada, pode haver mais do que distra\u00e7\u00e3o envolvida. Entenda o que isso pode revelar sobre o ambiente e voc\u00ea.\" \/>\n<meta property=\"og:url\" content=\"https:\/\/www.correiobraziliense.com.br\/cbradar\/o-que-significa-quando-as-coisas-somem-do-nada-em-casa\/\" \/>\n<meta property=\"og:site_name\" content=\"Correio Braziliense - Radar\" \/>\n<meta property=\"article:published_time\" content=\"2025-07-21T18:23:00+00:00\" \/>\n<meta property=\"og:image\" content=\"https:\/\/www.correiobraziliense.com.br\/cbradar\/wp-content\/uploads\/2025\/07\/fazer-o-que_1753005954251.jpg\" \/>\n\t<meta property=\"og:image:width\" content=\"1280\" \/>\n\t<meta property=\"og:image:height\" content=\"720\" \/>\n\t<meta property=\"og:image:type\" content=\"image\/jpeg\" \/>\n<meta name=\"author\" content=\"Maura Pereira\" \/>\n<meta name=\"twitter:card\" content=\"summary_large_image\" \/>\n<meta name=\"twitter:label1\" content=\"Escrito por\" \/>\n\t<meta name=\"twitter:data1\" content=\"Maura Pereira\" \/>\n\t<meta name=\"twitter:label2\" content=\"Est. tempo de leitura\" \/>\n\t<meta name=\"twitter:data2\" content=\"4 minutos\" \/>\n<!-- \/ Yoast SEO plugin. -->","yoast_head_json":{"title":"O que significa quando as coisas somem do nada em casa? - Correio Braziliense - Radar","description":"Quando as coisas desaparecem do nada, pode haver mais do que distra\u00e7\u00e3o envolvida. Entenda o que isso pode revelar sobre o ambiente e voc\u00ea.","robots":{"index":"index","follow":"follow","max-snippet":"max-snippet:-1","max-image-preview":"max-image-preview:large","max-video-preview":"max-video-preview:-1"},"canonical":"https:\/\/www.correiobraziliense.com.br\/cbradar\/o-que-significa-quando-as-coisas-somem-do-nada-em-casa\/","og_locale":"pt_BR","og_type":"article","og_title":"O que significa quando as coisas somem do nada em casa? - Correio Braziliense - Radar","og_description":"Quando as coisas desaparecem do nada, pode haver mais do que distra\u00e7\u00e3o envolvida. Entenda o que isso pode revelar sobre o ambiente e voc\u00ea.","og_url":"https:\/\/www.correiobraziliense.com.br\/cbradar\/o-que-significa-quando-as-coisas-somem-do-nada-em-casa\/","og_site_name":"Correio Braziliense - Radar","article_published_time":"2025-07-21T18:23:00+00:00","og_image":[{"width":1280,"height":720,"url":"https:\/\/www.correiobraziliense.com.br\/cbradar\/wp-content\/uploads\/2025\/07\/fazer-o-que_1753005954251.jpg","type":"image\/jpeg"}],"author":"Maura Pereira","twitter_card":"summary_large_image","twitter_misc":{"Escrito por":"Maura Pereira","Est. tempo de leitura":"4 minutos"},"schema":{"@context":"https:\/\/schema.org","@graph":[{"@type":"WebPage","@id":"https:\/\/www.correiobraziliense.com.br\/cbradar\/o-que-significa-quando-as-coisas-somem-do-nada-em-casa\/","url":"https:\/\/www.correiobraziliense.com.br\/cbradar\/o-que-significa-quando-as-coisas-somem-do-nada-em-casa\/","name":"O que significa quando as coisas somem do nada em casa? - Correio Braziliense - Radar","isPartOf":{"@id":"https:\/\/www.correiobraziliense.com.br\/cbradar\/#website"},"primaryImageOfPage":{"@id":"https:\/\/www.correiobraziliense.com.br\/cbradar\/o-que-significa-quando-as-coisas-somem-do-nada-em-casa\/#primaryimage"},"image":{"@id":"https:\/\/www.correiobraziliense.com.br\/cbradar\/o-que-significa-quando-as-coisas-somem-do-nada-em-casa\/#primaryimage"},"thumbnailUrl":"https:\/\/www.correiobraziliense.com.br\/cbradar\/wp-content\/uploads\/2025\/07\/fazer-o-que_1753005954251.jpg","datePublished":"2025-07-21T18:23:00+00:00","author":{"@id":"https:\/\/www.correiobraziliense.com.br\/cbradar\/#\/schema\/person\/4053c651a9bfc785afc6f4cbc9032fd3"},"description":"Quando as coisas desaparecem do nada, pode haver mais do que distra\u00e7\u00e3o envolvida. Entenda o que isso pode revelar sobre o ambiente e voc\u00ea.","breadcrumb":{"@id":"https:\/\/www.correiobraziliense.com.br\/cbradar\/o-que-significa-quando-as-coisas-somem-do-nada-em-casa\/#breadcrumb"},"inLanguage":"pt-BR","potentialAction":[{"@type":"ReadAction","target":["https:\/\/www.correiobraziliense.com.br\/cbradar\/o-que-significa-quando-as-coisas-somem-do-nada-em-casa\/"]}]},{"@type":"ImageObject","inLanguage":"pt-BR","@id":"https:\/\/www.correiobraziliense.com.br\/cbradar\/o-que-significa-quando-as-coisas-somem-do-nada-em-casa\/#primaryimage","url":"https:\/\/www.correiobraziliense.com.br\/cbradar\/wp-content\/uploads\/2025\/07\/fazer-o-que_1753005954251.jpg","contentUrl":"https:\/\/www.correiobraziliense.com.br\/cbradar\/wp-content\/uploads\/2025\/07\/fazer-o-que_1753005954251.jpg","width":1280,"height":720,"caption":"\u201cFazer o qu\u00ea?\u201d \/\/ Cr\u00e9ditos: depositphotos.com \/ gpointstudio"},{"@type":"BreadcrumbList","@id":"https:\/\/www.correiobraziliense.com.br\/cbradar\/o-que-significa-quando-as-coisas-somem-do-nada-em-casa\/#breadcrumb","itemListElement":[{"@type":"ListItem","position":1,"name":"In\u00edcio","item":"https:\/\/www.correiobraziliense.com.br\/cbradar\/"},{"@type":"ListItem","position":2,"name":"O que significa quando as coisas somem do nada em casa?"}]},{"@type":"WebSite","@id":"https:\/\/www.correiobraziliense.com.br\/cbradar\/#website","url":"https:\/\/www.correiobraziliense.com.br\/cbradar\/","name":"Correio Braziliense - Radar","description":"Acompanhe as \u00faltimas not\u00edcias e fique bem informado sobre tudo o que acontece no Brasil e no mundo.","potentialAction":[{"@type":"SearchAction","target":{"@type":"EntryPoint","urlTemplate":"https:\/\/www.correiobraziliense.com.br\/cbradar\/?s={search_term_string}"},"query-input":{"@type":"PropertyValueSpecification","valueRequired":true,"valueName":"search_term_string"}}],"inLanguage":"pt-BR"},{"@type":"Person","@id":"https:\/\/www.correiobraziliense.com.br\/cbradar\/#\/schema\/person\/4053c651a9bfc785afc6f4cbc9032fd3","name":"Maura Pereira","image":{"@type":"ImageObject","inLanguage":"pt-BR","@id":"https:\/\/www.correiobraziliense.com.br\/cbradar\/#\/schema\/person\/image\/","url":"https:\/\/secure.gravatar.com\/avatar\/3effd6bdadfa447f15089c7f7144eaa6?s=96&d=mm&r=g","contentUrl":"https:\/\/secure.gravatar.com\/avatar\/3effd6bdadfa447f15089c7f7144eaa6?s=96&d=mm&r=g","caption":"Maura Pereira"},"sameAs":["https:\/\/www.correiobraziliense.com.br\/"],"url":"https:\/\/www.correiobraziliense.com.br\/cbradar\/author\/mauramyth\/"}]}},"_links":{"self":[{"href":"https:\/\/www.correiobraziliense.com.br\/cbradar\/wp-json\/wp\/v2\/posts\/72501","targetHints":{"allow":["GET"]}}],"collection":[{"href":"https:\/\/www.correiobraziliense.com.br\/cbradar\/wp-json\/wp\/v2\/posts"}],"about":[{"href":"https:\/\/www.correiobraziliense.com.br\/cbradar\/wp-json\/wp\/v2\/types\/post"}],"author":[{"embeddable":true,"href":"https:\/\/www.correiobraziliense.com.br\/cbradar\/wp-json\/wp\/v2\/users\/8"}],"replies":[{"embeddable":true,"href":"https:\/\/www.correiobraziliense.com.br\/cbradar\/wp-json\/wp\/v2\/comments?post=72501"}],"version-history":[{"count":11,"href":"https:\/\/www.correiobraziliense.com.br\/cbradar\/wp-json\/wp\/v2\/posts\/72501\/revisions"}],"predecessor-version":[{"id":72677,"href":"https:\/\/www.correiobraziliense.com.br\/cbradar\/wp-json\/wp\/v2\/posts\/72501\/revisions\/72677"}],"wp:featuredmedia":[{"embeddable":true,"href":"https:\/\/www.correiobraziliense.com.br\/cbradar\/wp-json\/wp\/v2\/media\/72676"}],"wp:attachment":[{"href":"https:\/\/www.correiobraziliense.com.br\/cbradar\/wp-json\/wp\/v2\/media?parent=72501"}],"wp:term":[{"taxonomy":"category","embeddable":true,"href":"https:\/\/www.correiobraziliense.com.br\/cbradar\/wp-json\/wp\/v2\/categories?post=72501"},{"taxonomy":"post_tag","embeddable":true,"href":"https:\/\/www.correiobraziliense.com.br\/cbradar\/wp-json\/wp\/v2\/tags?post=72501"}],"curies":[{"name":"wp","href":"https:\/\/api.w.org\/{rel}","templated":true}]}}