{"id":72543,"date":"2025-07-20T08:13:00","date_gmt":"2025-07-20T11:13:00","guid":{"rendered":"https:\/\/www.correiobraziliense.com.br\/cbradar\/?p=72543"},"modified":"2025-07-20T05:54:55","modified_gmt":"2025-07-20T08:54:55","slug":"o-que-significa-quando-pessoas-com-mais-de-65-anos-falam-sozinhas-de-acordo-com-a-psicologia","status":"publish","type":"post","link":"https:\/\/www.correiobraziliense.com.br\/cbradar\/o-que-significa-quando-pessoas-com-mais-de-65-anos-falam-sozinhas-de-acordo-com-a-psicologia\/","title":{"rendered":"O que significa quando pessoas com mais de 65 anos falam sozinhas, de acordo com a psicologia?"},"content":{"rendered":"\n<p>Falar sozinho \u00e9 um comportamento frequentemente observado em pessoas de diferentes faixas et\u00e1rias, especialmente entre idosos ap\u00f3s os 65 anos. Essa pr\u00e1tica costuma despertar d\u00favidas e preocupa\u00e7\u00f5es entre familiares, que muitas vezes se perguntam se ela est\u00e1 relacionada a sinais de decl\u00ednio mental. No entanto, conversar consigo mesmo pode ter diversas motiva\u00e7\u00f5es e, na maioria das situa\u00e7\u00f5es, n\u00e3o \u00e9 indicativo de problemas psicol\u00f3gicos graves.<\/p>\n\n\n\n<p>Entre os mais velhos, \u00e9 comum ver manifesta\u00e7\u00f5es desse tipo tanto no ambiente dom\u00e9stico quanto em espa\u00e7os p\u00fablicos. Muitos idosos verbalizam pensamentos enquanto realizam tarefas do cotidiano ou at\u00e9 mesmo ao interagir com animais de estima\u00e7\u00e3o. Esse h\u00e1bito pode estar ligado \u00e0 necessidade de auto-organiza\u00e7\u00e3o, ao enfrentamento da solid\u00e3o ou \u00e0 simples manuten\u00e7\u00e3o de uma rotina di\u00e1ria estruturada. Em cidades como <strong>S\u00e3o Paulo<\/strong> e <strong>Rio de Janeiro<\/strong>, o fen\u00f4meno \u00e9 observado em parques, pra\u00e7as e lares de idosos, onde a intera\u00e7\u00e3o social pode ser reduzida.<\/p>\n\n\n\n<h2 class=\"wp-block-heading\">Por que pessoas idosas falam sozinhas?<\/h2>\n\n\n\n<p><strong>A psicologia aponta diferentes raz\u00f5es para a tend\u00eancia de conversar consigo mesmo na terceira idade.<\/strong> Uma das explica\u00e7\u00f5es mais frequentes est\u00e1 associada ao isolamento, j\u00e1 que muitos idosos vivenciam uma diminui\u00e7\u00e3o das intera\u00e7\u00f5es sociais. Nesses casos, a fala pode servir como uma estrat\u00e9gia para lidar com a aus\u00eancia de di\u00e1logo.<\/p>\n\n\n\n<p>Al\u00e9m disso, falar sozinho contribui para a memoriza\u00e7\u00e3o de tarefas, organiza\u00e7\u00e3o dos pensamentos e at\u00e9 express\u00e3o das emo\u00e7\u00f5es. O ato de pronunciar ideias em voz alta facilita a recorda\u00e7\u00e3o de compromissos, como tomar medicamentos ou lembrar detalhes do cotidiano. Em experi\u00eancias acompanhadas por profissionais como o psic\u00f3logo <strong>Jos\u00e9 Fernandes<\/strong>, observa-se que, para alguns, \u00e9 tamb\u00e9m uma forma de encontrar seguran\u00e7a nas decis\u00f5es e expressar sentimentos reprimidos.<\/p>\n\n\n\n<p>Leia tamb\u00e9m: <a href=\"https:\/\/www.correiobraziliense.com.br\/cbradar\/5-sinais-que-revelam-que-voce-nao-e-uma-pessoa-confiante-segundo-a-psicologia\/\" target=\"_blank\" rel=\"noreferrer noopener\">5 sinais que revelam que voc\u00ea n\u00e3o \u00e9 uma pessoa confiante, segundo a psicologia<\/a><\/p>\n\n\n\n<h2 class=\"wp-block-heading\">Falar sozinho aos 65 anos \u00e9 sinal de doen\u00e7a?<\/h2>\n\n\n\n<p><strong>Muitos se perguntam se o ato de conversar consigo mesmo em voz alta pode ser um indicativo de doen\u00e7as cognitivas ou transtornos mentais.<\/strong> Contudo, especialistas destacam que essa conduta, por si s\u00f3, n\u00e3o representa um sinal inequ\u00edvoco de dem\u00eancia ou <strong>Alzheimer<\/strong>. <strong>O que deve ser observado \u00e9 a presen\u00e7a de outros sintomas associados<\/strong>, como conversas com interlocutores inexistentes, respostas a vozes imagin\u00e1rias ou altera\u00e7\u00e3o repentina de comportamento.<\/p>\n\n\n\n<ul class=\"wp-block-list\">\n<li>Conversas profundas com figuras imagin\u00e1rias<\/li>\n\n\n\n<li>Respostas a vozes que n\u00e3o est\u00e3o presentes<\/li>\n\n\n\n<li>Discursos incoerentes ou mudan\u00e7as bruscas de personalidade<\/li>\n\n\n\n<li>Aumento de ansiedade ou queixas constantes<\/li>\n<\/ul>\n\n\n\n<p>Esses sinais, especialmente se surgirem acompanhados do h\u00e1bito de falar sozinho, podem indicar a necessidade de avalia\u00e7\u00e3o profissional para descartar eventuais dist\u00farbios neurol\u00f3gicos. A observa\u00e7\u00e3o do contexto e da frequ\u00eancia \u00e9 fundamental para compreender se o comportamento est\u00e1 dentro da normalidade ou se exige aten\u00e7\u00e3o. Segundo a neurologista <strong>Maria Helena Prado<\/strong>, o acompanhamento precoce pode ajudar a identificar poss\u00edveis transtornos e assegurar um envelhecimento mais saud\u00e1vel em regi\u00f5es como <strong>Belo Horizonte<\/strong> ou <strong>Curitiba<\/strong>.<\/p>\n\n\n\n<figure class=\"wp-block-image size-large\"><img decoding=\"async\" width=\"1024\" height=\"576\" src=\"https:\/\/www.correiobraziliense.com.br\/cbradar\/wp-content\/uploads\/2025\/07\/idoso_1753001650411-1024x576.jpg\" alt=\"O que significa quando pessoas com mais de 65 anos falam sozinhas, de acordo com a psicologia?\" class=\"wp-image-72546\" srcset=\"https:\/\/www.correiobraziliense.com.br\/cbradar\/wp-content\/uploads\/2025\/07\/idoso_1753001650411-1024x576.jpg 1024w, https:\/\/www.correiobraziliense.com.br\/cbradar\/wp-content\/uploads\/2025\/07\/idoso_1753001650411-300x169.jpg 300w, https:\/\/www.correiobraziliense.com.br\/cbradar\/wp-content\/uploads\/2025\/07\/idoso_1753001650411-768x432.jpg 768w, https:\/\/www.correiobraziliense.com.br\/cbradar\/wp-content\/uploads\/2025\/07\/idoso_1753001650411-750x422.jpg 750w, https:\/\/www.correiobraziliense.com.br\/cbradar\/wp-content\/uploads\/2025\/07\/idoso_1753001650411-1140x641.jpg 1140w, https:\/\/www.correiobraziliense.com.br\/cbradar\/wp-content\/uploads\/2025\/07\/idoso_1753001650411.jpg 1280w\" sizes=\"(max-width: 1024px) 100vw, 1024px\" \/><figcaption class=\"wp-element-caption\">idoso. Cr\u00e9ditos: depositphotos.com \/ HayDmitriy<\/figcaption><\/figure>\n\n\n\n<h2 class=\"wp-block-heading\">Quais os poss\u00edveis benef\u00edcios dessa pr\u00e1tica segundo a psicologia?<\/h2>\n\n\n\n<p><strong>A psicologia reconhece que, em muitos casos, falar sozinho pode trazer vantagens para o bem-estar dos idosos.<\/strong> Trata-se de um recurso \u00fatil para estimular fun\u00e7\u00f5es cognitivas, organizar pensamentos e construir uma rotina mais aut\u00f4noma. Em situa\u00e7\u00f5es de ansiedade ou indecis\u00e3o, verbalizar ideias pode facilitar o autocontrole emocional, servindo como m\u00e9todo de autorregula\u00e7\u00e3o.<\/p>\n\n\n\n<ol class=\"wp-block-list\">\n<li>Aux\u00edlio na memoriza\u00e7\u00e3o de tarefas di\u00e1rias<\/li>\n\n\n\n<li>Organiza\u00e7\u00e3o de pensamentos e tomada de decis\u00e3o<\/li>\n\n\n\n<li>Redu\u00e7\u00e3o do impacto da solid\u00e3o e fortalecimento da identidade<\/li>\n\n\n\n<li>Promo\u00e7\u00e3o do equil\u00edbrio emocional ao expressar sentimentos<\/li>\n<\/ol>\n\n\n\n<p>Vale destacar que, para a maioria dos idosos, conversar consigo mesmo n\u00e3o implica nenhum risco, desde que n\u00e3o esteja associado a altera\u00e7\u00f5es comportamentais graves. Ao contr\u00e1rio, pode ser visto como uma estrat\u00e9gia saud\u00e1vel para lidar com os desafios e transforma\u00e7\u00f5es que acompanham o envelhecimento. De acordo com estudos realizados pela <strong>Universidade de Bras\u00edlia<\/strong>, esse h\u00e1bito pode inclusive melhorar a autoestima e a clareza nas decis\u00f5es cotidianas.<\/p>\n\n\n\n<p>Caso o h\u00e1bito de falar sozinho venha acompanhado de sintomas preocupantes, como mudan\u00e7as de humor ou perdas abruptas de mem\u00f3ria, recomenda-se procurar orienta\u00e7\u00e3o de um profissional da sa\u00fade. Nessas situa\u00e7\u00f5es, uma abordagem interdisciplinar pode contribuir para garantir a qualidade de vida e o apoio necess\u00e1rios ao idoso, segundo recomenda\u00e7\u00f5es da geriatra <strong>Clara Souza<\/strong>.<\/p>\n","protected":false},"excerpt":{"rendered":"<p>Falar sozinho \u00e9 comum entre idosos, mas ser\u00e1 que \u00e9 sinal de problema mental? Entenda as raz\u00f5es e benef\u00edcios desse h\u00e1bito e quando se preocupar.<\/p>\n","protected":false},"author":3,"featured_media":72545,"comment_status":"open","ping_status":"open","sticky":false,"template":"","format":"standard","meta":{"_yoast_wpseo_focuskw":"falar sozinho psicologia","_yoast_wpseo_title":"%%title%%","_yoast_wpseo_metadesc":"Falar sozinho \u00e9 comum entre idosos, mas ser\u00e1 que \u00e9 sinal de problema mental? Entenda as raz\u00f5es e benef\u00edcios desse h\u00e1bito e quando se preocupar.","jnews-multi-image_gallery":[],"jnews_single_post":{"format":"standard"},"jnews_primary_category":[],"jnews_social_meta":[],"jnews_override_counter":[],"footnotes":""},"categories":[112],"tags":[144,404],"class_list":["post-72543","post","type-post","status-publish","format-standard","has-post-thumbnail","hentry","category-curiosidades","tag-curiosidades","tag-psicologia"],"yoast_head":"<!-- This site is optimized with the Yoast SEO plugin v24.6 - https:\/\/yoast.com\/wordpress\/plugins\/seo\/ -->\n<title>O que significa quando pessoas com mais de 65 anos falam sozinhas, de acordo com a psicologia?<\/title>\n<meta name=\"description\" content=\"Falar sozinho \u00e9 comum entre idosos, mas ser\u00e1 que \u00e9 sinal de problema mental? Entenda as raz\u00f5es e benef\u00edcios desse h\u00e1bito e quando se preocupar.\" \/>\n<meta name=\"robots\" content=\"index, follow, max-snippet:-1, max-image-preview:large, max-video-preview:-1\" \/>\n<link rel=\"canonical\" href=\"https:\/\/www.correiobraziliense.com.br\/cbradar\/o-que-significa-quando-pessoas-com-mais-de-65-anos-falam-sozinhas-de-acordo-com-a-psicologia\/\" \/>\n<meta property=\"og:locale\" content=\"pt_BR\" \/>\n<meta property=\"og:type\" content=\"article\" \/>\n<meta property=\"og:title\" content=\"O que significa quando pessoas com mais de 65 anos falam sozinhas, de acordo com a psicologia?\" \/>\n<meta property=\"og:description\" content=\"Falar sozinho \u00e9 comum entre idosos, mas ser\u00e1 que \u00e9 sinal de problema mental? Entenda as raz\u00f5es e benef\u00edcios desse h\u00e1bito e quando se preocupar.\" \/>\n<meta property=\"og:url\" content=\"https:\/\/www.correiobraziliense.com.br\/cbradar\/o-que-significa-quando-pessoas-com-mais-de-65-anos-falam-sozinhas-de-acordo-com-a-psicologia\/\" \/>\n<meta property=\"og:site_name\" content=\"Correio Braziliense - Radar\" \/>\n<meta property=\"article:published_time\" content=\"2025-07-20T11:13:00+00:00\" \/>\n<meta property=\"og:image\" content=\"https:\/\/www.correiobraziliense.com.br\/cbradar\/wp-content\/uploads\/2025\/07\/falar-sozinho_1753001531264.jpg\" \/>\n\t<meta property=\"og:image:width\" content=\"1280\" \/>\n\t<meta property=\"og:image:height\" content=\"720\" \/>\n\t<meta property=\"og:image:type\" content=\"image\/jpeg\" \/>\n<meta name=\"author\" content=\"Larissa Carvalho\" \/>\n<meta name=\"twitter:card\" content=\"summary_large_image\" \/>\n<meta name=\"twitter:label1\" content=\"Escrito por\" \/>\n\t<meta name=\"twitter:data1\" content=\"Larissa Carvalho\" \/>\n\t<meta name=\"twitter:label2\" content=\"Est. tempo de leitura\" \/>\n\t<meta name=\"twitter:data2\" content=\"5 minutos\" \/>\n<!-- \/ Yoast SEO plugin. -->","yoast_head_json":{"title":"O que significa quando pessoas com mais de 65 anos falam sozinhas, de acordo com a psicologia?","description":"Falar sozinho \u00e9 comum entre idosos, mas ser\u00e1 que \u00e9 sinal de problema mental? Entenda as raz\u00f5es e benef\u00edcios desse h\u00e1bito e quando se preocupar.","robots":{"index":"index","follow":"follow","max-snippet":"max-snippet:-1","max-image-preview":"max-image-preview:large","max-video-preview":"max-video-preview:-1"},"canonical":"https:\/\/www.correiobraziliense.com.br\/cbradar\/o-que-significa-quando-pessoas-com-mais-de-65-anos-falam-sozinhas-de-acordo-com-a-psicologia\/","og_locale":"pt_BR","og_type":"article","og_title":"O que significa quando pessoas com mais de 65 anos falam sozinhas, de acordo com a psicologia?","og_description":"Falar sozinho \u00e9 comum entre idosos, mas ser\u00e1 que \u00e9 sinal de problema mental? Entenda as raz\u00f5es e benef\u00edcios desse h\u00e1bito e quando se preocupar.","og_url":"https:\/\/www.correiobraziliense.com.br\/cbradar\/o-que-significa-quando-pessoas-com-mais-de-65-anos-falam-sozinhas-de-acordo-com-a-psicologia\/","og_site_name":"Correio Braziliense - Radar","article_published_time":"2025-07-20T11:13:00+00:00","og_image":[{"width":1280,"height":720,"url":"https:\/\/www.correiobraziliense.com.br\/cbradar\/wp-content\/uploads\/2025\/07\/falar-sozinho_1753001531264.jpg","type":"image\/jpeg"}],"author":"Larissa Carvalho","twitter_card":"summary_large_image","twitter_misc":{"Escrito por":"Larissa Carvalho","Est. tempo de leitura":"5 minutos"},"schema":{"@context":"https:\/\/schema.org","@graph":[{"@type":"WebPage","@id":"https:\/\/www.correiobraziliense.com.br\/cbradar\/o-que-significa-quando-pessoas-com-mais-de-65-anos-falam-sozinhas-de-acordo-com-a-psicologia\/","url":"https:\/\/www.correiobraziliense.com.br\/cbradar\/o-que-significa-quando-pessoas-com-mais-de-65-anos-falam-sozinhas-de-acordo-com-a-psicologia\/","name":"O que significa quando pessoas com mais de 65 anos falam sozinhas, de acordo com a psicologia?","isPartOf":{"@id":"https:\/\/www.correiobraziliense.com.br\/cbradar\/#website"},"primaryImageOfPage":{"@id":"https:\/\/www.correiobraziliense.com.br\/cbradar\/o-que-significa-quando-pessoas-com-mais-de-65-anos-falam-sozinhas-de-acordo-com-a-psicologia\/#primaryimage"},"image":{"@id":"https:\/\/www.correiobraziliense.com.br\/cbradar\/o-que-significa-quando-pessoas-com-mais-de-65-anos-falam-sozinhas-de-acordo-com-a-psicologia\/#primaryimage"},"thumbnailUrl":"https:\/\/www.correiobraziliense.com.br\/cbradar\/wp-content\/uploads\/2025\/07\/falar-sozinho_1753001531264.jpg","datePublished":"2025-07-20T11:13:00+00:00","author":{"@id":"https:\/\/www.correiobraziliense.com.br\/cbradar\/#\/schema\/person\/58422787644df994b53a19d3e56c1513"},"description":"Falar sozinho \u00e9 comum entre idosos, mas ser\u00e1 que \u00e9 sinal de problema mental? Entenda as raz\u00f5es e benef\u00edcios desse h\u00e1bito e quando se preocupar.","breadcrumb":{"@id":"https:\/\/www.correiobraziliense.com.br\/cbradar\/o-que-significa-quando-pessoas-com-mais-de-65-anos-falam-sozinhas-de-acordo-com-a-psicologia\/#breadcrumb"},"inLanguage":"pt-BR","potentialAction":[{"@type":"ReadAction","target":["https:\/\/www.correiobraziliense.com.br\/cbradar\/o-que-significa-quando-pessoas-com-mais-de-65-anos-falam-sozinhas-de-acordo-com-a-psicologia\/"]}]},{"@type":"ImageObject","inLanguage":"pt-BR","@id":"https:\/\/www.correiobraziliense.com.br\/cbradar\/o-que-significa-quando-pessoas-com-mais-de-65-anos-falam-sozinhas-de-acordo-com-a-psicologia\/#primaryimage","url":"https:\/\/www.correiobraziliense.com.br\/cbradar\/wp-content\/uploads\/2025\/07\/falar-sozinho_1753001531264.jpg","contentUrl":"https:\/\/www.correiobraziliense.com.br\/cbradar\/wp-content\/uploads\/2025\/07\/falar-sozinho_1753001531264.jpg","width":1280,"height":720,"caption":"falar sozinho. Cr\u00e9ditos: depositphotos.com \/ kenhurst"},{"@type":"BreadcrumbList","@id":"https:\/\/www.correiobraziliense.com.br\/cbradar\/o-que-significa-quando-pessoas-com-mais-de-65-anos-falam-sozinhas-de-acordo-com-a-psicologia\/#breadcrumb","itemListElement":[{"@type":"ListItem","position":1,"name":"In\u00edcio","item":"https:\/\/www.correiobraziliense.com.br\/cbradar\/"},{"@type":"ListItem","position":2,"name":"O que significa quando pessoas com mais de 65 anos falam sozinhas, de acordo com a psicologia?"}]},{"@type":"WebSite","@id":"https:\/\/www.correiobraziliense.com.br\/cbradar\/#website","url":"https:\/\/www.correiobraziliense.com.br\/cbradar\/","name":"Correio Braziliense - Radar","description":"Acompanhe as \u00faltimas not\u00edcias e fique bem informado sobre tudo o que acontece no Brasil e no mundo.","potentialAction":[{"@type":"SearchAction","target":{"@type":"EntryPoint","urlTemplate":"https:\/\/www.correiobraziliense.com.br\/cbradar\/?s={search_term_string}"},"query-input":{"@type":"PropertyValueSpecification","valueRequired":true,"valueName":"search_term_string"}}],"inLanguage":"pt-BR"},{"@type":"Person","@id":"https:\/\/www.correiobraziliense.com.br\/cbradar\/#\/schema\/person\/58422787644df994b53a19d3e56c1513","name":"Larissa Carvalho","image":{"@type":"ImageObject","inLanguage":"pt-BR","@id":"https:\/\/www.correiobraziliense.com.br\/cbradar\/#\/schema\/person\/image\/","url":"https:\/\/secure.gravatar.com\/avatar\/fe4f91a0de32b52a838d0d612abdc1aa?s=96&d=mm&r=g","contentUrl":"https:\/\/secure.gravatar.com\/avatar\/fe4f91a0de32b52a838d0d612abdc1aa?s=96&d=mm&r=g","caption":"Larissa Carvalho"},"url":"https:\/\/www.correiobraziliense.com.br\/cbradar\/author\/larissamyth\/"}]}},"_links":{"self":[{"href":"https:\/\/www.correiobraziliense.com.br\/cbradar\/wp-json\/wp\/v2\/posts\/72543","targetHints":{"allow":["GET"]}}],"collection":[{"href":"https:\/\/www.correiobraziliense.com.br\/cbradar\/wp-json\/wp\/v2\/posts"}],"about":[{"href":"https:\/\/www.correiobraziliense.com.br\/cbradar\/wp-json\/wp\/v2\/types\/post"}],"author":[{"embeddable":true,"href":"https:\/\/www.correiobraziliense.com.br\/cbradar\/wp-json\/wp\/v2\/users\/3"}],"replies":[{"embeddable":true,"href":"https:\/\/www.correiobraziliense.com.br\/cbradar\/wp-json\/wp\/v2\/comments?post=72543"}],"version-history":[{"count":2,"href":"https:\/\/www.correiobraziliense.com.br\/cbradar\/wp-json\/wp\/v2\/posts\/72543\/revisions"}],"predecessor-version":[{"id":72547,"href":"https:\/\/www.correiobraziliense.com.br\/cbradar\/wp-json\/wp\/v2\/posts\/72543\/revisions\/72547"}],"wp:featuredmedia":[{"embeddable":true,"href":"https:\/\/www.correiobraziliense.com.br\/cbradar\/wp-json\/wp\/v2\/media\/72545"}],"wp:attachment":[{"href":"https:\/\/www.correiobraziliense.com.br\/cbradar\/wp-json\/wp\/v2\/media?parent=72543"}],"wp:term":[{"taxonomy":"category","embeddable":true,"href":"https:\/\/www.correiobraziliense.com.br\/cbradar\/wp-json\/wp\/v2\/categories?post=72543"},{"taxonomy":"post_tag","embeddable":true,"href":"https:\/\/www.correiobraziliense.com.br\/cbradar\/wp-json\/wp\/v2\/tags?post=72543"}],"curies":[{"name":"wp","href":"https:\/\/api.w.org\/{rel}","templated":true}]}}