{"id":72564,"date":"2025-07-20T11:13:00","date_gmt":"2025-07-20T14:13:00","guid":{"rendered":"https:\/\/www.correiobraziliense.com.br\/cbradar\/?p=72564"},"modified":"2025-07-20T06:10:03","modified_gmt":"2025-07-20T09:10:03","slug":"o-que-significa-fazer-um-traco-embaixo-da-propria-assinatura-segundo-a-psicologia","status":"publish","type":"post","link":"https:\/\/www.correiobraziliense.com.br\/cbradar\/o-que-significa-fazer-um-traco-embaixo-da-propria-assinatura-segundo-a-psicologia\/","title":{"rendered":"O que significa fazer um tra\u00e7o embaixo da pr\u00f3pria assinatura, segundo a psicologia"},"content":{"rendered":"\n<p>A forma como cada pessoa assina pode trazer diversas informa\u00e7\u00f5es valiosas sobre sua personalidade e modo de enxergar a si mesma. Detalhes aparentemente simples, como o tra\u00e7o feito abaixo do nome na assinatura, s\u00e3o frequentemente analisados por estudiosos do comportamento e especialistas em grafologia, a ci\u00eancia que investiga a rela\u00e7\u00e3o entre escrita e caracter\u00edsticas individuais. Embora nem sempre conscientes dessas decis\u00f5es, muita gente acaba expressando emo\u00e7\u00f5es ou tra\u00e7os marcantes de sua identidade ao colocar seu nome no papel.<\/p>\n\n\n\n<p>Esse olhar para a assinatura ultrapassa o campo da est\u00e9tica ou da formalidade. O ato de assinar faz parte da rotina de milhares de pessoas e, ao longo da vida, desenvolve-se uma maneira pr\u00f3pria de realizar esse gesto. O que a maioria desconhece \u00e9 que detalhes espec\u00edficos de uma assinatura, como o sublinhado, tamanho das letras e a dire\u00e7\u00e3o dos tra\u00e7os, podem ser interpretados como ind\u00edcios do modo como a pessoa se relaciona com o mundo e com os outros.<\/p>\n\n\n\n<h2 class=\"wp-block-heading\">O que representa o tra\u00e7o sob o nome na assinatura?<\/h2>\n\n\n\n<p><strong>O tra\u00e7o sob o nome \u00e9 um dos elementos mais analisados na grafologia e pode fornecer pistas valiosas sobre a personalidade de cada indiv\u00edduo.<\/strong> Um dos aspectos que costuma chamar aten\u00e7\u00e3o na an\u00e1lise de assinaturas \u00e9 o tra\u00e7o horizontal logo abaixo do nome. Esse elemento n\u00e3o surge por acaso: ele costuma refletir uma necessidade de valoriza\u00e7\u00e3o da pr\u00f3pria identidade. Por exemplo, um <strong>tra\u00e7o firme e reto<\/strong> pode sugerir que a pessoa procura afirmar sua presen\u00e7a, mostrando autoconfian\u00e7a. Em outras situa\u00e7\u00f5es, quando a linha se inclina para cima ou para baixo, a interpreta\u00e7\u00e3o pode variar. Se o tra\u00e7o acompanha uma dire\u00e7\u00e3o ascendente, pode denotar otimismo e disposi\u00e7\u00e3o em rela\u00e7\u00e3o ao futuro. J\u00e1 o tra\u00e7o descendente pode indicar momentos de inseguran\u00e7a ou tend\u00eancia a se retrair frente a desafios.<\/p>\n\n\n\n<p>Na grafologia, outros detalhes do sublinhado tamb\u00e9m s\u00e3o relevantes. Um tra\u00e7o que cruza ou corta o nome pode ser entendido como reflexo de conflitos internos ou d\u00favidas em rela\u00e7\u00e3o \u00e0 autoimagem. E n\u00e3o \u00e9 apenas o fato de existir um tra\u00e7o; o formato, a intensidade e o local onde ele aparece comp\u00f5em um verdadeiro campo de estudo para quem investiga o comportamento humano por meio da escrita. Al\u00e9m disso, estudos recentes realizados por profissionais em cidades como <strong>S\u00e3o Paulo<\/strong> e <strong>Rio de Janeiro<\/strong> analisaram assinaturas de figuras p\u00fablicas, como <strong>Pel\u00e9<\/strong> e <strong>Clarice Lispector<\/strong>, para ilustrar como a presen\u00e7a e o formato do tra\u00e7o podem estar ligados a diferentes momentos da vida ou contextos culturais.<\/p>\n\n\n\n<h2 class=\"wp-block-heading\">Al\u00e9m do tra\u00e7o: o que mais a assinatura revela sobre a personalidade?<\/h2>\n\n\n\n<p><strong>O conjunto de elementos presentes em uma assinatura pode compor um retrato mais amplo das caracter\u00edsticas individuais.<\/strong> Para compreender melhor o significado da assinatura, \u00e9 importante observar outros elementos, como o tamanho das letras, a inclina\u00e7\u00e3o, a press\u00e3o feita ao escrever e at\u00e9 a regularidade do movimento. Uma assinatura de letras grandes, com curvas amplas e bastante espa\u00e7amento, geralmente est\u00e1 ligada a perfis expansivos, comunicativos e abertos a novas experi\u00eancias. Por outro lado, assinaturas pequenas, com tra\u00e7os mais fechados e linhas sobrepostas, podem indicar desejo de discri\u00e7\u00e3o, reserva ou preocupa\u00e7\u00e3o com privacidade.<\/p>\n\n\n\n<p>Especialistas em grafologia costumam ressaltar a import\u00e2ncia de considerar o contexto global na an\u00e1lise. Cada assinatura \u00e9 \u00fanica e pode carregar influ\u00eancias culturais, sociais e profissionais que impactam a maneira como um nome \u00e9 registrado. A regularidade e a const\u00e2ncia do gesto, assim como a espontaneidade do tra\u00e7ado, contribuem para uma avalia\u00e7\u00e3o mais precisa do perfil comportamental de cada indiv\u00edduo. Famosos como <strong>Anitta<\/strong> e <strong>Chico Buarque<\/strong> j\u00e1 tiveram suas assinaturas analisadas por grafologistas, revelando reflexos de suas personalidades p\u00fablicas no modo como assinam.<\/p>\n\n\n\n<figure class=\"wp-block-image size-large\"><img decoding=\"async\" width=\"1024\" height=\"576\" src=\"https:\/\/www.correiobraziliense.com.br\/cbradar\/wp-content\/uploads\/2025\/07\/assinatura_1753002464791-1024x576.jpg\" alt=\"O que significa fazer um tra\u00e7o embaixo da pr\u00f3pria assinatura, segundo a psicologia\" class=\"wp-image-72567\" srcset=\"https:\/\/www.correiobraziliense.com.br\/cbradar\/wp-content\/uploads\/2025\/07\/assinatura_1753002464791-1024x576.jpg 1024w, https:\/\/www.correiobraziliense.com.br\/cbradar\/wp-content\/uploads\/2025\/07\/assinatura_1753002464791-300x169.jpg 300w, https:\/\/www.correiobraziliense.com.br\/cbradar\/wp-content\/uploads\/2025\/07\/assinatura_1753002464791-768x432.jpg 768w, https:\/\/www.correiobraziliense.com.br\/cbradar\/wp-content\/uploads\/2025\/07\/assinatura_1753002464791-750x422.jpg 750w, https:\/\/www.correiobraziliense.com.br\/cbradar\/wp-content\/uploads\/2025\/07\/assinatura_1753002464791-1140x641.jpg 1140w, https:\/\/www.correiobraziliense.com.br\/cbradar\/wp-content\/uploads\/2025\/07\/assinatura_1753002464791.jpg 1280w\" sizes=\"(max-width: 1024px) 100vw, 1024px\" \/><figcaption class=\"wp-element-caption\">assinatura. Cr\u00e9ditos: depositphotos.com \/ IgorTishenko<\/figcaption><\/figure>\n\n\n\n<h2 class=\"wp-block-heading\">Por que pequenos detalhes na assinatura afetam a forma de ver e ser visto?<\/h2>\n\n\n\n<p><strong>Pequenos detalhes na assinatura influenciam de forma significativa a percep\u00e7\u00e3o social e pessoal.<\/strong> A assinatura \u00e9, h\u00e1 s\u00e9culos, um s\u00edmbolo pessoal e intransfer\u00edvel. Mesmo diante do avan\u00e7o da tecnologia e dos meios digitais, ela segue sendo interpretada como um reflexo direto da forma como algu\u00e9m deseja ser percebido \u2013 seja em documentos, contratos ou obras de arte. O nome sublinhado, o desenho escolhido, a intensidade do tra\u00e7o, todos esses detalhes servem como uma &#8220;porta de entrada&#8221; para observadores atentos \u00e0s sutilezas do comportamento humano.<\/p>\n\n\n\n<ul class=\"wp-block-list\">\n<li><strong>Tra\u00e7o reto e vigoroso:<\/strong> pode indicar autoconfian\u00e7a.<\/li>\n\n\n\n<li><strong>Linha ascendente:<\/strong> sugere otimismo.<\/li>\n\n\n\n<li><strong>Linha descendente:<\/strong> pode estar relacionada \u00e0 inseguran\u00e7a.<\/li>\n\n\n\n<li><strong>Assinatura grande:<\/strong> perfil expansivo ou extrovertido.<\/li>\n\n\n\n<li><strong>Assinatura pequena e compacta:<\/strong> reserva ou cautela.<\/li>\n<\/ul>\n\n\n\n<p>A an\u00e1lise dessas particularidades pode fornecer recursos valiosos para profissionais de \u00e1reas como psicologia, recursos humanos e educa\u00e7\u00e3o. Al\u00e9m disso, possibilita que cada pessoa reflita sobre a imagem que deseja projetar nas quest\u00f5es cotidianas. Compreender a assinatura n\u00e3o significa se prender a um diagn\u00f3stico fechado, mas sim explorar nuances sutis que colaboram para a leitura do universo interno de cada indiv\u00edduo.<\/p>\n\n\n\n<p>Por fim, mesmo que a assinatura pare\u00e7a apenas um h\u00e1bito rotineiro, ela continua carregando uma fun\u00e7\u00e3o simb\u00f3lica relevante, sendo capaz de revelar muito al\u00e9m do que o olhar desatento percebe. Assim, o modo como cada pessoa risca o pr\u00f3prio nome permanece como um convite ao autoconhecimento e \u00e0 aprecia\u00e7\u00e3o das singularidades humanas. De exemplos ic\u00f4nicos como <strong>Oscar Niemeyer<\/strong> a escritores como <strong>Paulo Coelho<\/strong>, o modo de assinar ajuda a construir a identidade, tanto pessoal quanto hist\u00f3rica, marcando a presen\u00e7a de cada indiv\u00edduo em diferentes contextos sociais e culturais.<\/p>\n","protected":false},"excerpt":{"rendered":"<p>Entenda como a forma de assinar pode revelar tra\u00e7os de sua personalidade e como isso afeta a percep\u00e7\u00e3o dos outros.<\/p>\n","protected":false},"author":3,"featured_media":72566,"comment_status":"open","ping_status":"open","sticky":false,"template":"","format":"standard","meta":{"_yoast_wpseo_focuskw":"tra\u00e7o embaixo assinatura","_yoast_wpseo_title":"%%title%%","_yoast_wpseo_metadesc":"Entenda como a forma de assinar pode revelar tra\u00e7os de sua personalidade e como isso afeta a percep\u00e7\u00e3o dos outros.","jnews-multi-image_gallery":[],"jnews_single_post":{"format":"standard"},"jnews_primary_category":[],"jnews_social_meta":[],"jnews_override_counter":[],"footnotes":""},"categories":[112],"tags":[144,404],"class_list":["post-72564","post","type-post","status-publish","format-standard","has-post-thumbnail","hentry","category-curiosidades","tag-curiosidades","tag-psicologia"],"yoast_head":"<!-- This site is optimized with the Yoast SEO plugin v24.6 - https:\/\/yoast.com\/wordpress\/plugins\/seo\/ -->\n<title>O que significa fazer um tra\u00e7o embaixo da pr\u00f3pria assinatura, segundo a psicologia<\/title>\n<meta name=\"description\" content=\"Entenda como a forma de assinar pode revelar tra\u00e7os de sua personalidade e como isso afeta a percep\u00e7\u00e3o dos outros.\" \/>\n<meta name=\"robots\" content=\"index, follow, max-snippet:-1, max-image-preview:large, max-video-preview:-1\" \/>\n<link rel=\"canonical\" href=\"https:\/\/www.correiobraziliense.com.br\/cbradar\/o-que-significa-fazer-um-traco-embaixo-da-propria-assinatura-segundo-a-psicologia\/\" \/>\n<meta property=\"og:locale\" content=\"pt_BR\" \/>\n<meta property=\"og:type\" content=\"article\" \/>\n<meta property=\"og:title\" content=\"O que significa fazer um tra\u00e7o embaixo da pr\u00f3pria assinatura, segundo a psicologia\" \/>\n<meta property=\"og:description\" content=\"Entenda como a forma de assinar pode revelar tra\u00e7os de sua personalidade e como isso afeta a percep\u00e7\u00e3o dos outros.\" \/>\n<meta property=\"og:url\" content=\"https:\/\/www.correiobraziliense.com.br\/cbradar\/o-que-significa-fazer-um-traco-embaixo-da-propria-assinatura-segundo-a-psicologia\/\" \/>\n<meta property=\"og:site_name\" content=\"Correio Braziliense - Radar\" \/>\n<meta property=\"article:published_time\" content=\"2025-07-20T14:13:00+00:00\" \/>\n<meta property=\"og:image\" content=\"https:\/\/www.correiobraziliense.com.br\/cbradar\/wp-content\/uploads\/2025\/07\/assinatura_1753002435467.jpg\" \/>\n\t<meta property=\"og:image:width\" content=\"1280\" \/>\n\t<meta property=\"og:image:height\" content=\"720\" \/>\n\t<meta property=\"og:image:type\" content=\"image\/jpeg\" \/>\n<meta name=\"author\" content=\"Larissa Carvalho\" \/>\n<meta name=\"twitter:card\" content=\"summary_large_image\" \/>\n<meta name=\"twitter:label1\" content=\"Escrito por\" \/>\n\t<meta name=\"twitter:data1\" content=\"Larissa Carvalho\" \/>\n\t<meta name=\"twitter:label2\" content=\"Est. tempo de leitura\" \/>\n\t<meta name=\"twitter:data2\" content=\"6 minutos\" \/>\n<!-- \/ Yoast SEO plugin. -->","yoast_head_json":{"title":"O que significa fazer um tra\u00e7o embaixo da pr\u00f3pria assinatura, segundo a psicologia","description":"Entenda como a forma de assinar pode revelar tra\u00e7os de sua personalidade e como isso afeta a percep\u00e7\u00e3o dos outros.","robots":{"index":"index","follow":"follow","max-snippet":"max-snippet:-1","max-image-preview":"max-image-preview:large","max-video-preview":"max-video-preview:-1"},"canonical":"https:\/\/www.correiobraziliense.com.br\/cbradar\/o-que-significa-fazer-um-traco-embaixo-da-propria-assinatura-segundo-a-psicologia\/","og_locale":"pt_BR","og_type":"article","og_title":"O que significa fazer um tra\u00e7o embaixo da pr\u00f3pria assinatura, segundo a psicologia","og_description":"Entenda como a forma de assinar pode revelar tra\u00e7os de sua personalidade e como isso afeta a percep\u00e7\u00e3o dos outros.","og_url":"https:\/\/www.correiobraziliense.com.br\/cbradar\/o-que-significa-fazer-um-traco-embaixo-da-propria-assinatura-segundo-a-psicologia\/","og_site_name":"Correio Braziliense - Radar","article_published_time":"2025-07-20T14:13:00+00:00","og_image":[{"width":1280,"height":720,"url":"https:\/\/www.correiobraziliense.com.br\/cbradar\/wp-content\/uploads\/2025\/07\/assinatura_1753002435467.jpg","type":"image\/jpeg"}],"author":"Larissa Carvalho","twitter_card":"summary_large_image","twitter_misc":{"Escrito por":"Larissa Carvalho","Est. tempo de leitura":"6 minutos"},"schema":{"@context":"https:\/\/schema.org","@graph":[{"@type":"WebPage","@id":"https:\/\/www.correiobraziliense.com.br\/cbradar\/o-que-significa-fazer-um-traco-embaixo-da-propria-assinatura-segundo-a-psicologia\/","url":"https:\/\/www.correiobraziliense.com.br\/cbradar\/o-que-significa-fazer-um-traco-embaixo-da-propria-assinatura-segundo-a-psicologia\/","name":"O que significa fazer um tra\u00e7o embaixo da pr\u00f3pria assinatura, segundo a psicologia","isPartOf":{"@id":"https:\/\/www.correiobraziliense.com.br\/cbradar\/#website"},"primaryImageOfPage":{"@id":"https:\/\/www.correiobraziliense.com.br\/cbradar\/o-que-significa-fazer-um-traco-embaixo-da-propria-assinatura-segundo-a-psicologia\/#primaryimage"},"image":{"@id":"https:\/\/www.correiobraziliense.com.br\/cbradar\/o-que-significa-fazer-um-traco-embaixo-da-propria-assinatura-segundo-a-psicologia\/#primaryimage"},"thumbnailUrl":"https:\/\/www.correiobraziliense.com.br\/cbradar\/wp-content\/uploads\/2025\/07\/assinatura_1753002435467.jpg","datePublished":"2025-07-20T14:13:00+00:00","author":{"@id":"https:\/\/www.correiobraziliense.com.br\/cbradar\/#\/schema\/person\/58422787644df994b53a19d3e56c1513"},"description":"Entenda como a forma de assinar pode revelar tra\u00e7os de sua personalidade e como isso afeta a percep\u00e7\u00e3o dos outros.","breadcrumb":{"@id":"https:\/\/www.correiobraziliense.com.br\/cbradar\/o-que-significa-fazer-um-traco-embaixo-da-propria-assinatura-segundo-a-psicologia\/#breadcrumb"},"inLanguage":"pt-BR","potentialAction":[{"@type":"ReadAction","target":["https:\/\/www.correiobraziliense.com.br\/cbradar\/o-que-significa-fazer-um-traco-embaixo-da-propria-assinatura-segundo-a-psicologia\/"]}]},{"@type":"ImageObject","inLanguage":"pt-BR","@id":"https:\/\/www.correiobraziliense.com.br\/cbradar\/o-que-significa-fazer-um-traco-embaixo-da-propria-assinatura-segundo-a-psicologia\/#primaryimage","url":"https:\/\/www.correiobraziliense.com.br\/cbradar\/wp-content\/uploads\/2025\/07\/assinatura_1753002435467.jpg","contentUrl":"https:\/\/www.correiobraziliense.com.br\/cbradar\/wp-content\/uploads\/2025\/07\/assinatura_1753002435467.jpg","width":1280,"height":720,"caption":"assinatura. Cr\u00e9ditos: depositphotos.com \/ IgorTishenko"},{"@type":"BreadcrumbList","@id":"https:\/\/www.correiobraziliense.com.br\/cbradar\/o-que-significa-fazer-um-traco-embaixo-da-propria-assinatura-segundo-a-psicologia\/#breadcrumb","itemListElement":[{"@type":"ListItem","position":1,"name":"In\u00edcio","item":"https:\/\/www.correiobraziliense.com.br\/cbradar\/"},{"@type":"ListItem","position":2,"name":"O que significa fazer um tra\u00e7o embaixo da pr\u00f3pria assinatura, segundo a psicologia"}]},{"@type":"WebSite","@id":"https:\/\/www.correiobraziliense.com.br\/cbradar\/#website","url":"https:\/\/www.correiobraziliense.com.br\/cbradar\/","name":"Correio Braziliense - Radar","description":"Acompanhe as \u00faltimas not\u00edcias e fique bem informado sobre tudo o que acontece no Brasil e no mundo.","potentialAction":[{"@type":"SearchAction","target":{"@type":"EntryPoint","urlTemplate":"https:\/\/www.correiobraziliense.com.br\/cbradar\/?s={search_term_string}"},"query-input":{"@type":"PropertyValueSpecification","valueRequired":true,"valueName":"search_term_string"}}],"inLanguage":"pt-BR"},{"@type":"Person","@id":"https:\/\/www.correiobraziliense.com.br\/cbradar\/#\/schema\/person\/58422787644df994b53a19d3e56c1513","name":"Larissa Carvalho","image":{"@type":"ImageObject","inLanguage":"pt-BR","@id":"https:\/\/www.correiobraziliense.com.br\/cbradar\/#\/schema\/person\/image\/","url":"https:\/\/secure.gravatar.com\/avatar\/fe4f91a0de32b52a838d0d612abdc1aa?s=96&d=mm&r=g","contentUrl":"https:\/\/secure.gravatar.com\/avatar\/fe4f91a0de32b52a838d0d612abdc1aa?s=96&d=mm&r=g","caption":"Larissa Carvalho"},"url":"https:\/\/www.correiobraziliense.com.br\/cbradar\/author\/larissamyth\/"}]}},"_links":{"self":[{"href":"https:\/\/www.correiobraziliense.com.br\/cbradar\/wp-json\/wp\/v2\/posts\/72564","targetHints":{"allow":["GET"]}}],"collection":[{"href":"https:\/\/www.correiobraziliense.com.br\/cbradar\/wp-json\/wp\/v2\/posts"}],"about":[{"href":"https:\/\/www.correiobraziliense.com.br\/cbradar\/wp-json\/wp\/v2\/types\/post"}],"author":[{"embeddable":true,"href":"https:\/\/www.correiobraziliense.com.br\/cbradar\/wp-json\/wp\/v2\/users\/3"}],"replies":[{"embeddable":true,"href":"https:\/\/www.correiobraziliense.com.br\/cbradar\/wp-json\/wp\/v2\/comments?post=72564"}],"version-history":[{"count":2,"href":"https:\/\/www.correiobraziliense.com.br\/cbradar\/wp-json\/wp\/v2\/posts\/72564\/revisions"}],"predecessor-version":[{"id":72568,"href":"https:\/\/www.correiobraziliense.com.br\/cbradar\/wp-json\/wp\/v2\/posts\/72564\/revisions\/72568"}],"wp:featuredmedia":[{"embeddable":true,"href":"https:\/\/www.correiobraziliense.com.br\/cbradar\/wp-json\/wp\/v2\/media\/72566"}],"wp:attachment":[{"href":"https:\/\/www.correiobraziliense.com.br\/cbradar\/wp-json\/wp\/v2\/media?parent=72564"}],"wp:term":[{"taxonomy":"category","embeddable":true,"href":"https:\/\/www.correiobraziliense.com.br\/cbradar\/wp-json\/wp\/v2\/categories?post=72564"},{"taxonomy":"post_tag","embeddable":true,"href":"https:\/\/www.correiobraziliense.com.br\/cbradar\/wp-json\/wp\/v2\/tags?post=72564"}],"curies":[{"name":"wp","href":"https:\/\/api.w.org\/{rel}","templated":true}]}}