{"id":72595,"date":"2025-07-20T16:03:00","date_gmt":"2025-07-20T19:03:00","guid":{"rendered":"https:\/\/www.correiobraziliense.com.br\/cbradar\/?p=72595"},"modified":"2025-07-20T06:28:12","modified_gmt":"2025-07-20T09:28:12","slug":"a-missao-que-pode-mudar-tudo-o-que-sabemos-sobre-tempestades-solares","status":"publish","type":"post","link":"https:\/\/www.correiobraziliense.com.br\/cbradar\/a-missao-que-pode-mudar-tudo-o-que-sabemos-sobre-tempestades-solares\/","title":{"rendered":"A miss\u00e3o que pode mudar tudo o que sabemos sobre tempestades solares"},"content":{"rendered":"\n<p>O estudo das tempestades magn\u00e9ticas e seu impacto na atmosfera terrestre ganhou um novo cap\u00edtulo com o lan\u00e7amento da miss\u00e3o <strong>TRACERS<\/strong>, sigla para <strong>Tandem Reconnection and Cusp Electrodynamics Reconnaissance Satellites<\/strong>. Composta por dois sat\u00e9lites que operar\u00e3o em \u00f3rbita baixa ao redor do planeta, a miss\u00e3o tem como alvo investigar a din\u00e2mica das regi\u00f5es polares, conhecidas como c\u00faspides magn\u00e9ticas, onde as linhas de campo do planeta mergulham para dentro dos polos magn\u00e9ticos. Esse fen\u00f4meno facilita a entrada de part\u00edculas solares na alta atmosfera, tornando o local estrat\u00e9gico para pesquisas sobre o clima espacial.<\/p>\n\n\n\n<p>O projeto <strong>TRACERS<\/strong>, que deve ser lan\u00e7ado em 2025, representa um avan\u00e7o ao permitir observa\u00e7\u00f5es quase simult\u00e2neas em pontos pr\u00f3ximos dessas regi\u00f5es, gra\u00e7as \u00e0 opera\u00e7\u00e3o em tandem das duas espa\u00e7onaves. Historicamente, a an\u00e1lise de processos como a reconex\u00e3o magn\u00e9tica era limitada por dados pontuais e espa\u00e7ados, dificultando a compreens\u00e3o das varia\u00e7\u00f5es temporais e espaciais desses fen\u00f4menos. Com dois sat\u00e9lites seguindo trajet\u00f3rias quase sobrepostas, ser\u00e1 poss\u00edvel comparar medidas obtidas em curto intervalo e determinar com maior precis\u00e3o a evolu\u00e7\u00e3o dos eventos observados.<\/p>\n\n\n\n<h2 class=\"wp-block-heading\">Por que tempestades magn\u00e9ticas s\u00e3o importantes para a Terra?<\/h2>\n\n\n\n<p><strong>Tempestades magn\u00e9ticas s\u00e3o extremamente relevantes para o nosso planeta porque resultam, em grande parte, da intera\u00e7\u00e3o entre o vento solar \u2014 fluxo constante de part\u00edculas carregadas emitidas pelo Sol \u2014 e o campo magn\u00e9tico terrestre.<\/strong> Ao atingirem a magnetosfera, essas part\u00edculas podem desencadear a chamada reconex\u00e3o magn\u00e9tica: um processo energizado que libera uma quantidade significativa de energia e acelera part\u00edculas para dentro da atmosfera por meio dos c\u00faspides. Al\u00e9m de originar auroras, as tempestades magn\u00e9ticas afetam sistemas tecnol\u00f3gicos fundamentais, como redes el\u00e9tricas, sat\u00e9lites, navega\u00e7\u00e3o por GPS e at\u00e9 comunica\u00e7\u00f5es de r\u00e1dio de alta frequ\u00eancia.<\/p>\n\n\n\n<p>Especialistas destacam que compreender como a energia solar se acopla ao ambiente pr\u00f3ximo \u00e0 Terra \u00e9 vital para aprimorar a previs\u00e3o do chamado clima espacial. Prever esses eventos com mais precis\u00e3o pode ajudar a proteger infraestruturas cr\u00edticas que sustentam a sociedade, evitando apag\u00f5es, falhas em sistemas de comunica\u00e7\u00e3o e danos a sat\u00e9lites essenciais.<\/p>\n\n\n\n<h2 class=\"wp-block-heading\">O que diferencia a miss\u00e3o TRACERS de outras iniciativas espaciais?<\/h2>\n\n\n\n<p><strong>A principal inova\u00e7\u00e3o dos sat\u00e9lites TRACERS est\u00e1 na abordagem de medi\u00e7\u00e3o dupla e sincronizada. <\/strong>Enquanto miss\u00f5es anteriores, como a <strong>Magnetospheric Multiscale Mission (MMM)<\/strong>, apresentam trajet\u00f3rias mais afastadas ou captam dados em intervalos mais amplos, <strong>TRACERS<\/strong> ir\u00e1 realizar medi\u00e7\u00f5es quase que em sequ\u00eancia, com menos de dois minutos de diferen\u00e7a. Isso permite observar o desenvolvimento &#8211; e n\u00e3o apenas um recorte est\u00e1tico &#8211; dos fen\u00f4menos de reconex\u00e3o magn\u00e9tica.<\/p>\n\n\n\n<p>As espa\u00e7onaves v\u00e3o monitorar tanto o campo magn\u00e9tico quanto o campo el\u00e9trico nas regi\u00f5es-alvo, bem como as caracter\u00edsticas dos \u00edons e el\u00e9trons presentes. Essa an\u00e1lise mais detalhada, em conjunto com outras miss\u00f5es como <strong>PUNCH<\/strong> e <strong>EZIE<\/strong>, permitir\u00e1 aos cientistas analisar as varia\u00e7\u00f5es na acoplagem entre o vento solar e a magnetosfera em diferentes escalas e em tempo quase real.<\/p>\n\n\n\n<figure class=\"wp-block-image size-large\"><img decoding=\"async\" width=\"1024\" height=\"576\" src=\"https:\/\/www.correiobraziliense.com.br\/cbradar\/wp-content\/uploads\/2025\/07\/universo_1753003658555-1024x576.jpg\" alt=\"A miss\u00e3o que pode mudar tudo o que sabemos sobre tempestades solares\" class=\"wp-image-72601\" srcset=\"https:\/\/www.correiobraziliense.com.br\/cbradar\/wp-content\/uploads\/2025\/07\/universo_1753003658555-1024x576.jpg 1024w, https:\/\/www.correiobraziliense.com.br\/cbradar\/wp-content\/uploads\/2025\/07\/universo_1753003658555-300x169.jpg 300w, https:\/\/www.correiobraziliense.com.br\/cbradar\/wp-content\/uploads\/2025\/07\/universo_1753003658555-768x432.jpg 768w, https:\/\/www.correiobraziliense.com.br\/cbradar\/wp-content\/uploads\/2025\/07\/universo_1753003658555-750x422.jpg 750w, https:\/\/www.correiobraziliense.com.br\/cbradar\/wp-content\/uploads\/2025\/07\/universo_1753003658555-1140x641.jpg 1140w, https:\/\/www.correiobraziliense.com.br\/cbradar\/wp-content\/uploads\/2025\/07\/universo_1753003658555.jpg 1280w\" sizes=\"(max-width: 1024px) 100vw, 1024px\" \/><figcaption class=\"wp-element-caption\">universo. Cr\u00e9ditos: depositphotos.com \/ Rastan<\/figcaption><\/figure>\n\n\n\n<h2 class=\"wp-block-heading\">Como as tempestades solares podem afetar o dia a dia?<\/h2>\n\n\n\n<p><strong>Tempestades solares, mesmo quando moderadas, podem causar impactos percept\u00edveis em diversas \u00e1reas do cotidiano.<\/strong> Embora os eventos solares mais intensos sejam relativamente raros, mesmo tempestades moderadas podem impactar servi\u00e7os b\u00e1sicos em todo o mundo. A seguir, confira alguns exemplos de como atividades cotidianas podem ser afetadas por fen\u00f4menos de origem no clima espacial:<\/p>\n\n\n\n<ul class=\"wp-block-list\">\n<li><strong>Redes el\u00e9tricas:<\/strong> Correntes induzidas por altera\u00e7\u00f5es no campo magn\u00e9tico podem causar falhas em subesta\u00e7\u00f5es ou provocar apag\u00f5es.<\/li>\n\n\n\n<li><strong>Sistemas de navega\u00e7\u00e3o:<\/strong> Sinais de GPS podem ser afetados, prejudicando avia\u00e7\u00e3o, transporte mar\u00edtimo e log\u00edstica.<\/li>\n\n\n\n<li><strong>Sat\u00e9lites:<\/strong> Equipamentos eletr\u00f4nicos a bordo podem sofrer danos, reduzindo a vida \u00fatil dos sat\u00e9lites e afetando servi\u00e7os de comunica\u00e7\u00e3o e meteorologia.<\/li>\n\n\n\n<li><strong>Astronautas:<\/strong> Em miss\u00f5es tripuladas, a exposi\u00e7\u00e3o a part\u00edculas energ\u00e9ticas demanda precau\u00e7\u00f5es extras para proteger a sa\u00fade dos ocupantes da esta\u00e7\u00e3o espacial.<\/li>\n<\/ul>\n\n\n\n<p>\u00c0 medida que a depend\u00eancia global da tecnologia aumenta, o conhecimento proporcionado por projetos como <strong>TRACERS<\/strong> torna-se uma ferramenta estrat\u00e9gica para monitorar e mitigar os efeitos das tempestades magn\u00e9ticas. O lan\u00e7amento dos sat\u00e9lites, previsto para acontecer a bordo de um foguete <strong>Falcon 9<\/strong>, refor\u00e7a a import\u00e2ncia de investir em pesquisas integradas que envolvam diferentes \u00e1reas das ci\u00eancias atmosf\u00e9ricas e espaciais.<\/p>\n\n\n\n<p>Com recursos estimados em 170 milh\u00f5es de d\u00f3lares e integra\u00e7\u00f5es com outras miss\u00f5es ativas, <strong>TRACERS<\/strong> representa um passo fundamental na constru\u00e7\u00e3o de um sistema global de alerta antecipado contra riscos associados ao clima espacial. O avan\u00e7o nos m\u00e9todos de observa\u00e7\u00e3o e an\u00e1lise promete contribuir n\u00e3o apenas para a prote\u00e7\u00e3o de infraestrutura, mas tamb\u00e9m para ampliar o entendimento sobre como o <strong>Sol<\/strong> e a atmosfera terrestre interagem, tema cada vez mais relevante em tempos de crescente atividade solar.<\/p>\n","protected":false},"excerpt":{"rendered":"<p>O estudo das tempestades magn\u00e9ticas ganha novo f\u00f4lego com TRACERS, miss\u00e3o que conecta ci\u00eancia, tecnologia e prote\u00e7\u00e3o contra riscos espaciais.<\/p>\n","protected":false},"author":3,"featured_media":72600,"comment_status":"open","ping_status":"open","sticky":false,"template":"","format":"standard","meta":{"_yoast_wpseo_focuskw":"tempestades solares","_yoast_wpseo_title":"%%title%%","_yoast_wpseo_metadesc":"O estudo das tempestades magn\u00e9ticas ganha novo f\u00f4lego com TRACERS, miss\u00e3o que conecta ci\u00eancia, tecnologia e prote\u00e7\u00e3o contra riscos espaciais.","jnews-multi-image_gallery":[],"jnews_single_post":{"format":"standard"},"jnews_primary_category":[],"jnews_social_meta":[],"jnews_override_counter":[],"footnotes":""},"categories":[112],"tags":[179,736,144],"class_list":["post-72595","post","type-post","status-publish","format-standard","has-post-thumbnail","hentry","category-curiosidades","tag-astronomia","tag-ciencia","tag-curiosidades"],"yoast_head":"<!-- This site is optimized with the Yoast SEO plugin v24.6 - https:\/\/yoast.com\/wordpress\/plugins\/seo\/ -->\n<title>A miss\u00e3o que pode mudar tudo o que sabemos sobre tempestades solares<\/title>\n<meta name=\"description\" content=\"O estudo das tempestades magn\u00e9ticas ganha novo f\u00f4lego com TRACERS, miss\u00e3o que conecta ci\u00eancia, tecnologia e prote\u00e7\u00e3o contra riscos espaciais.\" \/>\n<meta name=\"robots\" content=\"index, follow, max-snippet:-1, max-image-preview:large, max-video-preview:-1\" \/>\n<link rel=\"canonical\" href=\"https:\/\/www.correiobraziliense.com.br\/cbradar\/a-missao-que-pode-mudar-tudo-o-que-sabemos-sobre-tempestades-solares\/\" \/>\n<meta property=\"og:locale\" content=\"pt_BR\" \/>\n<meta property=\"og:type\" content=\"article\" \/>\n<meta property=\"og:title\" content=\"A miss\u00e3o que pode mudar tudo o que sabemos sobre tempestades solares\" \/>\n<meta property=\"og:description\" content=\"O estudo das tempestades magn\u00e9ticas ganha novo f\u00f4lego com TRACERS, miss\u00e3o que conecta ci\u00eancia, tecnologia e prote\u00e7\u00e3o contra riscos espaciais.\" \/>\n<meta property=\"og:url\" content=\"https:\/\/www.correiobraziliense.com.br\/cbradar\/a-missao-que-pode-mudar-tudo-o-que-sabemos-sobre-tempestades-solares\/\" \/>\n<meta property=\"og:site_name\" content=\"Correio Braziliense - Radar\" \/>\n<meta property=\"article:published_time\" content=\"2025-07-20T19:03:00+00:00\" \/>\n<meta property=\"og:image\" content=\"https:\/\/www.correiobraziliense.com.br\/cbradar\/wp-content\/uploads\/2025\/07\/universo_1753003636362.jpg\" \/>\n\t<meta property=\"og:image:width\" content=\"1279\" \/>\n\t<meta property=\"og:image:height\" content=\"720\" \/>\n\t<meta property=\"og:image:type\" content=\"image\/jpeg\" \/>\n<meta name=\"author\" content=\"Larissa Carvalho\" \/>\n<meta name=\"twitter:card\" content=\"summary_large_image\" \/>\n<meta name=\"twitter:label1\" content=\"Escrito por\" \/>\n\t<meta name=\"twitter:data1\" content=\"Larissa Carvalho\" \/>\n\t<meta name=\"twitter:label2\" content=\"Est. tempo de leitura\" \/>\n\t<meta name=\"twitter:data2\" content=\"5 minutos\" \/>\n<!-- \/ Yoast SEO plugin. -->","yoast_head_json":{"title":"A miss\u00e3o que pode mudar tudo o que sabemos sobre tempestades solares","description":"O estudo das tempestades magn\u00e9ticas ganha novo f\u00f4lego com TRACERS, miss\u00e3o que conecta ci\u00eancia, tecnologia e prote\u00e7\u00e3o contra riscos espaciais.","robots":{"index":"index","follow":"follow","max-snippet":"max-snippet:-1","max-image-preview":"max-image-preview:large","max-video-preview":"max-video-preview:-1"},"canonical":"https:\/\/www.correiobraziliense.com.br\/cbradar\/a-missao-que-pode-mudar-tudo-o-que-sabemos-sobre-tempestades-solares\/","og_locale":"pt_BR","og_type":"article","og_title":"A miss\u00e3o que pode mudar tudo o que sabemos sobre tempestades solares","og_description":"O estudo das tempestades magn\u00e9ticas ganha novo f\u00f4lego com TRACERS, miss\u00e3o que conecta ci\u00eancia, tecnologia e prote\u00e7\u00e3o contra riscos espaciais.","og_url":"https:\/\/www.correiobraziliense.com.br\/cbradar\/a-missao-que-pode-mudar-tudo-o-que-sabemos-sobre-tempestades-solares\/","og_site_name":"Correio Braziliense - Radar","article_published_time":"2025-07-20T19:03:00+00:00","og_image":[{"width":1279,"height":720,"url":"https:\/\/www.correiobraziliense.com.br\/cbradar\/wp-content\/uploads\/2025\/07\/universo_1753003636362.jpg","type":"image\/jpeg"}],"author":"Larissa Carvalho","twitter_card":"summary_large_image","twitter_misc":{"Escrito por":"Larissa Carvalho","Est. tempo de leitura":"5 minutos"},"schema":{"@context":"https:\/\/schema.org","@graph":[{"@type":"WebPage","@id":"https:\/\/www.correiobraziliense.com.br\/cbradar\/a-missao-que-pode-mudar-tudo-o-que-sabemos-sobre-tempestades-solares\/","url":"https:\/\/www.correiobraziliense.com.br\/cbradar\/a-missao-que-pode-mudar-tudo-o-que-sabemos-sobre-tempestades-solares\/","name":"A miss\u00e3o que pode mudar tudo o que sabemos sobre tempestades solares","isPartOf":{"@id":"https:\/\/www.correiobraziliense.com.br\/cbradar\/#website"},"primaryImageOfPage":{"@id":"https:\/\/www.correiobraziliense.com.br\/cbradar\/a-missao-que-pode-mudar-tudo-o-que-sabemos-sobre-tempestades-solares\/#primaryimage"},"image":{"@id":"https:\/\/www.correiobraziliense.com.br\/cbradar\/a-missao-que-pode-mudar-tudo-o-que-sabemos-sobre-tempestades-solares\/#primaryimage"},"thumbnailUrl":"https:\/\/www.correiobraziliense.com.br\/cbradar\/wp-content\/uploads\/2025\/07\/universo_1753003636362.jpg","datePublished":"2025-07-20T19:03:00+00:00","author":{"@id":"https:\/\/www.correiobraziliense.com.br\/cbradar\/#\/schema\/person\/58422787644df994b53a19d3e56c1513"},"description":"O estudo das tempestades magn\u00e9ticas ganha novo f\u00f4lego com TRACERS, miss\u00e3o que conecta ci\u00eancia, tecnologia e prote\u00e7\u00e3o contra riscos espaciais.","breadcrumb":{"@id":"https:\/\/www.correiobraziliense.com.br\/cbradar\/a-missao-que-pode-mudar-tudo-o-que-sabemos-sobre-tempestades-solares\/#breadcrumb"},"inLanguage":"pt-BR","potentialAction":[{"@type":"ReadAction","target":["https:\/\/www.correiobraziliense.com.br\/cbradar\/a-missao-que-pode-mudar-tudo-o-que-sabemos-sobre-tempestades-solares\/"]}]},{"@type":"ImageObject","inLanguage":"pt-BR","@id":"https:\/\/www.correiobraziliense.com.br\/cbradar\/a-missao-que-pode-mudar-tudo-o-que-sabemos-sobre-tempestades-solares\/#primaryimage","url":"https:\/\/www.correiobraziliense.com.br\/cbradar\/wp-content\/uploads\/2025\/07\/universo_1753003636362.jpg","contentUrl":"https:\/\/www.correiobraziliense.com.br\/cbradar\/wp-content\/uploads\/2025\/07\/universo_1753003636362.jpg","width":1279,"height":720,"caption":"universo. Cr\u00e9ditos: depositphotos.com \/ mihsan23th"},{"@type":"BreadcrumbList","@id":"https:\/\/www.correiobraziliense.com.br\/cbradar\/a-missao-que-pode-mudar-tudo-o-que-sabemos-sobre-tempestades-solares\/#breadcrumb","itemListElement":[{"@type":"ListItem","position":1,"name":"In\u00edcio","item":"https:\/\/www.correiobraziliense.com.br\/cbradar\/"},{"@type":"ListItem","position":2,"name":"A miss\u00e3o que pode mudar tudo o que sabemos sobre tempestades solares"}]},{"@type":"WebSite","@id":"https:\/\/www.correiobraziliense.com.br\/cbradar\/#website","url":"https:\/\/www.correiobraziliense.com.br\/cbradar\/","name":"Correio Braziliense - Radar","description":"Acompanhe as \u00faltimas not\u00edcias e fique bem informado sobre tudo o que acontece no Brasil e no mundo.","potentialAction":[{"@type":"SearchAction","target":{"@type":"EntryPoint","urlTemplate":"https:\/\/www.correiobraziliense.com.br\/cbradar\/?s={search_term_string}"},"query-input":{"@type":"PropertyValueSpecification","valueRequired":true,"valueName":"search_term_string"}}],"inLanguage":"pt-BR"},{"@type":"Person","@id":"https:\/\/www.correiobraziliense.com.br\/cbradar\/#\/schema\/person\/58422787644df994b53a19d3e56c1513","name":"Larissa Carvalho","image":{"@type":"ImageObject","inLanguage":"pt-BR","@id":"https:\/\/www.correiobraziliense.com.br\/cbradar\/#\/schema\/person\/image\/","url":"https:\/\/secure.gravatar.com\/avatar\/fe4f91a0de32b52a838d0d612abdc1aa?s=96&d=mm&r=g","contentUrl":"https:\/\/secure.gravatar.com\/avatar\/fe4f91a0de32b52a838d0d612abdc1aa?s=96&d=mm&r=g","caption":"Larissa Carvalho"},"url":"https:\/\/www.correiobraziliense.com.br\/cbradar\/author\/larissamyth\/"}]}},"_links":{"self":[{"href":"https:\/\/www.correiobraziliense.com.br\/cbradar\/wp-json\/wp\/v2\/posts\/72595","targetHints":{"allow":["GET"]}}],"collection":[{"href":"https:\/\/www.correiobraziliense.com.br\/cbradar\/wp-json\/wp\/v2\/posts"}],"about":[{"href":"https:\/\/www.correiobraziliense.com.br\/cbradar\/wp-json\/wp\/v2\/types\/post"}],"author":[{"embeddable":true,"href":"https:\/\/www.correiobraziliense.com.br\/cbradar\/wp-json\/wp\/v2\/users\/3"}],"replies":[{"embeddable":true,"href":"https:\/\/www.correiobraziliense.com.br\/cbradar\/wp-json\/wp\/v2\/comments?post=72595"}],"version-history":[{"count":2,"href":"https:\/\/www.correiobraziliense.com.br\/cbradar\/wp-json\/wp\/v2\/posts\/72595\/revisions"}],"predecessor-version":[{"id":72602,"href":"https:\/\/www.correiobraziliense.com.br\/cbradar\/wp-json\/wp\/v2\/posts\/72595\/revisions\/72602"}],"wp:featuredmedia":[{"embeddable":true,"href":"https:\/\/www.correiobraziliense.com.br\/cbradar\/wp-json\/wp\/v2\/media\/72600"}],"wp:attachment":[{"href":"https:\/\/www.correiobraziliense.com.br\/cbradar\/wp-json\/wp\/v2\/media?parent=72595"}],"wp:term":[{"taxonomy":"category","embeddable":true,"href":"https:\/\/www.correiobraziliense.com.br\/cbradar\/wp-json\/wp\/v2\/categories?post=72595"},{"taxonomy":"post_tag","embeddable":true,"href":"https:\/\/www.correiobraziliense.com.br\/cbradar\/wp-json\/wp\/v2\/tags?post=72595"}],"curies":[{"name":"wp","href":"https:\/\/api.w.org\/{rel}","templated":true}]}}