{"id":7267,"date":"2025-03-03T22:10:00","date_gmt":"2025-03-04T01:10:00","guid":{"rendered":"https:\/\/www.correiobraziliense.com.br\/cbradar\/?p=7267"},"modified":"2025-02-27T23:04:32","modified_gmt":"2025-02-28T02:04:32","slug":"a-queda-de-uma-largarta-gera-o-tecido-mais-caro-do-mundo","status":"publish","type":"post","link":"https:\/\/www.correiobraziliense.com.br\/cbradar\/a-queda-de-uma-largarta-gera-o-tecido-mais-caro-do-mundo\/","title":{"rendered":"A queda de uma largarta gera o tecido mais caro do mundo"},"content":{"rendered":"\n<p>A seda, um dos tecidos naturais mais apreciados na ind\u00fastria da moda, possui uma hist\u00f3ria rica e antiga que remonta a milhares de anos. Este material precioso, frequentemente associado a roupas de alta costura, teve uma origem curiosa e acidental. Segundo a lenda, a descoberta da seda ocorreu por volta de <strong>2700 a.C<\/strong>., durante o reinado do Imperador <strong>Amarelo na antiga <a href=\"https:\/\/www.correiobraziliense.com.br\/cbradar\/o-que-impede-a-china-de-liderar-a-todo-vapor-no-boom-das-ias\/\" target=\"_blank\" rel=\"noreferrer noopener\">China<\/a><\/strong>. A imperatriz<strong> Leizu<\/strong>, esposa do imperador, estava tomando ch\u00e1 sob uma amoreira quando uma <strong><a href=\"https:\/\/www.ecycle.com.br\/bicho-da-seda\/\" target=\"_blank\" rel=\"noreferrer noopener\">lagarta-da-seda<\/a><\/strong> caiu em sua x\u00edcara, revelando um fio brilhante e fino.<\/p>\n\n\n\n<p>Intrigada pelo fio que se desenrolava da lagarta, <strong>Leizu<\/strong> investigou sua extens\u00e3o, descobrindo que cada fibra poderia alcan\u00e7ar at\u00e9 um quil\u00f4metro de comprimento. Este evento levou \u00e0 descoberta de como extrair os fios de seda dos casulos dos bichos-da-seda, marcando o in\u00edcio de uma ind\u00fastria que se tornaria vital para a economia e cultura chinesas.<\/p>\n\n\n\n<h2 class=\"wp-block-heading\"><strong>Como a seda moldou conex\u00f5es globais?<\/strong><\/h2>\n\n\n\n<p>Inicialmente, a produ\u00e7\u00e3o de seda foi um segredo de estado na <strong>China<\/strong>, guardado zelosamente durante s\u00e9culos. No entanto, a seda rapidamente se tornou uma das mercadorias mais valiosas da <strong>Rota da Seda<\/strong>, uma rede de caminhos comerciais que conectava o <strong>Oriente ao Ocidente<\/strong>. A partir do s\u00e9culo <strong>3 a.C<\/strong>., durante a dinastia <strong>Han<\/strong>, a sericicultura, ou cultivo de amoreiras e cria\u00e7\u00e3o de bichos-da-seda, era um conhecimento altamente protegido, com penalidades severas para aqueles que o revelassem.<\/p>\n\n\n\n<p><strong>A Rota da Seda<\/strong>, que durou at\u00e9 o in\u00edcio da <strong>Era Moderna<\/strong>, foi crucial para o interc\u00e2mbio cultural e econ\u00f4mico entre civiliza\u00e7\u00f5es. A seda n\u00e3o apenas simbolizava status e riqueza, mas tamb\u00e9m facilitava trocas de ideias, tecnologias e religi\u00f5es entre diferentes culturas.<\/p>\n\n\n<div class=\"wp-block-image\">\n<figure class=\"aligncenter size-large\"><img decoding=\"async\" width=\"1024\" height=\"576\" src=\"https:\/\/www.correiobraziliense.com.br\/cbradar\/wp-content\/uploads\/2025\/02\/bicho-da-seda_1740707867888-1-1024x576.jpg\" alt=\"A simples queda de uma largarta cria o tecido mais caro do mundo\" class=\"wp-image-7307\" srcset=\"https:\/\/www.correiobraziliense.com.br\/cbradar\/wp-content\/uploads\/2025\/02\/bicho-da-seda_1740707867888-1-1024x576.jpg 1024w, https:\/\/www.correiobraziliense.com.br\/cbradar\/wp-content\/uploads\/2025\/02\/bicho-da-seda_1740707867888-1-300x169.jpg 300w, https:\/\/www.correiobraziliense.com.br\/cbradar\/wp-content\/uploads\/2025\/02\/bicho-da-seda_1740707867888-1-768x432.jpg 768w, https:\/\/www.correiobraziliense.com.br\/cbradar\/wp-content\/uploads\/2025\/02\/bicho-da-seda_1740707867888-1-750x422.jpg 750w, https:\/\/www.correiobraziliense.com.br\/cbradar\/wp-content\/uploads\/2025\/02\/bicho-da-seda_1740707867888-1-1140x641.jpg 1140w, https:\/\/www.correiobraziliense.com.br\/cbradar\/wp-content\/uploads\/2025\/02\/bicho-da-seda_1740707867888-1.jpg 1280w\" sizes=\"(max-width: 1024px) 100vw, 1024px\" \/><figcaption class=\"wp-element-caption\">Cr\u00e9ditos: depositphotos.com \/ naramit<\/figcaption><\/figure><\/div>\n\n\n<h2 class=\"wp-block-heading\"><strong>Qual \u00e9 o Impacto Atual da Ind\u00fastria da Seda?<\/strong><\/h2>\n\n\n\n<p>Nos dias de hoje, a ind\u00fastria da seda continua a prosperar, com um valor de mercado projetado para alcan\u00e7ar <strong>US$ 35,21<\/strong> bilh\u00f5es at\u00e9 <strong>2030<\/strong>, de acordo com a<strong> Research and Markets<\/strong>. Este tecido luxuoso \u00e9 amplamente utilizado na moda e decora\u00e7\u00e3o, sendo um material preferido para a confec\u00e7\u00e3o de vestidos, len\u00e7os, gravatas e roupas \u00edntimas. Al\u00e9m disso, a seda \u00e9 valorizada em itens de cama sofisticados, como len\u00e7\u00f3is e fronhas, que s\u00e3o apreciados por sua suavidade e brilho natural.<\/p>\n\n\n\n<p>Al\u00e9m do setor de moda, a seda encontra aplica\u00e7\u00f5es em diversas ind\u00fastrias devido \u00e0 sua for\u00e7a e biocompatibilidade. \u00c9 utilizada na fabrica\u00e7\u00e3o de paraquedas, linhas de pesca e at\u00e9 mesmo em componentes m\u00e9dicos, como suturas cir\u00fargicas. A versatilidade da seda continua a impulsionar sua demanda global, solidificando seu papel como um dos tecidos mais desejados e duradouros da hist\u00f3ria.<\/p>\n\n\n\n<h2 class=\"wp-block-heading\"><strong>Qual \u00e9 o futuro da seda e como ela pode se tornar sustent\u00e1vel?<\/strong><\/h2>\n\n\n\n<p>Com o avan\u00e7o das tecnologias e a crescente preocupa\u00e7\u00e3o com a sustentabilidade, a ind\u00fastria da seda est\u00e1 explorando novas fronteiras. Pesquisas est\u00e3o sendo conduzidas para desenvolver m\u00e9todos de produ\u00e7\u00e3o mais sustent\u00e1veis e \u00e9ticos, incluindo o uso de bichos-da-seda geneticamente modificados para produzir fibras mais resistentes e ecol\u00f3gicas. Essas inova\u00e7\u00f5es prometem transformar a maneira como a seda \u00e9 produzida e utilizada, garantindo que este tecido milenar continue a ser relevante no futuro.<\/p>\n\n\n\n<p>Em suma, a seda n\u00e3o \u00e9 apenas um tecido; \u00e9 um s\u00edmbolo de luxo, inova\u00e7\u00e3o e interc\u00e2mbio cultural. Desde sua descoberta acidental at\u00e9 seu papel central na Rota da Seda e seu impacto cont\u00ednuo na moda e tecnologia, a seda permanece um dos materiais mais fascinantes e influentes da hist\u00f3ria humana.<\/p>\n","protected":false},"excerpt":{"rendered":"<p>A seda, um dos tecidos naturais mais apreciados na ind\u00fastria da moda, possui uma hist\u00f3ria rica e antiga que remonta a milhares de anos. Este material precioso, frequentemente associado a roupas de alta costura, teve uma origem curiosa e acidental. Segundo a lenda, a descoberta da seda ocorreu por volta de 2700 a.C., durante o [&hellip;]<\/p>\n","protected":false},"author":8,"featured_media":7305,"comment_status":"open","ping_status":"open","sticky":false,"template":"","format":"standard","meta":{"_yoast_wpseo_focuskw":"tecido","_yoast_wpseo_title":"","_yoast_wpseo_metadesc":"A queda de uma largarta pode criar o tecido mais caro do mundo, gra\u00e7as \u00e0 produ\u00e7\u00e3o de seda de alt\u00edssima qualidade. Descubra como!","jnews-multi-image_gallery":[],"jnews_single_post":{"format":"standard"},"jnews_primary_category":[],"jnews_social_meta":[],"jnews_override_counter":[],"footnotes":""},"categories":[112,128,169],"post_tag":[343,1295,1297,1296],"class_list":["post-7267","post","type-post","status-publish","format-standard","has-post-thumbnail","hentry","category-curiosidades","category-economia","category-noticias","tag-fortuna","tag-luxo","tag-riqueza","tag-tecido"],"yoast_head":"<!-- This site is optimized with the Yoast SEO plugin v24.6 - https:\/\/yoast.com\/wordpress\/plugins\/seo\/ -->\n<title>A queda de uma largarta gera o tecido mais caro do mundo - Correio Braziliense - Radar<\/title>\n<meta name=\"description\" content=\"A queda de uma largarta pode criar o tecido mais caro do mundo, gra\u00e7as \u00e0 produ\u00e7\u00e3o de seda de alt\u00edssima qualidade. Descubra como!\" \/>\n<meta name=\"robots\" content=\"index, follow, max-snippet:-1, max-image-preview:large, max-video-preview:-1\" \/>\n<link rel=\"canonical\" href=\"https:\/\/www.correiobraziliense.com.br\/cbradar\/a-queda-de-uma-largarta-gera-o-tecido-mais-caro-do-mundo\/\" \/>\n<meta property=\"og:locale\" content=\"pt_BR\" \/>\n<meta property=\"og:type\" content=\"article\" \/>\n<meta property=\"og:title\" content=\"A queda de uma largarta gera o tecido mais caro do mundo - Correio Braziliense - Radar\" \/>\n<meta property=\"og:description\" content=\"A queda de uma largarta pode criar o tecido mais caro do mundo, gra\u00e7as \u00e0 produ\u00e7\u00e3o de seda de alt\u00edssima qualidade. Descubra como!\" \/>\n<meta property=\"og:url\" content=\"https:\/\/www.correiobraziliense.com.br\/cbradar\/a-queda-de-uma-largarta-gera-o-tecido-mais-caro-do-mundo\/\" \/>\n<meta property=\"og:site_name\" content=\"Correio Braziliense - Radar\" \/>\n<meta property=\"article:published_time\" content=\"2025-03-04T01:10:00+00:00\" \/>\n<meta property=\"og:image\" content=\"https:\/\/www.correiobraziliense.com.br\/cbradar\/wp-content\/uploads\/2025\/02\/bicho-da-seda_1740707837811.jpg\" \/>\n\t<meta property=\"og:image:width\" content=\"1280\" \/>\n\t<meta property=\"og:image:height\" content=\"720\" \/>\n\t<meta property=\"og:image:type\" content=\"image\/jpeg\" \/>\n<meta name=\"author\" content=\"Maura Pereira\" \/>\n<meta name=\"twitter:card\" content=\"summary_large_image\" \/>\n<meta name=\"twitter:label1\" content=\"Escrito por\" \/>\n\t<meta name=\"twitter:data1\" content=\"Maura Pereira\" \/>\n\t<meta name=\"twitter:label2\" content=\"Est. tempo de leitura\" \/>\n\t<meta name=\"twitter:data2\" content=\"4 minutos\" \/>\n<!-- \/ Yoast SEO plugin. -->","yoast_head_json":{"title":"A queda de uma largarta gera o tecido mais caro do mundo - Correio Braziliense - Radar","description":"A queda de uma largarta pode criar o tecido mais caro do mundo, gra\u00e7as \u00e0 produ\u00e7\u00e3o de seda de alt\u00edssima qualidade. Descubra como!","robots":{"index":"index","follow":"follow","max-snippet":"max-snippet:-1","max-image-preview":"max-image-preview:large","max-video-preview":"max-video-preview:-1"},"canonical":"https:\/\/www.correiobraziliense.com.br\/cbradar\/a-queda-de-uma-largarta-gera-o-tecido-mais-caro-do-mundo\/","og_locale":"pt_BR","og_type":"article","og_title":"A queda de uma largarta gera o tecido mais caro do mundo - Correio Braziliense - Radar","og_description":"A queda de uma largarta pode criar o tecido mais caro do mundo, gra\u00e7as \u00e0 produ\u00e7\u00e3o de seda de alt\u00edssima qualidade. Descubra como!","og_url":"https:\/\/www.correiobraziliense.com.br\/cbradar\/a-queda-de-uma-largarta-gera-o-tecido-mais-caro-do-mundo\/","og_site_name":"Correio Braziliense - Radar","article_published_time":"2025-03-04T01:10:00+00:00","og_image":[{"width":1280,"height":720,"url":"https:\/\/www.correiobraziliense.com.br\/cbradar\/wp-content\/uploads\/2025\/02\/bicho-da-seda_1740707837811.jpg","type":"image\/jpeg"}],"author":"Maura Pereira","twitter_card":"summary_large_image","twitter_misc":{"Escrito por":"Maura Pereira","Est. tempo de leitura":"4 minutos"},"schema":{"@context":"https:\/\/schema.org","@graph":[{"@type":"WebPage","@id":"https:\/\/www.correiobraziliense.com.br\/cbradar\/a-queda-de-uma-largarta-gera-o-tecido-mais-caro-do-mundo\/","url":"https:\/\/www.correiobraziliense.com.br\/cbradar\/a-queda-de-uma-largarta-gera-o-tecido-mais-caro-do-mundo\/","name":"A queda de uma largarta gera o tecido mais caro do mundo - Correio Braziliense - Radar","isPartOf":{"@id":"https:\/\/www.correiobraziliense.com.br\/cbradar\/#website"},"primaryImageOfPage":{"@id":"https:\/\/www.correiobraziliense.com.br\/cbradar\/a-queda-de-uma-largarta-gera-o-tecido-mais-caro-do-mundo\/#primaryimage"},"image":{"@id":"https:\/\/www.correiobraziliense.com.br\/cbradar\/a-queda-de-uma-largarta-gera-o-tecido-mais-caro-do-mundo\/#primaryimage"},"thumbnailUrl":"https:\/\/www.correiobraziliense.com.br\/cbradar\/wp-content\/uploads\/2025\/02\/bicho-da-seda_1740707837811.jpg","datePublished":"2025-03-04T01:10:00+00:00","author":{"@id":"https:\/\/www.correiobraziliense.com.br\/cbradar\/#\/schema\/person\/4053c651a9bfc785afc6f4cbc9032fd3"},"description":"A queda de uma largarta pode criar o tecido mais caro do mundo, gra\u00e7as \u00e0 produ\u00e7\u00e3o de seda de alt\u00edssima qualidade. Descubra como!","breadcrumb":{"@id":"https:\/\/www.correiobraziliense.com.br\/cbradar\/a-queda-de-uma-largarta-gera-o-tecido-mais-caro-do-mundo\/#breadcrumb"},"inLanguage":"pt-BR","potentialAction":[{"@type":"ReadAction","target":["https:\/\/www.correiobraziliense.com.br\/cbradar\/a-queda-de-uma-largarta-gera-o-tecido-mais-caro-do-mundo\/"]}]},{"@type":"ImageObject","inLanguage":"pt-BR","@id":"https:\/\/www.correiobraziliense.com.br\/cbradar\/a-queda-de-uma-largarta-gera-o-tecido-mais-caro-do-mundo\/#primaryimage","url":"https:\/\/www.correiobraziliense.com.br\/cbradar\/wp-content\/uploads\/2025\/02\/bicho-da-seda_1740707837811.jpg","contentUrl":"https:\/\/www.correiobraziliense.com.br\/cbradar\/wp-content\/uploads\/2025\/02\/bicho-da-seda_1740707837811.jpg","width":1280,"height":720,"caption":"Cr\u00e9ditos: depositphotos.com \/ Noppharat_th"},{"@type":"BreadcrumbList","@id":"https:\/\/www.correiobraziliense.com.br\/cbradar\/a-queda-de-uma-largarta-gera-o-tecido-mais-caro-do-mundo\/#breadcrumb","itemListElement":[{"@type":"ListItem","position":1,"name":"In\u00edcio","item":"https:\/\/www.correiobraziliense.com.br\/cbradar\/"},{"@type":"ListItem","position":2,"name":"A queda de uma largarta gera o tecido mais caro do mundo"}]},{"@type":"WebSite","@id":"https:\/\/www.correiobraziliense.com.br\/cbradar\/#website","url":"https:\/\/www.correiobraziliense.com.br\/cbradar\/","name":"Correio Braziliense - Radar","description":"Acompanhe as \u00faltimas not\u00edcias e fique bem informado sobre tudo o que acontece no Brasil e no mundo.","potentialAction":[{"@type":"SearchAction","target":{"@type":"EntryPoint","urlTemplate":"https:\/\/www.correiobraziliense.com.br\/cbradar\/?s={search_term_string}"},"query-input":{"@type":"PropertyValueSpecification","valueRequired":true,"valueName":"search_term_string"}}],"inLanguage":"pt-BR"},{"@type":"Person","@id":"https:\/\/www.correiobraziliense.com.br\/cbradar\/#\/schema\/person\/4053c651a9bfc785afc6f4cbc9032fd3","name":"Maura Pereira","image":{"@type":"ImageObject","inLanguage":"pt-BR","@id":"https:\/\/www.correiobraziliense.com.br\/cbradar\/#\/schema\/person\/image\/","url":"https:\/\/secure.gravatar.com\/avatar\/3effd6bdadfa447f15089c7f7144eaa6?s=96&d=mm&r=g","contentUrl":"https:\/\/secure.gravatar.com\/avatar\/3effd6bdadfa447f15089c7f7144eaa6?s=96&d=mm&r=g","caption":"Maura Pereira"},"sameAs":["https:\/\/www.correiobraziliense.com.br\/"],"url":"https:\/\/www.correiobraziliense.com.br\/cbradar\/author\/mauramyth\/"}]}},"_links":{"self":[{"href":"https:\/\/www.correiobraziliense.com.br\/cbradar\/wp-json\/wp\/v2\/posts\/7267","targetHints":{"allow":["GET"]}}],"collection":[{"href":"https:\/\/www.correiobraziliense.com.br\/cbradar\/wp-json\/wp\/v2\/posts"}],"about":[{"href":"https:\/\/www.correiobraziliense.com.br\/cbradar\/wp-json\/wp\/v2\/types\/post"}],"author":[{"embeddable":true,"href":"https:\/\/www.correiobraziliense.com.br\/cbradar\/wp-json\/wp\/v2\/users\/8"}],"replies":[{"embeddable":true,"href":"https:\/\/www.correiobraziliense.com.br\/cbradar\/wp-json\/wp\/v2\/comments?post=7267"}],"version-history":[{"count":8,"href":"https:\/\/www.correiobraziliense.com.br\/cbradar\/wp-json\/wp\/v2\/posts\/7267\/revisions"}],"predecessor-version":[{"id":7311,"href":"https:\/\/www.correiobraziliense.com.br\/cbradar\/wp-json\/wp\/v2\/posts\/7267\/revisions\/7311"}],"wp:featuredmedia":[{"embeddable":true,"href":"https:\/\/www.correiobraziliense.com.br\/cbradar\/wp-json\/wp\/v2\/media\/7305"}],"wp:attachment":[{"href":"https:\/\/www.correiobraziliense.com.br\/cbradar\/wp-json\/wp\/v2\/media?parent=7267"}],"wp:term":[{"taxonomy":"category","embeddable":true,"href":"https:\/\/www.correiobraziliense.com.br\/cbradar\/wp-json\/wp\/v2\/categories?post=7267"},{"taxonomy":"post_tag","embeddable":true,"href":"https:\/\/www.correiobraziliense.com.br\/cbradar\/wp-json\/wp\/v2\/post_tag?post=7267"}],"curies":[{"name":"wp","href":"https:\/\/api.w.org\/{rel}","templated":true}]}}