{"id":72712,"date":"2025-07-20T17:23:00","date_gmt":"2025-07-20T20:23:00","guid":{"rendered":"https:\/\/www.correiobraziliense.com.br\/cbradar\/?p=72712"},"modified":"2025-07-20T07:42:12","modified_gmt":"2025-07-20T10:42:12","slug":"o-melhor-alimento-para-dormir-melhor-segundo-a-ciencia-do-sono","status":"publish","type":"post","link":"https:\/\/www.correiobraziliense.com.br\/cbradar\/o-melhor-alimento-para-dormir-melhor-segundo-a-ciencia-do-sono\/","title":{"rendered":"O melhor alimento para dormir melhor segundo a ci\u00eancia do sono"},"content":{"rendered":"\n<p>Ter uma noite de sono de qualidade \u00e9 um dos pilares fundamentais para manter a sa\u00fade em dia. Muito al\u00e9m de restaurar as energias, dormir bem influencia diretamente no humor, na concentra\u00e7\u00e3o, na criatividade e at\u00e9 mesmo no funcionamento do sistema imunol\u00f3gico. Entretanto, grande parte da popula\u00e7\u00e3o enfrenta dificuldades para adormecer ou permanecer em sono profundo, o que pode causar impactos negativos a longo prazo.<\/p>\n\n\n\n<p>Os alimentos consumidos ao longo do dia e especialmente nas horas que antecedem o repouso noturno exercem papel importante nesse processo. Existe uma rela\u00e7\u00e3o direta entre determinados nutrientes presentes em alguns alimentos e a melhora na qualidade do sono. Optar por escolhas certeiras na alimenta\u00e7\u00e3o pode ser determinante para enfrentar noites mais tranquilas e revigorantes.<\/p>\n\n\n\n<h2 class=\"wp-block-heading\">Como a alimenta\u00e7\u00e3o influencia o sono?<\/h2>\n\n\n\n<p><strong>Nutrir o organismo com os alimentos adequados pode facilitar o relaxamento do corpo e preparar a mente para o descanso.<\/strong> Elementos como triptofano, melatonina e magn\u00e9sio est\u00e3o diretamente relacionados \u00e0 regula\u00e7\u00e3o do ciclo sono-vig\u00edlia e podem ser encontrados em diversos itens presentes na rotina alimentar. Al\u00e9m disso, a escolha de refei\u00e7\u00f5es leves \u00e0 noite colabora para que o sistema digestivo n\u00e3o fique sobrecarregado enquanto o corpo deveria repousar.<\/p>\n\n\n\n<p>Um dos grandes erros antes de dormir \u00e9 o consumo de refei\u00e7\u00f5es pesadas ou carregadas em a\u00e7\u00facar, o que pode comprometer a qualidade do repouso. Por outro lado, alimentos ricos em prote\u00ednas leves, gorduras saud\u00e1veis e nutrientes reguladores contribuem para evitar despertares durante a noite, estabilizando n\u00edveis de a\u00e7\u00facar no sangue e favorecendo o relaxamento muscular.<\/p>\n\n\n\n<h2 class=\"wp-block-heading\">Quais alimentos ajudam a dormir melhor?<\/h2>\n\n\n\n<p><strong>Certos alimentos se destacam por sua contribui\u00e7\u00e3o para um sono mais profundo e reparador.<\/strong> Entre eles, o leite est\u00e1 entre as op\u00e7\u00f5es tradicionais: rico em triptofano e magn\u00e9sio, ele ajuda a promover relaxamento. Muitas pessoas recorrem a um copo morno antes de se deitar, h\u00e1bito que ganha respaldo cient\u00edfico por favorecer a produ\u00e7\u00e3o de horm\u00f4nios ligados ao sono.<\/p>\n\n\n\n<ul class=\"wp-block-list\">\n<li><strong>Nozes e castanhas<\/strong>: ricas em magn\u00e9sio, triptofano, \u00e1cidos graxos e antioxidantes, ajudam a relaxar o sistema nervoso e estabilizam o a\u00e7\u00facar no sangue ao longo da noite.<\/li>\n\n\n\n<li><strong>Kiwi<\/strong>: a fruta cont\u00e9m altos n\u00edveis de serotonina e compostos antioxidantes, fatores associados a uma melhora significativa na qualidade do sono quando consumida pouco antes de dormir.<\/li>\n\n\n\n<li><strong>Cereja \u00e1cida (tart cherry)<\/strong>: uma das poucas fontes naturais de melatonina, regulador essencial do rel\u00f3gio biol\u00f3gico, favorecendo o sono cont\u00ednuo e profundo.<\/li>\n\n\n\n<li><strong>Ch\u00e1 de camomila<\/strong>: traz apigenina, antioxidante que contribui para a sensa\u00e7\u00e3o de relaxamento e sonol\u00eancia, sendo excelente op\u00e7\u00e3o para consumir \u00e0 noite.<\/li>\n<\/ul>\n\n\n\n<figure class=\"wp-block-image size-large\"><img decoding=\"async\" width=\"1024\" height=\"576\" src=\"https:\/\/www.correiobraziliense.com.br\/cbradar\/wp-content\/uploads\/2025\/07\/alimentos_1753008112296-1024x576.jpg\" alt=\"O melhor alimento para dormir melhor segundo a ci\u00eancia do sono\" class=\"wp-image-72716\" srcset=\"https:\/\/www.correiobraziliense.com.br\/cbradar\/wp-content\/uploads\/2025\/07\/alimentos_1753008112296-1024x576.jpg 1024w, https:\/\/www.correiobraziliense.com.br\/cbradar\/wp-content\/uploads\/2025\/07\/alimentos_1753008112296-300x169.jpg 300w, https:\/\/www.correiobraziliense.com.br\/cbradar\/wp-content\/uploads\/2025\/07\/alimentos_1753008112296-768x432.jpg 768w, https:\/\/www.correiobraziliense.com.br\/cbradar\/wp-content\/uploads\/2025\/07\/alimentos_1753008112296-750x422.jpg 750w, https:\/\/www.correiobraziliense.com.br\/cbradar\/wp-content\/uploads\/2025\/07\/alimentos_1753008112296-1140x641.jpg 1140w, https:\/\/www.correiobraziliense.com.br\/cbradar\/wp-content\/uploads\/2025\/07\/alimentos_1753008112296.jpg 1280w\" sizes=\"(max-width: 1024px) 100vw, 1024px\" \/><figcaption class=\"wp-element-caption\">alimentos. Cr\u00e9ditos: depositphotos.com \/ lidante<\/figcaption><\/figure>\n\n\n\n<h2 class=\"wp-block-heading\">Como montar uma rotina noturna alimentar para potencializar o sono?<\/h2>\n\n\n\n<p><strong>Introduzir alimentos ben\u00e9ficos ao sono na rotina \u00e9 simples e pode fazer diferen\u00e7a.<\/strong> O ideal \u00e9 optar por refei\u00e7\u00f5es leves durante a noite, priorizando itens de f\u00e1cil digest\u00e3o e ricos em nutrientes reguladores. Tamb\u00e9m \u00e9 recomend\u00e1vel evitar estimulantes, como cafe\u00edna e bebidas energ\u00e9ticas, nas horas que antecedem o descanso.<\/p>\n\n\n\n<ol class=\"wp-block-list\">\n<li>Estabele\u00e7a um hor\u00e1rio para jantar, de prefer\u00eancia duas a tr\u00eas horas antes de dormir, para facilitar a digest\u00e3o.<\/li>\n\n\n\n<li>Inclua uma pequena por\u00e7\u00e3o de nozes ou kiwi como lanche noturno, o que pode ajudar a promover sono de melhor qualidade.<\/li>\n\n\n\n<li>Substitua sobremesas a\u00e7ucaradas por frutas frescas ou iogurte natural, reduzindo o risco de picos glic\u00eamicos.<\/li>\n\n\n\n<li>Considere uma x\u00edcara de ch\u00e1 de camomila na rotina, especialmente em dias mais agitados.<\/li>\n\n\n\n<li>Mantenha a hidrata\u00e7\u00e3o equilibrada, mas evite grandes quantidades de l\u00edquidos pouco antes de dormir para n\u00e3o interromper o sono por conta da necessidade de ir ao banheiro.<\/li>\n<\/ol>\n\n\n\n<p>A pr\u00e1tica de uma alimenta\u00e7\u00e3o estrat\u00e9gica e consciente demonstra resultados progressivos na qualidade do sono. Al\u00e9m do card\u00e1pio, a manuten\u00e7\u00e3o de um ambiente adequado \u2014 silencioso, escuro e com temperatura agrad\u00e1vel \u2014 contribui para noites mais tranquilas. Apostar em alimentos que naturalmente favorecem o relaxamento coloca o corpo e a mente em sintonia com as necessidades do descanso, colaborando para um despertar mais disposto e saud\u00e1vel.<\/p>\n","protected":false},"excerpt":{"rendered":"<p>Evite noites mal dormidas! Conhe\u00e7a os alimentos que promovem sono profundo e saud\u00e1vel, aliados \u00e0 rotina noturna que faz diferen\u00e7a no seu bem-estar.<\/p>\n","protected":false},"author":3,"featured_media":72715,"comment_status":"open","ping_status":"open","sticky":false,"template":"","format":"standard","meta":{"_yoast_wpseo_focuskw":"alimento dormir melhor","_yoast_wpseo_title":"%%title%%","_yoast_wpseo_metadesc":"Evite noites mal dormidas! Conhe\u00e7a os alimentos que promovem sono profundo e saud\u00e1vel, aliados \u00e0 rotina noturna que faz diferen\u00e7a no seu bem-estar.","jnews-multi-image_gallery":[],"jnews_single_post":{"format":"standard"},"jnews_primary_category":[],"jnews_social_meta":[],"jnews_override_counter":[],"footnotes":""},"categories":[112],"tags":[281,1423,144],"class_list":["post-72712","post","type-post","status-publish","format-standard","has-post-thumbnail","hentry","category-curiosidades","tag-alimentacao","tag-alimentos","tag-curiosidades"],"yoast_head":"<!-- This site is optimized with the Yoast SEO plugin v24.6 - https:\/\/yoast.com\/wordpress\/plugins\/seo\/ -->\n<title>O melhor alimento para dormir melhor segundo a ci\u00eancia do sono<\/title>\n<meta name=\"description\" content=\"Evite noites mal dormidas! Conhe\u00e7a os alimentos que promovem sono profundo e saud\u00e1vel, aliados \u00e0 rotina noturna que faz diferen\u00e7a no seu bem-estar.\" \/>\n<meta name=\"robots\" content=\"index, follow, max-snippet:-1, max-image-preview:large, max-video-preview:-1\" \/>\n<link rel=\"canonical\" href=\"https:\/\/www.correiobraziliense.com.br\/cbradar\/o-melhor-alimento-para-dormir-melhor-segundo-a-ciencia-do-sono\/\" \/>\n<meta property=\"og:locale\" content=\"pt_BR\" \/>\n<meta property=\"og:type\" content=\"article\" \/>\n<meta property=\"og:title\" content=\"O melhor alimento para dormir melhor segundo a ci\u00eancia do sono\" \/>\n<meta property=\"og:description\" content=\"Evite noites mal dormidas! Conhe\u00e7a os alimentos que promovem sono profundo e saud\u00e1vel, aliados \u00e0 rotina noturna que faz diferen\u00e7a no seu bem-estar.\" \/>\n<meta property=\"og:url\" content=\"https:\/\/www.correiobraziliense.com.br\/cbradar\/o-melhor-alimento-para-dormir-melhor-segundo-a-ciencia-do-sono\/\" \/>\n<meta property=\"og:site_name\" content=\"Correio Braziliense - Radar\" \/>\n<meta property=\"article:published_time\" content=\"2025-07-20T20:23:00+00:00\" \/>\n<meta property=\"og:image\" content=\"https:\/\/www.correiobraziliense.com.br\/cbradar\/wp-content\/uploads\/2025\/07\/alimentos_1753008013487.jpg\" \/>\n\t<meta property=\"og:image:width\" content=\"1280\" \/>\n\t<meta property=\"og:image:height\" content=\"720\" \/>\n\t<meta property=\"og:image:type\" content=\"image\/jpeg\" \/>\n<meta name=\"author\" content=\"Larissa Carvalho\" \/>\n<meta name=\"twitter:card\" content=\"summary_large_image\" \/>\n<meta name=\"twitter:label1\" content=\"Escrito por\" \/>\n\t<meta name=\"twitter:data1\" content=\"Larissa Carvalho\" \/>\n\t<meta name=\"twitter:label2\" content=\"Est. tempo de leitura\" \/>\n\t<meta name=\"twitter:data2\" content=\"4 minutos\" \/>\n<!-- \/ Yoast SEO plugin. -->","yoast_head_json":{"title":"O melhor alimento para dormir melhor segundo a ci\u00eancia do sono","description":"Evite noites mal dormidas! Conhe\u00e7a os alimentos que promovem sono profundo e saud\u00e1vel, aliados \u00e0 rotina noturna que faz diferen\u00e7a no seu bem-estar.","robots":{"index":"index","follow":"follow","max-snippet":"max-snippet:-1","max-image-preview":"max-image-preview:large","max-video-preview":"max-video-preview:-1"},"canonical":"https:\/\/www.correiobraziliense.com.br\/cbradar\/o-melhor-alimento-para-dormir-melhor-segundo-a-ciencia-do-sono\/","og_locale":"pt_BR","og_type":"article","og_title":"O melhor alimento para dormir melhor segundo a ci\u00eancia do sono","og_description":"Evite noites mal dormidas! Conhe\u00e7a os alimentos que promovem sono profundo e saud\u00e1vel, aliados \u00e0 rotina noturna que faz diferen\u00e7a no seu bem-estar.","og_url":"https:\/\/www.correiobraziliense.com.br\/cbradar\/o-melhor-alimento-para-dormir-melhor-segundo-a-ciencia-do-sono\/","og_site_name":"Correio Braziliense - Radar","article_published_time":"2025-07-20T20:23:00+00:00","og_image":[{"width":1280,"height":720,"url":"https:\/\/www.correiobraziliense.com.br\/cbradar\/wp-content\/uploads\/2025\/07\/alimentos_1753008013487.jpg","type":"image\/jpeg"}],"author":"Larissa Carvalho","twitter_card":"summary_large_image","twitter_misc":{"Escrito por":"Larissa Carvalho","Est. tempo de leitura":"4 minutos"},"schema":{"@context":"https:\/\/schema.org","@graph":[{"@type":"WebPage","@id":"https:\/\/www.correiobraziliense.com.br\/cbradar\/o-melhor-alimento-para-dormir-melhor-segundo-a-ciencia-do-sono\/","url":"https:\/\/www.correiobraziliense.com.br\/cbradar\/o-melhor-alimento-para-dormir-melhor-segundo-a-ciencia-do-sono\/","name":"O melhor alimento para dormir melhor segundo a ci\u00eancia do sono","isPartOf":{"@id":"https:\/\/www.correiobraziliense.com.br\/cbradar\/#website"},"primaryImageOfPage":{"@id":"https:\/\/www.correiobraziliense.com.br\/cbradar\/o-melhor-alimento-para-dormir-melhor-segundo-a-ciencia-do-sono\/#primaryimage"},"image":{"@id":"https:\/\/www.correiobraziliense.com.br\/cbradar\/o-melhor-alimento-para-dormir-melhor-segundo-a-ciencia-do-sono\/#primaryimage"},"thumbnailUrl":"https:\/\/www.correiobraziliense.com.br\/cbradar\/wp-content\/uploads\/2025\/07\/alimentos_1753008013487.jpg","datePublished":"2025-07-20T20:23:00+00:00","author":{"@id":"https:\/\/www.correiobraziliense.com.br\/cbradar\/#\/schema\/person\/58422787644df994b53a19d3e56c1513"},"description":"Evite noites mal dormidas! Conhe\u00e7a os alimentos que promovem sono profundo e saud\u00e1vel, aliados \u00e0 rotina noturna que faz diferen\u00e7a no seu bem-estar.","breadcrumb":{"@id":"https:\/\/www.correiobraziliense.com.br\/cbradar\/o-melhor-alimento-para-dormir-melhor-segundo-a-ciencia-do-sono\/#breadcrumb"},"inLanguage":"pt-BR","potentialAction":[{"@type":"ReadAction","target":["https:\/\/www.correiobraziliense.com.br\/cbradar\/o-melhor-alimento-para-dormir-melhor-segundo-a-ciencia-do-sono\/"]}]},{"@type":"ImageObject","inLanguage":"pt-BR","@id":"https:\/\/www.correiobraziliense.com.br\/cbradar\/o-melhor-alimento-para-dormir-melhor-segundo-a-ciencia-do-sono\/#primaryimage","url":"https:\/\/www.correiobraziliense.com.br\/cbradar\/wp-content\/uploads\/2025\/07\/alimentos_1753008013487.jpg","contentUrl":"https:\/\/www.correiobraziliense.com.br\/cbradar\/wp-content\/uploads\/2025\/07\/alimentos_1753008013487.jpg","width":1280,"height":720,"caption":"alimentos. Cr\u00e9ditos: depositphotos.com \/ ArturVerkhovetskiy"},{"@type":"BreadcrumbList","@id":"https:\/\/www.correiobraziliense.com.br\/cbradar\/o-melhor-alimento-para-dormir-melhor-segundo-a-ciencia-do-sono\/#breadcrumb","itemListElement":[{"@type":"ListItem","position":1,"name":"In\u00edcio","item":"https:\/\/www.correiobraziliense.com.br\/cbradar\/"},{"@type":"ListItem","position":2,"name":"O melhor alimento para dormir melhor segundo a ci\u00eancia do sono"}]},{"@type":"WebSite","@id":"https:\/\/www.correiobraziliense.com.br\/cbradar\/#website","url":"https:\/\/www.correiobraziliense.com.br\/cbradar\/","name":"Correio Braziliense - Radar","description":"Acompanhe as \u00faltimas not\u00edcias e fique bem informado sobre tudo o que acontece no Brasil e no mundo.","potentialAction":[{"@type":"SearchAction","target":{"@type":"EntryPoint","urlTemplate":"https:\/\/www.correiobraziliense.com.br\/cbradar\/?s={search_term_string}"},"query-input":{"@type":"PropertyValueSpecification","valueRequired":true,"valueName":"search_term_string"}}],"inLanguage":"pt-BR"},{"@type":"Person","@id":"https:\/\/www.correiobraziliense.com.br\/cbradar\/#\/schema\/person\/58422787644df994b53a19d3e56c1513","name":"Larissa Carvalho","image":{"@type":"ImageObject","inLanguage":"pt-BR","@id":"https:\/\/www.correiobraziliense.com.br\/cbradar\/#\/schema\/person\/image\/","url":"https:\/\/secure.gravatar.com\/avatar\/fe4f91a0de32b52a838d0d612abdc1aa?s=96&d=mm&r=g","contentUrl":"https:\/\/secure.gravatar.com\/avatar\/fe4f91a0de32b52a838d0d612abdc1aa?s=96&d=mm&r=g","caption":"Larissa Carvalho"},"url":"https:\/\/www.correiobraziliense.com.br\/cbradar\/author\/larissamyth\/"}]}},"_links":{"self":[{"href":"https:\/\/www.correiobraziliense.com.br\/cbradar\/wp-json\/wp\/v2\/posts\/72712","targetHints":{"allow":["GET"]}}],"collection":[{"href":"https:\/\/www.correiobraziliense.com.br\/cbradar\/wp-json\/wp\/v2\/posts"}],"about":[{"href":"https:\/\/www.correiobraziliense.com.br\/cbradar\/wp-json\/wp\/v2\/types\/post"}],"author":[{"embeddable":true,"href":"https:\/\/www.correiobraziliense.com.br\/cbradar\/wp-json\/wp\/v2\/users\/3"}],"replies":[{"embeddable":true,"href":"https:\/\/www.correiobraziliense.com.br\/cbradar\/wp-json\/wp\/v2\/comments?post=72712"}],"version-history":[{"count":2,"href":"https:\/\/www.correiobraziliense.com.br\/cbradar\/wp-json\/wp\/v2\/posts\/72712\/revisions"}],"predecessor-version":[{"id":72717,"href":"https:\/\/www.correiobraziliense.com.br\/cbradar\/wp-json\/wp\/v2\/posts\/72712\/revisions\/72717"}],"wp:featuredmedia":[{"embeddable":true,"href":"https:\/\/www.correiobraziliense.com.br\/cbradar\/wp-json\/wp\/v2\/media\/72715"}],"wp:attachment":[{"href":"https:\/\/www.correiobraziliense.com.br\/cbradar\/wp-json\/wp\/v2\/media?parent=72712"}],"wp:term":[{"taxonomy":"category","embeddable":true,"href":"https:\/\/www.correiobraziliense.com.br\/cbradar\/wp-json\/wp\/v2\/categories?post=72712"},{"taxonomy":"post_tag","embeddable":true,"href":"https:\/\/www.correiobraziliense.com.br\/cbradar\/wp-json\/wp\/v2\/tags?post=72712"}],"curies":[{"name":"wp","href":"https:\/\/api.w.org\/{rel}","templated":true}]}}