{"id":72971,"date":"2025-07-21T12:13:00","date_gmt":"2025-07-21T15:13:00","guid":{"rendered":"https:\/\/www.correiobraziliense.com.br\/cbradar\/?p=72971"},"modified":"2025-07-20T20:03:25","modified_gmt":"2025-07-20T23:03:25","slug":"o-corpo-aguenta-viver-sem-dormir-veja-o-que-a-ciencia-diz","status":"publish","type":"post","link":"https:\/\/www.correiobraziliense.com.br\/cbradar\/o-corpo-aguenta-viver-sem-dormir-veja-o-que-a-ciencia-diz\/","title":{"rendered":"O corpo aguenta viver sem dormir? Veja o que a ci\u00eancia diz"},"content":{"rendered":"\n<p>O <strong><a href=\"https:\/\/pt.wikipedia.org\/wiki\/Sono\" target=\"_blank\" rel=\"noreferrer noopener\">sono<\/a><\/strong> \u00e9 uma das necessidades biol\u00f3gicas mais essenciais para a <strong><a href=\"https:\/\/www.correiobraziliense.com.br\/cbradar\/esse-erro-comum-no-ambiente-de-trabalho-esta-custando-saude-e-produtividade\/\" target=\"_blank\" rel=\"noreferrer noopener\">vida humana.<\/a><\/strong> Dormir n\u00e3o \u00e9 apenas um momento de descanso: <strong>\u00e9 durante o sono que o corpo se recupera, o c\u00e9rebro organiza mem\u00f3rias e o sistema imunol\u00f3gico se fortalece.<\/strong> Mas ser\u00e1 que \u00e9 poss\u00edvel viver sem dormir?<\/p>\n\n\n\n<p>Esta \u00e9 uma pergunta que intriga cientistas h\u00e1 d\u00e9cadas. Vamos entender o que a ci\u00eancia diz sobre essa possibilidade e os efeitos que a aus\u00eancia de sono pode causar no corpo humano.<\/p>\n\n\n\n<h2 class=\"wp-block-heading\">O que acontece com o corpo sem sono?<\/h2>\n\n\n\n<p><strong>Ficar longos per\u00edodos sem dormir afeta praticamente todos os sistemas do corpo humano.<\/strong> Em poucas horas sem sono, o racioc\u00ednio j\u00e1 come\u00e7a a falhar, a coordena\u00e7\u00e3o motora se deteriora e o humor oscila. Com 24 horas de priva\u00e7\u00e3o, j\u00e1 h\u00e1 sinais claros de fadiga extrema.<\/p>\n\n\n\n<p>Ap\u00f3s 48 horas, o corpo entra em colapso parcial: surgem tremores, lapsos de mem\u00f3ria, confus\u00e3o mental e altera\u00e7\u00f5es hormonais. Em casos mais extremos, a priva\u00e7\u00e3o pode induzir del\u00edrios e alucina\u00e7\u00f5es visuais. O corpo perde a capacidade de funcionar normalmente sem per\u00edodos regulares de descanso.<\/p>\n\n\n<div class=\"wp-block-image\">\n<figure class=\"aligncenter size-large\"><img decoding=\"async\" width=\"1024\" height=\"576\" src=\"https:\/\/www.correiobraziliense.com.br\/cbradar\/wp-content\/uploads\/2025\/06\/pillow_1749626969066-1024x576.jpg\" alt=\"\" class=\"wp-image-51545\" srcset=\"https:\/\/www.correiobraziliense.com.br\/cbradar\/wp-content\/uploads\/2025\/06\/pillow_1749626969066-1024x576.jpg 1024w, https:\/\/www.correiobraziliense.com.br\/cbradar\/wp-content\/uploads\/2025\/06\/pillow_1749626969066-300x169.jpg 300w, https:\/\/www.correiobraziliense.com.br\/cbradar\/wp-content\/uploads\/2025\/06\/pillow_1749626969066-768x432.jpg 768w, https:\/\/www.correiobraziliense.com.br\/cbradar\/wp-content\/uploads\/2025\/06\/pillow_1749626969066-750x422.jpg 750w, https:\/\/www.correiobraziliense.com.br\/cbradar\/wp-content\/uploads\/2025\/06\/pillow_1749626969066-1140x641.jpg 1140w, https:\/\/www.correiobraziliense.com.br\/cbradar\/wp-content\/uploads\/2025\/06\/pillow_1749626969066.jpg 1280w\" sizes=\"(max-width: 1024px) 100vw, 1024px\" \/><figcaption class=\"wp-element-caption\">Pessoa deitada no travesseiro com express\u00e3o engra\u00e7ada \/\/ Cr\u00e9ditos: depositphotos.com \/ IraGirich<\/figcaption><\/figure><\/div>\n\n\n<h2 class=\"wp-block-heading\">Qual \u00e9 o tempo m\u00e1ximo sem dormir?<\/h2>\n\n\n\n<p>O recorde mundial documentado de perman\u00eancia acordado pertence a <strong>Randy Gardner<\/strong>, que em 1964 ficou <strong>264 horas sem dormir<\/strong>, cerca de 11 dias. Durante esse experimento supervisionado, Gardner desenvolveu s\u00e9rios efeitos colaterais, incluindo paranoia, dificuldades de fala e perda de mem\u00f3ria de curto prazo.<\/p>\n\n\n\n<p>A partir de 72 horas sem dormir, o c\u00e9rebro entra em estado de emerg\u00eancia. Os riscos de colapso sist\u00eamico aumentam drasticamente, e a capacidade de concentra\u00e7\u00e3o, julgamento e rea\u00e7\u00e3o praticamente desaparece.<\/p>\n\n\n\n<h2 class=\"wp-block-heading\">O que dizem as doen\u00e7as que impedem o sono?<\/h2>\n\n\n\n<p>Existem dist\u00farbios extremamente raros como a <strong>ins\u00f4nia fatal familiar<\/strong>, uma condi\u00e7\u00e3o gen\u00e9tica em que a pessoa perde a capacidade de dormir gradualmente. A doen\u00e7a leva inevitavelmente \u00e0 morte, geralmente em menos de dois anos ap\u00f3s os primeiros sintomas.<\/p>\n\n\n\n<p>Esse \u00e9 um dos principais indicativos cient\u00edficos de que <strong>viver sem dormir \u00e9 imposs\u00edvel<\/strong>. O organismo humano n\u00e3o possui nenhum mecanismo compensat\u00f3rio que substitua a fun\u00e7\u00e3o regenerativa do sono.<\/p>\n\n\n\n<h2 class=\"wp-block-heading\">Por que o sono \u00e9 indispens\u00e1vel?<\/h2>\n\n\n\n<p>Durante o sono, o corpo realiza tarefas essenciais. O c\u00e9rebro limpa toxinas acumuladas durante o dia, horm\u00f4nios como melatonina, GH e cortisol s\u00e3o regulados, e o sistema imunol\u00f3gico fortalece suas defesas.<\/p>\n\n\n\n<p><strong>Privar o corpo de sono \u00e9 como tentar usar um celular sem recarregar a bateria: ele pode funcionar por um tempo, mas vai parar eventualmente.<\/strong> \u00c9 por isso que a priva\u00e7\u00e3o cr\u00f4nica est\u00e1 ligada a doen\u00e7as como diabetes, obesidade, hipertens\u00e3o e depress\u00e3o.<\/p>\n\n\n\n<h2 class=\"wp-block-heading\">Existe algu\u00e9m que realmente n\u00e3o dorme?<\/h2>\n\n\n\n<p>Muitos relatos populares falam de pessoas que alegam viver sem dormir, mas em geral, os estudos mostram que h\u00e1 pequenos per\u00edodos de sono que passam despercebidos, chamados de &#8220;microssonos&#8221;. <strong>Mesmo os casos extremos envolvem algum tipo de repouso inconsciente.<\/strong><\/p>\n\n\n\n<p>A ci\u00eancia \u00e9 un\u00e2nime: o sono \u00e9 indispens\u00e1vel. N\u00e3o h\u00e1 evid\u00eancia confi\u00e1vel de que seja poss\u00edvel viver sem ele. O m\u00e1ximo que o corpo humano consegue \u00e9 resistir por alguns dias \u2014 a um custo alt\u00edssimo para a sa\u00fade f\u00edsica e mental.<\/p>\n\n\n\n<h2 class=\"wp-block-heading\">O sono \u00e9 vital para a vida?<\/h2>\n\n\n\n<p>N\u00e3o h\u00e1 como viver sem dormir. O corpo humano depende do sono para realizar fun\u00e7\u00f5es biol\u00f3gicas essenciais.<\/p>\n\n\n\n<p><strong>Ignorar a import\u00e2ncia do sono compromete o bem-estar, a sa\u00fade e at\u00e9 a vida.<\/strong> Valorize suas horas de descanso como parte fundamental da sua sa\u00fade.<\/p>\n","protected":false},"excerpt":{"rendered":"<p>O sono \u00e9 uma das necessidades biol\u00f3gicas mais essenciais para a vida humana. Dormir n\u00e3o \u00e9 apenas um momento de descanso: \u00e9 durante o sono que o corpo se recupera, o c\u00e9rebro organiza mem\u00f3rias e o sistema imunol\u00f3gico se fortalece. Mas ser\u00e1 que \u00e9 poss\u00edvel viver sem dormir? Esta \u00e9 uma pergunta que intriga cientistas [&hellip;]<\/p>\n","protected":false},"author":8,"featured_media":23162,"comment_status":"open","ping_status":"open","sticky":false,"template":"","format":"standard","meta":{"_yoast_wpseo_focuskw":"dormir","_yoast_wpseo_title":"","_yoast_wpseo_metadesc":"O que acontece se pararmos de dormir? Descubra os efeitos reais da priva\u00e7\u00e3o de sono e por que o corpo n\u00e3o resiste por muito tempo.","jnews-multi-image_gallery":[],"jnews_single_post":{"format":"standard"},"jnews_primary_category":[],"jnews_social_meta":[],"jnews_override_counter":[],"footnotes":""},"categories":[119,4404],"post_tag":[736,2339,8457],"class_list":["post-72971","post","type-post","status-publish","format-standard","has-post-thumbnail","hentry","category-bem-estar","category-saude","tag-ciencia","tag-corpo","tag-sem-dormir"],"yoast_head":"<!-- This site is optimized with the Yoast SEO plugin v24.6 - https:\/\/yoast.com\/wordpress\/plugins\/seo\/ -->\n<title>O corpo aguenta viver sem dormir? Veja o que a ci\u00eancia diz - Correio Braziliense - Radar<\/title>\n<meta name=\"description\" content=\"O que acontece se pararmos de dormir? Descubra os efeitos reais da priva\u00e7\u00e3o de sono e por que o corpo n\u00e3o resiste por muito tempo.\" \/>\n<meta name=\"robots\" content=\"index, follow, max-snippet:-1, max-image-preview:large, max-video-preview:-1\" \/>\n<link rel=\"canonical\" href=\"https:\/\/www.correiobraziliense.com.br\/cbradar\/o-corpo-aguenta-viver-sem-dormir-veja-o-que-a-ciencia-diz\/\" \/>\n<meta property=\"og:locale\" content=\"pt_BR\" \/>\n<meta property=\"og:type\" content=\"article\" \/>\n<meta property=\"og:title\" content=\"O corpo aguenta viver sem dormir? Veja o que a ci\u00eancia diz - Correio Braziliense - Radar\" \/>\n<meta property=\"og:description\" content=\"O que acontece se pararmos de dormir? Descubra os efeitos reais da priva\u00e7\u00e3o de sono e por que o corpo n\u00e3o resiste por muito tempo.\" \/>\n<meta property=\"og:url\" content=\"https:\/\/www.correiobraziliense.com.br\/cbradar\/o-corpo-aguenta-viver-sem-dormir-veja-o-que-a-ciencia-diz\/\" \/>\n<meta property=\"og:site_name\" content=\"Correio Braziliense - Radar\" \/>\n<meta property=\"article:published_time\" content=\"2025-07-21T15:13:00+00:00\" \/>\n<meta property=\"og:image\" content=\"https:\/\/www.correiobraziliense.com.br\/cbradar\/wp-content\/uploads\/2025\/04\/pesadelo_1744594230067.jpg\" \/>\n\t<meta property=\"og:image:width\" content=\"1280\" \/>\n\t<meta property=\"og:image:height\" content=\"720\" \/>\n\t<meta property=\"og:image:type\" content=\"image\/jpeg\" \/>\n<meta name=\"author\" content=\"Maura Pereira\" \/>\n<meta name=\"twitter:card\" content=\"summary_large_image\" \/>\n<meta name=\"twitter:label1\" content=\"Escrito por\" \/>\n\t<meta name=\"twitter:data1\" content=\"Maura Pereira\" \/>\n\t<meta name=\"twitter:label2\" content=\"Est. tempo de leitura\" \/>\n\t<meta name=\"twitter:data2\" content=\"4 minutos\" \/>\n<!-- \/ Yoast SEO plugin. -->","yoast_head_json":{"title":"O corpo aguenta viver sem dormir? Veja o que a ci\u00eancia diz - Correio Braziliense - Radar","description":"O que acontece se pararmos de dormir? Descubra os efeitos reais da priva\u00e7\u00e3o de sono e por que o corpo n\u00e3o resiste por muito tempo.","robots":{"index":"index","follow":"follow","max-snippet":"max-snippet:-1","max-image-preview":"max-image-preview:large","max-video-preview":"max-video-preview:-1"},"canonical":"https:\/\/www.correiobraziliense.com.br\/cbradar\/o-corpo-aguenta-viver-sem-dormir-veja-o-que-a-ciencia-diz\/","og_locale":"pt_BR","og_type":"article","og_title":"O corpo aguenta viver sem dormir? Veja o que a ci\u00eancia diz - Correio Braziliense - Radar","og_description":"O que acontece se pararmos de dormir? Descubra os efeitos reais da priva\u00e7\u00e3o de sono e por que o corpo n\u00e3o resiste por muito tempo.","og_url":"https:\/\/www.correiobraziliense.com.br\/cbradar\/o-corpo-aguenta-viver-sem-dormir-veja-o-que-a-ciencia-diz\/","og_site_name":"Correio Braziliense - Radar","article_published_time":"2025-07-21T15:13:00+00:00","og_image":[{"width":1280,"height":720,"url":"https:\/\/www.correiobraziliense.com.br\/cbradar\/wp-content\/uploads\/2025\/04\/pesadelo_1744594230067.jpg","type":"image\/jpeg"}],"author":"Maura Pereira","twitter_card":"summary_large_image","twitter_misc":{"Escrito por":"Maura Pereira","Est. tempo de leitura":"4 minutos"},"schema":{"@context":"https:\/\/schema.org","@graph":[{"@type":"WebPage","@id":"https:\/\/www.correiobraziliense.com.br\/cbradar\/o-corpo-aguenta-viver-sem-dormir-veja-o-que-a-ciencia-diz\/","url":"https:\/\/www.correiobraziliense.com.br\/cbradar\/o-corpo-aguenta-viver-sem-dormir-veja-o-que-a-ciencia-diz\/","name":"O corpo aguenta viver sem dormir? Veja o que a ci\u00eancia diz - Correio Braziliense - Radar","isPartOf":{"@id":"https:\/\/www.correiobraziliense.com.br\/cbradar\/#website"},"primaryImageOfPage":{"@id":"https:\/\/www.correiobraziliense.com.br\/cbradar\/o-corpo-aguenta-viver-sem-dormir-veja-o-que-a-ciencia-diz\/#primaryimage"},"image":{"@id":"https:\/\/www.correiobraziliense.com.br\/cbradar\/o-corpo-aguenta-viver-sem-dormir-veja-o-que-a-ciencia-diz\/#primaryimage"},"thumbnailUrl":"https:\/\/www.correiobraziliense.com.br\/cbradar\/wp-content\/uploads\/2025\/04\/pesadelo_1744594230067.jpg","datePublished":"2025-07-21T15:13:00+00:00","author":{"@id":"https:\/\/www.correiobraziliense.com.br\/cbradar\/#\/schema\/person\/4053c651a9bfc785afc6f4cbc9032fd3"},"description":"O que acontece se pararmos de dormir? Descubra os efeitos reais da priva\u00e7\u00e3o de sono e por que o corpo n\u00e3o resiste por muito tempo.","breadcrumb":{"@id":"https:\/\/www.correiobraziliense.com.br\/cbradar\/o-corpo-aguenta-viver-sem-dormir-veja-o-que-a-ciencia-diz\/#breadcrumb"},"inLanguage":"pt-BR","potentialAction":[{"@type":"ReadAction","target":["https:\/\/www.correiobraziliense.com.br\/cbradar\/o-corpo-aguenta-viver-sem-dormir-veja-o-que-a-ciencia-diz\/"]}]},{"@type":"ImageObject","inLanguage":"pt-BR","@id":"https:\/\/www.correiobraziliense.com.br\/cbradar\/o-corpo-aguenta-viver-sem-dormir-veja-o-que-a-ciencia-diz\/#primaryimage","url":"https:\/\/www.correiobraziliense.com.br\/cbradar\/wp-content\/uploads\/2025\/04\/pesadelo_1744594230067.jpg","contentUrl":"https:\/\/www.correiobraziliense.com.br\/cbradar\/wp-content\/uploads\/2025\/04\/pesadelo_1744594230067.jpg","width":1280,"height":720,"caption":"Mesmo nas noites tristes, o sono \u00e9 um lembrete silencioso de que amanh\u00e3 tudo pode recome\u00e7ar. \/\/ Cr\u00e9ditos: depositphotos.com \/ IgorVetushko"},{"@type":"BreadcrumbList","@id":"https:\/\/www.correiobraziliense.com.br\/cbradar\/o-corpo-aguenta-viver-sem-dormir-veja-o-que-a-ciencia-diz\/#breadcrumb","itemListElement":[{"@type":"ListItem","position":1,"name":"In\u00edcio","item":"https:\/\/www.correiobraziliense.com.br\/cbradar\/"},{"@type":"ListItem","position":2,"name":"O corpo aguenta viver sem dormir? Veja o que a ci\u00eancia diz"}]},{"@type":"WebSite","@id":"https:\/\/www.correiobraziliense.com.br\/cbradar\/#website","url":"https:\/\/www.correiobraziliense.com.br\/cbradar\/","name":"Correio Braziliense - Radar","description":"Acompanhe as \u00faltimas not\u00edcias e fique bem informado sobre tudo o que acontece no Brasil e no mundo.","potentialAction":[{"@type":"SearchAction","target":{"@type":"EntryPoint","urlTemplate":"https:\/\/www.correiobraziliense.com.br\/cbradar\/?s={search_term_string}"},"query-input":{"@type":"PropertyValueSpecification","valueRequired":true,"valueName":"search_term_string"}}],"inLanguage":"pt-BR"},{"@type":"Person","@id":"https:\/\/www.correiobraziliense.com.br\/cbradar\/#\/schema\/person\/4053c651a9bfc785afc6f4cbc9032fd3","name":"Maura Pereira","image":{"@type":"ImageObject","inLanguage":"pt-BR","@id":"https:\/\/www.correiobraziliense.com.br\/cbradar\/#\/schema\/person\/image\/","url":"https:\/\/secure.gravatar.com\/avatar\/3effd6bdadfa447f15089c7f7144eaa6?s=96&d=mm&r=g","contentUrl":"https:\/\/secure.gravatar.com\/avatar\/3effd6bdadfa447f15089c7f7144eaa6?s=96&d=mm&r=g","caption":"Maura Pereira"},"sameAs":["https:\/\/www.correiobraziliense.com.br\/"],"url":"https:\/\/www.correiobraziliense.com.br\/cbradar\/author\/mauramyth\/"}]}},"_links":{"self":[{"href":"https:\/\/www.correiobraziliense.com.br\/cbradar\/wp-json\/wp\/v2\/posts\/72971","targetHints":{"allow":["GET"]}}],"collection":[{"href":"https:\/\/www.correiobraziliense.com.br\/cbradar\/wp-json\/wp\/v2\/posts"}],"about":[{"href":"https:\/\/www.correiobraziliense.com.br\/cbradar\/wp-json\/wp\/v2\/types\/post"}],"author":[{"embeddable":true,"href":"https:\/\/www.correiobraziliense.com.br\/cbradar\/wp-json\/wp\/v2\/users\/8"}],"replies":[{"embeddable":true,"href":"https:\/\/www.correiobraziliense.com.br\/cbradar\/wp-json\/wp\/v2\/comments?post=72971"}],"version-history":[{"count":6,"href":"https:\/\/www.correiobraziliense.com.br\/cbradar\/wp-json\/wp\/v2\/posts\/72971\/revisions"}],"predecessor-version":[{"id":72998,"href":"https:\/\/www.correiobraziliense.com.br\/cbradar\/wp-json\/wp\/v2\/posts\/72971\/revisions\/72998"}],"wp:featuredmedia":[{"embeddable":true,"href":"https:\/\/www.correiobraziliense.com.br\/cbradar\/wp-json\/wp\/v2\/media\/23162"}],"wp:attachment":[{"href":"https:\/\/www.correiobraziliense.com.br\/cbradar\/wp-json\/wp\/v2\/media?parent=72971"}],"wp:term":[{"taxonomy":"category","embeddable":true,"href":"https:\/\/www.correiobraziliense.com.br\/cbradar\/wp-json\/wp\/v2\/categories?post=72971"},{"taxonomy":"post_tag","embeddable":true,"href":"https:\/\/www.correiobraziliense.com.br\/cbradar\/wp-json\/wp\/v2\/post_tag?post=72971"}],"curies":[{"name":"wp","href":"https:\/\/api.w.org\/{rel}","templated":true}]}}