{"id":73175,"date":"2025-07-22T08:13:00","date_gmt":"2025-07-22T11:13:00","guid":{"rendered":"https:\/\/www.correiobraziliense.com.br\/cbradar\/?p=73175"},"modified":"2025-07-21T10:28:03","modified_gmt":"2025-07-21T13:28:03","slug":"o-que-significa-dormir-bem-segundo-a-psicologia","status":"publish","type":"post","link":"https:\/\/www.correiobraziliense.com.br\/cbradar\/o-que-significa-dormir-bem-segundo-a-psicologia\/","title":{"rendered":"O que significa dormir bem, segundo a psicologia?"},"content":{"rendered":"\n<p>Com o avan\u00e7o das pesquisas no campo da psicologia do sono, novos olhares t\u00eam sido lan\u00e7ados sobre os h\u00e1bitos mais comuns relacionados ao conforto noturno. Entre eles, destaca-se o costume de dormir bem, seja usando cobertores volumosos ou se cobrindo at\u00e9 a cabe\u00e7a. Embora seja uma pr\u00e1tica amplamente observada durante os per\u00edodos frios, esse gesto pode carregar significados mais profundos que v\u00e3o al\u00e9m do simples desejo de se proteger do frio.<\/p>\n\n\n\n<p>Ao investigar o comportamento de quem prefere se cobrir com diversas camadas de roupas de cama, estudiosos encontraram ind\u00edcios de que essa escolha re\u00fane tanto fatores f\u00edsicos quanto emocionais. Para muitos indiv\u00edduos, a sensa\u00e7\u00e3o de calor ajuda n\u00e3o apenas a relaxar o corpo, mas tamb\u00e9m proporciona conforto emocional, funcionando como um s\u00edmbolo de prote\u00e7\u00e3o durante o repouso.<\/p>\n\n\n\n<h2 class=\"wp-block-heading\">Quais as raz\u00f5es emocionais para dormir bem?<\/h2>\n\n\n\n<p><strong>Especialistas em sa\u00fade mental apontam que o h\u00e1bito de dormir bem pode representar uma busca inconsciente por seguran\u00e7a e por um ambiente acolhedor.<\/strong> O ato de se cobrir por completo atua como uma esp\u00e9cie de \u201cref\u00fagio\u201d pessoal, oferecendo limites f\u00edsicos que demarcam um espa\u00e7o pr\u00f3prio para o descanso. Esse comportamento \u00e9 especialmente comum em pessoas que sentem maior necessidade de prote\u00e7\u00e3o em situa\u00e7\u00f5es de estresse ou ansiedade.<\/p>\n\n\n\n<p>Al\u00e9m disso, a sensa\u00e7\u00e3o de peso exercida pelas mantas ou cobertores pode promover uma resposta fisiol\u00f3gica de tranquilidade, semelhante ao efeito de um abra\u00e7o apertado. Essa press\u00e3o suave \u00e9 capaz de estimular o sistema nervoso parassimp\u00e1tico, promovendo o relaxamento e contribuindo para um sono mais profundo.<\/p>\n\n\n\n<p>Leia tamb\u00e9m: <a href=\"https:\/\/www.correiobraziliense.com.br\/cbradar\/o-que-significa-quando-alguem-interrompe-conversas-constantemente-segundo-a-psicologia\/\" target=\"_blank\" rel=\"noreferrer noopener\">O que significa quando algu\u00e9m interrompe conversas constantemente, segundo a psicologia<\/a><\/p>\n\n\n\n<h2 class=\"wp-block-heading\">Dormir bem influencia a qualidade do sono?<\/h2>\n\n\n\n<p><strong>O conforto t\u00e9rmico e a press\u00e3o oferecida por cobertores pesados j\u00e1 v\u00eam sendo estudados em laborat\u00f3rios de sono ao redor do mundo.<\/strong> Resultados apontam que indiv\u00edduos que dormem cobertos at\u00e9 a cabe\u00e7a ou com v\u00e1rias camadas tendem a apresentar menor incid\u00eancia de despertar noturno e relatam maior sensa\u00e7\u00e3o de descanso ao acordar. Entre os fatores fisiol\u00f3gicos, o calor contribui para a libera\u00e7\u00e3o de horm\u00f4nios como a melatonina, respons\u00e1vel por regular o ciclo do sono.<\/p>\n\n\n\n<ul class=\"wp-block-list\">\n<li><strong>Redu\u00e7\u00e3o do estresse:<\/strong> Uma atmosfera mais protegida pode induzir ao relaxamento mental durante o sono.<\/li>\n\n\n\n<li><strong>Ambiente pr\u00f3prio:<\/strong> O \u201cref\u00fagio\u201d criado pelos cobertores ajuda a delimitar o espa\u00e7o \u00edntimo, afastando poss\u00edveis est\u00edmulos externos.<\/li>\n\n\n\n<li><strong>Facilita\u00e7\u00e3o do sono profundo:<\/strong> O calor auxilia na indu\u00e7\u00e3o de estados de relaxamento mais intensos.<\/li>\n<\/ul>\n\n\n\n<figure class=\"wp-block-image size-large\"><img decoding=\"async\" width=\"1024\" height=\"576\" src=\"https:\/\/www.correiobraziliense.com.br\/cbradar\/wp-content\/uploads\/2025\/07\/pessoa-dormindo_1753104450445-1024x576.jpg\" alt=\"O que significa dormir bem, segundo a psicologia?\" class=\"wp-image-73178\" srcset=\"https:\/\/www.correiobraziliense.com.br\/cbradar\/wp-content\/uploads\/2025\/07\/pessoa-dormindo_1753104450445-1024x576.jpg 1024w, https:\/\/www.correiobraziliense.com.br\/cbradar\/wp-content\/uploads\/2025\/07\/pessoa-dormindo_1753104450445-300x169.jpg 300w, https:\/\/www.correiobraziliense.com.br\/cbradar\/wp-content\/uploads\/2025\/07\/pessoa-dormindo_1753104450445-768x432.jpg 768w, https:\/\/www.correiobraziliense.com.br\/cbradar\/wp-content\/uploads\/2025\/07\/pessoa-dormindo_1753104450445-750x422.jpg 750w, https:\/\/www.correiobraziliense.com.br\/cbradar\/wp-content\/uploads\/2025\/07\/pessoa-dormindo_1753104450445-1140x641.jpg 1140w, https:\/\/www.correiobraziliense.com.br\/cbradar\/wp-content\/uploads\/2025\/07\/pessoa-dormindo_1753104450445.jpg 1280w\" sizes=\"(max-width: 1024px) 100vw, 1024px\" \/><figcaption class=\"wp-element-caption\">pessoa dormindo. Cr\u00e9ditos: depositphotos.com \/ AntonLozovoy<\/figcaption><\/figure>\n\n\n\n<h2 class=\"wp-block-heading\">Quais s\u00e3o os principais benef\u00edcios psicol\u00f3gicos de dormir bem?<\/h2>\n\n\n\n<p><strong>A influ\u00eancia psicol\u00f3gica de dormir bem ultrapassa o simples conforto f\u00edsico.<\/strong> Entre os principais benef\u00edcios observados, destacam-se:<\/p>\n\n\n\n<ol class=\"wp-block-list\">\n<li><strong>Sensa\u00e7\u00e3o de seguran\u00e7a:<\/strong> O ambiente prop\u00edcio favorece o afastamento de preocupa\u00e7\u00f5es e pensamentos negativos.<\/li>\n\n\n\n<li><strong>Maior tranquilidade:<\/strong> O contato com o calor estimula o relaxamento muscular e mental.<\/li>\n\n\n\n<li><strong>Estabilidade emocional:<\/strong> A rotina de sono sob camadas de mantas proporciona noites mais tranquilas, diminuindo epis\u00f3dios de ins\u00f4nia.<\/li>\n\n\n\n<li><strong>Combate \u00e0 ansiedade:<\/strong> Pesquisas revelam que a press\u00e3o dos cobertores pesados tem efeito relaxante compar\u00e1vel ao de um abra\u00e7o, auxiliando no controle da ansiedade.<\/li>\n<\/ol>\n\n\n\n<p><strong>\u00c9 importante lembrar que, embora dormir bem seja um apoio importante para o bem-estar emocional, o excesso de calor pode ser prejudicial \u00e0 sa\u00fade, principalmente em dias muito quentes.<\/strong> A escolha das roupas de cama e da quantidade de cobertores deve considerar tanto o conforto f\u00edsico quanto as necessidades psicol\u00f3gicas individuais, garantindo noites mais restauradoras.<\/p>\n","protected":false},"excerpt":{"rendered":"<p>Explora\u00e7\u00e3o dos h\u00e1bitos de dormir cobertos at\u00e9 a cabe\u00e7a ou com cobertores pesados, revelando seus benef\u00edcios emocionais e fisiol\u00f3gicos para um sono de qualidade.<\/p>\n","protected":false},"author":3,"featured_media":73177,"comment_status":"open","ping_status":"open","sticky":false,"template":"","format":"standard","meta":{"_yoast_wpseo_focuskw":"dormir bem psicologia","_yoast_wpseo_title":"%%title%%","_yoast_wpseo_metadesc":"Explora\u00e7\u00e3o dos h\u00e1bitos de dormir cobertos at\u00e9 a cabe\u00e7a ou com cobertores pesados, revelando seus benef\u00edcios emocionais e fisiol\u00f3gicos para um sono de qualidade.","jnews-multi-image_gallery":[],"jnews_single_post":{"format":"standard"},"jnews_primary_category":[],"jnews_social_meta":[],"jnews_override_counter":[],"footnotes":""},"categories":[112],"tags":[144,404],"class_list":["post-73175","post","type-post","status-publish","format-standard","has-post-thumbnail","hentry","category-curiosidades","tag-curiosidades","tag-psicologia"],"yoast_head":"<!-- This site is optimized with the Yoast SEO plugin v24.6 - https:\/\/yoast.com\/wordpress\/plugins\/seo\/ -->\n<title>O que significa dormir bem, segundo a psicologia?<\/title>\n<meta name=\"description\" content=\"Explora\u00e7\u00e3o dos h\u00e1bitos de dormir cobertos at\u00e9 a cabe\u00e7a ou com cobertores pesados, revelando seus benef\u00edcios emocionais e fisiol\u00f3gicos para um sono de qualidade.\" \/>\n<meta name=\"robots\" content=\"index, follow, max-snippet:-1, max-image-preview:large, max-video-preview:-1\" \/>\n<link rel=\"canonical\" href=\"https:\/\/www.correiobraziliense.com.br\/cbradar\/o-que-significa-dormir-bem-segundo-a-psicologia\/\" \/>\n<meta property=\"og:locale\" content=\"pt_BR\" \/>\n<meta property=\"og:type\" content=\"article\" \/>\n<meta property=\"og:title\" content=\"O que significa dormir bem, segundo a psicologia?\" \/>\n<meta property=\"og:description\" content=\"Explora\u00e7\u00e3o dos h\u00e1bitos de dormir cobertos at\u00e9 a cabe\u00e7a ou com cobertores pesados, revelando seus benef\u00edcios emocionais e fisiol\u00f3gicos para um sono de qualidade.\" \/>\n<meta property=\"og:url\" content=\"https:\/\/www.correiobraziliense.com.br\/cbradar\/o-que-significa-dormir-bem-segundo-a-psicologia\/\" \/>\n<meta property=\"og:site_name\" content=\"Correio Braziliense - Radar\" \/>\n<meta property=\"article:published_time\" content=\"2025-07-22T11:13:00+00:00\" \/>\n<meta property=\"og:image\" content=\"https:\/\/www.correiobraziliense.com.br\/cbradar\/wp-content\/uploads\/2025\/07\/pessoa-dormindo_1753104424571.jpg\" \/>\n\t<meta property=\"og:image:width\" content=\"1280\" \/>\n\t<meta property=\"og:image:height\" content=\"720\" \/>\n\t<meta property=\"og:image:type\" content=\"image\/jpeg\" \/>\n<meta name=\"author\" content=\"Larissa Carvalho\" \/>\n<meta name=\"twitter:card\" content=\"summary_large_image\" \/>\n<meta name=\"twitter:label1\" content=\"Escrito por\" \/>\n\t<meta name=\"twitter:data1\" content=\"Larissa Carvalho\" \/>\n\t<meta name=\"twitter:label2\" content=\"Est. tempo de leitura\" \/>\n\t<meta name=\"twitter:data2\" content=\"4 minutos\" \/>\n<!-- \/ Yoast SEO plugin. -->","yoast_head_json":{"title":"O que significa dormir bem, segundo a psicologia?","description":"Explora\u00e7\u00e3o dos h\u00e1bitos de dormir cobertos at\u00e9 a cabe\u00e7a ou com cobertores pesados, revelando seus benef\u00edcios emocionais e fisiol\u00f3gicos para um sono de qualidade.","robots":{"index":"index","follow":"follow","max-snippet":"max-snippet:-1","max-image-preview":"max-image-preview:large","max-video-preview":"max-video-preview:-1"},"canonical":"https:\/\/www.correiobraziliense.com.br\/cbradar\/o-que-significa-dormir-bem-segundo-a-psicologia\/","og_locale":"pt_BR","og_type":"article","og_title":"O que significa dormir bem, segundo a psicologia?","og_description":"Explora\u00e7\u00e3o dos h\u00e1bitos de dormir cobertos at\u00e9 a cabe\u00e7a ou com cobertores pesados, revelando seus benef\u00edcios emocionais e fisiol\u00f3gicos para um sono de qualidade.","og_url":"https:\/\/www.correiobraziliense.com.br\/cbradar\/o-que-significa-dormir-bem-segundo-a-psicologia\/","og_site_name":"Correio Braziliense - Radar","article_published_time":"2025-07-22T11:13:00+00:00","og_image":[{"width":1280,"height":720,"url":"https:\/\/www.correiobraziliense.com.br\/cbradar\/wp-content\/uploads\/2025\/07\/pessoa-dormindo_1753104424571.jpg","type":"image\/jpeg"}],"author":"Larissa Carvalho","twitter_card":"summary_large_image","twitter_misc":{"Escrito por":"Larissa Carvalho","Est. tempo de leitura":"4 minutos"},"schema":{"@context":"https:\/\/schema.org","@graph":[{"@type":"WebPage","@id":"https:\/\/www.correiobraziliense.com.br\/cbradar\/o-que-significa-dormir-bem-segundo-a-psicologia\/","url":"https:\/\/www.correiobraziliense.com.br\/cbradar\/o-que-significa-dormir-bem-segundo-a-psicologia\/","name":"O que significa dormir bem, segundo a psicologia?","isPartOf":{"@id":"https:\/\/www.correiobraziliense.com.br\/cbradar\/#website"},"primaryImageOfPage":{"@id":"https:\/\/www.correiobraziliense.com.br\/cbradar\/o-que-significa-dormir-bem-segundo-a-psicologia\/#primaryimage"},"image":{"@id":"https:\/\/www.correiobraziliense.com.br\/cbradar\/o-que-significa-dormir-bem-segundo-a-psicologia\/#primaryimage"},"thumbnailUrl":"https:\/\/www.correiobraziliense.com.br\/cbradar\/wp-content\/uploads\/2025\/07\/pessoa-dormindo_1753104424571.jpg","datePublished":"2025-07-22T11:13:00+00:00","author":{"@id":"https:\/\/www.correiobraziliense.com.br\/cbradar\/#\/schema\/person\/58422787644df994b53a19d3e56c1513"},"description":"Explora\u00e7\u00e3o dos h\u00e1bitos de dormir cobertos at\u00e9 a cabe\u00e7a ou com cobertores pesados, revelando seus benef\u00edcios emocionais e fisiol\u00f3gicos para um sono de qualidade.","breadcrumb":{"@id":"https:\/\/www.correiobraziliense.com.br\/cbradar\/o-que-significa-dormir-bem-segundo-a-psicologia\/#breadcrumb"},"inLanguage":"pt-BR","potentialAction":[{"@type":"ReadAction","target":["https:\/\/www.correiobraziliense.com.br\/cbradar\/o-que-significa-dormir-bem-segundo-a-psicologia\/"]}]},{"@type":"ImageObject","inLanguage":"pt-BR","@id":"https:\/\/www.correiobraziliense.com.br\/cbradar\/o-que-significa-dormir-bem-segundo-a-psicologia\/#primaryimage","url":"https:\/\/www.correiobraziliense.com.br\/cbradar\/wp-content\/uploads\/2025\/07\/pessoa-dormindo_1753104424571.jpg","contentUrl":"https:\/\/www.correiobraziliense.com.br\/cbradar\/wp-content\/uploads\/2025\/07\/pessoa-dormindo_1753104424571.jpg","width":1280,"height":720,"caption":"pessoa dormindo. Cr\u00e9ditos: depositphotos.com \/ AllaSerebrina"},{"@type":"BreadcrumbList","@id":"https:\/\/www.correiobraziliense.com.br\/cbradar\/o-que-significa-dormir-bem-segundo-a-psicologia\/#breadcrumb","itemListElement":[{"@type":"ListItem","position":1,"name":"In\u00edcio","item":"https:\/\/www.correiobraziliense.com.br\/cbradar\/"},{"@type":"ListItem","position":2,"name":"O que significa dormir bem, segundo a psicologia?"}]},{"@type":"WebSite","@id":"https:\/\/www.correiobraziliense.com.br\/cbradar\/#website","url":"https:\/\/www.correiobraziliense.com.br\/cbradar\/","name":"Correio Braziliense - Radar","description":"Acompanhe as \u00faltimas not\u00edcias e fique bem informado sobre tudo o que acontece no Brasil e no mundo.","potentialAction":[{"@type":"SearchAction","target":{"@type":"EntryPoint","urlTemplate":"https:\/\/www.correiobraziliense.com.br\/cbradar\/?s={search_term_string}"},"query-input":{"@type":"PropertyValueSpecification","valueRequired":true,"valueName":"search_term_string"}}],"inLanguage":"pt-BR"},{"@type":"Person","@id":"https:\/\/www.correiobraziliense.com.br\/cbradar\/#\/schema\/person\/58422787644df994b53a19d3e56c1513","name":"Larissa Carvalho","image":{"@type":"ImageObject","inLanguage":"pt-BR","@id":"https:\/\/www.correiobraziliense.com.br\/cbradar\/#\/schema\/person\/image\/","url":"https:\/\/secure.gravatar.com\/avatar\/fe4f91a0de32b52a838d0d612abdc1aa?s=96&d=mm&r=g","contentUrl":"https:\/\/secure.gravatar.com\/avatar\/fe4f91a0de32b52a838d0d612abdc1aa?s=96&d=mm&r=g","caption":"Larissa Carvalho"},"url":"https:\/\/www.correiobraziliense.com.br\/cbradar\/author\/larissamyth\/"}]}},"_links":{"self":[{"href":"https:\/\/www.correiobraziliense.com.br\/cbradar\/wp-json\/wp\/v2\/posts\/73175","targetHints":{"allow":["GET"]}}],"collection":[{"href":"https:\/\/www.correiobraziliense.com.br\/cbradar\/wp-json\/wp\/v2\/posts"}],"about":[{"href":"https:\/\/www.correiobraziliense.com.br\/cbradar\/wp-json\/wp\/v2\/types\/post"}],"author":[{"embeddable":true,"href":"https:\/\/www.correiobraziliense.com.br\/cbradar\/wp-json\/wp\/v2\/users\/3"}],"replies":[{"embeddable":true,"href":"https:\/\/www.correiobraziliense.com.br\/cbradar\/wp-json\/wp\/v2\/comments?post=73175"}],"version-history":[{"count":2,"href":"https:\/\/www.correiobraziliense.com.br\/cbradar\/wp-json\/wp\/v2\/posts\/73175\/revisions"}],"predecessor-version":[{"id":73179,"href":"https:\/\/www.correiobraziliense.com.br\/cbradar\/wp-json\/wp\/v2\/posts\/73175\/revisions\/73179"}],"wp:featuredmedia":[{"embeddable":true,"href":"https:\/\/www.correiobraziliense.com.br\/cbradar\/wp-json\/wp\/v2\/media\/73177"}],"wp:attachment":[{"href":"https:\/\/www.correiobraziliense.com.br\/cbradar\/wp-json\/wp\/v2\/media?parent=73175"}],"wp:term":[{"taxonomy":"category","embeddable":true,"href":"https:\/\/www.correiobraziliense.com.br\/cbradar\/wp-json\/wp\/v2\/categories?post=73175"},{"taxonomy":"post_tag","embeddable":true,"href":"https:\/\/www.correiobraziliense.com.br\/cbradar\/wp-json\/wp\/v2\/tags?post=73175"}],"curies":[{"name":"wp","href":"https:\/\/api.w.org\/{rel}","templated":true}]}}