{"id":73291,"date":"2025-07-22T16:03:00","date_gmt":"2025-07-22T19:03:00","guid":{"rendered":"https:\/\/www.correiobraziliense.com.br\/cbradar\/?p=73291"},"modified":"2025-07-21T12:01:32","modified_gmt":"2025-07-21T15:01:32","slug":"dia-mais-curto-da-historia-desafia-ciencia-e-pode-mudar-tudo","status":"publish","type":"post","link":"https:\/\/www.correiobraziliense.com.br\/cbradar\/dia-mais-curto-da-historia-desafia-ciencia-e-pode-mudar-tudo\/","title":{"rendered":"Dia mais curto da hist\u00f3ria desafia ci\u00eancia e pode mudar tudo"},"content":{"rendered":"\n<p>Na ter\u00e7a-feira, 22 de julho de 2025, o planeta <strong>Terra<\/strong> ir\u00e1 completar uma rota\u00e7\u00e3o em um tempo ligeiramente menor do que o habitual, marcando um dos dias mais curtos j\u00e1 registrados na era moderna. A diferen\u00e7a, impercept\u00edvel no cotidiano, ser\u00e1 de apenas 1,34 milissegundos a menos que as tradicionais 24 horas. O fen\u00f4meno \u00e9 parte de uma tend\u00eancia curiosa observada nos \u00faltimos anos, em que a rota\u00e7\u00e3o terrestre tem acelerado de forma an\u00f4mala, intrigando cientistas e estudiosos da \u00e1rea.<\/p>\n\n\n\n<p>A dura\u00e7\u00e3o de um dia, geralmente entendida como 86.400 segundos, tem sido influenciada por m\u00faltiplos fatores ao longo da evolu\u00e7\u00e3o do planeta. No passado distante, estima-se que um dia era significativamente mais curto, por volta de 19 horas, resultado da intera\u00e7\u00e3o entre mar\u00e9s solares e lunares. Com o passar do tempo, a atividade gravitacional da <strong>Lua<\/strong>, se afastando gradativamente da <strong>Terra<\/strong>, desacelerou a rota\u00e7\u00e3o planet\u00e1ria, tornando os dias mais longos.<\/p>\n\n\n\n<h2 class=\"wp-block-heading\">O que est\u00e1 provocando dias mais curtos na Terra?<\/h2>\n\n\n\n<p><strong>O registro preciso do tempo s\u00f3 foi poss\u00edvel a partir do desenvolvimento do rel\u00f3gio at\u00f4mico, em 1973.<\/strong> Desde ent\u00e3o, observou-se que, at\u00e9 2020, o menor dia registrado foi cerca de 1,05 milissegundos mais curto que as 24 horas padr\u00f5es. A partir de 2020, essa marca foi superada diversas vezes, destacando 2024 como o ano do dia mais breve j\u00e1 medido, em 5 de julho, com 1,66 milissegundos a menos que o normal.<\/p>\n\n\n\n<p>No cen\u00e1rio atual, cientistas apontam que a previs\u00e3o para 2025 indica que 10 de julho foi at\u00e9 agora o dia mais curto, com 1,36 milissegundos a menos, seguido de perto pelo dia 22 de julho. <strong>O interessante \u00e9 que, se essa tend\u00eancia continuar, pode ser necess\u00e1rio subtrair um segundo dos rel\u00f3gios at\u00f4micos, evento conhecido como \u201csegundo bissexto negativo\u201d, algo in\u00e9dito na hist\u00f3ria da medi\u00e7\u00e3o do tempo.<\/strong><\/p>\n\n\n\n<p>Leia tamb\u00e9m: <a href=\"https:\/\/www.correiobraziliense.com.br\/cbradar\/novo-exoplaneta-gigante-e-confirmado-em-kepler-139-e-surpreende-a-astronomia-mundial\/\" target=\"_blank\" rel=\"noreferrer noopener\">Novo exoplaneta gigante \u00e9 confirmado em Kepler-139 e surpreende a astronomia mundial<\/a><\/p>\n\n\n\n<h2 class=\"wp-block-heading\">Como os fatores naturais afetam o ritmo de rota\u00e7\u00e3o do planeta?<\/h2>\n\n\n\n<p><strong>Mudan\u00e7as clim\u00e1ticas e varia\u00e7\u00f5es internas do planeta figuram entre as poss\u00edveis causas para a recente acelera\u00e7\u00e3o.<\/strong> Estudos de 2024 sugerem que o derretimento das calotas polares e a eleva\u00e7\u00e3o do n\u00edvel do mar, ao redistribu\u00edrem a massa do planeta, exercem influ\u00eancia sobre a velocidade de rota\u00e7\u00e3o. No entanto, ao inv\u00e9s de acelerar, esse fen\u00f4meno pode estar estabilizando ou at\u00e9 moderando o ritmo da <strong>Terra<\/strong>.<\/p>\n\n\n\n<p>Al\u00e9m disso, h\u00e1 hip\u00f3teses envolvendo processos mais profundos, como altera\u00e7\u00f5es no n\u00facleo l\u00edquido terrestre. <strong>O movimento desse n\u00facleo pode redistribuir o momento angular entre o manto e a crosta, provocando acelera\u00e7\u00f5es tempor\u00e1rias.<\/strong> Especialistas como <strong>Leonid Zotov<\/strong>, da <strong>Universidade Estatal de Moscou<\/strong>, apontam que explica\u00e7\u00f5es climatol\u00f3gicas ou atmosf\u00e9ricas n\u00e3o s\u00e3o suficientes para justificar o aumento de velocidade observado no planeta.<\/p>\n\n\n\n<figure class=\"wp-block-image size-large\"><img decoding=\"async\" width=\"1024\" height=\"576\" src=\"https:\/\/www.correiobraziliense.com.br\/cbradar\/wp-content\/uploads\/2025\/07\/planeta-terra_1753110058345-1024x576.jpg\" alt=\"Dia mais curto da hist\u00f3ria desafia ci\u00eancia e pode mudar tudo\" class=\"wp-image-73294\" srcset=\"https:\/\/www.correiobraziliense.com.br\/cbradar\/wp-content\/uploads\/2025\/07\/planeta-terra_1753110058345-1024x576.jpg 1024w, https:\/\/www.correiobraziliense.com.br\/cbradar\/wp-content\/uploads\/2025\/07\/planeta-terra_1753110058345-300x169.jpg 300w, https:\/\/www.correiobraziliense.com.br\/cbradar\/wp-content\/uploads\/2025\/07\/planeta-terra_1753110058345-768x432.jpg 768w, https:\/\/www.correiobraziliense.com.br\/cbradar\/wp-content\/uploads\/2025\/07\/planeta-terra_1753110058345-750x422.jpg 750w, https:\/\/www.correiobraziliense.com.br\/cbradar\/wp-content\/uploads\/2025\/07\/planeta-terra_1753110058345-1140x641.jpg 1140w, https:\/\/www.correiobraziliense.com.br\/cbradar\/wp-content\/uploads\/2025\/07\/planeta-terra_1753110058345.jpg 1280w\" sizes=\"(max-width: 1024px) 100vw, 1024px\" \/><figcaption class=\"wp-element-caption\">planeta terra. Cr\u00e9ditos: depositphotos.com \/ dell640<\/figcaption><\/figure>\n\n\n\n<h2 class=\"wp-block-heading\">O que pode acontecer caso o ritmo continue mudando?<\/h2>\n\n\n\n<p><strong>A possibilidade de altera\u00e7\u00f5es mais frequentes na dura\u00e7\u00e3o dos dias traz consigo desafios para a cronometria global.<\/strong> Caso a <strong>Terra<\/strong> continue girando mais rapidamente, a introdu\u00e7\u00e3o do segundo bissexto negativo poder\u00e1 tornar-se necess\u00e1ria para alinhar os rel\u00f3gios at\u00f4micos ao tempo solar real. Apesar de parecer insignificante, essa mudan\u00e7a implica ajustes importantes em sistemas de navega\u00e7\u00e3o, telecomunica\u00e7\u00f5es e bancos de dados globais dependentes de sincroniza\u00e7\u00e3o extremamente precisa.<\/p>\n\n\n\n<ul class=\"wp-block-list\">\n<li><strong>Adapta\u00e7\u00e3o Tecnol\u00f3gica:<\/strong> Sat\u00e9lites e sistemas de GPS dependem de ajustes precisos para manter seu funcionamento.<\/li>\n\n\n\n<li><strong>Calend\u00e1rio e Hor\u00e1rio:<\/strong> Altera\u00e7\u00f5es de segundos podem impactar o registro hist\u00f3rico de hor\u00e1rios em atividades econ\u00f4micas e cient\u00edficas.<\/li>\n\n\n\n<li><strong>Estudos Cient\u00edficos:<\/strong> Fen\u00f4menos como esse abrem espa\u00e7o para pesquisas sobre a estrutura interna do planeta e suas din\u00e2micas.<\/li>\n<\/ul>\n\n\n\n<p><strong>Ainda sem explica\u00e7\u00e3o conclusiva, o fen\u00f4meno dos dias cada vez mais curtos segue sob investiga\u00e7\u00e3o.<\/strong> Enquanto as causas profundas permanecem envoltas em mist\u00e9rio, especialistas continuam monitorando as flutua\u00e7\u00f5es no tempo de rota\u00e7\u00e3o e analisando tend\u00eancias. As descobertas desse comportamento an\u00f4malo contribuem para o aprimoramento do entendimento sobre a din\u00e2mica planet\u00e1ria e ressaltam a complexidade dos sistemas naturais da <strong>Terra<\/strong>.<\/p>\n","protected":false},"excerpt":{"rendered":"<p>Um dos dias mais curtos j\u00e1 registrados pode mudar como vivemos. Cientistas alertam para mist\u00e9rios na rota\u00e7\u00e3o da Terra que intrigam o mundo todo.<\/p>\n","protected":false},"author":3,"featured_media":73293,"comment_status":"open","ping_status":"open","sticky":false,"template":"","format":"standard","meta":{"_yoast_wpseo_focuskw":"dia mais curto","_yoast_wpseo_title":"%%title%%","_yoast_wpseo_metadesc":"Um dos dias mais curtos j\u00e1 registrados pode mudar como vivemos. Cientistas alertam para mist\u00e9rios na rota\u00e7\u00e3o da Terra que intrigam o mundo todo.","jnews-multi-image_gallery":[],"jnews_single_post":{"format":"standard"},"jnews_primary_category":[],"jnews_social_meta":[],"jnews_override_counter":[],"footnotes":""},"categories":[112],"tags":[179,736,144],"class_list":["post-73291","post","type-post","status-publish","format-standard","has-post-thumbnail","hentry","category-curiosidades","tag-astronomia","tag-ciencia","tag-curiosidades"],"yoast_head":"<!-- This site is optimized with the Yoast SEO plugin v24.6 - https:\/\/yoast.com\/wordpress\/plugins\/seo\/ -->\n<title>Dia mais curto da hist\u00f3ria desafia ci\u00eancia e pode mudar tudo<\/title>\n<meta name=\"description\" content=\"Um dos dias mais curtos j\u00e1 registrados pode mudar como vivemos. Cientistas alertam para mist\u00e9rios na rota\u00e7\u00e3o da Terra que intrigam o mundo todo.\" \/>\n<meta name=\"robots\" content=\"index, follow, max-snippet:-1, max-image-preview:large, max-video-preview:-1\" \/>\n<link rel=\"canonical\" href=\"https:\/\/www.correiobraziliense.com.br\/cbradar\/dia-mais-curto-da-historia-desafia-ciencia-e-pode-mudar-tudo\/\" \/>\n<meta property=\"og:locale\" content=\"pt_BR\" \/>\n<meta property=\"og:type\" content=\"article\" \/>\n<meta property=\"og:title\" content=\"Dia mais curto da hist\u00f3ria desafia ci\u00eancia e pode mudar tudo\" \/>\n<meta property=\"og:description\" content=\"Um dos dias mais curtos j\u00e1 registrados pode mudar como vivemos. Cientistas alertam para mist\u00e9rios na rota\u00e7\u00e3o da Terra que intrigam o mundo todo.\" \/>\n<meta property=\"og:url\" content=\"https:\/\/www.correiobraziliense.com.br\/cbradar\/dia-mais-curto-da-historia-desafia-ciencia-e-pode-mudar-tudo\/\" \/>\n<meta property=\"og:site_name\" content=\"Correio Braziliense - Radar\" \/>\n<meta property=\"article:published_time\" content=\"2025-07-22T19:03:00+00:00\" \/>\n<meta property=\"og:image\" content=\"https:\/\/www.correiobraziliense.com.br\/cbradar\/wp-content\/uploads\/2025\/07\/planeta-terra_1753110033732.jpg\" \/>\n\t<meta property=\"og:image:width\" content=\"1280\" \/>\n\t<meta property=\"og:image:height\" content=\"720\" \/>\n\t<meta property=\"og:image:type\" content=\"image\/jpeg\" \/>\n<meta name=\"author\" content=\"Larissa Carvalho\" \/>\n<meta name=\"twitter:card\" content=\"summary_large_image\" \/>\n<meta name=\"twitter:label1\" content=\"Escrito por\" \/>\n\t<meta name=\"twitter:data1\" content=\"Larissa Carvalho\" \/>\n\t<meta name=\"twitter:label2\" content=\"Est. tempo de leitura\" \/>\n\t<meta name=\"twitter:data2\" content=\"4 minutos\" \/>\n<!-- \/ Yoast SEO plugin. -->","yoast_head_json":{"title":"Dia mais curto da hist\u00f3ria desafia ci\u00eancia e pode mudar tudo","description":"Um dos dias mais curtos j\u00e1 registrados pode mudar como vivemos. Cientistas alertam para mist\u00e9rios na rota\u00e7\u00e3o da Terra que intrigam o mundo todo.","robots":{"index":"index","follow":"follow","max-snippet":"max-snippet:-1","max-image-preview":"max-image-preview:large","max-video-preview":"max-video-preview:-1"},"canonical":"https:\/\/www.correiobraziliense.com.br\/cbradar\/dia-mais-curto-da-historia-desafia-ciencia-e-pode-mudar-tudo\/","og_locale":"pt_BR","og_type":"article","og_title":"Dia mais curto da hist\u00f3ria desafia ci\u00eancia e pode mudar tudo","og_description":"Um dos dias mais curtos j\u00e1 registrados pode mudar como vivemos. Cientistas alertam para mist\u00e9rios na rota\u00e7\u00e3o da Terra que intrigam o mundo todo.","og_url":"https:\/\/www.correiobraziliense.com.br\/cbradar\/dia-mais-curto-da-historia-desafia-ciencia-e-pode-mudar-tudo\/","og_site_name":"Correio Braziliense - Radar","article_published_time":"2025-07-22T19:03:00+00:00","og_image":[{"width":1280,"height":720,"url":"https:\/\/www.correiobraziliense.com.br\/cbradar\/wp-content\/uploads\/2025\/07\/planeta-terra_1753110033732.jpg","type":"image\/jpeg"}],"author":"Larissa Carvalho","twitter_card":"summary_large_image","twitter_misc":{"Escrito por":"Larissa Carvalho","Est. tempo de leitura":"4 minutos"},"schema":{"@context":"https:\/\/schema.org","@graph":[{"@type":"WebPage","@id":"https:\/\/www.correiobraziliense.com.br\/cbradar\/dia-mais-curto-da-historia-desafia-ciencia-e-pode-mudar-tudo\/","url":"https:\/\/www.correiobraziliense.com.br\/cbradar\/dia-mais-curto-da-historia-desafia-ciencia-e-pode-mudar-tudo\/","name":"Dia mais curto da hist\u00f3ria desafia ci\u00eancia e pode mudar tudo","isPartOf":{"@id":"https:\/\/www.correiobraziliense.com.br\/cbradar\/#website"},"primaryImageOfPage":{"@id":"https:\/\/www.correiobraziliense.com.br\/cbradar\/dia-mais-curto-da-historia-desafia-ciencia-e-pode-mudar-tudo\/#primaryimage"},"image":{"@id":"https:\/\/www.correiobraziliense.com.br\/cbradar\/dia-mais-curto-da-historia-desafia-ciencia-e-pode-mudar-tudo\/#primaryimage"},"thumbnailUrl":"https:\/\/www.correiobraziliense.com.br\/cbradar\/wp-content\/uploads\/2025\/07\/planeta-terra_1753110033732.jpg","datePublished":"2025-07-22T19:03:00+00:00","author":{"@id":"https:\/\/www.correiobraziliense.com.br\/cbradar\/#\/schema\/person\/58422787644df994b53a19d3e56c1513"},"description":"Um dos dias mais curtos j\u00e1 registrados pode mudar como vivemos. Cientistas alertam para mist\u00e9rios na rota\u00e7\u00e3o da Terra que intrigam o mundo todo.","breadcrumb":{"@id":"https:\/\/www.correiobraziliense.com.br\/cbradar\/dia-mais-curto-da-historia-desafia-ciencia-e-pode-mudar-tudo\/#breadcrumb"},"inLanguage":"pt-BR","potentialAction":[{"@type":"ReadAction","target":["https:\/\/www.correiobraziliense.com.br\/cbradar\/dia-mais-curto-da-historia-desafia-ciencia-e-pode-mudar-tudo\/"]}]},{"@type":"ImageObject","inLanguage":"pt-BR","@id":"https:\/\/www.correiobraziliense.com.br\/cbradar\/dia-mais-curto-da-historia-desafia-ciencia-e-pode-mudar-tudo\/#primaryimage","url":"https:\/\/www.correiobraziliense.com.br\/cbradar\/wp-content\/uploads\/2025\/07\/planeta-terra_1753110033732.jpg","contentUrl":"https:\/\/www.correiobraziliense.com.br\/cbradar\/wp-content\/uploads\/2025\/07\/planeta-terra_1753110033732.jpg","width":1280,"height":720,"caption":"Planeta Terra. Cr\u00e9ditos: depositphotos.com \/ JohanSwanepoel"},{"@type":"BreadcrumbList","@id":"https:\/\/www.correiobraziliense.com.br\/cbradar\/dia-mais-curto-da-historia-desafia-ciencia-e-pode-mudar-tudo\/#breadcrumb","itemListElement":[{"@type":"ListItem","position":1,"name":"In\u00edcio","item":"https:\/\/www.correiobraziliense.com.br\/cbradar\/"},{"@type":"ListItem","position":2,"name":"Dia mais curto da hist\u00f3ria desafia ci\u00eancia e pode mudar tudo"}]},{"@type":"WebSite","@id":"https:\/\/www.correiobraziliense.com.br\/cbradar\/#website","url":"https:\/\/www.correiobraziliense.com.br\/cbradar\/","name":"Correio Braziliense - Radar","description":"Acompanhe as \u00faltimas not\u00edcias e fique bem informado sobre tudo o que acontece no Brasil e no mundo.","potentialAction":[{"@type":"SearchAction","target":{"@type":"EntryPoint","urlTemplate":"https:\/\/www.correiobraziliense.com.br\/cbradar\/?s={search_term_string}"},"query-input":{"@type":"PropertyValueSpecification","valueRequired":true,"valueName":"search_term_string"}}],"inLanguage":"pt-BR"},{"@type":"Person","@id":"https:\/\/www.correiobraziliense.com.br\/cbradar\/#\/schema\/person\/58422787644df994b53a19d3e56c1513","name":"Larissa Carvalho","image":{"@type":"ImageObject","inLanguage":"pt-BR","@id":"https:\/\/www.correiobraziliense.com.br\/cbradar\/#\/schema\/person\/image\/","url":"https:\/\/secure.gravatar.com\/avatar\/fe4f91a0de32b52a838d0d612abdc1aa?s=96&d=mm&r=g","contentUrl":"https:\/\/secure.gravatar.com\/avatar\/fe4f91a0de32b52a838d0d612abdc1aa?s=96&d=mm&r=g","caption":"Larissa Carvalho"},"url":"https:\/\/www.correiobraziliense.com.br\/cbradar\/author\/larissamyth\/"}]}},"_links":{"self":[{"href":"https:\/\/www.correiobraziliense.com.br\/cbradar\/wp-json\/wp\/v2\/posts\/73291","targetHints":{"allow":["GET"]}}],"collection":[{"href":"https:\/\/www.correiobraziliense.com.br\/cbradar\/wp-json\/wp\/v2\/posts"}],"about":[{"href":"https:\/\/www.correiobraziliense.com.br\/cbradar\/wp-json\/wp\/v2\/types\/post"}],"author":[{"embeddable":true,"href":"https:\/\/www.correiobraziliense.com.br\/cbradar\/wp-json\/wp\/v2\/users\/3"}],"replies":[{"embeddable":true,"href":"https:\/\/www.correiobraziliense.com.br\/cbradar\/wp-json\/wp\/v2\/comments?post=73291"}],"version-history":[{"count":2,"href":"https:\/\/www.correiobraziliense.com.br\/cbradar\/wp-json\/wp\/v2\/posts\/73291\/revisions"}],"predecessor-version":[{"id":73296,"href":"https:\/\/www.correiobraziliense.com.br\/cbradar\/wp-json\/wp\/v2\/posts\/73291\/revisions\/73296"}],"wp:featuredmedia":[{"embeddable":true,"href":"https:\/\/www.correiobraziliense.com.br\/cbradar\/wp-json\/wp\/v2\/media\/73293"}],"wp:attachment":[{"href":"https:\/\/www.correiobraziliense.com.br\/cbradar\/wp-json\/wp\/v2\/media?parent=73291"}],"wp:term":[{"taxonomy":"category","embeddable":true,"href":"https:\/\/www.correiobraziliense.com.br\/cbradar\/wp-json\/wp\/v2\/categories?post=73291"},{"taxonomy":"post_tag","embeddable":true,"href":"https:\/\/www.correiobraziliense.com.br\/cbradar\/wp-json\/wp\/v2\/tags?post=73291"}],"curies":[{"name":"wp","href":"https:\/\/api.w.org\/{rel}","templated":true}]}}