{"id":73301,"date":"2025-07-22T20:23:00","date_gmt":"2025-07-22T23:23:00","guid":{"rendered":"https:\/\/www.correiobraziliense.com.br\/cbradar\/?p=73301"},"modified":"2025-07-21T12:04:24","modified_gmt":"2025-07-21T15:04:24","slug":"descoberta-rara-no-fim-do-sistema-solar-surpreende-astronomos-do-mundo","status":"publish","type":"post","link":"https:\/\/www.correiobraziliense.com.br\/cbradar\/descoberta-rara-no-fim-do-sistema-solar-surpreende-astronomos-do-mundo\/","title":{"rendered":"Descoberta rara no fim do Sistema Solar surpreende astr\u00f4nomos do mundo"},"content":{"rendered":"\n<p>A recente identifica\u00e7\u00e3o do objeto <strong>2023 KQ14<\/strong> pelo <strong>Observat\u00f3rio Astron\u00f4mico Nacional do Jap\u00e3o<\/strong> trouxe novos debates sobre os confins do <strong>Sistema Solar<\/strong>. Localizado al\u00e9m da \u00f3rbita de <strong>Plut\u00e3o<\/strong>, este pequeno corpo celeste apresenta trajet\u00f3ria bastante alongada, caracter\u00edstica dos chamados <strong>sednoides<\/strong>, uma classe ainda pouco conhecida de objetos transnetunianos. A descoberta, resultado do projeto <strong>FOSSIL<\/strong> em colabora\u00e7\u00e3o internacional durante 2023 e 2024, coloca em evid\u00eancia a din\u00e2mica complexa das fronteiras do nosso sistema planet\u00e1rio.<\/p>\n\n\n\n<p>O achado envolveu uma an\u00e1lise minuciosa dos registros feitos pelo telesc\u00f3pio <strong>Subaru<\/strong>, sediado no <strong>Hava\u00ed<\/strong>, complementada por dados de outras fontes e observa\u00e7\u00f5es recentes utilizando o telesc\u00f3pio <strong>Canad\u00e1-Fran\u00e7a-Hava\u00ed<\/strong>. O rastreamento orbital do <strong>2023 KQ14<\/strong> ao longo de 19 anos permitiu classificar o objeto como um sednoide, grupo do qual faz parte a conhecida planeta-an\u00e3 <strong>Sedna<\/strong>. Objetos deste tipo est\u00e3o entre os corpos celestes mais distantes orbitando o <strong>Sol<\/strong>, nunca se aproximando mais do que <strong>Netuno<\/strong>.<\/p>\n\n\n\n<h2 class=\"wp-block-heading\">O que s\u00e3o sednoides e por que despertam interesse?<\/h2>\n\n\n\n<p><strong>Sednoides s\u00e3o objetos que habitam as regi\u00f5es mais externas do Sistema Solar, em \u00f3rbitas muito alongadas e distantes.<\/strong> Atr\u00e1s apenas do cintur\u00e3o de <strong>Kuiper<\/strong>, onde se localizam corpos como <strong>Plut\u00e3o<\/strong>, esses objetos despertam o interesse dos astr\u00f4nomos por suas origens ainda misteriosas. O nome deriva de <strong>Sedna<\/strong>, o primeiro desses objetos identificado, e desde ent\u00e3o outros como <strong>2023 KQ14<\/strong> passaram a compor este seleto grupo.<\/p>\n\n\n\n<ul class=\"wp-block-list\">\n<li><strong>\u00d3rbitas el\u00edpticas e isoladas:<\/strong> Ao contr\u00e1rio dos planetas tradicionais, sednoides possuem trajet\u00f3rias que mal se aproximam do centro do Sistema Solar.<\/li>\n\n\n\n<li><strong>Dist\u00e2ncia extrema:<\/strong> Muitos deles atingem dist\u00e2ncias superiores a 70 unidades astron\u00f4micas (UA), ou seja, mais de 70 vezes a dist\u00e2ncia da <strong>Terra<\/strong> ao <strong>Sol<\/strong>.<\/li>\n\n\n\n<li><strong>Implica\u00e7\u00f5es para a forma\u00e7\u00e3o solar:<\/strong> A exist\u00eancia desses objetos pode indicar eventos excepcionais ocorridos durante as fases iniciais da forma\u00e7\u00e3o do <strong>Sistema Solar<\/strong>.<\/li>\n<\/ul>\n\n\n\n<figure class=\"wp-block-image size-large\"><img decoding=\"async\" width=\"1024\" height=\"576\" src=\"https:\/\/www.correiobraziliense.com.br\/cbradar\/wp-content\/uploads\/2025\/07\/astronomia_1753110243370-1024x576.jpg\" alt=\"Descoberta rara no fim do Sistema Solar surpreende astr\u00f4nomos do mundo\" class=\"wp-image-73304\" srcset=\"https:\/\/www.correiobraziliense.com.br\/cbradar\/wp-content\/uploads\/2025\/07\/astronomia_1753110243370-1024x576.jpg 1024w, https:\/\/www.correiobraziliense.com.br\/cbradar\/wp-content\/uploads\/2025\/07\/astronomia_1753110243370-300x169.jpg 300w, https:\/\/www.correiobraziliense.com.br\/cbradar\/wp-content\/uploads\/2025\/07\/astronomia_1753110243370-768x432.jpg 768w, https:\/\/www.correiobraziliense.com.br\/cbradar\/wp-content\/uploads\/2025\/07\/astronomia_1753110243370-750x422.jpg 750w, https:\/\/www.correiobraziliense.com.br\/cbradar\/wp-content\/uploads\/2025\/07\/astronomia_1753110243370-1140x641.jpg 1140w, https:\/\/www.correiobraziliense.com.br\/cbradar\/wp-content\/uploads\/2025\/07\/astronomia_1753110243370.jpg 1280w\" sizes=\"(max-width: 1024px) 100vw, 1024px\" \/><figcaption class=\"wp-element-caption\">astronomia. Cr\u00e9ditos: depositphotos.com \/ Rastan<\/figcaption><\/figure>\n\n\n\n<h2 class=\"wp-block-heading\">O 2023 KQ14 mudou a teoria do \u201cPlaneta 9\u201d?<\/h2>\n\n\n\n<p><strong>A teoria do chamado \u201cPlaneta 9\u201d sugere que um planeta massivo, muito al\u00e9m de Plut\u00e3o, influenciaria gravitacionalmente corpos do cintur\u00e3o de Kuiper e da Nuvem de Oort.<\/strong> A descoberta do <strong>2023 KQ14<\/strong>, entretanto, trouxe novos questionamentos, pois sua \u00f3rbita n\u00e3o se alinha com a dos outros tr\u00eas sednoides anteriormente conhecidos. Esse comportamento orbital distinto pode indicar que a hip\u00f3tese de um nono planeta deve ser reavaliada.<\/p>\n\n\n\n<p><strong>Conforme relatos dos pesquisadores envolvidos no estudo, existe a possibilidade de que um grande planeta tenha existido em tempos remotos e, posteriormente, tenha sido ejetado do Sistema Solar.<\/strong> Esse evento, por sua vez, teria influenciado as \u00f3rbitas dos objetos atualmente analisados. A presen\u00e7a de \u00f3rbitas exc\u00eantricas sugere que a hist\u00f3ria desses sednoides envolveu acontecimentos que fogem ao padr\u00e3o conhecido dos planetas maiores.<\/p>\n\n\n\n<h2 class=\"wp-block-heading\">Como s\u00e3o feitas as descobertas desses corpos celestes t\u00e3o distantes?<\/h2>\n\n\n\n<p><strong>A identifica\u00e7\u00e3o de corpos como 2023 KQ14 depende do uso de tecnologias avan\u00e7adas e do mapeamento minucioso do c\u00e9u.<\/strong> Telesc\u00f3pios de grande porte, como o <strong>Subaru<\/strong> e o <strong>Canad\u00e1-Fran\u00e7a-Hava\u00ed<\/strong>, desempenham papel fundamental, possibilitando imagens detalhadas e o acompanhamento da movimenta\u00e7\u00e3o de pequenos pontos luminosos ao longo de v\u00e1rios anos. Quando se confirma que a trajet\u00f3ria observada n\u00e3o corresponde a nenhum corpo j\u00e1 catalogado, novas pesquisas s\u00e3o desencadeadas para calcular a \u00f3rbita daquele objeto.<\/p>\n\n\n\n<ol class=\"wp-block-list\">\n<li>Observa\u00e7\u00e3o inicial com telesc\u00f3pios de alta precis\u00e3o<\/li>\n\n\n\n<li>Registro e an\u00e1lise de dados ao longo do tempo<\/li>\n\n\n\n<li>Compara\u00e7\u00e3o com objetos j\u00e1 conhecidos<\/li>\n\n\n\n<li>C\u00e1lculo de \u00f3rbita e massa para classifica\u00e7\u00e3o<\/li>\n\n\n\n<li>Divulga\u00e7\u00e3o e nomea\u00e7\u00e3o provis\u00f3ria do objeto<\/li>\n<\/ol>\n\n\n\n<p><strong>Em geral, \u00f3rg\u00e3os internacionais como a Uni\u00e3o Astron\u00f4mica Internacional s\u00e3o os respons\u00e1veis por nomear oficialmente esses corpos, ap\u00f3s a an\u00e1lise detalhada dos dados coletados.<\/strong> At\u00e9 a defini\u00e7\u00e3o do nome, o objeto pode receber apelidos, como \u201cAmmonite\u201d para <strong>2023 KQ14<\/strong>.<\/p>\n\n\n\n<h2 class=\"wp-block-heading\">Quais s\u00e3o as consequ\u00eancias da descoberta de 2023 KQ14 para o estudo do Sistema Solar?<\/h2>\n\n\n\n<p><strong>O registro desse novo sednoide amplia a compreens\u00e3o sobre as origens e a evolu\u00e7\u00e3o do Sistema Solar.<\/strong> A presen\u00e7a de corpos com \u00f3rbitas t\u00e3o singulares sugere cen\u00e1rios din\u00e2micos e, por vezes, ca\u00f3ticos, marcados por intera\u00e7\u00f5es gravitacionais intensas. Essas descobertas tamb\u00e9m incentivam a busca de outros objetos semelhantes, que podem ajudar a responder perguntas sobre a exist\u00eancia ou n\u00e3o de grandes planetas nas regi\u00f5es mais externas do sistema.<\/p>\n\n\n\n<p><strong>\u00c0 medida que avan\u00e7am as tecnologias de observa\u00e7\u00e3o e os bancos de dados sobre os corpos transnetunianos se expandem, a astronomia mundial segue atenta a novos sinais vindos dos limites do Sol.<\/strong> O estudo dos sednoides, como <strong>2023 KQ14<\/strong>, continuar\u00e1 proporcionando pistas valiosas sobre a trajet\u00f3ria de nossa vizinhan\u00e7a c\u00f3smica, revelando detalhes ainda ocultos na fronteira final do espa\u00e7o conhecido.<\/p>\n","protected":false},"excerpt":{"rendered":"<p>Objeto al\u00e9m de Plut\u00e3o surpreende astr\u00f4nomos e coloca em xeque a teoria do Planeta 9. Entenda como a ci\u00eancia busca respostas para esse mist\u00e9rio.<\/p>\n","protected":false},"author":3,"featured_media":73303,"comment_status":"open","ping_status":"open","sticky":false,"template":"","format":"standard","meta":{"_yoast_wpseo_focuskw":"descoberta fim sistema solar","_yoast_wpseo_title":"%%title%%","_yoast_wpseo_metadesc":"Objeto al\u00e9m de Plut\u00e3o surpreende astr\u00f4nomos e coloca em xeque a teoria do Planeta 9. Entenda como a ci\u00eancia busca respostas para esse mist\u00e9rio.","jnews-multi-image_gallery":[],"jnews_single_post":{"format":"standard"},"jnews_primary_category":[],"jnews_social_meta":[],"jnews_override_counter":[],"footnotes":""},"categories":[112],"post_tag":[179,736,144],"class_list":["post-73301","post","type-post","status-publish","format-standard","has-post-thumbnail","hentry","category-curiosidades","tag-astronomia","tag-ciencia","tag-curiosidades"],"yoast_head":"<!-- This site is optimized with the Yoast SEO plugin v24.6 - https:\/\/yoast.com\/wordpress\/plugins\/seo\/ -->\n<title>Descoberta rara no fim do Sistema Solar surpreende astr\u00f4nomos do mundo<\/title>\n<meta name=\"description\" content=\"Objeto al\u00e9m de Plut\u00e3o surpreende astr\u00f4nomos e coloca em xeque a teoria do Planeta 9. Entenda como a ci\u00eancia busca respostas para esse mist\u00e9rio.\" \/>\n<meta name=\"robots\" content=\"index, follow, max-snippet:-1, max-image-preview:large, max-video-preview:-1\" \/>\n<link rel=\"canonical\" href=\"https:\/\/www.correiobraziliense.com.br\/cbradar\/descoberta-rara-no-fim-do-sistema-solar-surpreende-astronomos-do-mundo\/\" \/>\n<meta property=\"og:locale\" content=\"pt_BR\" \/>\n<meta property=\"og:type\" content=\"article\" \/>\n<meta property=\"og:title\" content=\"Descoberta rara no fim do Sistema Solar surpreende astr\u00f4nomos do mundo\" \/>\n<meta property=\"og:description\" content=\"Objeto al\u00e9m de Plut\u00e3o surpreende astr\u00f4nomos e coloca em xeque a teoria do Planeta 9. Entenda como a ci\u00eancia busca respostas para esse mist\u00e9rio.\" \/>\n<meta property=\"og:url\" content=\"https:\/\/www.correiobraziliense.com.br\/cbradar\/descoberta-rara-no-fim-do-sistema-solar-surpreende-astronomos-do-mundo\/\" \/>\n<meta property=\"og:site_name\" content=\"Correio Braziliense - Radar\" \/>\n<meta property=\"article:published_time\" content=\"2025-07-22T23:23:00+00:00\" \/>\n<meta property=\"og:image\" content=\"https:\/\/www.correiobraziliense.com.br\/cbradar\/wp-content\/uploads\/2025\/07\/astronomia_1753110171157.jpg\" \/>\n\t<meta property=\"og:image:width\" content=\"1280\" \/>\n\t<meta property=\"og:image:height\" content=\"720\" \/>\n\t<meta property=\"og:image:type\" content=\"image\/jpeg\" \/>\n<meta name=\"author\" content=\"Larissa Carvalho\" \/>\n<meta name=\"twitter:card\" content=\"summary_large_image\" \/>\n<meta name=\"twitter:label1\" content=\"Escrito por\" \/>\n\t<meta name=\"twitter:data1\" content=\"Larissa Carvalho\" \/>\n\t<meta name=\"twitter:label2\" content=\"Est. tempo de leitura\" \/>\n\t<meta name=\"twitter:data2\" content=\"5 minutos\" \/>\n<!-- \/ Yoast SEO plugin. -->","yoast_head_json":{"title":"Descoberta rara no fim do Sistema Solar surpreende astr\u00f4nomos do mundo","description":"Objeto al\u00e9m de Plut\u00e3o surpreende astr\u00f4nomos e coloca em xeque a teoria do Planeta 9. Entenda como a ci\u00eancia busca respostas para esse mist\u00e9rio.","robots":{"index":"index","follow":"follow","max-snippet":"max-snippet:-1","max-image-preview":"max-image-preview:large","max-video-preview":"max-video-preview:-1"},"canonical":"https:\/\/www.correiobraziliense.com.br\/cbradar\/descoberta-rara-no-fim-do-sistema-solar-surpreende-astronomos-do-mundo\/","og_locale":"pt_BR","og_type":"article","og_title":"Descoberta rara no fim do Sistema Solar surpreende astr\u00f4nomos do mundo","og_description":"Objeto al\u00e9m de Plut\u00e3o surpreende astr\u00f4nomos e coloca em xeque a teoria do Planeta 9. Entenda como a ci\u00eancia busca respostas para esse mist\u00e9rio.","og_url":"https:\/\/www.correiobraziliense.com.br\/cbradar\/descoberta-rara-no-fim-do-sistema-solar-surpreende-astronomos-do-mundo\/","og_site_name":"Correio Braziliense - Radar","article_published_time":"2025-07-22T23:23:00+00:00","og_image":[{"width":1280,"height":720,"url":"https:\/\/www.correiobraziliense.com.br\/cbradar\/wp-content\/uploads\/2025\/07\/astronomia_1753110171157.jpg","type":"image\/jpeg"}],"author":"Larissa Carvalho","twitter_card":"summary_large_image","twitter_misc":{"Escrito por":"Larissa Carvalho","Est. tempo de leitura":"5 minutos"},"schema":{"@context":"https:\/\/schema.org","@graph":[{"@type":"WebPage","@id":"https:\/\/www.correiobraziliense.com.br\/cbradar\/descoberta-rara-no-fim-do-sistema-solar-surpreende-astronomos-do-mundo\/","url":"https:\/\/www.correiobraziliense.com.br\/cbradar\/descoberta-rara-no-fim-do-sistema-solar-surpreende-astronomos-do-mundo\/","name":"Descoberta rara no fim do Sistema Solar surpreende astr\u00f4nomos do mundo","isPartOf":{"@id":"https:\/\/www.correiobraziliense.com.br\/cbradar\/#website"},"primaryImageOfPage":{"@id":"https:\/\/www.correiobraziliense.com.br\/cbradar\/descoberta-rara-no-fim-do-sistema-solar-surpreende-astronomos-do-mundo\/#primaryimage"},"image":{"@id":"https:\/\/www.correiobraziliense.com.br\/cbradar\/descoberta-rara-no-fim-do-sistema-solar-surpreende-astronomos-do-mundo\/#primaryimage"},"thumbnailUrl":"https:\/\/www.correiobraziliense.com.br\/cbradar\/wp-content\/uploads\/2025\/07\/astronomia_1753110171157.jpg","datePublished":"2025-07-22T23:23:00+00:00","author":{"@id":"https:\/\/www.correiobraziliense.com.br\/cbradar\/#\/schema\/person\/58422787644df994b53a19d3e56c1513"},"description":"Objeto al\u00e9m de Plut\u00e3o surpreende astr\u00f4nomos e coloca em xeque a teoria do Planeta 9. Entenda como a ci\u00eancia busca respostas para esse mist\u00e9rio.","breadcrumb":{"@id":"https:\/\/www.correiobraziliense.com.br\/cbradar\/descoberta-rara-no-fim-do-sistema-solar-surpreende-astronomos-do-mundo\/#breadcrumb"},"inLanguage":"pt-BR","potentialAction":[{"@type":"ReadAction","target":["https:\/\/www.correiobraziliense.com.br\/cbradar\/descoberta-rara-no-fim-do-sistema-solar-surpreende-astronomos-do-mundo\/"]}]},{"@type":"ImageObject","inLanguage":"pt-BR","@id":"https:\/\/www.correiobraziliense.com.br\/cbradar\/descoberta-rara-no-fim-do-sistema-solar-surpreende-astronomos-do-mundo\/#primaryimage","url":"https:\/\/www.correiobraziliense.com.br\/cbradar\/wp-content\/uploads\/2025\/07\/astronomia_1753110171157.jpg","contentUrl":"https:\/\/www.correiobraziliense.com.br\/cbradar\/wp-content\/uploads\/2025\/07\/astronomia_1753110171157.jpg","width":1280,"height":720,"caption":"astronomia. Cr\u00e9ditos: depositphotos.com \/ milangucci"},{"@type":"BreadcrumbList","@id":"https:\/\/www.correiobraziliense.com.br\/cbradar\/descoberta-rara-no-fim-do-sistema-solar-surpreende-astronomos-do-mundo\/#breadcrumb","itemListElement":[{"@type":"ListItem","position":1,"name":"In\u00edcio","item":"https:\/\/www.correiobraziliense.com.br\/cbradar\/"},{"@type":"ListItem","position":2,"name":"Descoberta rara no fim do Sistema Solar surpreende astr\u00f4nomos do mundo"}]},{"@type":"WebSite","@id":"https:\/\/www.correiobraziliense.com.br\/cbradar\/#website","url":"https:\/\/www.correiobraziliense.com.br\/cbradar\/","name":"Correio Braziliense - Radar","description":"Acompanhe as \u00faltimas not\u00edcias e fique bem informado sobre tudo o que acontece no Brasil e no mundo.","potentialAction":[{"@type":"SearchAction","target":{"@type":"EntryPoint","urlTemplate":"https:\/\/www.correiobraziliense.com.br\/cbradar\/?s={search_term_string}"},"query-input":{"@type":"PropertyValueSpecification","valueRequired":true,"valueName":"search_term_string"}}],"inLanguage":"pt-BR"},{"@type":"Person","@id":"https:\/\/www.correiobraziliense.com.br\/cbradar\/#\/schema\/person\/58422787644df994b53a19d3e56c1513","name":"Larissa Carvalho","image":{"@type":"ImageObject","inLanguage":"pt-BR","@id":"https:\/\/www.correiobraziliense.com.br\/cbradar\/#\/schema\/person\/image\/","url":"https:\/\/secure.gravatar.com\/avatar\/fe4f91a0de32b52a838d0d612abdc1aa?s=96&d=mm&r=g","contentUrl":"https:\/\/secure.gravatar.com\/avatar\/fe4f91a0de32b52a838d0d612abdc1aa?s=96&d=mm&r=g","caption":"Larissa Carvalho"},"url":"https:\/\/www.correiobraziliense.com.br\/cbradar\/author\/larissamyth\/"}]}},"_links":{"self":[{"href":"https:\/\/www.correiobraziliense.com.br\/cbradar\/wp-json\/wp\/v2\/posts\/73301","targetHints":{"allow":["GET"]}}],"collection":[{"href":"https:\/\/www.correiobraziliense.com.br\/cbradar\/wp-json\/wp\/v2\/posts"}],"about":[{"href":"https:\/\/www.correiobraziliense.com.br\/cbradar\/wp-json\/wp\/v2\/types\/post"}],"author":[{"embeddable":true,"href":"https:\/\/www.correiobraziliense.com.br\/cbradar\/wp-json\/wp\/v2\/users\/3"}],"replies":[{"embeddable":true,"href":"https:\/\/www.correiobraziliense.com.br\/cbradar\/wp-json\/wp\/v2\/comments?post=73301"}],"version-history":[{"count":2,"href":"https:\/\/www.correiobraziliense.com.br\/cbradar\/wp-json\/wp\/v2\/posts\/73301\/revisions"}],"predecessor-version":[{"id":73306,"href":"https:\/\/www.correiobraziliense.com.br\/cbradar\/wp-json\/wp\/v2\/posts\/73301\/revisions\/73306"}],"wp:featuredmedia":[{"embeddable":true,"href":"https:\/\/www.correiobraziliense.com.br\/cbradar\/wp-json\/wp\/v2\/media\/73303"}],"wp:attachment":[{"href":"https:\/\/www.correiobraziliense.com.br\/cbradar\/wp-json\/wp\/v2\/media?parent=73301"}],"wp:term":[{"taxonomy":"category","embeddable":true,"href":"https:\/\/www.correiobraziliense.com.br\/cbradar\/wp-json\/wp\/v2\/categories?post=73301"},{"taxonomy":"post_tag","embeddable":true,"href":"https:\/\/www.correiobraziliense.com.br\/cbradar\/wp-json\/wp\/v2\/post_tag?post=73301"}],"curies":[{"name":"wp","href":"https:\/\/api.w.org\/{rel}","templated":true}]}}