{"id":73434,"date":"2025-07-22T06:13:00","date_gmt":"2025-07-22T09:13:00","guid":{"rendered":"https:\/\/www.correiobraziliense.com.br\/cbradar\/?p=73434"},"modified":"2025-07-21T16:07:03","modified_gmt":"2025-07-21T19:07:03","slug":"o-que-acontece-com-seu-corpo-ao-consumir-maca-com-casca-todos-os-dias","status":"publish","type":"post","link":"https:\/\/www.correiobraziliense.com.br\/cbradar\/o-que-acontece-com-seu-corpo-ao-consumir-maca-com-casca-todos-os-dias\/","title":{"rendered":"O que acontece com seu corpo ao consumir ma\u00e7\u00e3 com casca todos os dias"},"content":{"rendered":"\n<p><strong>A casca da ma\u00e7\u00e3<\/strong> concentra nutrientes e compostos que potencializam os benef\u00edcios da fruta. Incorporar essa parte no consumo di\u00e1rio pode ampliar os efeitos positivos para a sa\u00fade. Especialistas refor\u00e7am que evitar o desperd\u00edcio da casca \u00e9 uma escolha inteligente e vantajosa.<\/p>\n\n\n\n<ul class=\"wp-block-list\">\n<li><strong>Fibras sol\u00faveis<\/strong> da casca promovem saciedade e regulam o intestino.<\/li>\n\n\n\n<li><strong>Antioxidantes naturais<\/strong> ajudam a proteger as c\u00e9lulas do corpo.<\/li>\n\n\n\n<li><strong>Consumo integral<\/strong> reduz o desperd\u00edcio alimentar e potencializa o aproveitamento dos nutrientes.<\/li>\n<\/ul>\n\n\n\n<h2 class=\"wp-block-heading\">Por que a casca da ma\u00e7\u00e3 \u00e9 t\u00e3o valorizada na alimenta\u00e7\u00e3o?<\/h2>\n\n\n\n<p><strong>Grande parte dos nutrientes da ma\u00e7\u00e3<\/strong> est\u00e1 concentrada na casca, incluindo fibras, vitaminas e compostos bioativos. Retirar a casca significa perder boa parte desses elementos ben\u00e9ficos.<\/p>\n\n\n\n<p><strong>Pesquisas destacam<\/strong> que consumir a fruta com casca amplia a ingest\u00e3o de antioxidantes, colaborando para o fortalecimento do sistema imunol\u00f3gico.<\/p>\n\n\n\n<h2 class=\"wp-block-heading\">Quais nutrientes se destacam na casca da ma\u00e7\u00e3?<\/h2>\n\n\n\n<p><strong>Fibras alimentares<\/strong> presentes na casca auxiliam no tr\u00e2nsito intestinal e no controle do colesterol. Al\u00e9m disso, a presen\u00e7a de vitamina C refor\u00e7a a defesa do organismo.<\/p>\n\n\n\n<p><strong>Compostos fen\u00f3licos e quercetina<\/strong>, encontrados em maior concentra\u00e7\u00e3o na casca, t\u00eam a\u00e7\u00e3o anti-inflamat\u00f3ria e contribuem para a prote\u00e7\u00e3o das c\u00e9lulas.<\/p>\n\n\n\n<h2 class=\"wp-block-heading\">Faz mal comer ma\u00e7\u00e3 com casca?<\/h2>\n\n\n\n<p><strong>Consumir ma\u00e7\u00e3 com casca<\/strong> \u00e9 seguro desde que a higieniza\u00e7\u00e3o seja adequada. Lavar a fruta com \u00e1gua corrente e escovinha reduz a presen\u00e7a de res\u00edduos.<\/p>\n\n\n\n<p><strong>Pessoas com alergias espec\u00edficas<\/strong> ou problemas digestivos devem consultar um profissional de sa\u00fade antes de mudar h\u00e1bitos alimentares.<\/p>\n\n\n\n<p>Leia tamb\u00e9m: <a href=\"https:\/\/www.correiobraziliense.com.br\/cbradar\/este-grupo-de-alimentos-pode-mudar-sua-saude-do-coracao-em-dias\/\" target=\"_blank\" rel=\"noreferrer noopener\">Este grupo de alimentos pode mudar sua sa\u00fade do cora\u00e7\u00e3o em dias<\/a><\/p>\n\n\n\n<figure class=\"wp-block-image size-large\"><img decoding=\"async\" width=\"1024\" height=\"576\" src=\"https:\/\/www.correiobraziliense.com.br\/cbradar\/wp-content\/uploads\/2025\/07\/maca-fruta_1753124797314-1024x576.jpg\" alt=\"O que acontece com seu corpo ao consumir ma\u00e7\u00e3 com casca todos os dias\" class=\"wp-image-73436\" srcset=\"https:\/\/www.correiobraziliense.com.br\/cbradar\/wp-content\/uploads\/2025\/07\/maca-fruta_1753124797314-1024x576.jpg 1024w, https:\/\/www.correiobraziliense.com.br\/cbradar\/wp-content\/uploads\/2025\/07\/maca-fruta_1753124797314-300x169.jpg 300w, https:\/\/www.correiobraziliense.com.br\/cbradar\/wp-content\/uploads\/2025\/07\/maca-fruta_1753124797314-768x432.jpg 768w, https:\/\/www.correiobraziliense.com.br\/cbradar\/wp-content\/uploads\/2025\/07\/maca-fruta_1753124797314-750x422.jpg 750w, https:\/\/www.correiobraziliense.com.br\/cbradar\/wp-content\/uploads\/2025\/07\/maca-fruta_1753124797314-1140x641.jpg 1140w, https:\/\/www.correiobraziliense.com.br\/cbradar\/wp-content\/uploads\/2025\/07\/maca-fruta_1753124797314.jpg 1280w\" sizes=\"(max-width: 1024px) 100vw, 1024px\" \/><figcaption class=\"wp-element-caption\">ma\u00e7a fruta. Cr\u00e9ditos: depositphotos.com \/ KateNovikova<\/figcaption><\/figure>\n\n\n\n<h2 class=\"wp-block-heading\">Benef\u00edcios pr\u00e1ticos do consumo integral da ma\u00e7\u00e3<\/h2>\n\n\n\n<p><strong>Aproveitar a casca<\/strong> contribui para o melhor aproveitamento de fibras, aumentando a saciedade em dietas de controle de peso. O consumo integral tamb\u00e9m auxilia na sa\u00fade intestinal e pode ajudar na preven\u00e7\u00e3o de doen\u00e7as cr\u00f4nicas.<\/p>\n\n\n\n<ul class=\"wp-block-list\">\n<li><strong>Redu\u00e7\u00e3o do desperd\u00edcio<\/strong>: utilizar a casca evita jogar fora nutrientes importantes.<\/li>\n\n\n\n<li><strong>Versatilidade na cozinha<\/strong>: a casca pode ser usada em sucos, farofas e ch\u00e1s.<\/li>\n<\/ul>\n\n\n\n<p>Dica r\u00e1pida: Prefira ma\u00e7\u00e3s org\u00e2nicas para minimizar res\u00edduos de agrot\u00f3xicos, caso opte por consumir a casca.<\/p>\n\n\n\n<p>Leia tamb\u00e9m: <a href=\"https:\/\/www.correiobraziliense.com.br\/cbradar\/7-superalimentos-que-deixam-a-pele-mais-bonita-de-dentro-para-fora\/\" target=\"_blank\" rel=\"noreferrer noopener\">7 superalimentos que deixam a pele mais bonita de dentro para fora<\/a><\/p>\n\n\n\n<h2 class=\"wp-block-heading\">Como incluir a casca da ma\u00e7\u00e3 na rotina alimentar<\/h2>\n\n\n\n<p><strong>Adicionar ma\u00e7\u00e3 com casca<\/strong> em receitas, lanches ou vitaminas \u00e9 uma forma pr\u00e1tica de obter todos os nutrientes. Experimente utilizar a fruta cortada em peda\u00e7os ou ralada em saladas e bolos.<\/p>\n\n\n\n<p><strong>Para crian\u00e7as<\/strong>, a apresenta\u00e7\u00e3o l\u00fadica da ma\u00e7\u00e3 com casca pode estimular o consumo integral, tornando o h\u00e1bito mais divertido e saud\u00e1vel.<\/p>\n\n\n\n<p>Leia tamb\u00e9m: <a href=\"https:\/\/www.correiobraziliense.com.br\/cbradar\/o-guia-definitivo-dos-alimentos-mais-resistentes-para-sobrevivencia-extrema\/\" target=\"_blank\" rel=\"noreferrer noopener\">O guia definitivo dos alimentos mais resistentes para sobreviv\u00eancia extrema<\/a><\/p>\n\n\n\n<h2 class=\"wp-block-heading\">Resumo: por que consumir a casca da ma\u00e7\u00e3 faz diferen\u00e7a<\/h2>\n\n\n\n<ul class=\"wp-block-list\">\n<li><strong>A casca da ma\u00e7\u00e3<\/strong> \u00e9 rica em fibras, antioxidantes e vitaminas essenciais para o corpo.<\/li>\n\n\n\n<li><strong>O consumo integral<\/strong> amplia os benef\u00edcios da fruta e contribui para a sa\u00fade digestiva e imunol\u00f3gica.<\/li>\n\n\n\n<li><strong>A escolha consciente<\/strong> de n\u00e3o descartar a casca evita o desperd\u00edcio e facilita uma alimenta\u00e7\u00e3o mais nutritiva.<\/li>\n<\/ul>\n","protected":false},"excerpt":{"rendered":"<p>Comer ma\u00e7\u00e3 com casca \u00e9 seguro e inteligente. Saiba por que essa escolha faz diferen\u00e7a para sua sa\u00fade e confira dicas para incluir na alimenta\u00e7\u00e3o.<\/p>\n","protected":false},"author":3,"featured_media":73435,"comment_status":"open","ping_status":"open","sticky":false,"template":"","format":"standard","meta":{"jnews-multi-image_gallery":[],"jnews_single_post":{"format":"standard"},"jnews_primary_category":[],"jnews_social_meta":[],"jnews_override_counter":[],"footnotes":""},"categories":[112],"post_tag":[281,1423,144],"class_list":["post-73434","post","type-post","status-publish","format-standard","has-post-thumbnail","hentry","category-curiosidades","tag-alimentacao","tag-alimentos","tag-curiosidades"],"yoast_head":"<!-- This site is optimized with the Yoast SEO plugin v24.6 - https:\/\/yoast.com\/wordpress\/plugins\/seo\/ -->\n<title>O que acontece com seu corpo ao consumir ma\u00e7\u00e3 com casca todos os dias<\/title>\n<meta name=\"description\" content=\"Comer ma\u00e7\u00e3 com casca \u00e9 seguro e inteligente. Saiba por que essa escolha faz diferen\u00e7a para sua sa\u00fade e confira dicas para incluir na alimenta\u00e7\u00e3o.\" \/>\n<meta name=\"robots\" content=\"index, follow, max-snippet:-1, max-image-preview:large, max-video-preview:-1\" \/>\n<link rel=\"canonical\" href=\"https:\/\/www.correiobraziliense.com.br\/cbradar\/o-que-acontece-com-seu-corpo-ao-consumir-maca-com-casca-todos-os-dias\/\" \/>\n<meta property=\"og:locale\" content=\"pt_BR\" \/>\n<meta property=\"og:type\" content=\"article\" \/>\n<meta property=\"og:title\" content=\"O que acontece com seu corpo ao consumir ma\u00e7\u00e3 com casca todos os dias\" \/>\n<meta property=\"og:description\" content=\"Comer ma\u00e7\u00e3 com casca \u00e9 seguro e inteligente. Saiba por que essa escolha faz diferen\u00e7a para sua sa\u00fade e confira dicas para incluir na alimenta\u00e7\u00e3o.\" \/>\n<meta property=\"og:url\" content=\"https:\/\/www.correiobraziliense.com.br\/cbradar\/o-que-acontece-com-seu-corpo-ao-consumir-maca-com-casca-todos-os-dias\/\" \/>\n<meta property=\"og:site_name\" content=\"Correio Braziliense - Radar\" \/>\n<meta property=\"article:published_time\" content=\"2025-07-22T09:13:00+00:00\" \/>\n<meta property=\"og:image\" content=\"https:\/\/www.correiobraziliense.com.br\/cbradar\/wp-content\/uploads\/2025\/07\/maca-fruta_1753124684862.jpg\" \/>\n\t<meta property=\"og:image:width\" content=\"1280\" \/>\n\t<meta property=\"og:image:height\" content=\"720\" \/>\n\t<meta property=\"og:image:type\" content=\"image\/jpeg\" \/>\n<meta name=\"author\" content=\"Larissa Carvalho\" \/>\n<meta name=\"twitter:card\" content=\"summary_large_image\" \/>\n<meta name=\"twitter:label1\" content=\"Escrito por\" \/>\n\t<meta name=\"twitter:data1\" content=\"Larissa Carvalho\" \/>\n\t<meta name=\"twitter:label2\" content=\"Est. tempo de leitura\" \/>\n\t<meta name=\"twitter:data2\" content=\"4 minutos\" \/>\n<!-- \/ Yoast SEO plugin. -->","yoast_head_json":{"title":"O que acontece com seu corpo ao consumir ma\u00e7\u00e3 com casca todos os dias","description":"Comer ma\u00e7\u00e3 com casca \u00e9 seguro e inteligente. Saiba por que essa escolha faz diferen\u00e7a para sua sa\u00fade e confira dicas para incluir na alimenta\u00e7\u00e3o.","robots":{"index":"index","follow":"follow","max-snippet":"max-snippet:-1","max-image-preview":"max-image-preview:large","max-video-preview":"max-video-preview:-1"},"canonical":"https:\/\/www.correiobraziliense.com.br\/cbradar\/o-que-acontece-com-seu-corpo-ao-consumir-maca-com-casca-todos-os-dias\/","og_locale":"pt_BR","og_type":"article","og_title":"O que acontece com seu corpo ao consumir ma\u00e7\u00e3 com casca todos os dias","og_description":"Comer ma\u00e7\u00e3 com casca \u00e9 seguro e inteligente. Saiba por que essa escolha faz diferen\u00e7a para sua sa\u00fade e confira dicas para incluir na alimenta\u00e7\u00e3o.","og_url":"https:\/\/www.correiobraziliense.com.br\/cbradar\/o-que-acontece-com-seu-corpo-ao-consumir-maca-com-casca-todos-os-dias\/","og_site_name":"Correio Braziliense - Radar","article_published_time":"2025-07-22T09:13:00+00:00","og_image":[{"width":1280,"height":720,"url":"https:\/\/www.correiobraziliense.com.br\/cbradar\/wp-content\/uploads\/2025\/07\/maca-fruta_1753124684862.jpg","type":"image\/jpeg"}],"author":"Larissa Carvalho","twitter_card":"summary_large_image","twitter_misc":{"Escrito por":"Larissa Carvalho","Est. tempo de leitura":"4 minutos"},"schema":{"@context":"https:\/\/schema.org","@graph":[{"@type":"WebPage","@id":"https:\/\/www.correiobraziliense.com.br\/cbradar\/o-que-acontece-com-seu-corpo-ao-consumir-maca-com-casca-todos-os-dias\/","url":"https:\/\/www.correiobraziliense.com.br\/cbradar\/o-que-acontece-com-seu-corpo-ao-consumir-maca-com-casca-todos-os-dias\/","name":"O que acontece com seu corpo ao consumir ma\u00e7\u00e3 com casca todos os dias","isPartOf":{"@id":"https:\/\/www.correiobraziliense.com.br\/cbradar\/#website"},"primaryImageOfPage":{"@id":"https:\/\/www.correiobraziliense.com.br\/cbradar\/o-que-acontece-com-seu-corpo-ao-consumir-maca-com-casca-todos-os-dias\/#primaryimage"},"image":{"@id":"https:\/\/www.correiobraziliense.com.br\/cbradar\/o-que-acontece-com-seu-corpo-ao-consumir-maca-com-casca-todos-os-dias\/#primaryimage"},"thumbnailUrl":"https:\/\/www.correiobraziliense.com.br\/cbradar\/wp-content\/uploads\/2025\/07\/maca-fruta_1753124684862.jpg","datePublished":"2025-07-22T09:13:00+00:00","author":{"@id":"https:\/\/www.correiobraziliense.com.br\/cbradar\/#\/schema\/person\/58422787644df994b53a19d3e56c1513"},"description":"Comer ma\u00e7\u00e3 com casca \u00e9 seguro e inteligente. Saiba por que essa escolha faz diferen\u00e7a para sua sa\u00fade e confira dicas para incluir na alimenta\u00e7\u00e3o.","breadcrumb":{"@id":"https:\/\/www.correiobraziliense.com.br\/cbradar\/o-que-acontece-com-seu-corpo-ao-consumir-maca-com-casca-todos-os-dias\/#breadcrumb"},"inLanguage":"pt-BR","potentialAction":[{"@type":"ReadAction","target":["https:\/\/www.correiobraziliense.com.br\/cbradar\/o-que-acontece-com-seu-corpo-ao-consumir-maca-com-casca-todos-os-dias\/"]}]},{"@type":"ImageObject","inLanguage":"pt-BR","@id":"https:\/\/www.correiobraziliense.com.br\/cbradar\/o-que-acontece-com-seu-corpo-ao-consumir-maca-com-casca-todos-os-dias\/#primaryimage","url":"https:\/\/www.correiobraziliense.com.br\/cbradar\/wp-content\/uploads\/2025\/07\/maca-fruta_1753124684862.jpg","contentUrl":"https:\/\/www.correiobraziliense.com.br\/cbradar\/wp-content\/uploads\/2025\/07\/maca-fruta_1753124684862.jpg","width":1280,"height":720,"caption":"ma\u00e7a fruta. Cr\u00e9ditos: depositphotos.com \/ Boarding2Now"},{"@type":"BreadcrumbList","@id":"https:\/\/www.correiobraziliense.com.br\/cbradar\/o-que-acontece-com-seu-corpo-ao-consumir-maca-com-casca-todos-os-dias\/#breadcrumb","itemListElement":[{"@type":"ListItem","position":1,"name":"In\u00edcio","item":"https:\/\/www.correiobraziliense.com.br\/cbradar\/"},{"@type":"ListItem","position":2,"name":"O que acontece com seu corpo ao consumir ma\u00e7\u00e3 com casca todos os dias"}]},{"@type":"WebSite","@id":"https:\/\/www.correiobraziliense.com.br\/cbradar\/#website","url":"https:\/\/www.correiobraziliense.com.br\/cbradar\/","name":"Correio Braziliense - Radar","description":"Acompanhe as \u00faltimas not\u00edcias e fique bem informado sobre tudo o que acontece no Brasil e no mundo.","potentialAction":[{"@type":"SearchAction","target":{"@type":"EntryPoint","urlTemplate":"https:\/\/www.correiobraziliense.com.br\/cbradar\/?s={search_term_string}"},"query-input":{"@type":"PropertyValueSpecification","valueRequired":true,"valueName":"search_term_string"}}],"inLanguage":"pt-BR"},{"@type":"Person","@id":"https:\/\/www.correiobraziliense.com.br\/cbradar\/#\/schema\/person\/58422787644df994b53a19d3e56c1513","name":"Larissa Carvalho","image":{"@type":"ImageObject","inLanguage":"pt-BR","@id":"https:\/\/www.correiobraziliense.com.br\/cbradar\/#\/schema\/person\/image\/","url":"https:\/\/secure.gravatar.com\/avatar\/fe4f91a0de32b52a838d0d612abdc1aa?s=96&d=mm&r=g","contentUrl":"https:\/\/secure.gravatar.com\/avatar\/fe4f91a0de32b52a838d0d612abdc1aa?s=96&d=mm&r=g","caption":"Larissa Carvalho"},"url":"https:\/\/www.correiobraziliense.com.br\/cbradar\/author\/larissamyth\/"}]}},"_links":{"self":[{"href":"https:\/\/www.correiobraziliense.com.br\/cbradar\/wp-json\/wp\/v2\/posts\/73434","targetHints":{"allow":["GET"]}}],"collection":[{"href":"https:\/\/www.correiobraziliense.com.br\/cbradar\/wp-json\/wp\/v2\/posts"}],"about":[{"href":"https:\/\/www.correiobraziliense.com.br\/cbradar\/wp-json\/wp\/v2\/types\/post"}],"author":[{"embeddable":true,"href":"https:\/\/www.correiobraziliense.com.br\/cbradar\/wp-json\/wp\/v2\/users\/3"}],"replies":[{"embeddable":true,"href":"https:\/\/www.correiobraziliense.com.br\/cbradar\/wp-json\/wp\/v2\/comments?post=73434"}],"version-history":[{"count":1,"href":"https:\/\/www.correiobraziliense.com.br\/cbradar\/wp-json\/wp\/v2\/posts\/73434\/revisions"}],"predecessor-version":[{"id":73437,"href":"https:\/\/www.correiobraziliense.com.br\/cbradar\/wp-json\/wp\/v2\/posts\/73434\/revisions\/73437"}],"wp:featuredmedia":[{"embeddable":true,"href":"https:\/\/www.correiobraziliense.com.br\/cbradar\/wp-json\/wp\/v2\/media\/73435"}],"wp:attachment":[{"href":"https:\/\/www.correiobraziliense.com.br\/cbradar\/wp-json\/wp\/v2\/media?parent=73434"}],"wp:term":[{"taxonomy":"category","embeddable":true,"href":"https:\/\/www.correiobraziliense.com.br\/cbradar\/wp-json\/wp\/v2\/categories?post=73434"},{"taxonomy":"post_tag","embeddable":true,"href":"https:\/\/www.correiobraziliense.com.br\/cbradar\/wp-json\/wp\/v2\/post_tag?post=73434"}],"curies":[{"name":"wp","href":"https:\/\/api.w.org\/{rel}","templated":true}]}}