{"id":73438,"date":"2025-07-22T12:23:00","date_gmt":"2025-07-22T15:23:00","guid":{"rendered":"https:\/\/www.correiobraziliense.com.br\/cbradar\/?p=73438"},"modified":"2025-07-21T16:10:48","modified_gmt":"2025-07-21T19:10:48","slug":"o-que-muda-no-seu-corpo-ao-comer-banana-todos-os-dias-segundo-especialistas","status":"publish","type":"post","link":"https:\/\/www.correiobraziliense.com.br\/cbradar\/o-que-muda-no-seu-corpo-ao-comer-banana-todos-os-dias-segundo-especialistas\/","title":{"rendered":"O que muda no seu corpo ao comer banana todos os dias segundo especialistas"},"content":{"rendered":"\n<p><strong>Comer bananas<\/strong> regularmente traz vantagens comprovadas pela ci\u00eancia, tornando essa fruta uma das mais recomendadas por nutricionistas. Al\u00e9m de pr\u00e1tica, ela \u00e9 fonte de energia r\u00e1pida e possui nutrientes que impactam diversas fun\u00e7\u00f5es do organismo. Estudos recentes refor\u00e7am o papel das bananas na promo\u00e7\u00e3o da sa\u00fade.<\/p>\n\n\n\n<ul class=\"wp-block-list\">\n<li><strong>Bananas ajudam a regular o intestino<\/strong> gra\u00e7as ao alto teor de fibras.<\/li>\n\n\n\n<li><strong>A fruta contribui para o bom funcionamento muscular<\/strong> devido ao pot\u00e1ssio.<\/li>\n\n\n\n<li><strong>Inclu\u00ed-la na alimenta\u00e7\u00e3o pode melhorar o humor<\/strong> e fornecer energia natural.<\/li>\n<\/ul>\n\n\n\n<h2 class=\"wp-block-heading\">Quais nutrientes tornam a banana t\u00e3o completa?<\/h2>\n\n\n\n<p><strong>As bananas s\u00e3o ricas em pot\u00e1ssio<\/strong>, vitamina B6, vitamina C e fibras, tornando-se aliadas para quem busca uma alimenta\u00e7\u00e3o equilibrada. O pot\u00e1ssio \u00e9 essencial para a sa\u00fade cardiovascular e auxilia na preven\u00e7\u00e3o de c\u00e3ibras.<\/p>\n\n\n\n<p><strong>A presen\u00e7a de triptofano<\/strong> na fruta contribui para a produ\u00e7\u00e3o de serotonina, importante para o bem-estar mental.<\/p>\n\n\n\n<h2 class=\"wp-block-heading\">Banana faz bem para o intestino?<\/h2>\n\n\n\n<p><strong>O consumo de banana<\/strong> favorece o tr\u00e2nsito intestinal devido ao seu conte\u00fado de fibras sol\u00faveis e insol\u00faveis. Essa caracter\u00edstica auxilia na preven\u00e7\u00e3o da constipa\u00e7\u00e3o e ajuda na manuten\u00e7\u00e3o de uma flora intestinal saud\u00e1vel.<\/p>\n\n\n\n<p>Aten\u00e7\u00e3o: Pessoas com restri\u00e7\u00e3o ao consumo de fibras devem buscar orienta\u00e7\u00e3o profissional antes de aumentar a ingest\u00e3o da fruta.<\/p>\n\n\n\n<p>Leia tamb\u00e9m: <a href=\"https:\/\/www.correiobraziliense.com.br\/cbradar\/os-10-alimentos-mais-perigosos-para-gatos-que-voce-deve-evitar-em-casa\/\" target=\"_blank\" rel=\"noreferrer noopener\">Os 10 alimentos mais perigosos para gatos que voc\u00ea deve evitar em casa<\/a><\/p>\n\n\n\n<h2 class=\"wp-block-heading\">Por que o pot\u00e1ssio da banana \u00e9 importante para os m\u00fasculos?<\/h2>\n\n\n\n<p><strong>O pot\u00e1ssio presente na banana<\/strong> \u00e9 fundamental para a contra\u00e7\u00e3o muscular e equil\u00edbrio dos fluidos no corpo. Esse nutriente auxilia na preven\u00e7\u00e3o de c\u00e3ibras e fadiga durante atividades f\u00edsicas ou no cotidiano.<\/p>\n\n\n\n<p>Dica r\u00e1pida: Inclua banana no pr\u00e9 ou p\u00f3s-treino para potencializar a recupera\u00e7\u00e3o muscular e evitar desconfortos.<\/p>\n\n\n\n<figure class=\"wp-block-image size-large\"><img decoding=\"async\" width=\"1024\" height=\"576\" src=\"https:\/\/www.correiobraziliense.com.br\/cbradar\/wp-content\/uploads\/2025\/07\/banana_1753124919010-1024x576.jpg\" alt=\"O que muda no seu corpo ao comer banana todos os dias segundo especialistas\" class=\"wp-image-73440\" srcset=\"https:\/\/www.correiobraziliense.com.br\/cbradar\/wp-content\/uploads\/2025\/07\/banana_1753124919010-1024x576.jpg 1024w, https:\/\/www.correiobraziliense.com.br\/cbradar\/wp-content\/uploads\/2025\/07\/banana_1753124919010-300x169.jpg 300w, https:\/\/www.correiobraziliense.com.br\/cbradar\/wp-content\/uploads\/2025\/07\/banana_1753124919010-768x432.jpg 768w, https:\/\/www.correiobraziliense.com.br\/cbradar\/wp-content\/uploads\/2025\/07\/banana_1753124919010-750x422.jpg 750w, https:\/\/www.correiobraziliense.com.br\/cbradar\/wp-content\/uploads\/2025\/07\/banana_1753124919010-1140x641.jpg 1140w, https:\/\/www.correiobraziliense.com.br\/cbradar\/wp-content\/uploads\/2025\/07\/banana_1753124919010.jpg 1280w\" sizes=\"(max-width: 1024px) 100vw, 1024px\" \/><figcaption class=\"wp-element-caption\">banana. Cr\u00e9ditos: depositphotos.com \/ Kuzeytac<\/figcaption><\/figure>\n\n\n\n<h2 class=\"wp-block-heading\">Banana realmente melhora o humor?<\/h2>\n\n\n\n<p><strong>O triptofano e a vitamina B6<\/strong> encontrados na banana participam da produ\u00e7\u00e3o de serotonina, subst\u00e2ncia relacionada ao bom humor e \u00e0 regula\u00e7\u00e3o do sono. Consumir a fruta regularmente pode ajudar no equil\u00edbrio emocional.<\/p>\n\n\n\n<p><strong>Pesquisas indicam<\/strong> que a ingest\u00e3o di\u00e1ria de banana pode ser ben\u00e9fica para quem enfrenta rotinas estressantes ou busca melhorar a qualidade do sono.<\/p>\n\n\n\n<p>Leia tamb\u00e9m: <a href=\"https:\/\/www.correiobraziliense.com.br\/cbradar\/o-maior-erro-ao-abrir-latas-de-alimentos-e-como-evitar-problemas-serios-de-saude\/\" target=\"_blank\" rel=\"noreferrer noopener\">O maior erro ao abrir latas de alimentos e como evitar problemas s\u00e9rios de sa\u00fade<\/a><\/p>\n\n\n\n<h2 class=\"wp-block-heading\">Benef\u00edcios pr\u00e1ticos de inserir bananas no card\u00e1pio<\/h2>\n\n\n\n<p><strong>Bananas s\u00e3o vers\u00e1teis e f\u00e1ceis de transportar<\/strong>, facilitando a ingest\u00e3o de nutrientes em diferentes momentos do dia. O consumo pode ser feito in natura, em vitaminas, sobremesas ou lanches r\u00e1pidos.<\/p>\n\n\n\n<ul class=\"wp-block-list\">\n<li><strong>Fonte de energia natural<\/strong>: ideal para repor energia entre refei\u00e7\u00f5es.<\/li>\n\n\n\n<li><strong>Auxilia no controle da press\u00e3o arterial<\/strong> por conter pot\u00e1ssio e baixo teor de s\u00f3dio.<\/li>\n<\/ul>\n\n\n\n<p>Leia tamb\u00e9m: <a href=\"https:\/\/www.correiobraziliense.com.br\/cbradar\/os-alimentos-surpreendentes-que-voce-deve-comer-mais-se-tiver-diabete-de-acordo-com-um-novo-estudo\/\" target=\"_blank\" rel=\"noreferrer noopener\">Os alimentos surpreendentes que voc\u00ea deve comer mais se tiver diabete, de acordo com um novo estudo<\/a><\/p>\n\n\n\n<h2 class=\"wp-block-heading\">Resumo dos benef\u00edcios da banana comprovados pela ci\u00eancia<\/h2>\n\n\n\n<ul class=\"wp-block-list\">\n<li><strong>Comer bananas<\/strong> favorece o intestino, m\u00fasculos e sa\u00fade mental gra\u00e7as \u00e0 combina\u00e7\u00e3o de fibras, pot\u00e1ssio e triptofano.<\/li>\n\n\n\n<li><strong>A fruta contribui para a preven\u00e7\u00e3o de c\u00e3ibras<\/strong> e regula a press\u00e3o arterial naturalmente.<\/li>\n\n\n\n<li><strong>A ingest\u00e3o regular<\/strong> \u00e9 pr\u00e1tica, saborosa e oferece vantagens em qualquer fase da vida.<\/li>\n<\/ul>\n","protected":false},"excerpt":{"rendered":"<p>A banana \u00e9 vers\u00e1til, deliciosa e cheia de nutrientes. Saiba por que incluir essa fruta na rotina pode transformar sua sa\u00fade segundo a ci\u00eancia.<\/p>\n","protected":false},"author":3,"featured_media":73439,"comment_status":"open","ping_status":"open","sticky":false,"template":"","format":"standard","meta":{"_yoast_wpseo_focuskw":"comer banana todos os dias","_yoast_wpseo_title":"%%title%%","_yoast_wpseo_metadesc":"A banana \u00e9 vers\u00e1til, deliciosa e cheia de nutrientes. Saiba por que incluir essa fruta na rotina pode transformar sua sa\u00fade segundo a ci\u00eancia.","jnews-multi-image_gallery":[],"jnews_single_post":{"format":"standard"},"jnews_primary_category":[],"jnews_social_meta":[],"jnews_override_counter":[],"footnotes":""},"categories":[112],"tags":[281,1423,144],"class_list":["post-73438","post","type-post","status-publish","format-standard","has-post-thumbnail","hentry","category-curiosidades","tag-alimentacao","tag-alimentos","tag-curiosidades"],"yoast_head":"<!-- This site is optimized with the Yoast SEO plugin v24.6 - https:\/\/yoast.com\/wordpress\/plugins\/seo\/ -->\n<title>O que muda no seu corpo ao comer banana todos os dias segundo especialistas<\/title>\n<meta name=\"description\" content=\"A banana \u00e9 vers\u00e1til, deliciosa e cheia de nutrientes. Saiba por que incluir essa fruta na rotina pode transformar sua sa\u00fade segundo a ci\u00eancia.\" \/>\n<meta name=\"robots\" content=\"index, follow, max-snippet:-1, max-image-preview:large, max-video-preview:-1\" \/>\n<link rel=\"canonical\" href=\"https:\/\/www.correiobraziliense.com.br\/cbradar\/o-que-muda-no-seu-corpo-ao-comer-banana-todos-os-dias-segundo-especialistas\/\" \/>\n<meta property=\"og:locale\" content=\"pt_BR\" \/>\n<meta property=\"og:type\" content=\"article\" \/>\n<meta property=\"og:title\" content=\"O que muda no seu corpo ao comer banana todos os dias segundo especialistas\" \/>\n<meta property=\"og:description\" content=\"A banana \u00e9 vers\u00e1til, deliciosa e cheia de nutrientes. Saiba por que incluir essa fruta na rotina pode transformar sua sa\u00fade segundo a ci\u00eancia.\" \/>\n<meta property=\"og:url\" content=\"https:\/\/www.correiobraziliense.com.br\/cbradar\/o-que-muda-no-seu-corpo-ao-comer-banana-todos-os-dias-segundo-especialistas\/\" \/>\n<meta property=\"og:site_name\" content=\"Correio Braziliense - Radar\" \/>\n<meta property=\"article:published_time\" content=\"2025-07-22T15:23:00+00:00\" \/>\n<meta property=\"og:image\" content=\"https:\/\/www.correiobraziliense.com.br\/cbradar\/wp-content\/uploads\/2025\/07\/banana_1753124884827.jpg\" \/>\n\t<meta property=\"og:image:width\" content=\"1280\" \/>\n\t<meta property=\"og:image:height\" content=\"720\" \/>\n\t<meta property=\"og:image:type\" content=\"image\/jpeg\" \/>\n<meta name=\"author\" content=\"Larissa Carvalho\" \/>\n<meta name=\"twitter:card\" content=\"summary_large_image\" \/>\n<meta name=\"twitter:label1\" content=\"Escrito por\" \/>\n\t<meta name=\"twitter:data1\" content=\"Larissa Carvalho\" \/>\n\t<meta name=\"twitter:label2\" content=\"Est. tempo de leitura\" \/>\n\t<meta name=\"twitter:data2\" content=\"4 minutos\" \/>\n<!-- \/ Yoast SEO plugin. -->","yoast_head_json":{"title":"O que muda no seu corpo ao comer banana todos os dias segundo especialistas","description":"A banana \u00e9 vers\u00e1til, deliciosa e cheia de nutrientes. Saiba por que incluir essa fruta na rotina pode transformar sua sa\u00fade segundo a ci\u00eancia.","robots":{"index":"index","follow":"follow","max-snippet":"max-snippet:-1","max-image-preview":"max-image-preview:large","max-video-preview":"max-video-preview:-1"},"canonical":"https:\/\/www.correiobraziliense.com.br\/cbradar\/o-que-muda-no-seu-corpo-ao-comer-banana-todos-os-dias-segundo-especialistas\/","og_locale":"pt_BR","og_type":"article","og_title":"O que muda no seu corpo ao comer banana todos os dias segundo especialistas","og_description":"A banana \u00e9 vers\u00e1til, deliciosa e cheia de nutrientes. Saiba por que incluir essa fruta na rotina pode transformar sua sa\u00fade segundo a ci\u00eancia.","og_url":"https:\/\/www.correiobraziliense.com.br\/cbradar\/o-que-muda-no-seu-corpo-ao-comer-banana-todos-os-dias-segundo-especialistas\/","og_site_name":"Correio Braziliense - Radar","article_published_time":"2025-07-22T15:23:00+00:00","og_image":[{"width":1280,"height":720,"url":"https:\/\/www.correiobraziliense.com.br\/cbradar\/wp-content\/uploads\/2025\/07\/banana_1753124884827.jpg","type":"image\/jpeg"}],"author":"Larissa Carvalho","twitter_card":"summary_large_image","twitter_misc":{"Escrito por":"Larissa Carvalho","Est. tempo de leitura":"4 minutos"},"schema":{"@context":"https:\/\/schema.org","@graph":[{"@type":"WebPage","@id":"https:\/\/www.correiobraziliense.com.br\/cbradar\/o-que-muda-no-seu-corpo-ao-comer-banana-todos-os-dias-segundo-especialistas\/","url":"https:\/\/www.correiobraziliense.com.br\/cbradar\/o-que-muda-no-seu-corpo-ao-comer-banana-todos-os-dias-segundo-especialistas\/","name":"O que muda no seu corpo ao comer banana todos os dias segundo especialistas","isPartOf":{"@id":"https:\/\/www.correiobraziliense.com.br\/cbradar\/#website"},"primaryImageOfPage":{"@id":"https:\/\/www.correiobraziliense.com.br\/cbradar\/o-que-muda-no-seu-corpo-ao-comer-banana-todos-os-dias-segundo-especialistas\/#primaryimage"},"image":{"@id":"https:\/\/www.correiobraziliense.com.br\/cbradar\/o-que-muda-no-seu-corpo-ao-comer-banana-todos-os-dias-segundo-especialistas\/#primaryimage"},"thumbnailUrl":"https:\/\/www.correiobraziliense.com.br\/cbradar\/wp-content\/uploads\/2025\/07\/banana_1753124884827.jpg","datePublished":"2025-07-22T15:23:00+00:00","author":{"@id":"https:\/\/www.correiobraziliense.com.br\/cbradar\/#\/schema\/person\/58422787644df994b53a19d3e56c1513"},"description":"A banana \u00e9 vers\u00e1til, deliciosa e cheia de nutrientes. Saiba por que incluir essa fruta na rotina pode transformar sua sa\u00fade segundo a ci\u00eancia.","breadcrumb":{"@id":"https:\/\/www.correiobraziliense.com.br\/cbradar\/o-que-muda-no-seu-corpo-ao-comer-banana-todos-os-dias-segundo-especialistas\/#breadcrumb"},"inLanguage":"pt-BR","potentialAction":[{"@type":"ReadAction","target":["https:\/\/www.correiobraziliense.com.br\/cbradar\/o-que-muda-no-seu-corpo-ao-comer-banana-todos-os-dias-segundo-especialistas\/"]}]},{"@type":"ImageObject","inLanguage":"pt-BR","@id":"https:\/\/www.correiobraziliense.com.br\/cbradar\/o-que-muda-no-seu-corpo-ao-comer-banana-todos-os-dias-segundo-especialistas\/#primaryimage","url":"https:\/\/www.correiobraziliense.com.br\/cbradar\/wp-content\/uploads\/2025\/07\/banana_1753124884827.jpg","contentUrl":"https:\/\/www.correiobraziliense.com.br\/cbradar\/wp-content\/uploads\/2025\/07\/banana_1753124884827.jpg","width":1280,"height":720,"caption":"banana. Cr\u00e9ditos: depositphotos.com \/ MSeN"},{"@type":"BreadcrumbList","@id":"https:\/\/www.correiobraziliense.com.br\/cbradar\/o-que-muda-no-seu-corpo-ao-comer-banana-todos-os-dias-segundo-especialistas\/#breadcrumb","itemListElement":[{"@type":"ListItem","position":1,"name":"In\u00edcio","item":"https:\/\/www.correiobraziliense.com.br\/cbradar\/"},{"@type":"ListItem","position":2,"name":"O que muda no seu corpo ao comer banana todos os dias segundo especialistas"}]},{"@type":"WebSite","@id":"https:\/\/www.correiobraziliense.com.br\/cbradar\/#website","url":"https:\/\/www.correiobraziliense.com.br\/cbradar\/","name":"Correio Braziliense - Radar","description":"Acompanhe as \u00faltimas not\u00edcias e fique bem informado sobre tudo o que acontece no Brasil e no mundo.","potentialAction":[{"@type":"SearchAction","target":{"@type":"EntryPoint","urlTemplate":"https:\/\/www.correiobraziliense.com.br\/cbradar\/?s={search_term_string}"},"query-input":{"@type":"PropertyValueSpecification","valueRequired":true,"valueName":"search_term_string"}}],"inLanguage":"pt-BR"},{"@type":"Person","@id":"https:\/\/www.correiobraziliense.com.br\/cbradar\/#\/schema\/person\/58422787644df994b53a19d3e56c1513","name":"Larissa Carvalho","image":{"@type":"ImageObject","inLanguage":"pt-BR","@id":"https:\/\/www.correiobraziliense.com.br\/cbradar\/#\/schema\/person\/image\/","url":"https:\/\/secure.gravatar.com\/avatar\/fe4f91a0de32b52a838d0d612abdc1aa?s=96&d=mm&r=g","contentUrl":"https:\/\/secure.gravatar.com\/avatar\/fe4f91a0de32b52a838d0d612abdc1aa?s=96&d=mm&r=g","caption":"Larissa Carvalho"},"url":"https:\/\/www.correiobraziliense.com.br\/cbradar\/author\/larissamyth\/"}]}},"_links":{"self":[{"href":"https:\/\/www.correiobraziliense.com.br\/cbradar\/wp-json\/wp\/v2\/posts\/73438","targetHints":{"allow":["GET"]}}],"collection":[{"href":"https:\/\/www.correiobraziliense.com.br\/cbradar\/wp-json\/wp\/v2\/posts"}],"about":[{"href":"https:\/\/www.correiobraziliense.com.br\/cbradar\/wp-json\/wp\/v2\/types\/post"}],"author":[{"embeddable":true,"href":"https:\/\/www.correiobraziliense.com.br\/cbradar\/wp-json\/wp\/v2\/users\/3"}],"replies":[{"embeddable":true,"href":"https:\/\/www.correiobraziliense.com.br\/cbradar\/wp-json\/wp\/v2\/comments?post=73438"}],"version-history":[{"count":1,"href":"https:\/\/www.correiobraziliense.com.br\/cbradar\/wp-json\/wp\/v2\/posts\/73438\/revisions"}],"predecessor-version":[{"id":73441,"href":"https:\/\/www.correiobraziliense.com.br\/cbradar\/wp-json\/wp\/v2\/posts\/73438\/revisions\/73441"}],"wp:featuredmedia":[{"embeddable":true,"href":"https:\/\/www.correiobraziliense.com.br\/cbradar\/wp-json\/wp\/v2\/media\/73439"}],"wp:attachment":[{"href":"https:\/\/www.correiobraziliense.com.br\/cbradar\/wp-json\/wp\/v2\/media?parent=73438"}],"wp:term":[{"taxonomy":"category","embeddable":true,"href":"https:\/\/www.correiobraziliense.com.br\/cbradar\/wp-json\/wp\/v2\/categories?post=73438"},{"taxonomy":"post_tag","embeddable":true,"href":"https:\/\/www.correiobraziliense.com.br\/cbradar\/wp-json\/wp\/v2\/tags?post=73438"}],"curies":[{"name":"wp","href":"https:\/\/api.w.org\/{rel}","templated":true}]}}