{"id":73551,"date":"2025-07-22T15:23:00","date_gmt":"2025-07-22T18:23:00","guid":{"rendered":"https:\/\/www.correiobraziliense.com.br\/cbradar\/?p=73551"},"modified":"2025-07-21T18:16:28","modified_gmt":"2025-07-21T21:16:28","slug":"13-frases-que-fazem-voce-parecer-carente-mesmo-sem-querer","status":"publish","type":"post","link":"https:\/\/www.correiobraziliense.com.br\/cbradar\/13-frases-que-fazem-voce-parecer-carente-mesmo-sem-querer\/","title":{"rendered":"13 frases que fazem voc\u00ea parecer carente mesmo sem querer"},"content":{"rendered":"\n<p><strong>Certas frases comuns no dia a dia<\/strong> podem transmitir car\u00eancia mesmo sem essa inten\u00e7\u00e3o, prejudicando a imagem de autoconfian\u00e7a e independ\u00eancia. Express\u00f5es carregadas de inseguran\u00e7a afetam rela\u00e7\u00f5es pessoais e profissionais. Reconhecer essas falas \u00e9 fundamental para fortalecer autoestima e melhorar a comunica\u00e7\u00e3o.<\/p>\n\n\n\n<ul class=\"wp-block-list\">\n<li><strong>Padr\u00f5es de linguagem<\/strong> revelam necessidades emocionais n\u00e3o ditas.<\/li>\n\n\n\n<li><strong>Frases carentes<\/strong> geram desconforto e afastamento nas intera\u00e7\u00f5es.<\/li>\n\n\n\n<li><strong>Alterar a comunica\u00e7\u00e3o<\/strong> favorece v\u00ednculos mais saud\u00e1veis e seguros.<\/li>\n<\/ul>\n\n\n\n<h2 class=\"wp-block-heading\">Por que frases carentes impactam as rela\u00e7\u00f5es sociais?<\/h2>\n\n\n\n<p><strong>Usar frases que demonstram depend\u00eancia emocional<\/strong> pode ser percebido como falta de seguran\u00e7a ou excesso de necessidade de aprova\u00e7\u00e3o. Isso afeta tanto amizades quanto relacionamentos amorosos e profissionais.<\/p>\n\n\n\n<p>Leia tamb\u00e9m: <a href=\"https:\/\/www.correiobraziliense.com.br\/cbradar\/o-que-fazer-quando-o-caixa-eletronico-pega-seu-cartao-e-nao-devolve\/\" target=\"_blank\" rel=\"noreferrer noopener\">O que fazer quando o caixa eletr\u00f4nico pega seu cart\u00e3o e n\u00e3o devolve<\/a><\/p>\n\n\n\n<h2 class=\"wp-block-heading\">Quais frases fazem voc\u00ea parecer mais carente do que imagina?<\/h2>\n\n\n\n<p><strong>Algumas express\u00f5es cotidianas<\/strong> s\u00e3o sinais claros de car\u00eancia emocional. Fique atento a estas frases comuns, pois podem minar sua autoconfian\u00e7a e afastar pessoas pr\u00f3ximas:<\/p>\n\n\n\n<ol class=\"wp-block-list\">\n<li><strong>Por que voc\u00ea n\u00e3o me responde?<\/strong><\/li>\n\n\n\n<li><strong>Voc\u00ea est\u00e1 bravo comigo?<\/strong><\/li>\n\n\n\n<li><strong>Eu sou importante para voc\u00ea?<\/strong><\/li>\n\n\n\n<li><strong>Desculpa por te incomodar de novo<\/strong><\/li>\n\n\n\n<li><strong>Sinto que voc\u00ea est\u00e1 distante<\/strong><\/li>\n\n\n\n<li><strong>Voc\u00ea ainda gosta de mim?<\/strong><\/li>\n\n\n\n<li><strong>Posso ir com voc\u00ea?<\/strong> (sem convite pr\u00e9vio)<\/li>\n\n\n\n<li><strong>Voc\u00ea prefere estar com outras pessoas?<\/strong><\/li>\n\n\n\n<li><strong>Me fala se eu fiz algo errado<\/strong><\/li>\n\n\n\n<li><strong>N\u00e3o esquece de mim, t\u00e1?<\/strong><\/li>\n\n\n\n<li><strong>Voc\u00ea me acha chato(a)?<\/strong><\/li>\n\n\n\n<li><strong>Promete que n\u00e3o vai me deixar?<\/strong><\/li>\n\n\n\n<li><strong>Por favor, n\u00e3o some<\/strong><\/li>\n<\/ol>\n\n\n\n<figure class=\"wp-block-image size-large\"><img decoding=\"async\" width=\"1024\" height=\"576\" src=\"https:\/\/www.correiobraziliense.com.br\/cbradar\/wp-content\/uploads\/2025\/07\/pessoa-sozinha_1753132571633-1024x576.jpg\" alt=\"13 frases que fazem voc\u00ea parecer carente mesmo sem querer\" class=\"wp-image-73553\" srcset=\"https:\/\/www.correiobraziliense.com.br\/cbradar\/wp-content\/uploads\/2025\/07\/pessoa-sozinha_1753132571633-1024x576.jpg 1024w, https:\/\/www.correiobraziliense.com.br\/cbradar\/wp-content\/uploads\/2025\/07\/pessoa-sozinha_1753132571633-300x169.jpg 300w, https:\/\/www.correiobraziliense.com.br\/cbradar\/wp-content\/uploads\/2025\/07\/pessoa-sozinha_1753132571633-768x432.jpg 768w, https:\/\/www.correiobraziliense.com.br\/cbradar\/wp-content\/uploads\/2025\/07\/pessoa-sozinha_1753132571633-750x422.jpg 750w, https:\/\/www.correiobraziliense.com.br\/cbradar\/wp-content\/uploads\/2025\/07\/pessoa-sozinha_1753132571633-1140x641.jpg 1140w, https:\/\/www.correiobraziliense.com.br\/cbradar\/wp-content\/uploads\/2025\/07\/pessoa-sozinha_1753132571633.jpg 1280w\" sizes=\"(max-width: 1024px) 100vw, 1024px\" \/><figcaption class=\"wp-element-caption\">pessoa sozinha. Cr\u00e9ditos: depositphotos.com \/ IgorVetushko<\/figcaption><\/figure>\n\n\n\n<h2 class=\"wp-block-heading\">Como evitar frases que transmitem car\u00eancia?<\/h2>\n\n\n\n<p><strong>Substituir express\u00f5es carentes<\/strong> por perguntas abertas e posicionamentos firmes favorece intera\u00e7\u00f5es mais maduras. Pratique comunicar sentimentos de maneira assertiva, valorizando seus pr\u00f3prios limites e interesses.<\/p>\n\n\n\n<p>Dica r\u00e1pida: Antes de enviar uma mensagem, avalie se a frase transmite inseguran\u00e7a ou necessidade excessiva de aten\u00e7\u00e3o.<\/p>\n\n\n\n<p>Leia tamb\u00e9m: <a href=\"https:\/\/www.correiobraziliense.com.br\/cbradar\/o-que-significa-fazer-um-traco-embaixo-da-propria-assinatura-segundo-a-psicologia\/\" target=\"_blank\" rel=\"noreferrer noopener\">O que significa fazer um tra\u00e7o embaixo da pr\u00f3pria assinatura, segundo a psicologia<\/a><\/p>\n\n\n\n<h2 class=\"wp-block-heading\">Resumo dos cuidados com a comunica\u00e7\u00e3o para evitar car\u00eancia excessiva<\/h2>\n\n\n\n<ul class=\"wp-block-list\">\n<li><strong>Frases carentes afetam a imagem<\/strong> e podem dificultar v\u00ednculos duradouros.<\/li>\n\n\n\n<li><strong>Revisar padr\u00f5es de fala<\/strong> ajuda a projetar mais autoconfian\u00e7a e seguran\u00e7a.<\/li>\n\n\n\n<li><strong>Comunica\u00e7\u00e3o assertiva<\/strong> \u00e9 chave para rela\u00e7\u00f5es saud\u00e1veis e equilibradas.<\/li>\n<\/ul>\n","protected":false},"excerpt":{"rendered":"<p>Evite frases que transmitem inseguran\u00e7a e car\u00eancia. Dicas de comunica\u00e7\u00e3o assertiva para conquistar rela\u00e7\u00f5es mais equilibradas e saud\u00e1veis.<\/p>\n","protected":false},"author":3,"featured_media":73552,"comment_status":"open","ping_status":"open","sticky":false,"template":"","format":"standard","meta":{"_yoast_wpseo_focuskw":"frases parecer carente","_yoast_wpseo_title":"%%title%%","_yoast_wpseo_metadesc":"Evite frases que transmitem inseguran\u00e7a e car\u00eancia. Dicas de comunica\u00e7\u00e3o assertiva para conquistar rela\u00e7\u00f5es mais equilibradas e saud\u00e1veis.","jnews-multi-image_gallery":[],"jnews_single_post":{"format":"standard"},"jnews_primary_category":[],"jnews_social_meta":[],"jnews_override_counter":[],"footnotes":""},"categories":[112],"tags":[144,404],"class_list":["post-73551","post","type-post","status-publish","format-standard","has-post-thumbnail","hentry","category-curiosidades","tag-curiosidades","tag-psicologia"],"yoast_head":"<!-- This site is optimized with the Yoast SEO plugin v24.6 - https:\/\/yoast.com\/wordpress\/plugins\/seo\/ -->\n<title>13 frases que fazem voc\u00ea parecer carente mesmo sem querer<\/title>\n<meta name=\"description\" content=\"Evite frases que transmitem inseguran\u00e7a e car\u00eancia. Dicas de comunica\u00e7\u00e3o assertiva para conquistar rela\u00e7\u00f5es mais equilibradas e saud\u00e1veis.\" \/>\n<meta name=\"robots\" content=\"index, follow, max-snippet:-1, max-image-preview:large, max-video-preview:-1\" \/>\n<link rel=\"canonical\" href=\"https:\/\/www.correiobraziliense.com.br\/cbradar\/13-frases-que-fazem-voce-parecer-carente-mesmo-sem-querer\/\" \/>\n<meta property=\"og:locale\" content=\"pt_BR\" \/>\n<meta property=\"og:type\" content=\"article\" \/>\n<meta property=\"og:title\" content=\"13 frases que fazem voc\u00ea parecer carente mesmo sem querer\" \/>\n<meta property=\"og:description\" content=\"Evite frases que transmitem inseguran\u00e7a e car\u00eancia. Dicas de comunica\u00e7\u00e3o assertiva para conquistar rela\u00e7\u00f5es mais equilibradas e saud\u00e1veis.\" \/>\n<meta property=\"og:url\" content=\"https:\/\/www.correiobraziliense.com.br\/cbradar\/13-frases-que-fazem-voce-parecer-carente-mesmo-sem-querer\/\" \/>\n<meta property=\"og:site_name\" content=\"Correio Braziliense - Radar\" \/>\n<meta property=\"article:published_time\" content=\"2025-07-22T18:23:00+00:00\" \/>\n<meta property=\"og:image\" content=\"https:\/\/www.correiobraziliense.com.br\/cbradar\/wp-content\/uploads\/2025\/07\/pessoa-sozinha_1753132545504.jpg\" \/>\n\t<meta property=\"og:image:width\" content=\"1280\" \/>\n\t<meta property=\"og:image:height\" content=\"720\" \/>\n\t<meta property=\"og:image:type\" content=\"image\/jpeg\" \/>\n<meta name=\"author\" content=\"Larissa Carvalho\" \/>\n<meta name=\"twitter:card\" content=\"summary_large_image\" \/>\n<meta name=\"twitter:label1\" content=\"Escrito por\" \/>\n\t<meta name=\"twitter:data1\" content=\"Larissa Carvalho\" \/>\n\t<meta name=\"twitter:label2\" content=\"Est. tempo de leitura\" \/>\n\t<meta name=\"twitter:data2\" content=\"3 minutos\" \/>\n<!-- \/ Yoast SEO plugin. -->","yoast_head_json":{"title":"13 frases que fazem voc\u00ea parecer carente mesmo sem querer","description":"Evite frases que transmitem inseguran\u00e7a e car\u00eancia. Dicas de comunica\u00e7\u00e3o assertiva para conquistar rela\u00e7\u00f5es mais equilibradas e saud\u00e1veis.","robots":{"index":"index","follow":"follow","max-snippet":"max-snippet:-1","max-image-preview":"max-image-preview:large","max-video-preview":"max-video-preview:-1"},"canonical":"https:\/\/www.correiobraziliense.com.br\/cbradar\/13-frases-que-fazem-voce-parecer-carente-mesmo-sem-querer\/","og_locale":"pt_BR","og_type":"article","og_title":"13 frases que fazem voc\u00ea parecer carente mesmo sem querer","og_description":"Evite frases que transmitem inseguran\u00e7a e car\u00eancia. Dicas de comunica\u00e7\u00e3o assertiva para conquistar rela\u00e7\u00f5es mais equilibradas e saud\u00e1veis.","og_url":"https:\/\/www.correiobraziliense.com.br\/cbradar\/13-frases-que-fazem-voce-parecer-carente-mesmo-sem-querer\/","og_site_name":"Correio Braziliense - Radar","article_published_time":"2025-07-22T18:23:00+00:00","og_image":[{"width":1280,"height":720,"url":"https:\/\/www.correiobraziliense.com.br\/cbradar\/wp-content\/uploads\/2025\/07\/pessoa-sozinha_1753132545504.jpg","type":"image\/jpeg"}],"author":"Larissa Carvalho","twitter_card":"summary_large_image","twitter_misc":{"Escrito por":"Larissa Carvalho","Est. tempo de leitura":"3 minutos"},"schema":{"@context":"https:\/\/schema.org","@graph":[{"@type":"WebPage","@id":"https:\/\/www.correiobraziliense.com.br\/cbradar\/13-frases-que-fazem-voce-parecer-carente-mesmo-sem-querer\/","url":"https:\/\/www.correiobraziliense.com.br\/cbradar\/13-frases-que-fazem-voce-parecer-carente-mesmo-sem-querer\/","name":"13 frases que fazem voc\u00ea parecer carente mesmo sem querer","isPartOf":{"@id":"https:\/\/www.correiobraziliense.com.br\/cbradar\/#website"},"primaryImageOfPage":{"@id":"https:\/\/www.correiobraziliense.com.br\/cbradar\/13-frases-que-fazem-voce-parecer-carente-mesmo-sem-querer\/#primaryimage"},"image":{"@id":"https:\/\/www.correiobraziliense.com.br\/cbradar\/13-frases-que-fazem-voce-parecer-carente-mesmo-sem-querer\/#primaryimage"},"thumbnailUrl":"https:\/\/www.correiobraziliense.com.br\/cbradar\/wp-content\/uploads\/2025\/07\/pessoa-sozinha_1753132545504.jpg","datePublished":"2025-07-22T18:23:00+00:00","author":{"@id":"https:\/\/www.correiobraziliense.com.br\/cbradar\/#\/schema\/person\/58422787644df994b53a19d3e56c1513"},"description":"Evite frases que transmitem inseguran\u00e7a e car\u00eancia. Dicas de comunica\u00e7\u00e3o assertiva para conquistar rela\u00e7\u00f5es mais equilibradas e saud\u00e1veis.","breadcrumb":{"@id":"https:\/\/www.correiobraziliense.com.br\/cbradar\/13-frases-que-fazem-voce-parecer-carente-mesmo-sem-querer\/#breadcrumb"},"inLanguage":"pt-BR","potentialAction":[{"@type":"ReadAction","target":["https:\/\/www.correiobraziliense.com.br\/cbradar\/13-frases-que-fazem-voce-parecer-carente-mesmo-sem-querer\/"]}]},{"@type":"ImageObject","inLanguage":"pt-BR","@id":"https:\/\/www.correiobraziliense.com.br\/cbradar\/13-frases-que-fazem-voce-parecer-carente-mesmo-sem-querer\/#primaryimage","url":"https:\/\/www.correiobraziliense.com.br\/cbradar\/wp-content\/uploads\/2025\/07\/pessoa-sozinha_1753132545504.jpg","contentUrl":"https:\/\/www.correiobraziliense.com.br\/cbradar\/wp-content\/uploads\/2025\/07\/pessoa-sozinha_1753132545504.jpg","width":1280,"height":720,"caption":"pessoa sozinha. Cr\u00e9ditos: depositphotos.com \/ OlgaSinenkoBO"},{"@type":"BreadcrumbList","@id":"https:\/\/www.correiobraziliense.com.br\/cbradar\/13-frases-que-fazem-voce-parecer-carente-mesmo-sem-querer\/#breadcrumb","itemListElement":[{"@type":"ListItem","position":1,"name":"In\u00edcio","item":"https:\/\/www.correiobraziliense.com.br\/cbradar\/"},{"@type":"ListItem","position":2,"name":"13 frases que fazem voc\u00ea parecer carente mesmo sem querer"}]},{"@type":"WebSite","@id":"https:\/\/www.correiobraziliense.com.br\/cbradar\/#website","url":"https:\/\/www.correiobraziliense.com.br\/cbradar\/","name":"Correio Braziliense - Radar","description":"Acompanhe as \u00faltimas not\u00edcias e fique bem informado sobre tudo o que acontece no Brasil e no mundo.","potentialAction":[{"@type":"SearchAction","target":{"@type":"EntryPoint","urlTemplate":"https:\/\/www.correiobraziliense.com.br\/cbradar\/?s={search_term_string}"},"query-input":{"@type":"PropertyValueSpecification","valueRequired":true,"valueName":"search_term_string"}}],"inLanguage":"pt-BR"},{"@type":"Person","@id":"https:\/\/www.correiobraziliense.com.br\/cbradar\/#\/schema\/person\/58422787644df994b53a19d3e56c1513","name":"Larissa Carvalho","image":{"@type":"ImageObject","inLanguage":"pt-BR","@id":"https:\/\/www.correiobraziliense.com.br\/cbradar\/#\/schema\/person\/image\/","url":"https:\/\/secure.gravatar.com\/avatar\/fe4f91a0de32b52a838d0d612abdc1aa?s=96&d=mm&r=g","contentUrl":"https:\/\/secure.gravatar.com\/avatar\/fe4f91a0de32b52a838d0d612abdc1aa?s=96&d=mm&r=g","caption":"Larissa Carvalho"},"url":"https:\/\/www.correiobraziliense.com.br\/cbradar\/author\/larissamyth\/"}]}},"_links":{"self":[{"href":"https:\/\/www.correiobraziliense.com.br\/cbradar\/wp-json\/wp\/v2\/posts\/73551","targetHints":{"allow":["GET"]}}],"collection":[{"href":"https:\/\/www.correiobraziliense.com.br\/cbradar\/wp-json\/wp\/v2\/posts"}],"about":[{"href":"https:\/\/www.correiobraziliense.com.br\/cbradar\/wp-json\/wp\/v2\/types\/post"}],"author":[{"embeddable":true,"href":"https:\/\/www.correiobraziliense.com.br\/cbradar\/wp-json\/wp\/v2\/users\/3"}],"replies":[{"embeddable":true,"href":"https:\/\/www.correiobraziliense.com.br\/cbradar\/wp-json\/wp\/v2\/comments?post=73551"}],"version-history":[{"count":1,"href":"https:\/\/www.correiobraziliense.com.br\/cbradar\/wp-json\/wp\/v2\/posts\/73551\/revisions"}],"predecessor-version":[{"id":73554,"href":"https:\/\/www.correiobraziliense.com.br\/cbradar\/wp-json\/wp\/v2\/posts\/73551\/revisions\/73554"}],"wp:featuredmedia":[{"embeddable":true,"href":"https:\/\/www.correiobraziliense.com.br\/cbradar\/wp-json\/wp\/v2\/media\/73552"}],"wp:attachment":[{"href":"https:\/\/www.correiobraziliense.com.br\/cbradar\/wp-json\/wp\/v2\/media?parent=73551"}],"wp:term":[{"taxonomy":"category","embeddable":true,"href":"https:\/\/www.correiobraziliense.com.br\/cbradar\/wp-json\/wp\/v2\/categories?post=73551"},{"taxonomy":"post_tag","embeddable":true,"href":"https:\/\/www.correiobraziliense.com.br\/cbradar\/wp-json\/wp\/v2\/tags?post=73551"}],"curies":[{"name":"wp","href":"https:\/\/api.w.org\/{rel}","templated":true}]}}