{"id":73576,"date":"2025-07-22T09:40:00","date_gmt":"2025-07-22T12:40:00","guid":{"rendered":"https:\/\/www.correiobraziliense.com.br\/cbradar\/?p=73576"},"modified":"2025-07-22T09:34:54","modified_gmt":"2025-07-22T12:34:54","slug":"a-fruta-seca-recomendada-para-consumo-depois-dos-40","status":"publish","type":"post","link":"https:\/\/www.correiobraziliense.com.br\/cbradar\/a-fruta-seca-recomendada-para-consumo-depois-dos-40\/","title":{"rendered":"A fruta seca recomendada para consumo depois dos 40"},"content":{"rendered":"\n<p>Com o avan\u00e7o da idade, especialmente ap\u00f3s os 40 anos, ajustes na alimenta\u00e7\u00e3o podem fazer toda a diferen\u00e7a na promo\u00e7\u00e3o de uma vida mais saud\u00e1vel e na preven\u00e7\u00e3o dos sinais do envelhecimento. Entre diversas recomenda\u00e7\u00f5es dos especialistas, certos alimentos ganham destaque devido ao alto valor nutricional e \u00e0 capacidade de colaborar para o bem-estar da pele, do cora\u00e7\u00e3o e de outras fun\u00e7\u00f5es vitais. Dentro desse contexto, alguns frutos secos revelam-se verdadeiros aliados.<\/p>\n\n\n\n<p>Enquanto am\u00eandoas e nozes s\u00e3o populares, o pistache tem sido cada vez mais apontado por nutricionistas como uma escolha privilegiada para quem busca h\u00e1bitos alimentares equilibrados ap\u00f3s os 40 anos. A composi\u00e7\u00e3o do pistache re\u00fane nutrientes essenciais capazes de impactar positivamente a sa\u00fade em diferentes aspectos, favorecendo desde o funcionamento do sistema cardiovascular at\u00e9 a manuten\u00e7\u00e3o de uma pele mais jovem e firme.<\/p>\n\n\n\n<h2 class=\"wp-block-heading\">Pistache: por que ele se destaca entre os frutos secos?<\/h2>\n\n\n\n<p>O pistache \u00e9 reconhecido por apresentar uma combina\u00e7\u00e3o interessante de <strong>gorduras saud\u00e1veis<\/strong>, antioxidantes potentes e fibras. Segundo profissionais que atuam na \u00e1rea de nutri\u00e7\u00e3o, esse fruto seco contribui de maneira significativa para o controle do colesterol e protege o cora\u00e7\u00e3o, tornando-se um alimento estrat\u00e9gico para quem deseja manter uma alimenta\u00e7\u00e3o orientada para a sa\u00fade a longo prazo.<\/p>\n\n\n\n<p>Al\u00e9m da presen\u00e7a dos nutrientes que ajudam a retardar o envelhecimento celular, o pistache cont\u00e9m lute\u00edna e zeaxantina, subst\u00e2ncias antioxidantes relacionadas \u00e0 preserva\u00e7\u00e3o da sa\u00fade ocular. Isso \u00e9 especialmente relevante \u00e0 medida que o tempo passa, considerando que a vis\u00e3o tende a sofrer altera\u00e7\u00f5es naturais com o envelhecimento. A vitamina E presente no pistache tamb\u00e9m auxilia na prote\u00e7\u00e3o da pele contra os efeitos nocivos dos radicais livres.<\/p>\n\n\n\n<h2 class=\"wp-block-heading\">Quais s\u00e3o os principais benef\u00edcios do pistache para pessoas acima dos 40 anos?<\/h2>\n\n\n\n<p>Especialistas ressaltam que incorporar pistaches na dieta proporciona v\u00e1rios ganhos \u00e0 sa\u00fade, principalmente em quem est\u00e1 na faixa dos 40 anos ou mais. Confira alguns benef\u00edcios essenciais:<\/p>\n\n\n\n<ul class=\"wp-block-list\">\n<li><strong>Combate ao envelhecimento celular<\/strong> gra\u00e7as ao seu teor elevado de antioxidantes;<\/li>\n\n\n\n<li><strong>Colabora para uma pele mais firme e luminosa<\/strong> devido aos nutrientes importantes presentes no fruto;<\/li>\n\n\n\n<li><strong>Favorece a digest\u00e3o<\/strong> pelo seu significativo aporte de fibras;<\/li>\n\n\n\n<li><strong>Ajuda a regular o colesterol<\/strong> e a proteger o cora\u00e7\u00e3o, sendo um aliado do sistema cardiovascular;<\/li>\n\n\n\n<li><strong>Fornece energia sustentada<\/strong> sem provocar grandes altera\u00e7\u00f5es nos n\u00edveis de a\u00e7\u00facar no sangue.<\/li>\n<\/ul>\n\n\n\n<figure class=\"wp-block-image size-large\"><img decoding=\"async\" width=\"1024\" height=\"576\" src=\"https:\/\/www.correiobraziliense.com.br\/cbradar\/wp-content\/uploads\/2025\/07\/pistache_1753187615359-1024x576.jpg\" alt=\"pistache. Cr\u00e9ditos: depositphotos.com \/ itor115.gmail.com\" class=\"wp-image-73581\" srcset=\"https:\/\/www.correiobraziliense.com.br\/cbradar\/wp-content\/uploads\/2025\/07\/pistache_1753187615359-1024x576.jpg 1024w, https:\/\/www.correiobraziliense.com.br\/cbradar\/wp-content\/uploads\/2025\/07\/pistache_1753187615359-300x169.jpg 300w, https:\/\/www.correiobraziliense.com.br\/cbradar\/wp-content\/uploads\/2025\/07\/pistache_1753187615359-768x432.jpg 768w, https:\/\/www.correiobraziliense.com.br\/cbradar\/wp-content\/uploads\/2025\/07\/pistache_1753187615359-750x422.jpg 750w, https:\/\/www.correiobraziliense.com.br\/cbradar\/wp-content\/uploads\/2025\/07\/pistache_1753187615359-1140x641.jpg 1140w, https:\/\/www.correiobraziliense.com.br\/cbradar\/wp-content\/uploads\/2025\/07\/pistache_1753187615359.jpg 1280w\" sizes=\"(max-width: 1024px) 100vw, 1024px\" \/><figcaption class=\"wp-element-caption\">pistache. Cr\u00e9ditos: depositphotos.com \/ itor115.gmail.com<\/figcaption><\/figure>\n\n\n\n<h2 class=\"wp-block-heading\">Como consumir pistache para obter todos os seus benef\u00edcios?<\/h2>\n\n\n\n<p>Uma das d\u00favidas mais comuns diz respeito \u00e0 quantidade ideal de pistaches a ser consumida diariamente para garantir todos os efeitos positivos. Orienta\u00e7\u00f5es de especialistas apontam que a ingest\u00e3o recomendada fica entre 30 a 40 gramas por dia, o que equivale a aproximadamente um punhado do fruto seco. \u00c9 importante optar sempre por pistaches sem sal e n\u00e3o fritos, priorizando as vers\u00f5es naturais para potencializar os benef\u00edcios \u00e0 sa\u00fade.<\/p>\n\n\n\n<p>A introdu\u00e7\u00e3o regular do pistache no card\u00e1pio pode ser feita de diferentes maneiras: consumido como lanche entre refei\u00e7\u00f5es, acrescentado a saladas, junto com iogurtes naturais ou at\u00e9 mesmo inclu\u00eddo em receitas doces e salgadas. Dessa forma, \u00e9 poss\u00edvel aproveitar a variedade de nutrientes desse alimento de forma saborosa e pr\u00e1tica, refor\u00e7ando a alimenta\u00e7\u00e3o equilibrada sem abrir m\u00e3o do prazer \u00e0 mesa.<\/p>\n\n\n\n<p>Com escolhas conscientes e uma alimenta\u00e7\u00e3o variada, o pistache torna-se um aliado importante para manter a sa\u00fade em dia e contribuir para o bem-estar ao longo do tempo. Adotar h\u00e1bitos alimentares corretos, somados a outros cuidados no dia a dia, pode favorecer n\u00e3o apenas a apar\u00eancia jovem da pele, mas tamb\u00e9m o funcionamento geral do organismo.<\/p>\n","protected":false},"excerpt":{"rendered":"<p>Pistache se destaca entre os frutos secos por seu alto valor nutricional. Descubra porque ele \u00e9 ideal na dieta de quem quer envelhecer com sa\u00fade e beleza.<\/p>\n","protected":false},"author":3,"featured_media":73579,"comment_status":"open","ping_status":"open","sticky":false,"template":"","format":"standard","meta":{"_yoast_wpseo_focuskw":"fruta recomendada depois 40","_yoast_wpseo_title":"%%title%%","_yoast_wpseo_metadesc":"Pistache se destaca entre os frutos secos por seu alto valor nutricional. Descubra porque ele \u00e9 ideal na dieta de quem quer envelhecer com sa\u00fade e beleza.","jnews-multi-image_gallery":[],"jnews_single_post":{"format":"standard"},"jnews_primary_category":[],"jnews_social_meta":[],"jnews_override_counter":[],"footnotes":""},"categories":[112],"tags":[281,1423,144],"class_list":["post-73576","post","type-post","status-publish","format-standard","has-post-thumbnail","hentry","category-curiosidades","tag-alimentacao","tag-alimentos","tag-curiosidades"],"yoast_head":"<!-- This site is optimized with the Yoast SEO plugin v24.6 - https:\/\/yoast.com\/wordpress\/plugins\/seo\/ -->\n<title>A fruta seca recomendada para consumo depois dos 40<\/title>\n<meta name=\"description\" content=\"Pistache se destaca entre os frutos secos por seu alto valor nutricional. Descubra porque ele \u00e9 ideal na dieta de quem quer envelhecer com sa\u00fade e beleza.\" \/>\n<meta name=\"robots\" content=\"index, follow, max-snippet:-1, max-image-preview:large, max-video-preview:-1\" \/>\n<link rel=\"canonical\" href=\"https:\/\/www.correiobraziliense.com.br\/cbradar\/a-fruta-seca-recomendada-para-consumo-depois-dos-40\/\" \/>\n<meta property=\"og:locale\" content=\"pt_BR\" \/>\n<meta property=\"og:type\" content=\"article\" \/>\n<meta property=\"og:title\" content=\"A fruta seca recomendada para consumo depois dos 40\" \/>\n<meta property=\"og:description\" content=\"Pistache se destaca entre os frutos secos por seu alto valor nutricional. Descubra porque ele \u00e9 ideal na dieta de quem quer envelhecer com sa\u00fade e beleza.\" \/>\n<meta property=\"og:url\" content=\"https:\/\/www.correiobraziliense.com.br\/cbradar\/a-fruta-seca-recomendada-para-consumo-depois-dos-40\/\" \/>\n<meta property=\"og:site_name\" content=\"Correio Braziliense - Radar\" \/>\n<meta property=\"article:published_time\" content=\"2025-07-22T12:40:00+00:00\" \/>\n<meta property=\"og:image\" content=\"https:\/\/www.correiobraziliense.com.br\/cbradar\/wp-content\/uploads\/2025\/07\/pistache_1753187562009.jpg\" \/>\n\t<meta property=\"og:image:width\" content=\"1280\" \/>\n\t<meta property=\"og:image:height\" content=\"720\" \/>\n\t<meta property=\"og:image:type\" content=\"image\/jpeg\" \/>\n<meta name=\"author\" content=\"Larissa Carvalho\" \/>\n<meta name=\"twitter:card\" content=\"summary_large_image\" \/>\n<meta name=\"twitter:label1\" content=\"Escrito por\" \/>\n\t<meta name=\"twitter:data1\" content=\"Larissa Carvalho\" \/>\n\t<meta name=\"twitter:label2\" content=\"Est. tempo de leitura\" \/>\n\t<meta name=\"twitter:data2\" content=\"4 minutos\" \/>\n<!-- \/ Yoast SEO plugin. -->","yoast_head_json":{"title":"A fruta seca recomendada para consumo depois dos 40","description":"Pistache se destaca entre os frutos secos por seu alto valor nutricional. Descubra porque ele \u00e9 ideal na dieta de quem quer envelhecer com sa\u00fade e beleza.","robots":{"index":"index","follow":"follow","max-snippet":"max-snippet:-1","max-image-preview":"max-image-preview:large","max-video-preview":"max-video-preview:-1"},"canonical":"https:\/\/www.correiobraziliense.com.br\/cbradar\/a-fruta-seca-recomendada-para-consumo-depois-dos-40\/","og_locale":"pt_BR","og_type":"article","og_title":"A fruta seca recomendada para consumo depois dos 40","og_description":"Pistache se destaca entre os frutos secos por seu alto valor nutricional. Descubra porque ele \u00e9 ideal na dieta de quem quer envelhecer com sa\u00fade e beleza.","og_url":"https:\/\/www.correiobraziliense.com.br\/cbradar\/a-fruta-seca-recomendada-para-consumo-depois-dos-40\/","og_site_name":"Correio Braziliense - Radar","article_published_time":"2025-07-22T12:40:00+00:00","og_image":[{"width":1280,"height":720,"url":"https:\/\/www.correiobraziliense.com.br\/cbradar\/wp-content\/uploads\/2025\/07\/pistache_1753187562009.jpg","type":"image\/jpeg"}],"author":"Larissa Carvalho","twitter_card":"summary_large_image","twitter_misc":{"Escrito por":"Larissa Carvalho","Est. tempo de leitura":"4 minutos"},"schema":{"@context":"https:\/\/schema.org","@graph":[{"@type":"WebPage","@id":"https:\/\/www.correiobraziliense.com.br\/cbradar\/a-fruta-seca-recomendada-para-consumo-depois-dos-40\/","url":"https:\/\/www.correiobraziliense.com.br\/cbradar\/a-fruta-seca-recomendada-para-consumo-depois-dos-40\/","name":"A fruta seca recomendada para consumo depois dos 40","isPartOf":{"@id":"https:\/\/www.correiobraziliense.com.br\/cbradar\/#website"},"primaryImageOfPage":{"@id":"https:\/\/www.correiobraziliense.com.br\/cbradar\/a-fruta-seca-recomendada-para-consumo-depois-dos-40\/#primaryimage"},"image":{"@id":"https:\/\/www.correiobraziliense.com.br\/cbradar\/a-fruta-seca-recomendada-para-consumo-depois-dos-40\/#primaryimage"},"thumbnailUrl":"https:\/\/www.correiobraziliense.com.br\/cbradar\/wp-content\/uploads\/2025\/07\/pistache_1753187562009.jpg","datePublished":"2025-07-22T12:40:00+00:00","author":{"@id":"https:\/\/www.correiobraziliense.com.br\/cbradar\/#\/schema\/person\/58422787644df994b53a19d3e56c1513"},"description":"Pistache se destaca entre os frutos secos por seu alto valor nutricional. Descubra porque ele \u00e9 ideal na dieta de quem quer envelhecer com sa\u00fade e beleza.","breadcrumb":{"@id":"https:\/\/www.correiobraziliense.com.br\/cbradar\/a-fruta-seca-recomendada-para-consumo-depois-dos-40\/#breadcrumb"},"inLanguage":"pt-BR","potentialAction":[{"@type":"ReadAction","target":["https:\/\/www.correiobraziliense.com.br\/cbradar\/a-fruta-seca-recomendada-para-consumo-depois-dos-40\/"]}]},{"@type":"ImageObject","inLanguage":"pt-BR","@id":"https:\/\/www.correiobraziliense.com.br\/cbradar\/a-fruta-seca-recomendada-para-consumo-depois-dos-40\/#primaryimage","url":"https:\/\/www.correiobraziliense.com.br\/cbradar\/wp-content\/uploads\/2025\/07\/pistache_1753187562009.jpg","contentUrl":"https:\/\/www.correiobraziliense.com.br\/cbradar\/wp-content\/uploads\/2025\/07\/pistache_1753187562009.jpg","width":1280,"height":720,"caption":"pistache. Cr\u00e9ditos: depositphotos.com \/ AntonMatyukha"},{"@type":"BreadcrumbList","@id":"https:\/\/www.correiobraziliense.com.br\/cbradar\/a-fruta-seca-recomendada-para-consumo-depois-dos-40\/#breadcrumb","itemListElement":[{"@type":"ListItem","position":1,"name":"In\u00edcio","item":"https:\/\/www.correiobraziliense.com.br\/cbradar\/"},{"@type":"ListItem","position":2,"name":"A fruta seca recomendada para consumo depois dos 40"}]},{"@type":"WebSite","@id":"https:\/\/www.correiobraziliense.com.br\/cbradar\/#website","url":"https:\/\/www.correiobraziliense.com.br\/cbradar\/","name":"Correio Braziliense - Radar","description":"Acompanhe as \u00faltimas not\u00edcias e fique bem informado sobre tudo o que acontece no Brasil e no mundo.","potentialAction":[{"@type":"SearchAction","target":{"@type":"EntryPoint","urlTemplate":"https:\/\/www.correiobraziliense.com.br\/cbradar\/?s={search_term_string}"},"query-input":{"@type":"PropertyValueSpecification","valueRequired":true,"valueName":"search_term_string"}}],"inLanguage":"pt-BR"},{"@type":"Person","@id":"https:\/\/www.correiobraziliense.com.br\/cbradar\/#\/schema\/person\/58422787644df994b53a19d3e56c1513","name":"Larissa Carvalho","image":{"@type":"ImageObject","inLanguage":"pt-BR","@id":"https:\/\/www.correiobraziliense.com.br\/cbradar\/#\/schema\/person\/image\/","url":"https:\/\/secure.gravatar.com\/avatar\/fe4f91a0de32b52a838d0d612abdc1aa?s=96&d=mm&r=g","contentUrl":"https:\/\/secure.gravatar.com\/avatar\/fe4f91a0de32b52a838d0d612abdc1aa?s=96&d=mm&r=g","caption":"Larissa Carvalho"},"url":"https:\/\/www.correiobraziliense.com.br\/cbradar\/author\/larissamyth\/"}]}},"_links":{"self":[{"href":"https:\/\/www.correiobraziliense.com.br\/cbradar\/wp-json\/wp\/v2\/posts\/73576","targetHints":{"allow":["GET"]}}],"collection":[{"href":"https:\/\/www.correiobraziliense.com.br\/cbradar\/wp-json\/wp\/v2\/posts"}],"about":[{"href":"https:\/\/www.correiobraziliense.com.br\/cbradar\/wp-json\/wp\/v2\/types\/post"}],"author":[{"embeddable":true,"href":"https:\/\/www.correiobraziliense.com.br\/cbradar\/wp-json\/wp\/v2\/users\/3"}],"replies":[{"embeddable":true,"href":"https:\/\/www.correiobraziliense.com.br\/cbradar\/wp-json\/wp\/v2\/comments?post=73576"}],"version-history":[{"count":2,"href":"https:\/\/www.correiobraziliense.com.br\/cbradar\/wp-json\/wp\/v2\/posts\/73576\/revisions"}],"predecessor-version":[{"id":73583,"href":"https:\/\/www.correiobraziliense.com.br\/cbradar\/wp-json\/wp\/v2\/posts\/73576\/revisions\/73583"}],"wp:featuredmedia":[{"embeddable":true,"href":"https:\/\/www.correiobraziliense.com.br\/cbradar\/wp-json\/wp\/v2\/media\/73579"}],"wp:attachment":[{"href":"https:\/\/www.correiobraziliense.com.br\/cbradar\/wp-json\/wp\/v2\/media?parent=73576"}],"wp:term":[{"taxonomy":"category","embeddable":true,"href":"https:\/\/www.correiobraziliense.com.br\/cbradar\/wp-json\/wp\/v2\/categories?post=73576"},{"taxonomy":"post_tag","embeddable":true,"href":"https:\/\/www.correiobraziliense.com.br\/cbradar\/wp-json\/wp\/v2\/tags?post=73576"}],"curies":[{"name":"wp","href":"https:\/\/api.w.org\/{rel}","templated":true}]}}