{"id":73901,"date":"2025-07-23T07:03:00","date_gmt":"2025-07-23T10:03:00","guid":{"rendered":"https:\/\/www.correiobraziliense.com.br\/cbradar\/?p=73901"},"modified":"2025-07-22T23:14:18","modified_gmt":"2025-07-23T02:14:18","slug":"melhor-cidade-do-brasil-para-viver-veja-quem-lidera-o-ranking","status":"publish","type":"post","link":"https:\/\/www.correiobraziliense.com.br\/cbradar\/melhor-cidade-do-brasil-para-viver-veja-quem-lidera-o-ranking\/","title":{"rendered":"Melhor cidade do Brasil para viver? Veja quem lidera o ranking"},"content":{"rendered":"\n<p><strong><a href=\"https:\/\/www.saocaetanodosul.sp.gov.br\/home\" target=\"_blank\" rel=\"noreferrer noopener\">S\u00e3o Caetano do Sul<\/a><\/strong>, na Grande <strong>S\u00e3o Paulo<\/strong>, <strong>Brasil<\/strong>, a 15 km da capital <strong>S\u00e3o Paulo<\/strong> e pr\u00f3xima a <strong>Santo Andr\u00e9<\/strong> e <strong>S\u00e3o Bernardo do Campo<\/strong>, \u00e9 conhecida como &#8220;<strong>Cidade que D\u00e1 Certo<\/strong>&#8220;. Com o maior <strong>IDH<\/strong> do pa\u00eds, <strong>S\u00e3o Caetano do Sul<\/strong> \u00e9 ideal para morar. Conhe\u00e7a o que torna esta cidade um destino vibrante para fam\u00edlias e profissionais.<\/p>\n\n\n\n<ul class=\"wp-block-list\">\n<li>Economia diversificada com ind\u00fastria automobil\u00edstica e setor de servi\u00e7os<\/li>\n\n\n\n<li>Qualidade de vida excepcional com infraestrutura completa<\/li>\n\n\n\n<li>Seguran\u00e7a e sa\u00fade p\u00fablica de refer\u00eancia nacional<\/li>\n<\/ul>\n\n\n\n<h2 class=\"wp-block-heading\">Por que morar em S\u00e3o Caetano do Sul?<\/h2>\n\n\n\n<p><strong>S\u00e3o Caetano do Sul<\/strong> possui um <strong>IDH<\/strong> de 0,862, segundo o <strong><strong>Programa das Na\u00e7\u00f5es Unidas para o Desenvolvimento<\/strong>\u00a0<\/strong>, sendo o mais alto do <strong>Brasil<\/strong>. A economia \u00e9 movida pela ind\u00fastria automobil\u00edstica, metal\u00fargica e setor de servi\u00e7os, conforme a <strong>Prefeitura de S\u00e3o Caetano do Sul<\/strong>.<\/p>\n\n\n\n<p>Com cerca de 165.000 habitantes, segundo o <strong>IBGE<\/strong>, a cidade oferece servi\u00e7os p\u00fablicos de excel\u00eancia. A seguran\u00e7a \u00e9 refor\u00e7ada pelo baixo \u00edndice de criminalidade e policiamento eficiente.<\/p>\n\n\n\n<p>O custo de vida \u00e9 equilibrado considerando a qualidade dos servi\u00e7os oferecidos. A infraestrutura urbana inclui sistema de sa\u00fade municipal reconhecido nacionalmente.<\/p>\n\n\n\n<p>A educa\u00e7\u00e3o p\u00fablica municipal \u00e9 refer\u00eancia, com escolas bem equipadas e professores qualificados. O transporte p\u00fablico eficiente conecta a cidade \u00e0 <strong>S\u00e3o Paulo<\/strong> e regi\u00e3o metropolitana.<\/p>\n\n\n<div class=\"wp-block-image\">\n<figure class=\"aligncenter size-large\"><img decoding=\"async\" width=\"1024\" height=\"576\" src=\"https:\/\/www.correiobraziliense.com.br\/cbradar\/wp-content\/uploads\/2025\/06\/Edicoes-5-1-1024x576.png\" alt=\"\" class=\"wp-image-51404\" srcset=\"https:\/\/www.correiobraziliense.com.br\/cbradar\/wp-content\/uploads\/2025\/06\/Edicoes-5-1-1024x576.png 1024w, https:\/\/www.correiobraziliense.com.br\/cbradar\/wp-content\/uploads\/2025\/06\/Edicoes-5-1-300x169.png 300w, https:\/\/www.correiobraziliense.com.br\/cbradar\/wp-content\/uploads\/2025\/06\/Edicoes-5-1-768x432.png 768w, https:\/\/www.correiobraziliense.com.br\/cbradar\/wp-content\/uploads\/2025\/06\/Edicoes-5-1-750x422.png 750w, https:\/\/www.correiobraziliense.com.br\/cbradar\/wp-content\/uploads\/2025\/06\/Edicoes-5-1-1140x641.png 1140w, https:\/\/www.correiobraziliense.com.br\/cbradar\/wp-content\/uploads\/2025\/06\/Edicoes-5-1.png 1280w\" sizes=\"(max-width: 1024px) 100vw, 1024px\" \/><figcaption class=\"wp-element-caption\">S\u00e3o Caetano do Sul \/\/ Reprodu\u00e7\u00e3o: Wikip\u00e9dia<\/figcaption><\/figure><\/div>\n\n\n<h2 class=\"wp-block-heading\">Quais s\u00e3o os melhores bairros para morar em S\u00e3o Caetano do Sul?<\/h2>\n\n\n\n<ul class=\"wp-block-list\">\n<li>O <strong>Centro<\/strong> \u00e9 vibrante, com com\u00e9rcio consolidado e acesso ao <strong>Parque Chico Mendes<\/strong>. Ideal para quem busca praticidade e vida urbana din\u00e2mica.<\/li>\n\n\n\n<li><strong>Santa Paula<\/strong> oferece tranquilidade residencial com excelente infraestrutura. O bairro concentra fam\u00edlias e possui f\u00e1cil acesso \u00e0s principais avenidas da cidade.<\/li>\n\n\n\n<li><strong>Funda\u00e7\u00e3o<\/strong> combina \u00e1rea residencial com proximidade ao centro industrial. \u00c9 procurado por profissionais que trabalham nas empresas da regi\u00e3o.<\/li>\n\n\n\n<li><strong>Barcelona<\/strong> destaca-se pela qualidade de vida e proximidade ao <strong>Parque Central<\/strong>. O bairro oferece op\u00e7\u00f5es de lazer e excelente infraestrutura comercial.<\/li>\n\n\n\n<li><strong>Cer\u00e2mica<\/strong> apresenta crescimento imobili\u00e1rio com novos empreendimentos. \u00c9 uma op\u00e7\u00e3o moderna para quem busca apartamentos com boa localiza\u00e7\u00e3o.<\/li>\n<\/ul>\n\n\n\n<h2 class=\"wp-block-heading\">Quais s\u00e3o as principais atra\u00e7\u00f5es tur\u00edsticas de S\u00e3o Caetano do Sul?<\/h2>\n\n\n\n<p>O <strong>Parque Chico Mendes<\/strong> encanta com 38 mil metros quadrados de \u00e1rea verde no centro da cidade. \u00c9 um ref\u00fagio natural com trilhas, lago artificial e espa\u00e7os para exerc\u00edcios, segundo o <strong>Melhores Destinos<\/strong>.<\/p>\n\n\n\n<p>A <strong>Funda\u00e7\u00e3o das Artes<\/strong> representa o cora\u00e7\u00e3o cultural da cidade, oferecendo cursos e apresenta\u00e7\u00f5es teatrais. O espa\u00e7o abriga escola de m\u00fasica, teatro e artes pl\u00e1sticas, sendo refer\u00eancia regional em forma\u00e7\u00e3o art\u00edstica.<\/p>\n\n\n\n<p>O <strong>Teatro Paulo Machado de Carvalho<\/strong> \u00e9 palco de espet\u00e1culos nacionais e regionais. Com arquitetura moderna e ac\u00fastica excepcional, recebe apresenta\u00e7\u00f5es de m\u00fasica cl\u00e1ssica, teatro e dan\u00e7a.<\/p>\n\n\n\n<p>A <strong>Casa da Palavra M\u00e1rio Quintana<\/strong> preserva a mem\u00f3ria liter\u00e1ria regional. O espa\u00e7o cultural promove saraus, lan\u00e7amentos de livros e atividades educativas para todas as idades.<\/p>\n\n\n\n<p>O <strong>Complexo Aqu\u00e1tico Cl\u00e1udio Coutinho<\/strong> oferece piscinas ol\u00edmpicas e semi-ol\u00edmpicas. \u00c9 utilizado para treinamento esportivo e competi\u00e7\u00f5es nacionais de nata\u00e7\u00e3o e polo aqu\u00e1tico.<\/p>\n\n\n\n<ul class=\"wp-block-list\">\n<li><strong>Parque Chico Mendes<\/strong>: \u00c1rea verde com 38 mil metros quadrados no centro<\/li>\n\n\n\n<li><strong>Funda\u00e7\u00e3o das Artes<\/strong>: Centro cultural com cursos e apresenta\u00e7\u00f5es<\/li>\n\n\n\n<li><strong>Teatro Paulo Machado de Carvalho<\/strong>: Espa\u00e7o para espet\u00e1culos e eventos<\/li>\n\n\n\n<li><strong>Casa da Palavra M\u00e1rio Quintana<\/strong>: Memorial liter\u00e1rio e cultural<\/li>\n\n\n\n<li><strong>Complexo Aqu\u00e1tico<\/strong>: Piscinas ol\u00edmpicas para esporte e lazer<\/li>\n<\/ul>\n\n\n<div class=\"wp-block-image\">\n<figure class=\"aligncenter size-large\"><img decoding=\"async\" src=\"https:\/\/www.correiobraziliense.com.br\/cbradar\/wp-content\/uploads\/2025\/02\/TKeDJEqqTdbWDOCg1BjCMpHfRTkVe5Nvlx29Y54H-1024x682.jpg\" alt=\"Voc\u00ea sabe qual \u00e9 a cidade que mais investe em educa\u00e7\u00e3o no Brasil?\" class=\"wp-image-4894\"\/><figcaption class=\"wp-element-caption\">S\u00e3o Caetano do Sul \/\/ Reprodu\u00e7\u00e3o: Prefeitura municipal de S\u00e3o Caetano do Sul (https:\/\/www.saocaetanodosul.sp.gov.br\/home)<\/figcaption><\/figure><\/div>\n\n\n<h2 class=\"wp-block-heading\">Como \u00e9 a vida cultural em S\u00e3o Caetano do Sul?<\/h2>\n\n\n\n<p><strong>S\u00e3o Caetano do Sul<\/strong> vibra com o <strong>Festival de Inverno<\/strong>, que re\u00fane m\u00fasica, teatro e gastronomia. O evento acontece no <strong>Parque Chico Mendes<\/strong> com atra\u00e7\u00f5es nacionais.<\/p>\n\n\n\n<p>A <strong>Feira de Artesanato<\/strong> da <strong>Pra\u00e7a Cardeal Arco Verde<\/strong> oferece produtos locais e culin\u00e1ria regional. Aos fins de semana, a pra\u00e7a se transforma em ponto de encontro cultural.<\/p>\n\n\n\n<p>A gastronomia local mescla tradi\u00e7\u00e3o italiana e \u00e1rabe com a culin\u00e1ria paulista. Restaurantes familiares preservam receitas centen\u00e1rias trazidas pelos imigrantes.<\/p>\n\n\n\n<p><strong>Leia tamb\u00e9m: <a href=\"https:\/\/www.correiobraziliense.com.br\/cbradar\/essa-cidade-e-aprovada-como-a-mais-feliz-de-sao-paulo\/\" target=\"_blank\" rel=\"noreferrer noopener\">A cidade mais feliz de S\u00e3o Paulo<\/a><\/strong>.<\/p>\n\n\n\n<h2 class=\"wp-block-heading\">Por que S\u00e3o Caetano do Sul \u00e9 refer\u00eancia em gest\u00e3o p\u00fablica?<\/h2>\n\n\n\n<p><strong>S\u00e3o Caetano do Sul<\/strong> \u00e9 conhecida pela excel\u00eancia em gest\u00e3o p\u00fablica municipal, segundo a <strong>Secretaria de Administra\u00e7\u00e3o de S\u00e3o Caetano do Sul<\/strong>. A transpar\u00eancia e efici\u00eancia dos servi\u00e7os s\u00e3o reconhecidas nacionalmente.<\/p>\n\n\n\n<p>O sistema de sa\u00fade municipal \u00e9 modelo para outras cidades brasileiras. A cidade investe continuamente em tecnologia e capacita\u00e7\u00e3o profissional.<\/p>\n\n\n\n<p>A educa\u00e7\u00e3o municipal recebe investimentos que superam as exig\u00eancias constitucionais. Os resultados em avalia\u00e7\u00f5es nacionais colocam a cidade entre as melhores do pa\u00eds.<\/p>\n\n\n\n<p>A limpeza urbana e conserva\u00e7\u00e3o de espa\u00e7os p\u00fablicos s\u00e3o exemplares. A coleta seletiva e programas ambientais demonstram compromisso com sustentabilidade.<\/p>\n\n\n<div class=\"wp-block-image\">\n<figure class=\"aligncenter size-large\"><img decoding=\"async\" width=\"1024\" height=\"576\" src=\"https:\/\/www.correiobraziliense.com.br\/cbradar\/wp-content\/uploads\/2025\/06\/Edicoes-6-1-1024x576.png\" alt=\"\" class=\"wp-image-51405\" srcset=\"https:\/\/www.correiobraziliense.com.br\/cbradar\/wp-content\/uploads\/2025\/06\/Edicoes-6-1-1024x576.png 1024w, https:\/\/www.correiobraziliense.com.br\/cbradar\/wp-content\/uploads\/2025\/06\/Edicoes-6-1-300x169.png 300w, https:\/\/www.correiobraziliense.com.br\/cbradar\/wp-content\/uploads\/2025\/06\/Edicoes-6-1-768x432.png 768w, https:\/\/www.correiobraziliense.com.br\/cbradar\/wp-content\/uploads\/2025\/06\/Edicoes-6-1-750x422.png 750w, https:\/\/www.correiobraziliense.com.br\/cbradar\/wp-content\/uploads\/2025\/06\/Edicoes-6-1-1140x641.png 1140w, https:\/\/www.correiobraziliense.com.br\/cbradar\/wp-content\/uploads\/2025\/06\/Edicoes-6-1.png 1280w\" sizes=\"(max-width: 1024px) 100vw, 1024px\" \/><figcaption class=\"wp-element-caption\">Funda\u00e7\u00e3o das Artes, S\u00e3o Caetano do Sul \/\/ Reprodu\u00e7\u00e3o: Wikip\u00e9dia<\/figcaption><\/figure><\/div>\n\n\n<h2 class=\"wp-block-heading\">A hist\u00f3ria por tr\u00e1s do apelido &#8220;Cidade que D\u00e1 Certo&#8221;<\/h2>\n\n\n\n<p><strong>S\u00e3o Caetano do Sul<\/strong> ganhou o apelido &#8220;<strong>Cidade que D\u00e1 Certo<\/strong>&#8221; por seus indicadores sociais excepcionais. O termo surgiu na d\u00e9cada de 1990, quando a cidade alcan\u00e7ou \u00edndices de desenvolvimento compar\u00e1veis a pa\u00edses desenvolvidos.<\/p>\n\n\n\n<p>A gest\u00e3o municipal eficiente e o engajamento da popula\u00e7\u00e3o criaram um modelo de administra\u00e7\u00e3o p\u00fablica. Investimentos em educa\u00e7\u00e3o, sa\u00fade e infraestrutura consolidaram a reputa\u00e7\u00e3o da cidade.<\/p>\n\n\n\n<p>O apelido se tornou marca registrada, utilizada em campanhas promocionais oficiais. Representa o orgulho dos moradores e atrai novos residentes em busca de qualidade de vida.<\/p>\n\n\n\n<h2 class=\"wp-block-heading\">Melhor \u00e9poca para visitar S\u00e3o Caetano do Sul?<\/h2>\n\n\n\n<p>Entre <strong>abril e setembro<\/strong>, <strong>S\u00e3o Caetano do Sul<\/strong> tem temperaturas entre 15\u00b0C e 25\u00b0C, segundo o <strong>Climatempo<\/strong>. O per\u00edodo seco \u00e9 ideal para conhecer parques e espa\u00e7os ao ar livre.<\/p>\n\n\n\n<p><strong>Junho e julho<\/strong> oferecem clima mais ameno para caminhadas no <strong>Parque Chico Mendes<\/strong>. \u00c9 a \u00e9poca do <strong>Festival de Inverno<\/strong>, com programa\u00e7\u00e3o cultural intensa.<\/p>\n\n\n\n<p><strong>Outubro e novembro<\/strong> apresentam temperaturas agrad\u00e1veis entre 20\u00b0C e 28\u00b0C. O per\u00edodo \u00e9 recomendado para visita\u00e7\u00e3o aos equipamentos culturais da cidade.<\/p>\n\n\n\n<p>A cidade pode ser visitada durante todo o ano devido \u00e0 infraestrutura urbana completa. O ver\u00e3o traz chuvas regulares que amenizam o calor e refrescam os espa\u00e7os verdes.<\/p>\n\n\n\n<p><strong>Leia tamb\u00e9m: <a href=\"https:\/\/www.correiobraziliense.com.br\/cbradar\/cidade-do-interior-de-sao-paulo-se-destaca-em-infraestrutura\/\" target=\"_blank\" rel=\"noreferrer noopener\">Cidade do interior de S\u00e3o Paulo se destaca em infraestrutura<\/a><\/strong>.<\/p>\n\n\n\n<h2 class=\"wp-block-heading\">Vivencie S\u00e3o Caetano do Sul<\/h2>\n\n\n\n<p><strong>S\u00e3o Caetano do Sul<\/strong> une qualidade de vida excepcional com oportunidades profissionais na <strong>Grande S\u00e3o Paulo<\/strong>. Do <strong>Parque Chico Mendes<\/strong> ao <strong>Teatro Paulo Machado de Carvalho<\/strong>, \u00e9 uma cidade completa para fam\u00edlias. Planeje sua mudan\u00e7a para viver o modelo de gest\u00e3o p\u00fablica de <strong>S\u00e3o Caetano do Sul<\/strong>.<\/p>\n\n\n\n<ul class=\"wp-block-list\">\n<li>Maior <strong>IDH<\/strong> do <strong>Brasil<\/strong> com excel\u00eancia em servi\u00e7os p\u00fablicos<\/li>\n\n\n\n<li>Localiza\u00e7\u00e3o estrat\u00e9gica na <strong>Grande S\u00e3o Paulo<\/strong> com infraestrutura completa<\/li>\n\n\n\n<li>Cultura vibrante com eventos e equipamentos culturais de qualidade<\/li>\n<\/ul>\n","protected":false},"excerpt":{"rendered":"<p>S\u00e3o Caetano do Sul, na Grande S\u00e3o Paulo, Brasil, a 15 km da capital S\u00e3o Paulo e pr\u00f3xima a Santo Andr\u00e9 e S\u00e3o Bernardo do Campo, \u00e9 conhecida como &#8220;Cidade que D\u00e1 Certo&#8220;. Com o maior IDH do pa\u00eds, S\u00e3o Caetano do Sul \u00e9 ideal para morar. Conhe\u00e7a o que torna esta cidade um destino [&hellip;]<\/p>\n","protected":false},"author":8,"featured_media":0,"comment_status":"open","ping_status":"open","sticky":false,"template":"","format":"standard","meta":{"_yoast_wpseo_focuskw":"cidade","_yoast_wpseo_title":"","_yoast_wpseo_metadesc":"Essa cidade brasileira se destaca com os melhores \u00edndices de seguran\u00e7a, sa\u00fade, educa\u00e7\u00e3o e bem-estar. Veja por que ela lidera o ranking.","jnews-multi-image_gallery":[],"jnews_single_post":{"format":"standard"},"jnews_primary_category":[],"jnews_social_meta":[],"jnews_override_counter":[],"footnotes":""},"categories":[108,111],"tags":[225,8542,955,278],"class_list":["post-73901","post","type-post","status-publish","format-standard","hentry","category-cidades","category-turismo","tag-brasil","tag-melhor-cidade-do-brasil-para-viver","tag-sao-caetano-do-sul","tag-sao-paulo"],"yoast_head":"<!-- This site is optimized with the Yoast SEO plugin v24.6 - https:\/\/yoast.com\/wordpress\/plugins\/seo\/ -->\n<title>Melhor cidade do Brasil para viver? Veja quem lidera o ranking - Correio Braziliense - Radar<\/title>\n<meta name=\"description\" content=\"Essa cidade brasileira se destaca com os melhores \u00edndices de seguran\u00e7a, sa\u00fade, educa\u00e7\u00e3o e bem-estar. Veja por que ela lidera o ranking.\" \/>\n<meta name=\"robots\" content=\"index, follow, max-snippet:-1, max-image-preview:large, max-video-preview:-1\" \/>\n<link rel=\"canonical\" href=\"https:\/\/www.correiobraziliense.com.br\/cbradar\/melhor-cidade-do-brasil-para-viver-veja-quem-lidera-o-ranking\/\" \/>\n<meta property=\"og:locale\" content=\"pt_BR\" \/>\n<meta property=\"og:type\" content=\"article\" \/>\n<meta property=\"og:title\" content=\"Melhor cidade do Brasil para viver? Veja quem lidera o ranking - Correio Braziliense - Radar\" \/>\n<meta property=\"og:description\" content=\"Essa cidade brasileira se destaca com os melhores \u00edndices de seguran\u00e7a, sa\u00fade, educa\u00e7\u00e3o e bem-estar. Veja por que ela lidera o ranking.\" \/>\n<meta property=\"og:url\" content=\"https:\/\/www.correiobraziliense.com.br\/cbradar\/melhor-cidade-do-brasil-para-viver-veja-quem-lidera-o-ranking\/\" \/>\n<meta property=\"og:site_name\" content=\"Correio Braziliense - Radar\" \/>\n<meta property=\"article:published_time\" content=\"2025-07-23T10:03:00+00:00\" \/>\n<meta property=\"og:image\" content=\"https:\/\/www.correiobraziliense.com.br\/cbradar\/wp-content\/uploads\/2025\/05\/Edicoes-96-1.png\" \/>\n\t<meta property=\"og:image:width\" content=\"1280\" \/>\n\t<meta property=\"og:image:height\" content=\"720\" \/>\n\t<meta property=\"og:image:type\" content=\"image\/png\" \/>\n<meta name=\"author\" content=\"Maura Pereira\" \/>\n<meta name=\"twitter:card\" content=\"summary_large_image\" \/>\n<meta name=\"twitter:label1\" content=\"Escrito por\" \/>\n\t<meta name=\"twitter:data1\" content=\"Maura Pereira\" \/>\n\t<meta name=\"twitter:label2\" content=\"Est. tempo de leitura\" \/>\n\t<meta name=\"twitter:data2\" content=\"7 minutos\" \/>\n<!-- \/ Yoast SEO plugin. -->","yoast_head_json":{"title":"Melhor cidade do Brasil para viver? Veja quem lidera o ranking - Correio Braziliense - Radar","description":"Essa cidade brasileira se destaca com os melhores \u00edndices de seguran\u00e7a, sa\u00fade, educa\u00e7\u00e3o e bem-estar. Veja por que ela lidera o ranking.","robots":{"index":"index","follow":"follow","max-snippet":"max-snippet:-1","max-image-preview":"max-image-preview:large","max-video-preview":"max-video-preview:-1"},"canonical":"https:\/\/www.correiobraziliense.com.br\/cbradar\/melhor-cidade-do-brasil-para-viver-veja-quem-lidera-o-ranking\/","og_locale":"pt_BR","og_type":"article","og_title":"Melhor cidade do Brasil para viver? Veja quem lidera o ranking - Correio Braziliense - Radar","og_description":"Essa cidade brasileira se destaca com os melhores \u00edndices de seguran\u00e7a, sa\u00fade, educa\u00e7\u00e3o e bem-estar. Veja por que ela lidera o ranking.","og_url":"https:\/\/www.correiobraziliense.com.br\/cbradar\/melhor-cidade-do-brasil-para-viver-veja-quem-lidera-o-ranking\/","og_site_name":"Correio Braziliense - Radar","article_published_time":"2025-07-23T10:03:00+00:00","og_image":[{"width":1280,"height":720,"url":"https:\/\/www.correiobraziliense.com.br\/cbradar\/wp-content\/uploads\/2025\/05\/Edicoes-96-1.png","type":"image\/png"}],"author":"Maura Pereira","twitter_card":"summary_large_image","twitter_misc":{"Escrito por":"Maura Pereira","Est. tempo de leitura":"7 minutos"},"schema":{"@context":"https:\/\/schema.org","@graph":[{"@type":"WebPage","@id":"https:\/\/www.correiobraziliense.com.br\/cbradar\/melhor-cidade-do-brasil-para-viver-veja-quem-lidera-o-ranking\/","url":"https:\/\/www.correiobraziliense.com.br\/cbradar\/melhor-cidade-do-brasil-para-viver-veja-quem-lidera-o-ranking\/","name":"Melhor cidade do Brasil para viver? Veja quem lidera o ranking - Correio Braziliense - Radar","isPartOf":{"@id":"https:\/\/www.correiobraziliense.com.br\/cbradar\/#website"},"primaryImageOfPage":{"@id":"https:\/\/www.correiobraziliense.com.br\/cbradar\/melhor-cidade-do-brasil-para-viver-veja-quem-lidera-o-ranking\/#primaryimage"},"image":{"@id":"https:\/\/www.correiobraziliense.com.br\/cbradar\/melhor-cidade-do-brasil-para-viver-veja-quem-lidera-o-ranking\/#primaryimage"},"thumbnailUrl":"https:\/\/www.correiobraziliense.com.br\/cbradar\/wp-content\/uploads\/2025\/06\/Edicoes-5-1-1024x576.png","datePublished":"2025-07-23T10:03:00+00:00","author":{"@id":"https:\/\/www.correiobraziliense.com.br\/cbradar\/#\/schema\/person\/4053c651a9bfc785afc6f4cbc9032fd3"},"description":"Essa cidade brasileira se destaca com os melhores \u00edndices de seguran\u00e7a, sa\u00fade, educa\u00e7\u00e3o e bem-estar. Veja por que ela lidera o ranking.","breadcrumb":{"@id":"https:\/\/www.correiobraziliense.com.br\/cbradar\/melhor-cidade-do-brasil-para-viver-veja-quem-lidera-o-ranking\/#breadcrumb"},"inLanguage":"pt-BR","potentialAction":[{"@type":"ReadAction","target":["https:\/\/www.correiobraziliense.com.br\/cbradar\/melhor-cidade-do-brasil-para-viver-veja-quem-lidera-o-ranking\/"]}]},{"@type":"ImageObject","inLanguage":"pt-BR","@id":"https:\/\/www.correiobraziliense.com.br\/cbradar\/melhor-cidade-do-brasil-para-viver-veja-quem-lidera-o-ranking\/#primaryimage","url":"https:\/\/www.correiobraziliense.com.br\/cbradar\/wp-content\/uploads\/2025\/06\/Edicoes-5-1.png","contentUrl":"https:\/\/www.correiobraziliense.com.br\/cbradar\/wp-content\/uploads\/2025\/06\/Edicoes-5-1.png","width":1280,"height":720,"caption":"S\u00e3o Caetano do Sul, SP, destaca-se pelo alto IDH e excelente educa\u00e7\u00e3o p\u00fablica. \/ Reprodu\u00e7\u00e3o: Wikip\u00e9dia"},{"@type":"BreadcrumbList","@id":"https:\/\/www.correiobraziliense.com.br\/cbradar\/melhor-cidade-do-brasil-para-viver-veja-quem-lidera-o-ranking\/#breadcrumb","itemListElement":[{"@type":"ListItem","position":1,"name":"In\u00edcio","item":"https:\/\/www.correiobraziliense.com.br\/cbradar\/"},{"@type":"ListItem","position":2,"name":"Melhor cidade do Brasil para viver? Veja quem lidera o ranking"}]},{"@type":"WebSite","@id":"https:\/\/www.correiobraziliense.com.br\/cbradar\/#website","url":"https:\/\/www.correiobraziliense.com.br\/cbradar\/","name":"Correio Braziliense - Radar","description":"Acompanhe as \u00faltimas not\u00edcias e fique bem informado sobre tudo o que acontece no Brasil e no mundo.","potentialAction":[{"@type":"SearchAction","target":{"@type":"EntryPoint","urlTemplate":"https:\/\/www.correiobraziliense.com.br\/cbradar\/?s={search_term_string}"},"query-input":{"@type":"PropertyValueSpecification","valueRequired":true,"valueName":"search_term_string"}}],"inLanguage":"pt-BR"},{"@type":"Person","@id":"https:\/\/www.correiobraziliense.com.br\/cbradar\/#\/schema\/person\/4053c651a9bfc785afc6f4cbc9032fd3","name":"Maura Pereira","image":{"@type":"ImageObject","inLanguage":"pt-BR","@id":"https:\/\/www.correiobraziliense.com.br\/cbradar\/#\/schema\/person\/image\/","url":"https:\/\/secure.gravatar.com\/avatar\/3effd6bdadfa447f15089c7f7144eaa6?s=96&d=mm&r=g","contentUrl":"https:\/\/secure.gravatar.com\/avatar\/3effd6bdadfa447f15089c7f7144eaa6?s=96&d=mm&r=g","caption":"Maura Pereira"},"sameAs":["https:\/\/www.correiobraziliense.com.br\/"],"url":"https:\/\/www.correiobraziliense.com.br\/cbradar\/author\/mauramyth\/"}]}},"_links":{"self":[{"href":"https:\/\/www.correiobraziliense.com.br\/cbradar\/wp-json\/wp\/v2\/posts\/73901","targetHints":{"allow":["GET"]}}],"collection":[{"href":"https:\/\/www.correiobraziliense.com.br\/cbradar\/wp-json\/wp\/v2\/posts"}],"about":[{"href":"https:\/\/www.correiobraziliense.com.br\/cbradar\/wp-json\/wp\/v2\/types\/post"}],"author":[{"embeddable":true,"href":"https:\/\/www.correiobraziliense.com.br\/cbradar\/wp-json\/wp\/v2\/users\/8"}],"replies":[{"embeddable":true,"href":"https:\/\/www.correiobraziliense.com.br\/cbradar\/wp-json\/wp\/v2\/comments?post=73901"}],"version-history":[{"count":11,"href":"https:\/\/www.correiobraziliense.com.br\/cbradar\/wp-json\/wp\/v2\/posts\/73901\/revisions"}],"predecessor-version":[{"id":73970,"href":"https:\/\/www.correiobraziliense.com.br\/cbradar\/wp-json\/wp\/v2\/posts\/73901\/revisions\/73970"}],"wp:attachment":[{"href":"https:\/\/www.correiobraziliense.com.br\/cbradar\/wp-json\/wp\/v2\/media?parent=73901"}],"wp:term":[{"taxonomy":"category","embeddable":true,"href":"https:\/\/www.correiobraziliense.com.br\/cbradar\/wp-json\/wp\/v2\/categories?post=73901"},{"taxonomy":"post_tag","embeddable":true,"href":"https:\/\/www.correiobraziliense.com.br\/cbradar\/wp-json\/wp\/v2\/tags?post=73901"}],"curies":[{"name":"wp","href":"https:\/\/api.w.org\/{rel}","templated":true}]}}