{"id":74186,"date":"2025-07-24T06:13:00","date_gmt":"2025-07-24T09:13:00","guid":{"rendered":"https:\/\/www.correiobraziliense.com.br\/cbradar\/?p=74186"},"modified":"2025-07-23T21:09:24","modified_gmt":"2025-07-24T00:09:24","slug":"o-que-acontece-no-seu-corpo-ao-comer-abacate-todos-os-dias-cientistas-respondem","status":"publish","type":"post","link":"https:\/\/www.correiobraziliense.com.br\/cbradar\/o-que-acontece-no-seu-corpo-ao-comer-abacate-todos-os-dias-cientistas-respondem\/","title":{"rendered":"O que acontece no seu corpo ao comer abacate todos os dias? Cientistas respondem"},"content":{"rendered":"\n<p>O <strong>abacate<\/strong>, conquistou os paladares de muitos, especialmente nos \u00faltimos anos. Este fruto, com sua textura cremosa e sabor vers\u00e1til, \u00e9 frequentemente incorporado em diferentes refei\u00e7\u00f5es, desde saladas a smoothies. Seu status de &#8220;superalimento&#8221; deriva das suas in\u00fameras propriedades nutricionais, que incluem a presen\u00e7a de gorduras saud\u00e1veis, vitaminas e minerais essenciais para o organismo humano.<\/p>\n\n\n\n<p>O <strong>abacate<\/strong> \u00e9 uma fonte rica de <strong>gorduras monoinsaturadas<\/strong>, semelhantes \u00e0s encontradas no azeite de oliva. Estas gorduras s\u00e3o ben\u00e9ficas para o cora\u00e7\u00e3o, pois ajudam a manter n\u00edveis saud\u00e1veis de colesterol e reduzem o risco de doen\u00e7as cardiovasculares. Al\u00e9m disso, o fruto \u00e9 uma excelente fonte de fibra, pot\u00e1ssio e antioxidantes como a lute\u00edna, que favorece a sa\u00fade ocular e contribui para a elasticidade da pele.<\/p>\n\n\n\n<h2 class=\"wp-block-heading\">Quais s\u00e3o os benef\u00edcios comprovados do consumo di\u00e1rio de abacate?<\/h2>\n\n\n\n<p><strong>Diversos estudos, incluindo aqueles publicados pela Journal of the American Heart Association, confirmam os benef\u00edcios do consumo regular de abacate.<\/strong> Um dos principais fatores que faz do abacate um aliado da alimenta\u00e7\u00e3o saud\u00e1vel \u00e9 seu <strong>alto poder de saciedade<\/strong>. Isso o torna ideal para quem busca controlar a fome entre as refei\u00e7\u00f5es, diminuindo a necessidade de lanches ultraprocessados.<\/p>\n\n\n\n<p>Pesquisas da <strong>Universidade da Calif\u00f3rnia<\/strong> observaram que indiv\u00edduos que incorporam abacate em suas dietas tendem a consumir menos lanches processados. Isso ocorre porque os nutrientes do abacate proporcionam uma sensa\u00e7\u00e3o prolongada de satisfa\u00e7\u00e3o e plenitude.<\/p>\n\n\n\n<figure class=\"wp-block-image size-large\"><img decoding=\"async\" width=\"1024\" height=\"576\" src=\"https:\/\/www.correiobraziliense.com.br\/cbradar\/wp-content\/uploads\/2025\/07\/abacate_1753315718575-1024x576.jpg\" alt=\"O que acontece no seu corpo ao comer abacate todos os dias? Cientistas respondem\" class=\"wp-image-74189\" srcset=\"https:\/\/www.correiobraziliense.com.br\/cbradar\/wp-content\/uploads\/2025\/07\/abacate_1753315718575-1024x576.jpg 1024w, https:\/\/www.correiobraziliense.com.br\/cbradar\/wp-content\/uploads\/2025\/07\/abacate_1753315718575-300x169.jpg 300w, https:\/\/www.correiobraziliense.com.br\/cbradar\/wp-content\/uploads\/2025\/07\/abacate_1753315718575-768x432.jpg 768w, https:\/\/www.correiobraziliense.com.br\/cbradar\/wp-content\/uploads\/2025\/07\/abacate_1753315718575-750x422.jpg 750w, https:\/\/www.correiobraziliense.com.br\/cbradar\/wp-content\/uploads\/2025\/07\/abacate_1753315718575-1140x641.jpg 1140w, https:\/\/www.correiobraziliense.com.br\/cbradar\/wp-content\/uploads\/2025\/07\/abacate_1753315718575.jpg 1280w\" sizes=\"(max-width: 1024px) 100vw, 1024px\" \/><figcaption class=\"wp-element-caption\">abacate. Cr\u00e9ditos: depositphotos.com \/ VadimVasenin<\/figcaption><\/figure>\n\n\n\n<h2 class=\"wp-block-heading\">Quanto abacate \u00e9 considerado excessivo?<\/h2>\n\n\n\n<p><strong>Apesar dos benef\u00edcios, o consumo de abacate deve ser moderado.<\/strong> Uma por\u00e7\u00e3o m\u00e9dia cont\u00e9m entre 250-300 calorias, dependendo do tamanho, e \u00e9 rica em gorduras. Por isso, tanto para evitar o <strong>excesso cal\u00f3rico<\/strong> quanto para balancear a ingest\u00e3o de gorduras, recomenda-se n\u00e3o exceder uma unidade inteira por dia, especialmente quando somada a outros alimentos ricos em gorduras, como nozes e \u00f3leos.<\/p>\n\n\n\n<p>Para pessoas com dietas restritivas em calorias, ou condi\u00e7\u00f5es como esteatose hep\u00e1tica, hipercolesterolemia ou obesidade, \u00e9 recomendado que o consumo de abacate seja supervisionado por um profissional de sa\u00fade para ajustar as por\u00e7\u00f5es adequadamente.<\/p>\n\n\n\n<p>Leia tamb\u00e9m: <a href=\"https:\/\/www.correiobraziliense.com.br\/cbradar\/alimentos-que-jamais-devem-ir-ao-micro-ondas-e-o-perigo-oculto-nas-cozinhas\/\" target=\"_blank\" rel=\"noreferrer noopener\">Alimentos que jamais devem ir ao micro-ondas e o perigo oculto nas cozinhas<\/a><\/p>\n\n\n\n<h2 class=\"wp-block-heading\">O abacate pode ser prejudicial \u00e0 sa\u00fade?<\/h2>\n\n\n\n<p><strong>Embora raro, o consumo excessivo de abacate pode ser desfavor\u00e1vel, especialmente se n\u00e3o for equilibrado com outros nutrientes essenciais.<\/strong> \u00c9 importante considerar que, apesar de saud\u00e1vel, o abacate pode contribuir para uma ingest\u00e3o cal\u00f3rica elevada quando consumido sem modera\u00e7\u00e3o.<\/p>\n\n\n\n<p>Por fim, o abacate pode ser um excelente complemento para uma dieta balanceada quando consumido de maneira consciente e dentro de um contexto alimentar que inclua uma variedade de nutrientes. Integrar o abacate de forma equilibrada pode ajudar a potencializar seus efeitos ben\u00e9ficos enquanto se evita poss\u00edveis excessos.<\/p>\n","protected":false},"excerpt":{"rendered":"<p>Comer abacate diariamente \u00e9 saud\u00e1vel? Veja os benef\u00edcios comprovados e o que pode acontecer se exagerar na dose, segundo a ci\u00eancia.<\/p>\n","protected":false},"author":3,"featured_media":74188,"comment_status":"open","ping_status":"open","sticky":false,"template":"","format":"standard","meta":{"_yoast_wpseo_focuskw":"comer abacate todos dias","_yoast_wpseo_title":"%%title%%","_yoast_wpseo_metadesc":"Comer abacate diariamente \u00e9 saud\u00e1vel? Veja os benef\u00edcios comprovados e o que pode acontecer se exagerar na dose, segundo a ci\u00eancia.","jnews-multi-image_gallery":[],"jnews_single_post":{"format":"standard"},"jnews_primary_category":[],"jnews_social_meta":[],"jnews_override_counter":[],"footnotes":""},"categories":[112],"tags":[281,1423,144],"class_list":["post-74186","post","type-post","status-publish","format-standard","has-post-thumbnail","hentry","category-curiosidades","tag-alimentacao","tag-alimentos","tag-curiosidades"],"yoast_head":"<!-- This site is optimized with the Yoast SEO plugin v24.6 - https:\/\/yoast.com\/wordpress\/plugins\/seo\/ -->\n<title>O que acontece no seu corpo ao comer abacate todos os dias? Cientistas respondem<\/title>\n<meta name=\"description\" content=\"Comer abacate diariamente \u00e9 saud\u00e1vel? Veja os benef\u00edcios comprovados e o que pode acontecer se exagerar na dose, segundo a ci\u00eancia.\" \/>\n<meta name=\"robots\" content=\"index, follow, max-snippet:-1, max-image-preview:large, max-video-preview:-1\" \/>\n<link rel=\"canonical\" href=\"https:\/\/www.correiobraziliense.com.br\/cbradar\/o-que-acontece-no-seu-corpo-ao-comer-abacate-todos-os-dias-cientistas-respondem\/\" \/>\n<meta property=\"og:locale\" content=\"pt_BR\" \/>\n<meta property=\"og:type\" content=\"article\" \/>\n<meta property=\"og:title\" content=\"O que acontece no seu corpo ao comer abacate todos os dias? Cientistas respondem\" \/>\n<meta property=\"og:description\" content=\"Comer abacate diariamente \u00e9 saud\u00e1vel? Veja os benef\u00edcios comprovados e o que pode acontecer se exagerar na dose, segundo a ci\u00eancia.\" \/>\n<meta property=\"og:url\" content=\"https:\/\/www.correiobraziliense.com.br\/cbradar\/o-que-acontece-no-seu-corpo-ao-comer-abacate-todos-os-dias-cientistas-respondem\/\" \/>\n<meta property=\"og:site_name\" content=\"Correio Braziliense - Radar\" \/>\n<meta property=\"article:published_time\" content=\"2025-07-24T09:13:00+00:00\" \/>\n<meta property=\"og:image\" content=\"https:\/\/www.correiobraziliense.com.br\/cbradar\/wp-content\/uploads\/2025\/07\/abacate_1753315658877.jpg\" \/>\n\t<meta property=\"og:image:width\" content=\"1280\" \/>\n\t<meta property=\"og:image:height\" content=\"720\" \/>\n\t<meta property=\"og:image:type\" content=\"image\/jpeg\" \/>\n<meta name=\"author\" content=\"Larissa Carvalho\" \/>\n<meta name=\"twitter:card\" content=\"summary_large_image\" \/>\n<meta name=\"twitter:label1\" content=\"Escrito por\" \/>\n\t<meta name=\"twitter:data1\" content=\"Larissa Carvalho\" \/>\n\t<meta name=\"twitter:label2\" content=\"Est. tempo de leitura\" \/>\n\t<meta name=\"twitter:data2\" content=\"3 minutos\" \/>\n<!-- \/ Yoast SEO plugin. -->","yoast_head_json":{"title":"O que acontece no seu corpo ao comer abacate todos os dias? Cientistas respondem","description":"Comer abacate diariamente \u00e9 saud\u00e1vel? Veja os benef\u00edcios comprovados e o que pode acontecer se exagerar na dose, segundo a ci\u00eancia.","robots":{"index":"index","follow":"follow","max-snippet":"max-snippet:-1","max-image-preview":"max-image-preview:large","max-video-preview":"max-video-preview:-1"},"canonical":"https:\/\/www.correiobraziliense.com.br\/cbradar\/o-que-acontece-no-seu-corpo-ao-comer-abacate-todos-os-dias-cientistas-respondem\/","og_locale":"pt_BR","og_type":"article","og_title":"O que acontece no seu corpo ao comer abacate todos os dias? Cientistas respondem","og_description":"Comer abacate diariamente \u00e9 saud\u00e1vel? Veja os benef\u00edcios comprovados e o que pode acontecer se exagerar na dose, segundo a ci\u00eancia.","og_url":"https:\/\/www.correiobraziliense.com.br\/cbradar\/o-que-acontece-no-seu-corpo-ao-comer-abacate-todos-os-dias-cientistas-respondem\/","og_site_name":"Correio Braziliense - Radar","article_published_time":"2025-07-24T09:13:00+00:00","og_image":[{"width":1280,"height":720,"url":"https:\/\/www.correiobraziliense.com.br\/cbradar\/wp-content\/uploads\/2025\/07\/abacate_1753315658877.jpg","type":"image\/jpeg"}],"author":"Larissa Carvalho","twitter_card":"summary_large_image","twitter_misc":{"Escrito por":"Larissa Carvalho","Est. tempo de leitura":"3 minutos"},"schema":{"@context":"https:\/\/schema.org","@graph":[{"@type":"WebPage","@id":"https:\/\/www.correiobraziliense.com.br\/cbradar\/o-que-acontece-no-seu-corpo-ao-comer-abacate-todos-os-dias-cientistas-respondem\/","url":"https:\/\/www.correiobraziliense.com.br\/cbradar\/o-que-acontece-no-seu-corpo-ao-comer-abacate-todos-os-dias-cientistas-respondem\/","name":"O que acontece no seu corpo ao comer abacate todos os dias? Cientistas respondem","isPartOf":{"@id":"https:\/\/www.correiobraziliense.com.br\/cbradar\/#website"},"primaryImageOfPage":{"@id":"https:\/\/www.correiobraziliense.com.br\/cbradar\/o-que-acontece-no-seu-corpo-ao-comer-abacate-todos-os-dias-cientistas-respondem\/#primaryimage"},"image":{"@id":"https:\/\/www.correiobraziliense.com.br\/cbradar\/o-que-acontece-no-seu-corpo-ao-comer-abacate-todos-os-dias-cientistas-respondem\/#primaryimage"},"thumbnailUrl":"https:\/\/www.correiobraziliense.com.br\/cbradar\/wp-content\/uploads\/2025\/07\/abacate_1753315658877.jpg","datePublished":"2025-07-24T09:13:00+00:00","author":{"@id":"https:\/\/www.correiobraziliense.com.br\/cbradar\/#\/schema\/person\/58422787644df994b53a19d3e56c1513"},"description":"Comer abacate diariamente \u00e9 saud\u00e1vel? Veja os benef\u00edcios comprovados e o que pode acontecer se exagerar na dose, segundo a ci\u00eancia.","breadcrumb":{"@id":"https:\/\/www.correiobraziliense.com.br\/cbradar\/o-que-acontece-no-seu-corpo-ao-comer-abacate-todos-os-dias-cientistas-respondem\/#breadcrumb"},"inLanguage":"pt-BR","potentialAction":[{"@type":"ReadAction","target":["https:\/\/www.correiobraziliense.com.br\/cbradar\/o-que-acontece-no-seu-corpo-ao-comer-abacate-todos-os-dias-cientistas-respondem\/"]}]},{"@type":"ImageObject","inLanguage":"pt-BR","@id":"https:\/\/www.correiobraziliense.com.br\/cbradar\/o-que-acontece-no-seu-corpo-ao-comer-abacate-todos-os-dias-cientistas-respondem\/#primaryimage","url":"https:\/\/www.correiobraziliense.com.br\/cbradar\/wp-content\/uploads\/2025\/07\/abacate_1753315658877.jpg","contentUrl":"https:\/\/www.correiobraziliense.com.br\/cbradar\/wp-content\/uploads\/2025\/07\/abacate_1753315658877.jpg","width":1280,"height":720,"caption":"abacate. Cr\u00e9ditos: depositphotos.com \/ VadimVasenin"},{"@type":"BreadcrumbList","@id":"https:\/\/www.correiobraziliense.com.br\/cbradar\/o-que-acontece-no-seu-corpo-ao-comer-abacate-todos-os-dias-cientistas-respondem\/#breadcrumb","itemListElement":[{"@type":"ListItem","position":1,"name":"In\u00edcio","item":"https:\/\/www.correiobraziliense.com.br\/cbradar\/"},{"@type":"ListItem","position":2,"name":"O que acontece no seu corpo ao comer abacate todos os dias? Cientistas respondem"}]},{"@type":"WebSite","@id":"https:\/\/www.correiobraziliense.com.br\/cbradar\/#website","url":"https:\/\/www.correiobraziliense.com.br\/cbradar\/","name":"Correio Braziliense - Radar","description":"Acompanhe as \u00faltimas not\u00edcias e fique bem informado sobre tudo o que acontece no Brasil e no mundo.","potentialAction":[{"@type":"SearchAction","target":{"@type":"EntryPoint","urlTemplate":"https:\/\/www.correiobraziliense.com.br\/cbradar\/?s={search_term_string}"},"query-input":{"@type":"PropertyValueSpecification","valueRequired":true,"valueName":"search_term_string"}}],"inLanguage":"pt-BR"},{"@type":"Person","@id":"https:\/\/www.correiobraziliense.com.br\/cbradar\/#\/schema\/person\/58422787644df994b53a19d3e56c1513","name":"Larissa Carvalho","image":{"@type":"ImageObject","inLanguage":"pt-BR","@id":"https:\/\/www.correiobraziliense.com.br\/cbradar\/#\/schema\/person\/image\/","url":"https:\/\/secure.gravatar.com\/avatar\/fe4f91a0de32b52a838d0d612abdc1aa?s=96&d=mm&r=g","contentUrl":"https:\/\/secure.gravatar.com\/avatar\/fe4f91a0de32b52a838d0d612abdc1aa?s=96&d=mm&r=g","caption":"Larissa Carvalho"},"url":"https:\/\/www.correiobraziliense.com.br\/cbradar\/author\/larissamyth\/"}]}},"_links":{"self":[{"href":"https:\/\/www.correiobraziliense.com.br\/cbradar\/wp-json\/wp\/v2\/posts\/74186","targetHints":{"allow":["GET"]}}],"collection":[{"href":"https:\/\/www.correiobraziliense.com.br\/cbradar\/wp-json\/wp\/v2\/posts"}],"about":[{"href":"https:\/\/www.correiobraziliense.com.br\/cbradar\/wp-json\/wp\/v2\/types\/post"}],"author":[{"embeddable":true,"href":"https:\/\/www.correiobraziliense.com.br\/cbradar\/wp-json\/wp\/v2\/users\/3"}],"replies":[{"embeddable":true,"href":"https:\/\/www.correiobraziliense.com.br\/cbradar\/wp-json\/wp\/v2\/comments?post=74186"}],"version-history":[{"count":2,"href":"https:\/\/www.correiobraziliense.com.br\/cbradar\/wp-json\/wp\/v2\/posts\/74186\/revisions"}],"predecessor-version":[{"id":74190,"href":"https:\/\/www.correiobraziliense.com.br\/cbradar\/wp-json\/wp\/v2\/posts\/74186\/revisions\/74190"}],"wp:featuredmedia":[{"embeddable":true,"href":"https:\/\/www.correiobraziliense.com.br\/cbradar\/wp-json\/wp\/v2\/media\/74188"}],"wp:attachment":[{"href":"https:\/\/www.correiobraziliense.com.br\/cbradar\/wp-json\/wp\/v2\/media?parent=74186"}],"wp:term":[{"taxonomy":"category","embeddable":true,"href":"https:\/\/www.correiobraziliense.com.br\/cbradar\/wp-json\/wp\/v2\/categories?post=74186"},{"taxonomy":"post_tag","embeddable":true,"href":"https:\/\/www.correiobraziliense.com.br\/cbradar\/wp-json\/wp\/v2\/tags?post=74186"}],"curies":[{"name":"wp","href":"https:\/\/api.w.org\/{rel}","templated":true}]}}