{"id":74238,"date":"2025-07-24T16:03:00","date_gmt":"2025-07-24T19:03:00","guid":{"rendered":"https:\/\/www.correiobraziliense.com.br\/cbradar\/?p=74238"},"modified":"2025-07-23T21:53:09","modified_gmt":"2025-07-24T00:53:09","slug":"prepare-se-ceu-promete-uma-madrugada-magica-com-chuva-dupla-de-meteoros","status":"publish","type":"post","link":"https:\/\/www.correiobraziliense.com.br\/cbradar\/prepare-se-ceu-promete-uma-madrugada-magica-com-chuva-dupla-de-meteoros\/","title":{"rendered":"Prepare-se: c\u00e9u promete uma madrugada m\u00e1gica com chuva dupla de meteoros"},"content":{"rendered":"\n<p>A noite de 29 para 30 de julho promete ser um espet\u00e1culo celestial, com dois chuveiros de meteoros alcan\u00e7ando seu \u00e1pice simultaneamente. Este fen\u00f4meno ocorre anualmente, proporcionando uma oportunidade \u00fanica de observar a dan\u00e7a das estrelas cadentes no c\u00e9u noturno. Estes eventos s\u00e3o conhecidos como <strong>Southern Delta Aquariids<\/strong> e <strong>Alpha Capricornids<\/strong>, ambos vis\u00edveis de forma mais n\u00edtida nos c\u00e9us do hemisf\u00e9rio sul devido \u00e0 sua localiza\u00e7\u00e3o celestial.<\/p>\n\n\n\n<p>O destaque desta noite \u00e9 o <strong>Southern Delta Aquariids<\/strong>, que \u00e9 mais intenso dos dois chuveiros, podendo atingir at\u00e9 20 meteoros por hora. Este evento \u00e9 not\u00e1vel por suas trilhas de luz longas e t\u00eanues que persistem por um breve momento no c\u00e9u antes de desaparecerem. A atividade deste chuveiro come\u00e7a em 18 de julho e se estende at\u00e9 12 de agosto, mas o pico ocorre durante a \u00faltima semana de julho, momento perfeito para observar suas estrelas cadentes.<\/p>\n\n\n\n<h2 class=\"wp-block-heading\">O que causa as estrelas cadentes?<\/h2>\n\n\n\n<p><strong>As &#8216;estrelas cadentes&#8217; s\u00e3o na verdade meteoros, pequenas part\u00edculas de rocha e poeira que entram na atmosfera terrestre em alta velocidade.<\/strong> Estas part\u00edculas prov\u00eam de cometas ou asteroides que deixam detritos em sua jornada ao redor do Sol. No caso dos <strong>Southern Delta Aquariids<\/strong>, o respons\u00e1vel \u00e9 o <strong>cometa 96P\/Machholz<\/strong>, descoberto em 1986, e que completa sua \u00f3rbita solar a cada 5,3 anos. Durante este percurso, ele deixa um rastro de part\u00edculas que, ao cruzarem com a Terra, proporcionam este espet\u00e1culo c\u00f3smico.<\/p>\n\n\n\n<h2 class=\"wp-block-heading\">Qual a melhor maneira de observar o fen\u00f4meno?<\/h2>\n\n\n\n<p><strong>Para apreciar plenamente estas chuvas de meteoros, \u00e9 essencial escolher o momento adequado.<\/strong> O melhor per\u00edodo para observar os <strong>Southern Delta Aquariids<\/strong> \u00e9 nas horas que precedem o amanhecer, quando a constela\u00e7\u00e3o de Aqu\u00e1rio, de onde os meteoros parecem emergir, atinge seu ponto mais alto no c\u00e9u. Al\u00e9m disso, uma condi\u00e7\u00e3o essencial \u00e9 estar longe de polui\u00e7\u00e3o luminosa para garantir a visibilidade m\u00e1xima das estrelas cadentes.<\/p>\n\n\n\n<figure class=\"wp-block-image size-large\"><img decoding=\"async\" width=\"1024\" height=\"576\" src=\"https:\/\/www.correiobraziliense.com.br\/cbradar\/wp-content\/uploads\/2025\/07\/estrela-cadente_1753318344558-1024x576.jpg\" alt=\"Prepare-se: c\u00e9u promete uma madrugada m\u00e1gica com chuva dupla de meteoros\" class=\"wp-image-74243\" srcset=\"https:\/\/www.correiobraziliense.com.br\/cbradar\/wp-content\/uploads\/2025\/07\/estrela-cadente_1753318344558-1024x576.jpg 1024w, https:\/\/www.correiobraziliense.com.br\/cbradar\/wp-content\/uploads\/2025\/07\/estrela-cadente_1753318344558-300x169.jpg 300w, https:\/\/www.correiobraziliense.com.br\/cbradar\/wp-content\/uploads\/2025\/07\/estrela-cadente_1753318344558-768x432.jpg 768w, https:\/\/www.correiobraziliense.com.br\/cbradar\/wp-content\/uploads\/2025\/07\/estrela-cadente_1753318344558-750x422.jpg 750w, https:\/\/www.correiobraziliense.com.br\/cbradar\/wp-content\/uploads\/2025\/07\/estrela-cadente_1753318344558-1140x641.jpg 1140w, https:\/\/www.correiobraziliense.com.br\/cbradar\/wp-content\/uploads\/2025\/07\/estrela-cadente_1753318344558.jpg 1280w\" sizes=\"(max-width: 1024px) 100vw, 1024px\" \/><figcaption class=\"wp-element-caption\">estrela cadente. Cr\u00e9ditos: depositphotos.com \/ Torian<\/figcaption><\/figure>\n\n\n\n<h2 class=\"wp-block-heading\">O que diferencia o segundo chuveiro de meteoros na mesma noite?<\/h2>\n\n\n\n<p><strong>Simultaneamente, o Alpha Capricornids tamb\u00e9m ocorre nessa noite, trazendo cerca de cinco a dez meteoros por hora.<\/strong> Este chuveiro \u00e9 conhecido por suas bolas de fogo brilhantes e lentas, que deixam rastros de luz mais prolongados. A origem deste fen\u00f4meno \u00e9 atribu\u00edda ao <strong>cometa 169P\/NEAT<\/strong>, cuja \u00f3rbita solar \u00e9 completada a cada 4,2 anos. A localiza\u00e7\u00e3o celestial deste chuveiro no c\u00e9u noturno, junto \u00e0 constela\u00e7\u00e3o de Capric\u00f3rnio, faz com que suas estrelas cadentes se tornem dif\u00edceis de distinguir das do <strong>Southern Delta Aquariids<\/strong>, mas a distin\u00e7\u00e3o \u00e9 feita pelo brilho e movimento.<\/p>\n\n\n\n<p>Enquanto observadores no hemisf\u00e9rio sul ter\u00e3o a melhor visualiza\u00e7\u00e3o, aqueles no hemisf\u00e9rio norte tamb\u00e9m podem aproveitar a experi\u00eancia, apontando seus olhares para o sul nas primeiras horas do dia 30 de julho. Independentemente de onde estejam, os entusiastas do c\u00e9u podem esperar um espet\u00e1culo deslumbrante de fogos celestiais, oferecendo uma conex\u00e3o com os mist\u00e9rios do cosmos que nos cercam.<\/p>\n","protected":false},"excerpt":{"rendered":"<p>Julho ter\u00e1 o pico de duas chuvas de meteoros em uma \u00fanica noite, trazendo brilho e emo\u00e7\u00e3o ao c\u00e9u. Veja como aproveitar o espet\u00e1culo celeste de onde estiver.<\/p>\n","protected":false},"author":3,"featured_media":74241,"comment_status":"open","ping_status":"open","sticky":false,"template":"","format":"standard","meta":{"_yoast_wpseo_focuskw":"estrela cadente","_yoast_wpseo_title":"%%title%%","_yoast_wpseo_metadesc":"Julho ter\u00e1 o pico de duas chuvas de meteoros em uma \u00fanica noite, trazendo brilho e emo\u00e7\u00e3o ao c\u00e9u. Veja como aproveitar o espet\u00e1culo celeste de onde estiver.","jnews-multi-image_gallery":[],"jnews_single_post":{"format":"standard"},"jnews_primary_category":[],"jnews_social_meta":[],"jnews_override_counter":[],"footnotes":""},"categories":[112],"tags":[179,144],"class_list":["post-74238","post","type-post","status-publish","format-standard","has-post-thumbnail","hentry","category-curiosidades","tag-astronomia","tag-curiosidades"],"yoast_head":"<!-- This site is optimized with the Yoast SEO plugin v24.6 - https:\/\/yoast.com\/wordpress\/plugins\/seo\/ -->\n<title>Prepare-se: c\u00e9u promete uma madrugada m\u00e1gica com chuva dupla de meteoros<\/title>\n<meta name=\"description\" content=\"Julho ter\u00e1 o pico de duas chuvas de meteoros em uma \u00fanica noite, trazendo brilho e emo\u00e7\u00e3o ao c\u00e9u. Veja como aproveitar o espet\u00e1culo celeste de onde estiver.\" \/>\n<meta name=\"robots\" content=\"index, follow, max-snippet:-1, max-image-preview:large, max-video-preview:-1\" \/>\n<link rel=\"canonical\" href=\"https:\/\/www.correiobraziliense.com.br\/cbradar\/prepare-se-ceu-promete-uma-madrugada-magica-com-chuva-dupla-de-meteoros\/\" \/>\n<meta property=\"og:locale\" content=\"pt_BR\" \/>\n<meta property=\"og:type\" content=\"article\" \/>\n<meta property=\"og:title\" content=\"Prepare-se: c\u00e9u promete uma madrugada m\u00e1gica com chuva dupla de meteoros\" \/>\n<meta property=\"og:description\" content=\"Julho ter\u00e1 o pico de duas chuvas de meteoros em uma \u00fanica noite, trazendo brilho e emo\u00e7\u00e3o ao c\u00e9u. Veja como aproveitar o espet\u00e1culo celeste de onde estiver.\" \/>\n<meta property=\"og:url\" content=\"https:\/\/www.correiobraziliense.com.br\/cbradar\/prepare-se-ceu-promete-uma-madrugada-magica-com-chuva-dupla-de-meteoros\/\" \/>\n<meta property=\"og:site_name\" content=\"Correio Braziliense - Radar\" \/>\n<meta property=\"article:published_time\" content=\"2025-07-24T19:03:00+00:00\" \/>\n<meta property=\"og:image\" content=\"https:\/\/www.correiobraziliense.com.br\/cbradar\/wp-content\/uploads\/2025\/07\/estrela-cadente_1753318302665.jpg\" \/>\n\t<meta property=\"og:image:width\" content=\"1279\" \/>\n\t<meta property=\"og:image:height\" content=\"720\" \/>\n\t<meta property=\"og:image:type\" content=\"image\/jpeg\" \/>\n<meta name=\"author\" content=\"Larissa Carvalho\" \/>\n<meta name=\"twitter:card\" content=\"summary_large_image\" \/>\n<meta name=\"twitter:label1\" content=\"Escrito por\" \/>\n\t<meta name=\"twitter:data1\" content=\"Larissa Carvalho\" \/>\n\t<meta name=\"twitter:label2\" content=\"Est. tempo de leitura\" \/>\n\t<meta name=\"twitter:data2\" content=\"3 minutos\" \/>\n<!-- \/ Yoast SEO plugin. -->","yoast_head_json":{"title":"Prepare-se: c\u00e9u promete uma madrugada m\u00e1gica com chuva dupla de meteoros","description":"Julho ter\u00e1 o pico de duas chuvas de meteoros em uma \u00fanica noite, trazendo brilho e emo\u00e7\u00e3o ao c\u00e9u. Veja como aproveitar o espet\u00e1culo celeste de onde estiver.","robots":{"index":"index","follow":"follow","max-snippet":"max-snippet:-1","max-image-preview":"max-image-preview:large","max-video-preview":"max-video-preview:-1"},"canonical":"https:\/\/www.correiobraziliense.com.br\/cbradar\/prepare-se-ceu-promete-uma-madrugada-magica-com-chuva-dupla-de-meteoros\/","og_locale":"pt_BR","og_type":"article","og_title":"Prepare-se: c\u00e9u promete uma madrugada m\u00e1gica com chuva dupla de meteoros","og_description":"Julho ter\u00e1 o pico de duas chuvas de meteoros em uma \u00fanica noite, trazendo brilho e emo\u00e7\u00e3o ao c\u00e9u. Veja como aproveitar o espet\u00e1culo celeste de onde estiver.","og_url":"https:\/\/www.correiobraziliense.com.br\/cbradar\/prepare-se-ceu-promete-uma-madrugada-magica-com-chuva-dupla-de-meteoros\/","og_site_name":"Correio Braziliense - Radar","article_published_time":"2025-07-24T19:03:00+00:00","og_image":[{"width":1279,"height":720,"url":"https:\/\/www.correiobraziliense.com.br\/cbradar\/wp-content\/uploads\/2025\/07\/estrela-cadente_1753318302665.jpg","type":"image\/jpeg"}],"author":"Larissa Carvalho","twitter_card":"summary_large_image","twitter_misc":{"Escrito por":"Larissa Carvalho","Est. tempo de leitura":"3 minutos"},"schema":{"@context":"https:\/\/schema.org","@graph":[{"@type":"WebPage","@id":"https:\/\/www.correiobraziliense.com.br\/cbradar\/prepare-se-ceu-promete-uma-madrugada-magica-com-chuva-dupla-de-meteoros\/","url":"https:\/\/www.correiobraziliense.com.br\/cbradar\/prepare-se-ceu-promete-uma-madrugada-magica-com-chuva-dupla-de-meteoros\/","name":"Prepare-se: c\u00e9u promete uma madrugada m\u00e1gica com chuva dupla de meteoros","isPartOf":{"@id":"https:\/\/www.correiobraziliense.com.br\/cbradar\/#website"},"primaryImageOfPage":{"@id":"https:\/\/www.correiobraziliense.com.br\/cbradar\/prepare-se-ceu-promete-uma-madrugada-magica-com-chuva-dupla-de-meteoros\/#primaryimage"},"image":{"@id":"https:\/\/www.correiobraziliense.com.br\/cbradar\/prepare-se-ceu-promete-uma-madrugada-magica-com-chuva-dupla-de-meteoros\/#primaryimage"},"thumbnailUrl":"https:\/\/www.correiobraziliense.com.br\/cbradar\/wp-content\/uploads\/2025\/07\/estrela-cadente_1753318302665.jpg","datePublished":"2025-07-24T19:03:00+00:00","author":{"@id":"https:\/\/www.correiobraziliense.com.br\/cbradar\/#\/schema\/person\/58422787644df994b53a19d3e56c1513"},"description":"Julho ter\u00e1 o pico de duas chuvas de meteoros em uma \u00fanica noite, trazendo brilho e emo\u00e7\u00e3o ao c\u00e9u. Veja como aproveitar o espet\u00e1culo celeste de onde estiver.","breadcrumb":{"@id":"https:\/\/www.correiobraziliense.com.br\/cbradar\/prepare-se-ceu-promete-uma-madrugada-magica-com-chuva-dupla-de-meteoros\/#breadcrumb"},"inLanguage":"pt-BR","potentialAction":[{"@type":"ReadAction","target":["https:\/\/www.correiobraziliense.com.br\/cbradar\/prepare-se-ceu-promete-uma-madrugada-magica-com-chuva-dupla-de-meteoros\/"]}]},{"@type":"ImageObject","inLanguage":"pt-BR","@id":"https:\/\/www.correiobraziliense.com.br\/cbradar\/prepare-se-ceu-promete-uma-madrugada-magica-com-chuva-dupla-de-meteoros\/#primaryimage","url":"https:\/\/www.correiobraziliense.com.br\/cbradar\/wp-content\/uploads\/2025\/07\/estrela-cadente_1753318302665.jpg","contentUrl":"https:\/\/www.correiobraziliense.com.br\/cbradar\/wp-content\/uploads\/2025\/07\/estrela-cadente_1753318302665.jpg","width":1279,"height":720,"caption":"estrela cadente. Cr\u00e9ditos: depositphotos.com \/ paulfleet"},{"@type":"BreadcrumbList","@id":"https:\/\/www.correiobraziliense.com.br\/cbradar\/prepare-se-ceu-promete-uma-madrugada-magica-com-chuva-dupla-de-meteoros\/#breadcrumb","itemListElement":[{"@type":"ListItem","position":1,"name":"In\u00edcio","item":"https:\/\/www.correiobraziliense.com.br\/cbradar\/"},{"@type":"ListItem","position":2,"name":"Prepare-se: c\u00e9u promete uma madrugada m\u00e1gica com chuva dupla de meteoros"}]},{"@type":"WebSite","@id":"https:\/\/www.correiobraziliense.com.br\/cbradar\/#website","url":"https:\/\/www.correiobraziliense.com.br\/cbradar\/","name":"Correio Braziliense - Radar","description":"Acompanhe as \u00faltimas not\u00edcias e fique bem informado sobre tudo o que acontece no Brasil e no mundo.","potentialAction":[{"@type":"SearchAction","target":{"@type":"EntryPoint","urlTemplate":"https:\/\/www.correiobraziliense.com.br\/cbradar\/?s={search_term_string}"},"query-input":{"@type":"PropertyValueSpecification","valueRequired":true,"valueName":"search_term_string"}}],"inLanguage":"pt-BR"},{"@type":"Person","@id":"https:\/\/www.correiobraziliense.com.br\/cbradar\/#\/schema\/person\/58422787644df994b53a19d3e56c1513","name":"Larissa Carvalho","image":{"@type":"ImageObject","inLanguage":"pt-BR","@id":"https:\/\/www.correiobraziliense.com.br\/cbradar\/#\/schema\/person\/image\/","url":"https:\/\/secure.gravatar.com\/avatar\/fe4f91a0de32b52a838d0d612abdc1aa?s=96&d=mm&r=g","contentUrl":"https:\/\/secure.gravatar.com\/avatar\/fe4f91a0de32b52a838d0d612abdc1aa?s=96&d=mm&r=g","caption":"Larissa Carvalho"},"url":"https:\/\/www.correiobraziliense.com.br\/cbradar\/author\/larissamyth\/"}]}},"_links":{"self":[{"href":"https:\/\/www.correiobraziliense.com.br\/cbradar\/wp-json\/wp\/v2\/posts\/74238","targetHints":{"allow":["GET"]}}],"collection":[{"href":"https:\/\/www.correiobraziliense.com.br\/cbradar\/wp-json\/wp\/v2\/posts"}],"about":[{"href":"https:\/\/www.correiobraziliense.com.br\/cbradar\/wp-json\/wp\/v2\/types\/post"}],"author":[{"embeddable":true,"href":"https:\/\/www.correiobraziliense.com.br\/cbradar\/wp-json\/wp\/v2\/users\/3"}],"replies":[{"embeddable":true,"href":"https:\/\/www.correiobraziliense.com.br\/cbradar\/wp-json\/wp\/v2\/comments?post=74238"}],"version-history":[{"count":2,"href":"https:\/\/www.correiobraziliense.com.br\/cbradar\/wp-json\/wp\/v2\/posts\/74238\/revisions"}],"predecessor-version":[{"id":74244,"href":"https:\/\/www.correiobraziliense.com.br\/cbradar\/wp-json\/wp\/v2\/posts\/74238\/revisions\/74244"}],"wp:featuredmedia":[{"embeddable":true,"href":"https:\/\/www.correiobraziliense.com.br\/cbradar\/wp-json\/wp\/v2\/media\/74241"}],"wp:attachment":[{"href":"https:\/\/www.correiobraziliense.com.br\/cbradar\/wp-json\/wp\/v2\/media?parent=74238"}],"wp:term":[{"taxonomy":"category","embeddable":true,"href":"https:\/\/www.correiobraziliense.com.br\/cbradar\/wp-json\/wp\/v2\/categories?post=74238"},{"taxonomy":"post_tag","embeddable":true,"href":"https:\/\/www.correiobraziliense.com.br\/cbradar\/wp-json\/wp\/v2\/tags?post=74238"}],"curies":[{"name":"wp","href":"https:\/\/api.w.org\/{rel}","templated":true}]}}