{"id":74491,"date":"2025-07-24T13:53:00","date_gmt":"2025-07-24T16:53:00","guid":{"rendered":"https:\/\/www.correiobraziliense.com.br\/cbradar\/?p=74491"},"modified":"2025-07-24T09:35:24","modified_gmt":"2025-07-24T12:35:24","slug":"a-melhor-forma-de-organizar-seu-atelie-com-solucoes-sustentaveis","status":"publish","type":"post","link":"https:\/\/www.correiobraziliense.com.br\/cbradar\/a-melhor-forma-de-organizar-seu-atelie-com-solucoes-sustentaveis\/","title":{"rendered":"A melhor forma de organizar seu ateli\u00ea com solu\u00e7\u00f5es sustent\u00e1veis"},"content":{"rendered":"\n<p>Organizar um ateli\u00ea de costura pode ser complicado, especialmente ao tentar equilibrar criatividade e ordem. Uma abordagem sustent\u00e1vel n\u00e3o s\u00f3 resolve quest\u00f5es pr\u00e1ticas, mas tamb\u00e9m cuida do meio ambiente. A reutiliza\u00e7\u00e3o inteligente de materiais como frascos de vidro, caixas de papel\u00e3o e pain\u00e9is perfurados oferece solu\u00e7\u00f5es eficazes e ecol\u00f3gicas, segundo o site <a href=\"https:\/\/terrabrasilnoticias.com\/2025\/06\/transforme-seu-atelie-com-objetos-que-iriam-para-o-lixo\/\" target=\"_blank\" rel=\"noreferrer noopener\">Terra Brasil Not\u00edcias.<\/a><\/p>\n\n\n\n<p>A cria\u00e7\u00e3o de um ambiente de trabalho agrad\u00e1vel e personalizado torna-se poss\u00edvel ao transformar objetos descart\u00e1veis em ferramentas organizacionais. Al\u00e9m de melhorar a efici\u00eancia no acesso aos materiais de costura, essas t\u00e9cnicas tamb\u00e9m incentivam um consumo mais consciente e respons\u00e1vel. Al\u00e9m disso, a ado\u00e7\u00e3o dessas pr\u00e1ticas pode reduzir significativamente a quantidade de res\u00edduos gerados no dia a dia do ateli\u00ea.<\/p>\n\n\n\n<h2 class=\"wp-block-heading\">De que forma \u00e9 poss\u00edvel utilizar criativamente frascos de vidro no ateli\u00ea?<\/h2>\n\n\n\n<p>Frascos de vidro proporcionam uma excelente solu\u00e7\u00e3o para armazenar pequenos materiais de costura devido \u00e0 sua transpar\u00eancia, que permite r\u00e1pida identifica\u00e7\u00e3o do conte\u00fado. Al\u00e9m disso, decorar as tampas com tecidos ou tintas pode adicionar um toque pessoal.<\/p>\n\n\n\n<ul class=\"wp-block-list\">\n<li>Certifique-se de que os frascos estejam limpos e sem r\u00f3tulos.<\/li>\n\n\n\n<li>Personalize as tampas conforme desejado, com materiais dispon\u00edveis no ateli\u00ea.<\/li>\n\n\n\n<li>Organize conte\u00fados como linhas e bot\u00f5es dentro dos frascos e os exiba de forma pr\u00e1tica.<\/li>\n<\/ul>\n\n\n\n<h2 class=\"wp-block-heading\">Como reaproveitar caixas de papel\u00e3o e tubos no ateli\u00ea de costura?<\/h2>\n\n\n\n<p>Caixas de papel\u00e3o podem ser adaptadas em v\u00e1rias formas de armazenamento, enquanto tubos de papel\u00e3o servem para manter linhas e fitas <a href=\"https:\/\/www.correiobraziliense.com.br\/cbradar\/turismo-sossegado-cresce-no-brasil-e-essas-praias-sao-prova-disso\/\" target=\"_blank\" rel=\"noreferrer noopener\">desenroladas<\/a>. Apenas um pouco de criatividade \u00e9 necess\u00e1rio para dar nova vida a esses materiais. Uma dica adicional \u00e9 customizar as caixas com recortes de papel colorido ou tecido, trazendo ainda mais personalidade ao ambiente.<\/p>\n\n\n\n<ul class=\"wp-block-list\">\n<li>Refor\u00e7ar caixas com fita adesiva e revesti-las assegura maior durabilidade.<\/li>\n\n\n\n<li>Enrolar linhas em tubos de papel evita emaranhados e facilita sua utiliza\u00e7\u00e3o.<\/li>\n<\/ul>\n\n\n\n<p>Essas t\u00e9cnicas n\u00e3o s\u00f3 organizam, mas tamb\u00e9m adicionam uma est\u00e9tica charmosa ao ambiente de trabalho.<\/p>\n\n\n<div class=\"wp-block-image\">\n<figure class=\"aligncenter size-large\"><img decoding=\"async\" width=\"1024\" height=\"576\" src=\"https:\/\/www.correiobraziliense.com.br\/cbradar\/wp-content\/uploads\/2025\/07\/caixa-papelao_1753360462294-1024x576.jpg\" alt=\"A melhor forma de organizar seu ateli\u00ea com solu\u00e7\u00f5es sustent\u00e1veis\" class=\"wp-image-74493\" srcset=\"https:\/\/www.correiobraziliense.com.br\/cbradar\/wp-content\/uploads\/2025\/07\/caixa-papelao_1753360462294-1024x576.jpg 1024w, https:\/\/www.correiobraziliense.com.br\/cbradar\/wp-content\/uploads\/2025\/07\/caixa-papelao_1753360462294-300x169.jpg 300w, https:\/\/www.correiobraziliense.com.br\/cbradar\/wp-content\/uploads\/2025\/07\/caixa-papelao_1753360462294-768x432.jpg 768w, https:\/\/www.correiobraziliense.com.br\/cbradar\/wp-content\/uploads\/2025\/07\/caixa-papelao_1753360462294-750x422.jpg 750w, https:\/\/www.correiobraziliense.com.br\/cbradar\/wp-content\/uploads\/2025\/07\/caixa-papelao_1753360462294-1140x641.jpg 1140w, https:\/\/www.correiobraziliense.com.br\/cbradar\/wp-content\/uploads\/2025\/07\/caixa-papelao_1753360462294.jpg 1280w\" sizes=\"(max-width: 1024px) 100vw, 1024px\" \/><figcaption class=\"wp-element-caption\">Caixas de papel\u00e3o (Cr\u00e9ditos: depositphotos.com \/ AndrewLozovyi)<\/figcaption><\/figure><\/div>\n\n\n<h2 class=\"wp-block-heading\">De que maneira os pain\u00e9is perfurados podem contribuir para a organiza\u00e7\u00e3o do ateli\u00ea?<\/h2>\n\n\n\n<p>Pain\u00e9is perfurados, conhecidos como pegboards, s\u00e3o uma ajuda valiosa para maximizar o uso do espa\u00e7o vertical no ateli\u00ea. Eles s\u00e3o ideais para pendurar e organizar ferramentas de uso frequente. Voc\u00ea tamb\u00e9m pode instalar pequenos recipientes ou cestos nos pain\u00e9is para acomodar aviamentos e outros acess\u00f3rios, aproveitando ao m\u00e1ximo cada cent\u00edmetro do espa\u00e7o dispon\u00edvel.<\/p>\n\n\n\n<ul class=\"wp-block-list\">\n<li>Instale pain\u00e9is onde haja f\u00e1cil acesso.<\/li>\n\n\n\n<li>Empregue ganchos e prateleiras menores para diferentes itens.<\/li>\n\n\n\n<li>Mantenha ferramentas mais usadas sempre \u00e0 m\u00e3o para maior efici\u00eancia.<\/li>\n<\/ul>\n\n\n\n<h2 class=\"wp-block-heading\">Por que \u00e9 importante registrar a transforma\u00e7\u00e3o do espa\u00e7o de costura?<\/h2>\n\n\n\n<p>Registrar as mudan\u00e7as no ateli\u00ea, com fotos antes e depois, n\u00e3o s\u00f3 motiva a continuidade das pr\u00e1ticas sustent\u00e1veis, mas tamb\u00e9m inspira outros a seguir o exemplo. Compartilhar essa jornada pode mostrar o valor do reaproveitamento e do consumo consciente. Ao documentar os processos, tamb\u00e9m \u00e9 poss\u00edvel identificar melhorias futuras e celebrar conquistas no ambiente de trabalho.<\/p>\n\n\n\n<p>Em suma, aplicar ideias sustent\u00e1veis ao ateli\u00ea n\u00e3o requer muito esfor\u00e7o ou custo. \u00c9 poss\u00edvel criar um espa\u00e7o bem organizado e visualmente agrad\u00e1vel, respeitando o meio ambiente e promovendo um local de trabalho mais estimulante.<\/p>\n\n\n\n<p><\/p>\n","protected":false},"excerpt":{"rendered":"<p>Organizar um ateli\u00ea de costura pode ser complicado, especialmente ao tentar equilibrar criatividade e ordem. Uma abordagem sustent\u00e1vel n\u00e3o s\u00f3 resolve quest\u00f5es pr\u00e1ticas, mas tamb\u00e9m cuida do meio ambiente. A reutiliza\u00e7\u00e3o inteligente de materiais como frascos de vidro, caixas de papel\u00e3o e pain\u00e9is perfurados oferece solu\u00e7\u00f5es eficazes e ecol\u00f3gicas, segundo o site Terra Brasil Not\u00edcias. [&hellip;]<\/p>\n","protected":false},"author":10,"featured_media":74492,"comment_status":"open","ping_status":"open","sticky":false,"template":"","format":"standard","meta":{"_yoast_wpseo_focuskw":"ateli\u00ea","_yoast_wpseo_title":"","_yoast_wpseo_metadesc":"Com criatividade e materiais simples como vidro e papel\u00e3o, costureiras est\u00e3o renovando o ateli\u00ea de forma sustent\u00e1vel.","jnews-multi-image_gallery":[],"jnews_single_post":{"format":"standard"},"jnews_primary_category":[],"jnews_social_meta":[],"jnews_override_counter":[],"footnotes":""},"categories":[143],"tags":[8570,917,254],"class_list":["post-74491","post","type-post","status-publish","format-standard","has-post-thumbnail","hentry","category-casa-e-decoracao","tag-atelie","tag-decoracao","tag-sustentabilidade"],"yoast_head":"<!-- This site is optimized with the Yoast SEO plugin v24.6 - https:\/\/yoast.com\/wordpress\/plugins\/seo\/ -->\n<title>A melhor forma de organizar seu ateli\u00ea com solu\u00e7\u00f5es sustent\u00e1veis - Correio Braziliense - Radar<\/title>\n<meta name=\"description\" content=\"Com criatividade e materiais simples como vidro e papel\u00e3o, costureiras est\u00e3o renovando o ateli\u00ea de forma sustent\u00e1vel.\" \/>\n<meta name=\"robots\" content=\"index, follow, max-snippet:-1, max-image-preview:large, max-video-preview:-1\" \/>\n<link rel=\"canonical\" href=\"https:\/\/www.correiobraziliense.com.br\/cbradar\/a-melhor-forma-de-organizar-seu-atelie-com-solucoes-sustentaveis\/\" \/>\n<meta property=\"og:locale\" content=\"pt_BR\" \/>\n<meta property=\"og:type\" content=\"article\" \/>\n<meta property=\"og:title\" content=\"A melhor forma de organizar seu ateli\u00ea com solu\u00e7\u00f5es sustent\u00e1veis - Correio Braziliense - Radar\" \/>\n<meta property=\"og:description\" content=\"Com criatividade e materiais simples como vidro e papel\u00e3o, costureiras est\u00e3o renovando o ateli\u00ea de forma sustent\u00e1vel.\" \/>\n<meta property=\"og:url\" content=\"https:\/\/www.correiobraziliense.com.br\/cbradar\/a-melhor-forma-de-organizar-seu-atelie-com-solucoes-sustentaveis\/\" \/>\n<meta property=\"og:site_name\" content=\"Correio Braziliense - Radar\" \/>\n<meta property=\"article:published_time\" content=\"2025-07-24T16:53:00+00:00\" \/>\n<meta property=\"og:image\" content=\"https:\/\/www.correiobraziliense.com.br\/cbradar\/wp-content\/uploads\/2025\/07\/lixo-reciclavel_1753360340981.jpg\" \/>\n\t<meta property=\"og:image:width\" content=\"1280\" \/>\n\t<meta property=\"og:image:height\" content=\"720\" \/>\n\t<meta property=\"og:image:type\" content=\"image\/jpeg\" \/>\n<meta name=\"author\" content=\"Patryck Rubim\" \/>\n<meta name=\"twitter:card\" content=\"summary_large_image\" \/>\n<meta name=\"twitter:label1\" content=\"Escrito por\" \/>\n\t<meta name=\"twitter:data1\" content=\"Patryck Rubim\" \/>\n\t<meta name=\"twitter:label2\" content=\"Est. tempo de leitura\" \/>\n\t<meta name=\"twitter:data2\" content=\"4 minutos\" \/>\n<!-- \/ Yoast SEO plugin. -->","yoast_head_json":{"title":"A melhor forma de organizar seu ateli\u00ea com solu\u00e7\u00f5es sustent\u00e1veis - Correio Braziliense - Radar","description":"Com criatividade e materiais simples como vidro e papel\u00e3o, costureiras est\u00e3o renovando o ateli\u00ea de forma sustent\u00e1vel.","robots":{"index":"index","follow":"follow","max-snippet":"max-snippet:-1","max-image-preview":"max-image-preview:large","max-video-preview":"max-video-preview:-1"},"canonical":"https:\/\/www.correiobraziliense.com.br\/cbradar\/a-melhor-forma-de-organizar-seu-atelie-com-solucoes-sustentaveis\/","og_locale":"pt_BR","og_type":"article","og_title":"A melhor forma de organizar seu ateli\u00ea com solu\u00e7\u00f5es sustent\u00e1veis - Correio Braziliense - Radar","og_description":"Com criatividade e materiais simples como vidro e papel\u00e3o, costureiras est\u00e3o renovando o ateli\u00ea de forma sustent\u00e1vel.","og_url":"https:\/\/www.correiobraziliense.com.br\/cbradar\/a-melhor-forma-de-organizar-seu-atelie-com-solucoes-sustentaveis\/","og_site_name":"Correio Braziliense - Radar","article_published_time":"2025-07-24T16:53:00+00:00","og_image":[{"width":1280,"height":720,"url":"https:\/\/www.correiobraziliense.com.br\/cbradar\/wp-content\/uploads\/2025\/07\/lixo-reciclavel_1753360340981.jpg","type":"image\/jpeg"}],"author":"Patryck Rubim","twitter_card":"summary_large_image","twitter_misc":{"Escrito por":"Patryck Rubim","Est. tempo de leitura":"4 minutos"},"schema":{"@context":"https:\/\/schema.org","@graph":[{"@type":"WebPage","@id":"https:\/\/www.correiobraziliense.com.br\/cbradar\/a-melhor-forma-de-organizar-seu-atelie-com-solucoes-sustentaveis\/","url":"https:\/\/www.correiobraziliense.com.br\/cbradar\/a-melhor-forma-de-organizar-seu-atelie-com-solucoes-sustentaveis\/","name":"A melhor forma de organizar seu ateli\u00ea com solu\u00e7\u00f5es sustent\u00e1veis - Correio Braziliense - Radar","isPartOf":{"@id":"https:\/\/www.correiobraziliense.com.br\/cbradar\/#website"},"primaryImageOfPage":{"@id":"https:\/\/www.correiobraziliense.com.br\/cbradar\/a-melhor-forma-de-organizar-seu-atelie-com-solucoes-sustentaveis\/#primaryimage"},"image":{"@id":"https:\/\/www.correiobraziliense.com.br\/cbradar\/a-melhor-forma-de-organizar-seu-atelie-com-solucoes-sustentaveis\/#primaryimage"},"thumbnailUrl":"https:\/\/www.correiobraziliense.com.br\/cbradar\/wp-content\/uploads\/2025\/07\/lixo-reciclavel_1753360340981.jpg","datePublished":"2025-07-24T16:53:00+00:00","author":{"@id":"https:\/\/www.correiobraziliense.com.br\/cbradar\/#\/schema\/person\/0b5992d675b1f63c387b16a19dffbda7"},"description":"Com criatividade e materiais simples como vidro e papel\u00e3o, costureiras est\u00e3o renovando o ateli\u00ea de forma sustent\u00e1vel.","breadcrumb":{"@id":"https:\/\/www.correiobraziliense.com.br\/cbradar\/a-melhor-forma-de-organizar-seu-atelie-com-solucoes-sustentaveis\/#breadcrumb"},"inLanguage":"pt-BR","potentialAction":[{"@type":"ReadAction","target":["https:\/\/www.correiobraziliense.com.br\/cbradar\/a-melhor-forma-de-organizar-seu-atelie-com-solucoes-sustentaveis\/"]}]},{"@type":"ImageObject","inLanguage":"pt-BR","@id":"https:\/\/www.correiobraziliense.com.br\/cbradar\/a-melhor-forma-de-organizar-seu-atelie-com-solucoes-sustentaveis\/#primaryimage","url":"https:\/\/www.correiobraziliense.com.br\/cbradar\/wp-content\/uploads\/2025\/07\/lixo-reciclavel_1753360340981.jpg","contentUrl":"https:\/\/www.correiobraziliense.com.br\/cbradar\/wp-content\/uploads\/2025\/07\/lixo-reciclavel_1753360340981.jpg","width":1280,"height":720,"caption":"Lixo recicl\u00e1vel (Cr\u00e9ditos: depositphotos.com \/ monticello)"},{"@type":"BreadcrumbList","@id":"https:\/\/www.correiobraziliense.com.br\/cbradar\/a-melhor-forma-de-organizar-seu-atelie-com-solucoes-sustentaveis\/#breadcrumb","itemListElement":[{"@type":"ListItem","position":1,"name":"In\u00edcio","item":"https:\/\/www.correiobraziliense.com.br\/cbradar\/"},{"@type":"ListItem","position":2,"name":"A melhor forma de organizar seu ateli\u00ea com solu\u00e7\u00f5es sustent\u00e1veis"}]},{"@type":"WebSite","@id":"https:\/\/www.correiobraziliense.com.br\/cbradar\/#website","url":"https:\/\/www.correiobraziliense.com.br\/cbradar\/","name":"Correio Braziliense - Radar","description":"Acompanhe as \u00faltimas not\u00edcias e fique bem informado sobre tudo o que acontece no Brasil e no mundo.","potentialAction":[{"@type":"SearchAction","target":{"@type":"EntryPoint","urlTemplate":"https:\/\/www.correiobraziliense.com.br\/cbradar\/?s={search_term_string}"},"query-input":{"@type":"PropertyValueSpecification","valueRequired":true,"valueName":"search_term_string"}}],"inLanguage":"pt-BR"},{"@type":"Person","@id":"https:\/\/www.correiobraziliense.com.br\/cbradar\/#\/schema\/person\/0b5992d675b1f63c387b16a19dffbda7","name":"Patryck Rubim","image":{"@type":"ImageObject","inLanguage":"pt-BR","@id":"https:\/\/www.correiobraziliense.com.br\/cbradar\/#\/schema\/person\/image\/","url":"https:\/\/secure.gravatar.com\/avatar\/570c7fb2898c0e2df0823196891bea88?s=96&d=mm&r=g","contentUrl":"https:\/\/secure.gravatar.com\/avatar\/570c7fb2898c0e2df0823196891bea88?s=96&d=mm&r=g","caption":"Patryck Rubim"},"sameAs":["https:\/\/www.correiobraziliense.com.br\/cbradar"],"url":"https:\/\/www.correiobraziliense.com.br\/cbradar\/author\/patryckmyth\/"}]}},"_links":{"self":[{"href":"https:\/\/www.correiobraziliense.com.br\/cbradar\/wp-json\/wp\/v2\/posts\/74491","targetHints":{"allow":["GET"]}}],"collection":[{"href":"https:\/\/www.correiobraziliense.com.br\/cbradar\/wp-json\/wp\/v2\/posts"}],"about":[{"href":"https:\/\/www.correiobraziliense.com.br\/cbradar\/wp-json\/wp\/v2\/types\/post"}],"author":[{"embeddable":true,"href":"https:\/\/www.correiobraziliense.com.br\/cbradar\/wp-json\/wp\/v2\/users\/10"}],"replies":[{"embeddable":true,"href":"https:\/\/www.correiobraziliense.com.br\/cbradar\/wp-json\/wp\/v2\/comments?post=74491"}],"version-history":[{"count":1,"href":"https:\/\/www.correiobraziliense.com.br\/cbradar\/wp-json\/wp\/v2\/posts\/74491\/revisions"}],"predecessor-version":[{"id":74494,"href":"https:\/\/www.correiobraziliense.com.br\/cbradar\/wp-json\/wp\/v2\/posts\/74491\/revisions\/74494"}],"wp:featuredmedia":[{"embeddable":true,"href":"https:\/\/www.correiobraziliense.com.br\/cbradar\/wp-json\/wp\/v2\/media\/74492"}],"wp:attachment":[{"href":"https:\/\/www.correiobraziliense.com.br\/cbradar\/wp-json\/wp\/v2\/media?parent=74491"}],"wp:term":[{"taxonomy":"category","embeddable":true,"href":"https:\/\/www.correiobraziliense.com.br\/cbradar\/wp-json\/wp\/v2\/categories?post=74491"},{"taxonomy":"post_tag","embeddable":true,"href":"https:\/\/www.correiobraziliense.com.br\/cbradar\/wp-json\/wp\/v2\/tags?post=74491"}],"curies":[{"name":"wp","href":"https:\/\/api.w.org\/{rel}","templated":true}]}}