{"id":74837,"date":"2025-07-25T19:53:00","date_gmt":"2025-07-25T22:53:00","guid":{"rendered":"https:\/\/www.correiobraziliense.com.br\/cbradar\/?p=74837"},"modified":"2025-07-24T18:58:54","modified_gmt":"2025-07-24T21:58:54","slug":"essa-e-a-fruta-mais-poderosa-para-a-saude-do-coracao-e-voce-nao-sabia","status":"publish","type":"post","link":"https:\/\/www.correiobraziliense.com.br\/cbradar\/essa-e-a-fruta-mais-poderosa-para-a-saude-do-coracao-e-voce-nao-sabia\/","title":{"rendered":"Essa \u00e9 a fruta mais poderosa para a sa\u00fade do cora\u00e7\u00e3o e voc\u00ea n\u00e3o sabia"},"content":{"rendered":"\n<p>Voc\u00ea sabia que uma simples fruta pode ser um verdadeiro <strong>aliado para a sa\u00fade do cora\u00e7\u00e3o<\/strong>? Hoje, iremos explorar qual \u00e9 essa fruta surpreendente.<\/p>\n\n\n\n<ul class=\"wp-block-list\">\n<li>Benef\u00edcios diretos para o sistema cardiovascular<\/li>\n\n\n\n<li>Como incorpor\u00e1-la na dieta di\u00e1ria<\/li>\n\n\n\n<li>Receitas f\u00e1ceis e deliciosas com essa fruta<\/li>\n<\/ul>\n\n\n\n<h2 class=\"wp-block-heading\">Por que essa fruta \u00e9 t\u00e3o ben\u00e9fica para o cora\u00e7\u00e3o?<\/h2>\n\n\n\n<p><strong>A fruta em quest\u00e3o \u00e9 o abacate.<\/strong> O abacate \u00e9 um alimento riqu\u00edssimo em gorduras monoinsaturadas, fibras, pot\u00e1ssio e antioxidantes, que ajudam a combater os radicais livres. Isso contribui diretamente para a sa\u00fade cardiovascular.<\/p>\n\n\n\n<p>A presen\u00e7a de fibras e <strong>vitaminas essenciais<\/strong> reduz o colesterol ruim (LDL) e melhora a circula\u00e7\u00e3o. Al\u00e9m disso, o abacate possui compostos bioativos como a lute\u00edna, que auxiliam na prote\u00e7\u00e3o dos vasos sangu\u00edneos.<\/p>\n\n\n\n<p><em>Leia tamb\u00e9m: <a href=\"https:\/\/www.correiobraziliense.com.br\/cbradar\/frutas-que-reduzem-o-colesterol-os-quatro-frutos-que-reduzem-o-colestrol-e-tornam-o-coracao-mais-forte\/\" target=\"_blank\" rel=\"noreferrer noopener\">Frutas que reduzem o colesterol: Os quatro frutos que reduzem o colestrol (e tornam o cora\u00e7\u00e3o mais forte)<\/a><\/em><\/p>\n\n\n\n<h2 class=\"wp-block-heading\">Como incluir essa fruta na dieta di\u00e1ria?<\/h2>\n\n\n\n<p>Adicionar essa fruta em <strong>smoothies<\/strong> ou saladas pode ser uma maneira pr\u00e1tica de melhorar a dieta. Outra excelente op\u00e7\u00e3o \u00e9 us\u00e1-la como substituto do a\u00e7\u00facar em receitas saud\u00e1veis. O abacate pode ser amassado e espalhado no p\u00e3o, adicionado em torradas, ou at\u00e9 utilizado em guacamole.<\/p>\n\n\n\n<h2 class=\"wp-block-heading\">Quais s\u00e3o as receitas f\u00e1ceis e deliciosas com essa fruta?<\/h2>\n\n\n\n<p>Experimente preparar uma <strong>compota<\/strong> saud\u00e1vel ou um sorvete natural. Tente tamb\u00e9m mistur\u00e1-la com iogurte para um lanche nutritivo. Outras sugest\u00f5es incluem vitamina de abacate com cacau, mousse de abacate ou abacate com lim\u00e3o e mel para uma sobremesa refrescante.<\/p>\n\n\n\n<figure class=\"wp-block-image size-large\"><img decoding=\"async\" width=\"1024\" height=\"576\" src=\"https:\/\/www.correiobraziliense.com.br\/cbradar\/wp-content\/uploads\/2025\/07\/abacate_1753394284283-1024x576.jpg\" alt=\"Essa \u00e9 a fruta mais poderosa para a sa\u00fade do cora\u00e7\u00e3o e voc\u00ea n\u00e3o sabia\" class=\"wp-image-74840\" srcset=\"https:\/\/www.correiobraziliense.com.br\/cbradar\/wp-content\/uploads\/2025\/07\/abacate_1753394284283-1024x576.jpg 1024w, https:\/\/www.correiobraziliense.com.br\/cbradar\/wp-content\/uploads\/2025\/07\/abacate_1753394284283-300x169.jpg 300w, https:\/\/www.correiobraziliense.com.br\/cbradar\/wp-content\/uploads\/2025\/07\/abacate_1753394284283-768x432.jpg 768w, https:\/\/www.correiobraziliense.com.br\/cbradar\/wp-content\/uploads\/2025\/07\/abacate_1753394284283-750x422.jpg 750w, https:\/\/www.correiobraziliense.com.br\/cbradar\/wp-content\/uploads\/2025\/07\/abacate_1753394284283-1140x642.jpg 1140w, https:\/\/www.correiobraziliense.com.br\/cbradar\/wp-content\/uploads\/2025\/07\/abacate_1753394284283.jpg 1279w\" sizes=\"(max-width: 1024px) 100vw, 1024px\" \/><figcaption class=\"wp-element-caption\">abacate. Cr\u00e9ditos: depositphotos.com \/ foto-pixel.web.de<\/figcaption><\/figure>\n\n\n\n<h2 class=\"wp-block-heading\">Incorporando h\u00e1bitos saud\u00e1veis para o cora\u00e7\u00e3o<\/h2>\n\n\n\n<ul class=\"wp-block-list\">\n<li>Inclua mais frutas e vegetais em sua dieta<\/li>\n\n\n\n<li>Mantenha-se fisicamente ativo diariamente<\/li>\n\n\n\n<li>Realize check-ups regulares com seu m\u00e9dico<\/li>\n<\/ul>\n\n\n\n<h2 class=\"wp-block-heading\">Fortale\u00e7a seu cora\u00e7\u00e3o com escolhas alimentares<\/h2>\n\n\n\n<p>Ao incorporar essa fruta poderosa em sua rotina, voc\u00ea estar\u00e1 no caminho certo para um <strong>cora\u00e7\u00e3o mais saud\u00e1vel<\/strong>. Cuide-se e sinta a diferen\u00e7a na sua qualidade de vida.<\/p>\n\n\n\n<h2 class=\"wp-block-heading\">Essenciais aprendidos sobre a fruta poderosa para o cora\u00e7\u00e3o<\/h2>\n\n\n\n<ul class=\"wp-block-list\">\n<li>Identificamos uma fruta que \u00e9 uma poderosa aliada para o cora\u00e7\u00e3o: o abacate.<\/li>\n\n\n\n<li>Aprendemos formas eficientes de adicion\u00e1-la \u00e0 dieta.<\/li>\n\n\n\n<li>Descobrimos receitas simples que maximizam seus benef\u00edcios.<\/li>\n<\/ul>\n","protected":false},"excerpt":{"rendered":"<p>Descubra a fruta que fortalece seu cora\u00e7\u00e3o. Aprenda como inclu\u00ed-la na dieta e receba dicas valiosas para um cora\u00e7\u00e3o saud\u00e1vel, al\u00e9m de receitas deliciosas!<\/p>\n","protected":false},"author":3,"featured_media":74839,"comment_status":"open","ping_status":"open","sticky":false,"template":"","format":"standard","meta":{"_yoast_wpseo_focuskw":"fruta sa\u00fade cora\u00e7\u00e3o","_yoast_wpseo_title":"%%title%%","_yoast_wpseo_metadesc":"Descubra a fruta que fortalece seu cora\u00e7\u00e3o. Aprenda como inclu\u00ed-la na dieta e receba dicas valiosas para um cora\u00e7\u00e3o saud\u00e1vel, al\u00e9m de receitas deliciosas!","jnews-multi-image_gallery":[],"jnews_single_post":{"format":"standard"},"jnews_primary_category":[],"jnews_social_meta":[],"jnews_override_counter":[],"footnotes":""},"categories":[112],"tags":[1423,144,735],"class_list":["post-74837","post","type-post","status-publish","format-standard","has-post-thumbnail","hentry","category-curiosidades","tag-alimentos","tag-curiosidades","tag-frutas"],"yoast_head":"<!-- This site is optimized with the Yoast SEO plugin v24.6 - https:\/\/yoast.com\/wordpress\/plugins\/seo\/ -->\n<title>Essa \u00e9 a fruta mais poderosa para a sa\u00fade do cora\u00e7\u00e3o e voc\u00ea n\u00e3o sabia<\/title>\n<meta name=\"description\" content=\"Descubra a fruta que fortalece seu cora\u00e7\u00e3o. Aprenda como inclu\u00ed-la na dieta e receba dicas valiosas para um cora\u00e7\u00e3o saud\u00e1vel, al\u00e9m de receitas deliciosas!\" \/>\n<meta name=\"robots\" content=\"index, follow, max-snippet:-1, max-image-preview:large, max-video-preview:-1\" \/>\n<link rel=\"canonical\" href=\"https:\/\/www.correiobraziliense.com.br\/cbradar\/essa-e-a-fruta-mais-poderosa-para-a-saude-do-coracao-e-voce-nao-sabia\/\" \/>\n<meta property=\"og:locale\" content=\"pt_BR\" \/>\n<meta property=\"og:type\" content=\"article\" \/>\n<meta property=\"og:title\" content=\"Essa \u00e9 a fruta mais poderosa para a sa\u00fade do cora\u00e7\u00e3o e voc\u00ea n\u00e3o sabia\" \/>\n<meta property=\"og:description\" content=\"Descubra a fruta que fortalece seu cora\u00e7\u00e3o. Aprenda como inclu\u00ed-la na dieta e receba dicas valiosas para um cora\u00e7\u00e3o saud\u00e1vel, al\u00e9m de receitas deliciosas!\" \/>\n<meta property=\"og:url\" content=\"https:\/\/www.correiobraziliense.com.br\/cbradar\/essa-e-a-fruta-mais-poderosa-para-a-saude-do-coracao-e-voce-nao-sabia\/\" \/>\n<meta property=\"og:site_name\" content=\"Correio Braziliense - Radar\" \/>\n<meta property=\"article:published_time\" content=\"2025-07-25T22:53:00+00:00\" \/>\n<meta property=\"og:image\" content=\"https:\/\/www.correiobraziliense.com.br\/cbradar\/wp-content\/uploads\/2025\/07\/abacate_1753394253460.jpg\" \/>\n\t<meta property=\"og:image:width\" content=\"1280\" \/>\n\t<meta property=\"og:image:height\" content=\"720\" \/>\n\t<meta property=\"og:image:type\" content=\"image\/jpeg\" \/>\n<meta name=\"author\" content=\"Larissa Carvalho\" \/>\n<meta name=\"twitter:card\" content=\"summary_large_image\" \/>\n<meta name=\"twitter:label1\" content=\"Escrito por\" \/>\n\t<meta name=\"twitter:data1\" content=\"Larissa Carvalho\" \/>\n\t<meta name=\"twitter:label2\" content=\"Est. tempo de leitura\" \/>\n\t<meta name=\"twitter:data2\" content=\"3 minutos\" \/>\n<!-- \/ Yoast SEO plugin. -->","yoast_head_json":{"title":"Essa \u00e9 a fruta mais poderosa para a sa\u00fade do cora\u00e7\u00e3o e voc\u00ea n\u00e3o sabia","description":"Descubra a fruta que fortalece seu cora\u00e7\u00e3o. Aprenda como inclu\u00ed-la na dieta e receba dicas valiosas para um cora\u00e7\u00e3o saud\u00e1vel, al\u00e9m de receitas deliciosas!","robots":{"index":"index","follow":"follow","max-snippet":"max-snippet:-1","max-image-preview":"max-image-preview:large","max-video-preview":"max-video-preview:-1"},"canonical":"https:\/\/www.correiobraziliense.com.br\/cbradar\/essa-e-a-fruta-mais-poderosa-para-a-saude-do-coracao-e-voce-nao-sabia\/","og_locale":"pt_BR","og_type":"article","og_title":"Essa \u00e9 a fruta mais poderosa para a sa\u00fade do cora\u00e7\u00e3o e voc\u00ea n\u00e3o sabia","og_description":"Descubra a fruta que fortalece seu cora\u00e7\u00e3o. Aprenda como inclu\u00ed-la na dieta e receba dicas valiosas para um cora\u00e7\u00e3o saud\u00e1vel, al\u00e9m de receitas deliciosas!","og_url":"https:\/\/www.correiobraziliense.com.br\/cbradar\/essa-e-a-fruta-mais-poderosa-para-a-saude-do-coracao-e-voce-nao-sabia\/","og_site_name":"Correio Braziliense - Radar","article_published_time":"2025-07-25T22:53:00+00:00","og_image":[{"width":1280,"height":720,"url":"https:\/\/www.correiobraziliense.com.br\/cbradar\/wp-content\/uploads\/2025\/07\/abacate_1753394253460.jpg","type":"image\/jpeg"}],"author":"Larissa Carvalho","twitter_card":"summary_large_image","twitter_misc":{"Escrito por":"Larissa Carvalho","Est. tempo de leitura":"3 minutos"},"schema":{"@context":"https:\/\/schema.org","@graph":[{"@type":"WebPage","@id":"https:\/\/www.correiobraziliense.com.br\/cbradar\/essa-e-a-fruta-mais-poderosa-para-a-saude-do-coracao-e-voce-nao-sabia\/","url":"https:\/\/www.correiobraziliense.com.br\/cbradar\/essa-e-a-fruta-mais-poderosa-para-a-saude-do-coracao-e-voce-nao-sabia\/","name":"Essa \u00e9 a fruta mais poderosa para a sa\u00fade do cora\u00e7\u00e3o e voc\u00ea n\u00e3o sabia","isPartOf":{"@id":"https:\/\/www.correiobraziliense.com.br\/cbradar\/#website"},"primaryImageOfPage":{"@id":"https:\/\/www.correiobraziliense.com.br\/cbradar\/essa-e-a-fruta-mais-poderosa-para-a-saude-do-coracao-e-voce-nao-sabia\/#primaryimage"},"image":{"@id":"https:\/\/www.correiobraziliense.com.br\/cbradar\/essa-e-a-fruta-mais-poderosa-para-a-saude-do-coracao-e-voce-nao-sabia\/#primaryimage"},"thumbnailUrl":"https:\/\/www.correiobraziliense.com.br\/cbradar\/wp-content\/uploads\/2025\/07\/abacate_1753394253460.jpg","datePublished":"2025-07-25T22:53:00+00:00","author":{"@id":"https:\/\/www.correiobraziliense.com.br\/cbradar\/#\/schema\/person\/58422787644df994b53a19d3e56c1513"},"description":"Descubra a fruta que fortalece seu cora\u00e7\u00e3o. Aprenda como inclu\u00ed-la na dieta e receba dicas valiosas para um cora\u00e7\u00e3o saud\u00e1vel, al\u00e9m de receitas deliciosas!","breadcrumb":{"@id":"https:\/\/www.correiobraziliense.com.br\/cbradar\/essa-e-a-fruta-mais-poderosa-para-a-saude-do-coracao-e-voce-nao-sabia\/#breadcrumb"},"inLanguage":"pt-BR","potentialAction":[{"@type":"ReadAction","target":["https:\/\/www.correiobraziliense.com.br\/cbradar\/essa-e-a-fruta-mais-poderosa-para-a-saude-do-coracao-e-voce-nao-sabia\/"]}]},{"@type":"ImageObject","inLanguage":"pt-BR","@id":"https:\/\/www.correiobraziliense.com.br\/cbradar\/essa-e-a-fruta-mais-poderosa-para-a-saude-do-coracao-e-voce-nao-sabia\/#primaryimage","url":"https:\/\/www.correiobraziliense.com.br\/cbradar\/wp-content\/uploads\/2025\/07\/abacate_1753394253460.jpg","contentUrl":"https:\/\/www.correiobraziliense.com.br\/cbradar\/wp-content\/uploads\/2025\/07\/abacate_1753394253460.jpg","width":1280,"height":720,"caption":"abacate. Cr\u00e9ditos: depositphotos.com \/ VadimVasenin"},{"@type":"BreadcrumbList","@id":"https:\/\/www.correiobraziliense.com.br\/cbradar\/essa-e-a-fruta-mais-poderosa-para-a-saude-do-coracao-e-voce-nao-sabia\/#breadcrumb","itemListElement":[{"@type":"ListItem","position":1,"name":"In\u00edcio","item":"https:\/\/www.correiobraziliense.com.br\/cbradar\/"},{"@type":"ListItem","position":2,"name":"Essa \u00e9 a fruta mais poderosa para a sa\u00fade do cora\u00e7\u00e3o e voc\u00ea n\u00e3o sabia"}]},{"@type":"WebSite","@id":"https:\/\/www.correiobraziliense.com.br\/cbradar\/#website","url":"https:\/\/www.correiobraziliense.com.br\/cbradar\/","name":"Correio Braziliense - Radar","description":"Acompanhe as \u00faltimas not\u00edcias e fique bem informado sobre tudo o que acontece no Brasil e no mundo.","potentialAction":[{"@type":"SearchAction","target":{"@type":"EntryPoint","urlTemplate":"https:\/\/www.correiobraziliense.com.br\/cbradar\/?s={search_term_string}"},"query-input":{"@type":"PropertyValueSpecification","valueRequired":true,"valueName":"search_term_string"}}],"inLanguage":"pt-BR"},{"@type":"Person","@id":"https:\/\/www.correiobraziliense.com.br\/cbradar\/#\/schema\/person\/58422787644df994b53a19d3e56c1513","name":"Larissa Carvalho","image":{"@type":"ImageObject","inLanguage":"pt-BR","@id":"https:\/\/www.correiobraziliense.com.br\/cbradar\/#\/schema\/person\/image\/","url":"https:\/\/secure.gravatar.com\/avatar\/fe4f91a0de32b52a838d0d612abdc1aa?s=96&d=mm&r=g","contentUrl":"https:\/\/secure.gravatar.com\/avatar\/fe4f91a0de32b52a838d0d612abdc1aa?s=96&d=mm&r=g","caption":"Larissa Carvalho"},"url":"https:\/\/www.correiobraziliense.com.br\/cbradar\/author\/larissamyth\/"}]}},"_links":{"self":[{"href":"https:\/\/www.correiobraziliense.com.br\/cbradar\/wp-json\/wp\/v2\/posts\/74837","targetHints":{"allow":["GET"]}}],"collection":[{"href":"https:\/\/www.correiobraziliense.com.br\/cbradar\/wp-json\/wp\/v2\/posts"}],"about":[{"href":"https:\/\/www.correiobraziliense.com.br\/cbradar\/wp-json\/wp\/v2\/types\/post"}],"author":[{"embeddable":true,"href":"https:\/\/www.correiobraziliense.com.br\/cbradar\/wp-json\/wp\/v2\/users\/3"}],"replies":[{"embeddable":true,"href":"https:\/\/www.correiobraziliense.com.br\/cbradar\/wp-json\/wp\/v2\/comments?post=74837"}],"version-history":[{"count":2,"href":"https:\/\/www.correiobraziliense.com.br\/cbradar\/wp-json\/wp\/v2\/posts\/74837\/revisions"}],"predecessor-version":[{"id":74841,"href":"https:\/\/www.correiobraziliense.com.br\/cbradar\/wp-json\/wp\/v2\/posts\/74837\/revisions\/74841"}],"wp:featuredmedia":[{"embeddable":true,"href":"https:\/\/www.correiobraziliense.com.br\/cbradar\/wp-json\/wp\/v2\/media\/74839"}],"wp:attachment":[{"href":"https:\/\/www.correiobraziliense.com.br\/cbradar\/wp-json\/wp\/v2\/media?parent=74837"}],"wp:term":[{"taxonomy":"category","embeddable":true,"href":"https:\/\/www.correiobraziliense.com.br\/cbradar\/wp-json\/wp\/v2\/categories?post=74837"},{"taxonomy":"post_tag","embeddable":true,"href":"https:\/\/www.correiobraziliense.com.br\/cbradar\/wp-json\/wp\/v2\/tags?post=74837"}],"curies":[{"name":"wp","href":"https:\/\/api.w.org\/{rel}","templated":true}]}}