{"id":74878,"date":"2025-07-25T11:13:00","date_gmt":"2025-07-25T14:13:00","guid":{"rendered":"https:\/\/www.correiobraziliense.com.br\/cbradar\/?p=74878"},"modified":"2025-07-24T20:39:11","modified_gmt":"2025-07-24T23:39:11","slug":"por-que-voce-olha-o-celular-mesmo-sem-notificacoes-segundo-a-psicologia","status":"publish","type":"post","link":"https:\/\/www.correiobraziliense.com.br\/cbradar\/por-que-voce-olha-o-celular-mesmo-sem-notificacoes-segundo-a-psicologia\/","title":{"rendered":"Por que voc\u00ea olha o celular mesmo sem notifica\u00e7\u00f5es, segundo a psicologia"},"content":{"rendered":"\n<p>No atual <strong>mundo digital<\/strong>, muitos de n\u00f3s frequentemente nos pegamos olhando para nossos celulares <strong>mesmo sem notifica\u00e7\u00f5es<\/strong>. Este h\u00e1bito, embora pare\u00e7a trivial, est\u00e1 intimamente ligado a comportamentos psicol\u00f3gicos complexos.<\/p>\n\n\n\n<ul class=\"wp-block-list\">\n<li><strong>Ansiedade e necessidade de valida\u00e7\u00e3o<\/strong>: raz\u00f5es comuns para verificar o celular.<\/li>\n\n\n\n<li><strong>Evas\u00e3o emocional<\/strong>: o uso do celular como mecanismo de fuga.<\/li>\n\n\n\n<li><strong>Comportamentos autom\u00e1ticos<\/strong>: padr\u00f5es de comportamento que se tornam h\u00e1bitos.<\/li>\n<\/ul>\n\n\n\n<h2 class=\"wp-block-heading\">O impulso da ansiedade: por que precisamos de valida\u00e7\u00e3o constante?<\/h2>\n\n\n\n<p>Nossos <strong>celulares<\/strong> tornaram-se ferramentas para lidar com a <strong>ansiedade social<\/strong>. Ver o dispositivo pode evitar momentos socialmente desconfort\u00e1veis ou sil\u00eancios inesperados.<\/p>\n\n\n\n<h2 class=\"wp-block-heading\">Como o t\u00e9dio altera nossos h\u00e1bitos digitais?<\/h2>\n\n\n\n<p>Com uma <strong>toler\u00e2ncia baixa ao t\u00e9dio<\/strong>, nossos celulares oferecem uma constante fonte de dopamina, entretendo sem esfor\u00e7o e criando uma <strong>depend\u00eancia digital<\/strong> silenciosa. Estudos recentes tamb\u00e9m sugerem que a facilidade de acesso ao celular aumenta nossa impaci\u00eancia para lidar com situa\u00e7\u00f5es mon\u00f3tonas, refor\u00e7ando o ciclo de checagem constante.<\/p>\n\n\n\n<h2 class=\"wp-block-heading\">Evas\u00e3o emocional: o celular como ref\u00fagio<\/h2>\n\n\n\n<p>O ato simples de <strong>olhar o celular<\/strong> pode representar uma fuga r\u00e1pida de emo\u00e7\u00f5es inc\u00f4modas. Este comportamento frequentemente mascara quest\u00f5es emocionais mais profundas.<\/p>\n\n\n\n<figure class=\"wp-block-image size-large\"><img decoding=\"async\" width=\"1024\" height=\"576\" src=\"https:\/\/www.correiobraziliense.com.br\/cbradar\/wp-content\/uploads\/2025\/07\/notificacao-celular_1753400322587-1024x576.jpg\" alt=\"Por que voc\u00ea olha o celular mesmo sem notifica\u00e7\u00f5es, segundo a psicologia\" class=\"wp-image-74883\" srcset=\"https:\/\/www.correiobraziliense.com.br\/cbradar\/wp-content\/uploads\/2025\/07\/notificacao-celular_1753400322587-1024x576.jpg 1024w, https:\/\/www.correiobraziliense.com.br\/cbradar\/wp-content\/uploads\/2025\/07\/notificacao-celular_1753400322587-300x169.jpg 300w, https:\/\/www.correiobraziliense.com.br\/cbradar\/wp-content\/uploads\/2025\/07\/notificacao-celular_1753400322587-768x432.jpg 768w, https:\/\/www.correiobraziliense.com.br\/cbradar\/wp-content\/uploads\/2025\/07\/notificacao-celular_1753400322587-750x422.jpg 750w, https:\/\/www.correiobraziliense.com.br\/cbradar\/wp-content\/uploads\/2025\/07\/notificacao-celular_1753400322587-1140x641.jpg 1140w, https:\/\/www.correiobraziliense.com.br\/cbradar\/wp-content\/uploads\/2025\/07\/notificacao-celular_1753400322587.jpg 1280w\" sizes=\"(max-width: 1024px) 100vw, 1024px\" \/><figcaption class=\"wp-element-caption\">notifica\u00e7\u00e3o celular. Cr\u00e9ditos: depositphotos.com \/ GaudiLab<\/figcaption><\/figure>\n\n\n\n<h2 class=\"wp-block-heading\">Voc\u00ea est\u00e1 sofrendo de &#8216;fomo&#8217;? O medo de perder algo<\/h2>\n\n\n\n<p>O <strong>medo de perder algo<\/strong> (FOMO) nos for\u00e7a a verificar constantemente atualiza\u00e7\u00f5es, criando um ciclo de atividade digital incessante. Aplicativos de redes sociais s\u00e3o desenvolvidos para intensificar essa sensa\u00e7\u00e3o, com recursos como notifica\u00e7\u00f5es constantes e feeds atualizados em tempo real.<\/p>\n\n\n\n<h2 class=\"wp-block-heading\">Transformando o h\u00e1bito: como retomar o controle<\/h2>\n\n\n\n<p><strong>Identificar padr\u00f5es<\/strong> \u00e9 o primeiro passo para redirecionar comportamentos compulsivos. Encontre est\u00edmulos alternativos e <strong>fortale\u00e7a a conex\u00e3o social<\/strong> sem dispositivos. Pr\u00e1ticas como mindfulness e pequenas pausas para atividades f\u00edsicas ou art\u00edsticas podem ajudar a reconstruir um relacionamento mais saud\u00e1vel com a tecnologia.<\/p>\n\n\n\n<ul class=\"wp-block-list\">\n<li>Reconhe\u00e7a a ansiedade por tr\u00e1s do comportamento.<\/li>\n\n\n\n<li>Desafie o h\u00e1bito com atividades offline.<\/li>\n\n\n\n<li>Busque apoio profissional se necess\u00e1rio.<\/li>\n<\/ul>\n\n\n\n<p><strong>Leia tamb\u00e9m:<\/strong> <a href=\"https:\/\/www.correiobraziliense.com.br\/cbradar\/o-que-a-psicologia-diz-sobre-quem-deixa-a-cama-desarrumada\/\" target=\"_blank\" rel=\"noreferrer noopener\">O que a psicologia diz sobre quem deixa a cama desarrumada<\/a><\/p>\n","protected":false},"excerpt":{"rendered":"<p>Entenda os motivos psicol\u00f3gicos por tr\u00e1s do h\u00e1bito de verificar o celular constantemente, e descubra como retomar o controle.<\/p>\n","protected":false},"author":3,"featured_media":74882,"comment_status":"open","ping_status":"open","sticky":false,"template":"","format":"standard","meta":{"_yoast_wpseo_focuskw":"olha celular sem notifica\u00e7\u00f5es","_yoast_wpseo_title":"%%title%%","_yoast_wpseo_metadesc":"Entenda os motivos psicol\u00f3gicos por tr\u00e1s do h\u00e1bito de verificar o celular constantemente, e descubra como retomar o controle.","jnews-multi-image_gallery":[],"jnews_single_post":{"format":"standard"},"jnews_primary_category":[],"jnews_social_meta":[],"jnews_override_counter":[],"footnotes":""},"categories":[112],"tags":[144,404],"class_list":["post-74878","post","type-post","status-publish","format-standard","has-post-thumbnail","hentry","category-curiosidades","tag-curiosidades","tag-psicologia"],"yoast_head":"<!-- This site is optimized with the Yoast SEO plugin v24.6 - https:\/\/yoast.com\/wordpress\/plugins\/seo\/ -->\n<title>Por que voc\u00ea olha o celular mesmo sem notifica\u00e7\u00f5es, segundo a psicologia<\/title>\n<meta name=\"description\" content=\"Entenda os motivos psicol\u00f3gicos por tr\u00e1s do h\u00e1bito de verificar o celular constantemente, e descubra como retomar o controle.\" \/>\n<meta name=\"robots\" content=\"index, follow, max-snippet:-1, max-image-preview:large, max-video-preview:-1\" \/>\n<link rel=\"canonical\" href=\"https:\/\/www.correiobraziliense.com.br\/cbradar\/por-que-voce-olha-o-celular-mesmo-sem-notificacoes-segundo-a-psicologia\/\" \/>\n<meta property=\"og:locale\" content=\"pt_BR\" \/>\n<meta property=\"og:type\" content=\"article\" \/>\n<meta property=\"og:title\" content=\"Por que voc\u00ea olha o celular mesmo sem notifica\u00e7\u00f5es, segundo a psicologia\" \/>\n<meta property=\"og:description\" content=\"Entenda os motivos psicol\u00f3gicos por tr\u00e1s do h\u00e1bito de verificar o celular constantemente, e descubra como retomar o controle.\" \/>\n<meta property=\"og:url\" content=\"https:\/\/www.correiobraziliense.com.br\/cbradar\/por-que-voce-olha-o-celular-mesmo-sem-notificacoes-segundo-a-psicologia\/\" \/>\n<meta property=\"og:site_name\" content=\"Correio Braziliense - Radar\" \/>\n<meta property=\"article:published_time\" content=\"2025-07-25T14:13:00+00:00\" \/>\n<meta property=\"og:image\" content=\"https:\/\/www.correiobraziliense.com.br\/cbradar\/wp-content\/uploads\/2025\/07\/notificacao-celular_1753400185373.jpg\" \/>\n\t<meta property=\"og:image:width\" content=\"1280\" \/>\n\t<meta property=\"og:image:height\" content=\"720\" \/>\n\t<meta property=\"og:image:type\" content=\"image\/jpeg\" \/>\n<meta name=\"author\" content=\"Larissa Carvalho\" \/>\n<meta name=\"twitter:card\" content=\"summary_large_image\" \/>\n<meta name=\"twitter:label1\" content=\"Escrito por\" \/>\n\t<meta name=\"twitter:data1\" content=\"Larissa Carvalho\" \/>\n\t<meta name=\"twitter:label2\" content=\"Est. tempo de leitura\" \/>\n\t<meta name=\"twitter:data2\" content=\"3 minutos\" \/>\n<!-- \/ Yoast SEO plugin. -->","yoast_head_json":{"title":"Por que voc\u00ea olha o celular mesmo sem notifica\u00e7\u00f5es, segundo a psicologia","description":"Entenda os motivos psicol\u00f3gicos por tr\u00e1s do h\u00e1bito de verificar o celular constantemente, e descubra como retomar o controle.","robots":{"index":"index","follow":"follow","max-snippet":"max-snippet:-1","max-image-preview":"max-image-preview:large","max-video-preview":"max-video-preview:-1"},"canonical":"https:\/\/www.correiobraziliense.com.br\/cbradar\/por-que-voce-olha-o-celular-mesmo-sem-notificacoes-segundo-a-psicologia\/","og_locale":"pt_BR","og_type":"article","og_title":"Por que voc\u00ea olha o celular mesmo sem notifica\u00e7\u00f5es, segundo a psicologia","og_description":"Entenda os motivos psicol\u00f3gicos por tr\u00e1s do h\u00e1bito de verificar o celular constantemente, e descubra como retomar o controle.","og_url":"https:\/\/www.correiobraziliense.com.br\/cbradar\/por-que-voce-olha-o-celular-mesmo-sem-notificacoes-segundo-a-psicologia\/","og_site_name":"Correio Braziliense - Radar","article_published_time":"2025-07-25T14:13:00+00:00","og_image":[{"width":1280,"height":720,"url":"https:\/\/www.correiobraziliense.com.br\/cbradar\/wp-content\/uploads\/2025\/07\/notificacao-celular_1753400185373.jpg","type":"image\/jpeg"}],"author":"Larissa Carvalho","twitter_card":"summary_large_image","twitter_misc":{"Escrito por":"Larissa Carvalho","Est. tempo de leitura":"3 minutos"},"schema":{"@context":"https:\/\/schema.org","@graph":[{"@type":"WebPage","@id":"https:\/\/www.correiobraziliense.com.br\/cbradar\/por-que-voce-olha-o-celular-mesmo-sem-notificacoes-segundo-a-psicologia\/","url":"https:\/\/www.correiobraziliense.com.br\/cbradar\/por-que-voce-olha-o-celular-mesmo-sem-notificacoes-segundo-a-psicologia\/","name":"Por que voc\u00ea olha o celular mesmo sem notifica\u00e7\u00f5es, segundo a psicologia","isPartOf":{"@id":"https:\/\/www.correiobraziliense.com.br\/cbradar\/#website"},"primaryImageOfPage":{"@id":"https:\/\/www.correiobraziliense.com.br\/cbradar\/por-que-voce-olha-o-celular-mesmo-sem-notificacoes-segundo-a-psicologia\/#primaryimage"},"image":{"@id":"https:\/\/www.correiobraziliense.com.br\/cbradar\/por-que-voce-olha-o-celular-mesmo-sem-notificacoes-segundo-a-psicologia\/#primaryimage"},"thumbnailUrl":"https:\/\/www.correiobraziliense.com.br\/cbradar\/wp-content\/uploads\/2025\/07\/notificacao-celular_1753400185373.jpg","datePublished":"2025-07-25T14:13:00+00:00","author":{"@id":"https:\/\/www.correiobraziliense.com.br\/cbradar\/#\/schema\/person\/58422787644df994b53a19d3e56c1513"},"description":"Entenda os motivos psicol\u00f3gicos por tr\u00e1s do h\u00e1bito de verificar o celular constantemente, e descubra como retomar o controle.","breadcrumb":{"@id":"https:\/\/www.correiobraziliense.com.br\/cbradar\/por-que-voce-olha-o-celular-mesmo-sem-notificacoes-segundo-a-psicologia\/#breadcrumb"},"inLanguage":"pt-BR","potentialAction":[{"@type":"ReadAction","target":["https:\/\/www.correiobraziliense.com.br\/cbradar\/por-que-voce-olha-o-celular-mesmo-sem-notificacoes-segundo-a-psicologia\/"]}]},{"@type":"ImageObject","inLanguage":"pt-BR","@id":"https:\/\/www.correiobraziliense.com.br\/cbradar\/por-que-voce-olha-o-celular-mesmo-sem-notificacoes-segundo-a-psicologia\/#primaryimage","url":"https:\/\/www.correiobraziliense.com.br\/cbradar\/wp-content\/uploads\/2025\/07\/notificacao-celular_1753400185373.jpg","contentUrl":"https:\/\/www.correiobraziliense.com.br\/cbradar\/wp-content\/uploads\/2025\/07\/notificacao-celular_1753400185373.jpg","width":1280,"height":720,"caption":"notifica\u00e7\u00e3o celular. Cr\u00e9ditos: depositphotos.com \/ GaudiLab"},{"@type":"BreadcrumbList","@id":"https:\/\/www.correiobraziliense.com.br\/cbradar\/por-que-voce-olha-o-celular-mesmo-sem-notificacoes-segundo-a-psicologia\/#breadcrumb","itemListElement":[{"@type":"ListItem","position":1,"name":"In\u00edcio","item":"https:\/\/www.correiobraziliense.com.br\/cbradar\/"},{"@type":"ListItem","position":2,"name":"Por que voc\u00ea olha o celular mesmo sem notifica\u00e7\u00f5es, segundo a psicologia"}]},{"@type":"WebSite","@id":"https:\/\/www.correiobraziliense.com.br\/cbradar\/#website","url":"https:\/\/www.correiobraziliense.com.br\/cbradar\/","name":"Correio Braziliense - Radar","description":"Acompanhe as \u00faltimas not\u00edcias e fique bem informado sobre tudo o que acontece no Brasil e no mundo.","potentialAction":[{"@type":"SearchAction","target":{"@type":"EntryPoint","urlTemplate":"https:\/\/www.correiobraziliense.com.br\/cbradar\/?s={search_term_string}"},"query-input":{"@type":"PropertyValueSpecification","valueRequired":true,"valueName":"search_term_string"}}],"inLanguage":"pt-BR"},{"@type":"Person","@id":"https:\/\/www.correiobraziliense.com.br\/cbradar\/#\/schema\/person\/58422787644df994b53a19d3e56c1513","name":"Larissa Carvalho","image":{"@type":"ImageObject","inLanguage":"pt-BR","@id":"https:\/\/www.correiobraziliense.com.br\/cbradar\/#\/schema\/person\/image\/","url":"https:\/\/secure.gravatar.com\/avatar\/fe4f91a0de32b52a838d0d612abdc1aa?s=96&d=mm&r=g","contentUrl":"https:\/\/secure.gravatar.com\/avatar\/fe4f91a0de32b52a838d0d612abdc1aa?s=96&d=mm&r=g","caption":"Larissa Carvalho"},"url":"https:\/\/www.correiobraziliense.com.br\/cbradar\/author\/larissamyth\/"}]}},"_links":{"self":[{"href":"https:\/\/www.correiobraziliense.com.br\/cbradar\/wp-json\/wp\/v2\/posts\/74878","targetHints":{"allow":["GET"]}}],"collection":[{"href":"https:\/\/www.correiobraziliense.com.br\/cbradar\/wp-json\/wp\/v2\/posts"}],"about":[{"href":"https:\/\/www.correiobraziliense.com.br\/cbradar\/wp-json\/wp\/v2\/types\/post"}],"author":[{"embeddable":true,"href":"https:\/\/www.correiobraziliense.com.br\/cbradar\/wp-json\/wp\/v2\/users\/3"}],"replies":[{"embeddable":true,"href":"https:\/\/www.correiobraziliense.com.br\/cbradar\/wp-json\/wp\/v2\/comments?post=74878"}],"version-history":[{"count":2,"href":"https:\/\/www.correiobraziliense.com.br\/cbradar\/wp-json\/wp\/v2\/posts\/74878\/revisions"}],"predecessor-version":[{"id":74884,"href":"https:\/\/www.correiobraziliense.com.br\/cbradar\/wp-json\/wp\/v2\/posts\/74878\/revisions\/74884"}],"wp:featuredmedia":[{"embeddable":true,"href":"https:\/\/www.correiobraziliense.com.br\/cbradar\/wp-json\/wp\/v2\/media\/74882"}],"wp:attachment":[{"href":"https:\/\/www.correiobraziliense.com.br\/cbradar\/wp-json\/wp\/v2\/media?parent=74878"}],"wp:term":[{"taxonomy":"category","embeddable":true,"href":"https:\/\/www.correiobraziliense.com.br\/cbradar\/wp-json\/wp\/v2\/categories?post=74878"},{"taxonomy":"post_tag","embeddable":true,"href":"https:\/\/www.correiobraziliense.com.br\/cbradar\/wp-json\/wp\/v2\/tags?post=74878"}],"curies":[{"name":"wp","href":"https:\/\/api.w.org\/{rel}","templated":true}]}}